{"id":148320,"date":"2024-04-03T09:13:17","date_gmt":"2024-04-03T13:13:17","guid":{"rendered":"https:\/\/diariolajornada.com\/?p=148320"},"modified":"2024-04-03T09:13:17","modified_gmt":"2024-04-03T13:13:17","slug":"rafael-morales-se-visualizan-grandes-avances-en-la-construccion-del-terminal-de-oriente","status":"publish","type":"post","link":"https:\/\/diariolajornada.com\/?p=148320","title":{"rendered":"Rafael Morales: \u201cse visualizan grandes avances en la construcci\u00f3n del Terminal de Oriente\u201d"},"content":{"rendered":"<p>Este lunes 1 de abril en las instalaciones del nuevo Terminal de Oriente ubicado en San Jacinto, el alcalde del municipio Girardot, Rafael Morales dio declaraciones del avance que presenta la construcci\u00f3n que beneficiar\u00e1 a toda la poblaci\u00f3n maracayera.<\/p>\n<p>Como parte del Plan de reorganizaci\u00f3n del transporte p\u00fablico en la capital arag\u00fce\u00f1a, el mandatario local supervis\u00f3 c\u00f3mo marchan las labores de este proyecto, que tiene el fin de lograr la desconcentraci\u00f3n en un 70% del Terminal Central de Maracay y mejorar la movilizaci\u00f3n en materia del transporte.<\/p>\n<p>Entre los adelantos de esta edificaci\u00f3n ya se deja ver la construcci\u00f3n de pisos y brocales de los cincos andenes que componen esta terminal, tambi\u00e9n se realiza la instalaci\u00f3n de las estructuras de techos, adem\u00e1s de la consolidaci\u00f3n del sistema de drenajes.<\/p>\n<p>\u201cEstoy muy contento por los avances, hemos tenido un ritmo muy acelerado con el tema de la construcci\u00f3n del terminal, que adem\u00e1s es necesario. Nuestra ciudad, exige y nos pide instalaciones de primer nivel y ya ustedes ver\u00e1n cuando estas instalaciones est\u00e9n terminadas ser\u00e1n impresionantes.\u201d Declar\u00f3 el mandatario municipal.<br \/>\n<b><br \/>\n<u>Plan de demarcaci\u00f3n vial y asfaltado<\/u><br \/>\n<\/b><br \/>\nEn cuanto al plan de modernizaci\u00f3n vial, el Alcalde mencion\u00f3 que se estipula que entre los meses de junio y julio se implemente con mayor fuerza el plan de asfaltado, demarcaci\u00f3n y todo lo referente al embellecimiento vial en los distintos sectores de la localidad.<\/p>\n<p>Asimismo, resalt\u00f3 las mejoras de los servicios p\u00fablicos; \u201cmuy contento de c\u00f3mo hemos venido avanzando en este primer trimestre, debemos darle un balance positivo a lo que ha sido toda la gesti\u00f3n en cuanto a servicios p\u00fablicos; alumbrado, sustituci\u00f3n de colectores y vialidad en nuestra ciudad, \u201cestas acciones est\u00e1n integradas al proyecto del corredor vial del Sur, sumado a los reportes que hemos recibidos por el sistema 1&#215;10 del buen gobierno que nos ha permitido dinamizar y ampliar el rango de tareas y dar una respuesta m\u00e1s efectiva\u201d.<\/p>\n<div class=\"yj6qo\"><\/div>\n<div class=\"adL\"><\/div>\n","protected":false},"excerpt":{"rendered":"<p>Este lunes 1 de abril en las instalaciones del nuevo Terminal de Oriente ubicado en San Jacinto, el alcalde del municipio Girardot, Rafael Morales dio declaraciones del avance que presenta la construcci\u00f3n que beneficiar\u00e1 a toda la poblaci\u00f3n maracayera. Como parte del Plan de reorganizaci\u00f3n del transporte p\u00fablico en la capital arag\u00fce\u00f1a, el mandatario local [&hellip;]<\/p>\n","protected":false},"author":1,"featured_media":148321,"comment_status":"open","ping_status":"open","sticky":false,"template":"","format":"standard","meta":{"footnotes":""},"categories":[9],"tags":[],"class_list":["post-148320","post","type-post","status-publish","format-standard","has-post-thumbnail","hentry","category-regionales"],"yoast_head":"<!-- This site is optimized with the Yoast SEO plugin v24.4 - https:\/\/yoast.com\/wordpress\/plugins\/seo\/ -->\n<title>Rafael Morales: \u201cse visualizan grandes avances en la construcci\u00f3n del Terminal de Oriente\u201d - Diario La Jornada<\/title>\n<meta name=\"robots\" content=\"index, follow, max-snippet:-1, max-image-preview:large, max-video-preview:-1\" \/>\n<link rel=\"canonical\" href=\"https:\/\/diariolajornada.com\/?p=148320\" \/>\n<meta property=\"og:locale\" content=\"es_ES\" \/>\n<meta property=\"og:type\" content=\"article\" \/>\n<meta property=\"og:title\" content=\"Rafael Morales: \u201cse visualizan grandes avances en la construcci\u00f3n del Terminal de Oriente\u201d - Diario La Jornada\" \/>\n<meta property=\"og:description\" content=\"Este lunes 1 de abril en las instalaciones del nuevo Terminal de Oriente ubicado en San Jacinto, el alcalde del municipio Girardot, Rafael Morales dio declaraciones del avance que presenta la construcci\u00f3n que beneficiar\u00e1 a toda la poblaci\u00f3n maracayera. Como parte del Plan de reorganizaci\u00f3n del transporte p\u00fablico en la capital arag\u00fce\u00f1a, el mandatario local [&hellip;]\" \/>\n<meta property=\"og:url\" content=\"https:\/\/diariolajornada.com\/?p=148320\" \/>\n<meta property=\"og:site_name\" content=\"Diario La Jornada\" \/>\n<meta property=\"article:publisher\" content=\"https:\/\/es-la.facebook.com\/lajornadadeguarico\/\" \/>\n<meta property=\"article:published_time\" content=\"2024-04-03T13:13:17+00:00\" \/>\n<meta property=\"og:image\" content=\"https:\/\/diariolajornada.com\/wp-content\/uploads\/2024\/04\/WhatsApp-Image-2024-04-02-at-3.03.55-PM-1.jpeg\" \/>\n\t<meta property=\"og:image:width\" content=\"1080\" \/>\n\t<meta property=\"og:image:height\" content=\"810\" \/>\n\t<meta property=\"og:image:type\" content=\"image\/jpeg\" \/>\n<meta name=\"author\" content=\"admin\" \/>\n<meta name=\"twitter:card\" content=\"summary_large_image\" \/>\n<meta name=\"twitter:label1\" content=\"Escrito por\" \/>\n\t<meta name=\"twitter:data1\" content=\"admin\" \/>\n\t<meta name=\"twitter:label2\" content=\"Tiempo de lectura\" \/>\n\t<meta name=\"twitter:data2\" content=\"2 minutos\" \/>\n<script type=\"application\/ld+json\" class=\"yoast-schema-graph\">{\"@context\":\"https:\/\/schema.org\",\"@graph\":[{\"@type\":\"Article\",\"@id\":\"https:\/\/diariolajornada.com\/?p=148320#article\",\"isPartOf\":{\"@id\":\"https:\/\/diariolajornada.com\/?p=148320\"},\"author\":{\"name\":\"admin\",\"@id\":\"https:\/\/diariolajornada.com\/#\/schema\/person\/83fc9ad02376abb532ce4553a399186b\"},\"headline\":\"Rafael Morales: \u201cse visualizan grandes avances en la construcci\u00f3n del Terminal de Oriente\u201d\",\"datePublished\":\"2024-04-03T13:13:17+00:00\",\"mainEntityOfPage\":{\"@id\":\"https:\/\/diariolajornada.com\/?p=148320\"},\"wordCount\":359,\"commentCount\":0,\"publisher\":{\"@id\":\"https:\/\/diariolajornada.com\/#organization\"},\"image\":{\"@id\":\"https:\/\/diariolajornada.com\/?p=148320#primaryimage\"},\"thumbnailUrl\":\"https:\/\/diariolajornada.com\/wp-content\/uploads\/2024\/04\/WhatsApp-Image-2024-04-02-at-3.03.55-PM-1.jpeg\",\"articleSection\":[\"Regionales\"],\"inLanguage\":\"es\",\"potentialAction\":[{\"@type\":\"CommentAction\",\"name\":\"Comment\",\"target\":[\"https:\/\/diariolajornada.com\/?p=148320#respond\"]}]},{\"@type\":\"WebPage\",\"@id\":\"https:\/\/diariolajornada.com\/?p=148320\",\"url\":\"https:\/\/diariolajornada.com\/?p=148320\",\"name\":\"Rafael Morales: \u201cse visualizan grandes avances en la construcci\u00f3n del Terminal de Oriente\u201d - Diario La Jornada\",\"isPartOf\":{\"@id\":\"https:\/\/diariolajornada.com\/#website\"},\"primaryImageOfPage\":{\"@id\":\"https:\/\/diariolajornada.com\/?p=148320#primaryimage\"},\"image\":{\"@id\":\"https:\/\/diariolajornada.com\/?p=148320#primaryimage\"},\"thumbnailUrl\":\"https:\/\/diariolajornada.com\/wp-content\/uploads\/2024\/04\/WhatsApp-Image-2024-04-02-at-3.03.55-PM-1.jpeg\",\"datePublished\":\"2024-04-03T13:13:17+00:00\",\"breadcrumb\":{\"@id\":\"https:\/\/diariolajornada.com\/?p=148320#breadcrumb\"},\"inLanguage\":\"es\",\"potentialAction\":[{\"@type\":\"ReadAction\",\"target\":[\"https:\/\/diariolajornada.com\/?p=148320\"]}]},{\"@type\":\"ImageObject\",\"inLanguage\":\"es\",\"@id\":\"https:\/\/diariolajornada.com\/?p=148320#primaryimage\",\"url\":\"https:\/\/diariolajornada.com\/wp-content\/uploads\/2024\/04\/WhatsApp-Image-2024-04-02-at-3.03.55-PM-1.jpeg\",\"contentUrl\":\"https:\/\/diariolajornada.com\/wp-content\/uploads\/2024\/04\/WhatsApp-Image-2024-04-02-at-3.03.55-PM-1.jpeg\",\"width\":1080,\"height\":810},{\"@type\":\"BreadcrumbList\",\"@id\":\"https:\/\/diariolajornada.com\/?p=148320#breadcrumb\",\"itemListElement\":[{\"@type\":\"ListItem\",\"position\":1,\"name\":\"Portada\",\"item\":\"https:\/\/diariolajornada.com\/\"},{\"@type\":\"ListItem\",\"position\":2,\"name\":\"Rafael Morales: \u201cse visualizan grandes avances en la construcci\u00f3n del Terminal de Oriente\u201d\"}]},{\"@type\":\"WebSite\",\"@id\":\"https:\/\/diariolajornada.com\/#website\",\"url\":\"https:\/\/diariolajornada.com\/\",\"name\":\"Diario La Jornada\",\"description\":\"Noticias Nacionales Regionales e Internacionales\",\"publisher\":{\"@id\":\"https:\/\/diariolajornada.com\/#organization\"},\"potentialAction\":[{\"@type\":\"SearchAction\",\"target\":{\"@type\":\"EntryPoint\",\"urlTemplate\":\"https:\/\/diariolajornada.com\/?s={search_term_string}\"},\"query-input\":{\"@type\":\"PropertyValueSpecification\",\"valueRequired\":true,\"valueName\":\"search_term_string\"}}],\"inLanguage\":\"es\"},{\"@type\":\"Organization\",\"@id\":\"https:\/\/diariolajornada.com\/#organization\",\"name\":\"Diario La Jornada\",\"url\":\"https:\/\/diariolajornada.com\/\",\"logo\":{\"@type\":\"ImageObject\",\"inLanguage\":\"es\",\"@id\":\"https:\/\/diariolajornada.com\/#\/schema\/logo\/image\/\",\"url\":\"https:\/\/diariolajornada.com\/wp-content\/uploads\/2021\/06\/LOGO-JORNADA-SVG-01-02.svg\",\"contentUrl\":\"https:\/\/diariolajornada.com\/wp-content\/uploads\/2021\/06\/LOGO-JORNADA-SVG-01-02.svg\",\"width\":350,\"height\":100,\"caption\":\"Diario La Jornada\"},\"image\":{\"@id\":\"https:\/\/diariolajornada.com\/#\/schema\/logo\/image\/\"},\"sameAs\":[\"https:\/\/es-la.facebook.com\/lajornadadeguarico\/\",\"https:\/\/www.instagram.com\/diariojornada\/?hl=es\"]},{\"@type\":\"Person\",\"@id\":\"https:\/\/diariolajornada.com\/#\/schema\/person\/83fc9ad02376abb532ce4553a399186b\",\"name\":\"admin\",\"image\":{\"@type\":\"ImageObject\",\"inLanguage\":\"es\",\"@id\":\"https:\/\/diariolajornada.com\/#\/schema\/person\/image\/\",\"url\":\"https:\/\/secure.gravatar.com\/avatar\/fdcecb87f300ccb988450328a61211f10a01c8bfedfca54e932145534024045b?s=96&d=mm&r=g\",\"contentUrl\":\"https:\/\/secure.gravatar.com\/avatar\/fdcecb87f300ccb988450328a61211f10a01c8bfedfca54e932145534024045b?s=96&d=mm&r=g\",\"caption\":\"admin\"},\"sameAs\":[\"https:\/\/diariolajornada.com\"],\"url\":\"https:\/\/diariolajornada.com\/?author=1\"}]}<\/script>\n<!-- \/ Yoast SEO plugin. -->","yoast_head_json":{"title":"Rafael Morales: \u201cse visualizan grandes avances en la construcci\u00f3n del Terminal de Oriente\u201d - Diario La Jornada","robots":{"index":"index","follow":"follow","max-snippet":"max-snippet:-1","max-image-preview":"max-image-preview:large","max-video-preview":"max-video-preview:-1"},"canonical":"https:\/\/diariolajornada.com\/?p=148320","og_locale":"es_ES","og_type":"article","og_title":"Rafael Morales: \u201cse visualizan grandes avances en la construcci\u00f3n del Terminal de Oriente\u201d - Diario La Jornada","og_description":"Este lunes 1 de abril en las instalaciones del nuevo Terminal de Oriente ubicado en San Jacinto, el alcalde del municipio Girardot, Rafael Morales dio declaraciones del avance que presenta la construcci\u00f3n que beneficiar\u00e1 a toda la poblaci\u00f3n maracayera. Como parte del Plan de reorganizaci\u00f3n del transporte p\u00fablico en la capital arag\u00fce\u00f1a, el mandatario local [&hellip;]","og_url":"https:\/\/diariolajornada.com\/?p=148320","og_site_name":"Diario La Jornada","article_publisher":"https:\/\/es-la.facebook.com\/lajornadadeguarico\/","article_published_time":"2024-04-03T13:13:17+00:00","og_image":[{"width":1080,"height":810,"url":"https:\/\/diariolajornada.com\/wp-content\/uploads\/2024\/04\/WhatsApp-Image-2024-04-02-at-3.03.55-PM-1.jpeg","type":"image\/jpeg"}],"author":"admin","twitter_card":"summary_large_image","twitter_misc":{"Escrito por":"admin","Tiempo de lectura":"2 minutos"},"schema":{"@context":"https:\/\/schema.org","@graph":[{"@type":"Article","@id":"https:\/\/diariolajornada.com\/?p=148320#article","isPartOf":{"@id":"https:\/\/diariolajornada.com\/?p=148320"},"author":{"name":"admin","@id":"https:\/\/diariolajornada.com\/#\/schema\/person\/83fc9ad02376abb532ce4553a399186b"},"headline":"Rafael Morales: \u201cse visualizan grandes avances en la construcci\u00f3n del Terminal de Oriente\u201d","datePublished":"2024-04-03T13:13:17+00:00","mainEntityOfPage":{"@id":"https:\/\/diariolajornada.com\/?p=148320"},"wordCount":359,"commentCount":0,"publisher":{"@id":"https:\/\/diariolajornada.com\/#organization"},"image":{"@id":"https:\/\/diariolajornada.com\/?p=148320#primaryimage"},"thumbnailUrl":"https:\/\/diariolajornada.com\/wp-content\/uploads\/2024\/04\/WhatsApp-Image-2024-04-02-at-3.03.55-PM-1.jpeg","articleSection":["Regionales"],"inLanguage":"es","potentialAction":[{"@type":"CommentAction","name":"Comment","target":["https:\/\/diariolajornada.com\/?p=148320#respond"]}]},{"@type":"WebPage","@id":"https:\/\/diariolajornada.com\/?p=148320","url":"https:\/\/diariolajornada.com\/?p=148320","name":"Rafael Morales: \u201cse visualizan grandes avances en la construcci\u00f3n del Terminal de Oriente\u201d - Diario La Jornada","isPartOf":{"@id":"https:\/\/diariolajornada.com\/#website"},"primaryImageOfPage":{"@id":"https:\/\/diariolajornada.com\/?p=148320#primaryimage"},"image":{"@id":"https:\/\/diariolajornada.com\/?p=148320#primaryimage"},"thumbnailUrl":"https:\/\/diariolajornada.com\/wp-content\/uploads\/2024\/04\/WhatsApp-Image-2024-04-02-at-3.03.55-PM-1.jpeg","datePublished":"2024-04-03T13:13:17+00:00","breadcrumb":{"@id":"https:\/\/diariolajornada.com\/?p=148320#breadcrumb"},"inLanguage":"es","potentialAction":[{"@type":"ReadAction","target":["https:\/\/diariolajornada.com\/?p=148320"]}]},{"@type":"ImageObject","inLanguage":"es","@id":"https:\/\/diariolajornada.com\/?p=148320#primaryimage","url":"https:\/\/diariolajornada.com\/wp-content\/uploads\/2024\/04\/WhatsApp-Image-2024-04-02-at-3.03.55-PM-1.jpeg","contentUrl":"https:\/\/diariolajornada.com\/wp-content\/uploads\/2024\/04\/WhatsApp-Image-2024-04-02-at-3.03.55-PM-1.jpeg","width":1080,"height":810},{"@type":"BreadcrumbList","@id":"https:\/\/diariolajornada.com\/?p=148320#breadcrumb","itemListElement":[{"@type":"ListItem","position":1,"name":"Portada","item":"https:\/\/diariolajornada.com\/"},{"@type":"ListItem","position":2,"name":"Rafael Morales: \u201cse visualizan grandes avances en la construcci\u00f3n del Terminal de Oriente\u201d"}]},{"@type":"WebSite","@id":"https:\/\/diariolajornada.com\/#website","url":"https:\/\/diariolajornada.com\/","name":"Diario La Jornada","description":"Noticias Nacionales Regionales e Internacionales","publisher":{"@id":"https:\/\/diariolajornada.com\/#organization"},"potentialAction":[{"@type":"SearchAction","target":{"@type":"EntryPoint","urlTemplate":"https:\/\/diariolajornada.com\/?s={search_term_string}"},"query-input":{"@type":"PropertyValueSpecification","valueRequired":true,"valueName":"search_term_string"}}],"inLanguage":"es"},{"@type":"Organization","@id":"https:\/\/diariolajornada.com\/#organization","name":"Diario La Jornada","url":"https:\/\/diariolajornada.com\/","logo":{"@type":"ImageObject","inLanguage":"es","@id":"https:\/\/diariolajornada.com\/#\/schema\/logo\/image\/","url":"https:\/\/diariolajornada.com\/wp-content\/uploads\/2021\/06\/LOGO-JORNADA-SVG-01-02.svg","contentUrl":"https:\/\/diariolajornada.com\/wp-content\/uploads\/2021\/06\/LOGO-JORNADA-SVG-01-02.svg","width":350,"height":100,"caption":"Diario La Jornada"},"image":{"@id":"https:\/\/diariolajornada.com\/#\/schema\/logo\/image\/"},"sameAs":["https:\/\/es-la.facebook.com\/lajornadadeguarico\/","https:\/\/www.instagram.com\/diariojornada\/?hl=es"]},{"@type":"Person","@id":"https:\/\/diariolajornada.com\/#\/schema\/person\/83fc9ad02376abb532ce4553a399186b","name":"admin","image":{"@type":"ImageObject","inLanguage":"es","@id":"https:\/\/diariolajornada.com\/#\/schema\/person\/image\/","url":"https:\/\/secure.gravatar.com\/avatar\/fdcecb87f300ccb988450328a61211f10a01c8bfedfca54e932145534024045b?s=96&d=mm&r=g","contentUrl":"https:\/\/secure.gravatar.com\/avatar\/fdcecb87f300ccb988450328a61211f10a01c8bfedfca54e932145534024045b?s=96&d=mm&r=g","caption":"admin"},"sameAs":["https:\/\/diariolajornada.com"],"url":"https:\/\/diariolajornada.com\/?author=1"}]}},"_links":{"self":[{"href":"https:\/\/diariolajornada.com\/index.php?rest_route=\/wp\/v2\/posts\/148320","targetHints":{"allow":["GET"]}}],"collection":[{"href":"https:\/\/diariolajornada.com\/index.php?rest_route=\/wp\/v2\/posts"}],"about":[{"href":"https:\/\/diariolajornada.com\/index.php?rest_route=\/wp\/v2\/types\/post"}],"author":[{"embeddable":true,"href":"https:\/\/diariolajornada.com\/index.php?rest_route=\/wp\/v2\/users\/1"}],"replies":[{"embeddable":true,"href":"https:\/\/diariolajornada.com\/index.php?rest_route=%2Fwp%2Fv2%2Fcomments&post=148320"}],"version-history":[{"count":1,"href":"https:\/\/diariolajornada.com\/index.php?rest_route=\/wp\/v2\/posts\/148320\/revisions"}],"predecessor-version":[{"id":148322,"href":"https:\/\/diariolajornada.com\/index.php?rest_route=\/wp\/v2\/posts\/148320\/revisions\/148322"}],"wp:featuredmedia":[{"embeddable":true,"href":"https:\/\/diariolajornada.com\/index.php?rest_route=\/wp\/v2\/media\/148321"}],"wp:attachment":[{"href":"https:\/\/diariolajornada.com\/index.php?rest_route=%2Fwp%2Fv2%2Fmedia&parent=148320"}],"wp:term":[{"taxonomy":"category","embeddable":true,"href":"https:\/\/diariolajornada.com\/index.php?rest_route=%2Fwp%2Fv2%2Fcategories&post=148320"},{"taxonomy":"post_tag","embeddable":true,"href":"https:\/\/diariolajornada.com\/index.php?rest_route=%2Fwp%2Fv2%2Ftags&post=148320"}],"curies":[{"name":"wp","href":"https:\/\/api.w.org\/{rel}","templated":true}]}}