{"id":148323,"date":"2024-04-03T09:15:55","date_gmt":"2024-04-03T13:15:55","guid":{"rendered":"https:\/\/diariolajornada.com\/?p=148323"},"modified":"2024-04-03T09:50:38","modified_gmt":"2024-04-03T13:50:38","slug":"deportivo-tachira-se-mide-a-river-plate-en-el-templo-en-el-inicio-de-la-copa-libertadores","status":"publish","type":"post","link":"https:\/\/diariolajornada.com\/?p=148323","title":{"rendered":"Deportivo T\u00e1chira se mide a River Plate en el \u201cTemplo\u201d en el inicio de la Copa Libertadores"},"content":{"rendered":"<p>El actual campe\u00f3n del f\u00fatbol venezolano, Deportivo T\u00e1chira, iniciar\u00e1 su accionar en la fase de grupos de la Copa Libertadores esta noche (8:30 PM), cuando reciba a River Plate (Argentina), en el Polideportivo Pueblo Nuevo de San Crist\u00f3bal.<\/p>\n<p>El \u201cCarrusel Aurinegro\u201d llega a la competici\u00f3n de clubes m\u00e1s importante de la regi\u00f3n con la misi\u00f3n de volver a los octavos de final. Los andinos tendr\u00e1n su primera prueba ante una oncena que llega a tierras venezolanas con el favoritismo de su lado.<\/p>\n<blockquote class=\"twitter-tweet\" data-width=\"550\" data-dnt=\"true\">\n<p lang=\"es\" dir=\"ltr\">\ud83d\udd25\ud83d\udcc6 \u00a1Lleg\u00f3 el d\u00eda! <\/p>\n<p>\ud83c\udfc6 Hoy comienza la Fase de Grupos de la CONMEBOL <a href=\"https:\/\/twitter.com\/hashtag\/Libertadores?src=hash&amp;ref_src=twsrc%5Etfw\">#Libertadores<\/a>.<a href=\"https:\/\/twitter.com\/hashtag\/GloriaEterna?src=hash&amp;ref_src=twsrc%5Etfw\">#GloriaEterna<\/a> <a href=\"https:\/\/t.co\/0biFlpdt9A\">pic.twitter.com\/0biFlpdt9A<\/a><\/p>\n<p>&mdash; CONMEBOL Libertadores (@Libertadores) <a href=\"https:\/\/twitter.com\/Libertadores\/status\/1775146161692868721?ref_src=twsrc%5Etfw\">April 2, 2024<\/a><\/p><\/blockquote>\n<p><script async src=\"https:\/\/platform.twitter.com\/widgets.js\" charset=\"utf-8\"><\/script><\/p>\n<div>\n<p><b>T\u00e1chira\u00a0<\/b>viene en su \u00faltimo choque de imponerse\u00a0<b>2-0 a Metropolitanos FC<\/b>, en un duelo correspondiente a la d\u00e9cima jornada del\u00a0<b>Torneo Apertura de la Liga Futve<\/b>. Los goles de los aurinegros fueron obra de\u00a0<b>Maurice Cova<\/b>\u00a0al minuto 74 y Nelson Hern\u00e1ndez al 88\u2032.<\/p>\n<p>Los dirigidos por\u00a0<b>Eduardo Sarag\u00f3<\/b>\u00a0se ubican en la quinta posici\u00f3n con 16 puntos, producto de cuatro victorias, misma cantidad de empates, par de derrotas, 12 goles a favor y siete en contra.<\/p>\n<p>Por su parte,\u00a0<b>\u201cEl Millonario\u201d<\/b>\u00a0viaja a\u00a0<b>Los Andes<\/b>\u00a0venezolanos con la intenci\u00f3n de imponer su jerarqu\u00eda en la competici\u00f3n. La tropa de Mart\u00edn Demichelis es la actual campeona de la liga argentina, a lo que se le suma sus cinco t\u00edtulos en la Copa.<\/p>\n<p>Asimismo, los blanquirojos tratar\u00e1n de pasar la p\u00e1gina de la ca\u00edda 1-0 que sufrieron a manos de Hurac\u00e1n para mantenerse en la cuarta plaza del grupo A de la Primera Fase de la liga argentina, con 21 puntos.<\/p>\n<\/div>\n<div><b>Enfrentamientos previos<br \/>\n<\/b><br \/>\nDeportivo T\u00e1chira y River Plate volver\u00e1n a verse luego de la \u00faltima batalla librada entre ambos, 20 a\u00f1os atr\u00e1s. En aquella ocasi\u00f3n, los atigrados igualaron en par de ocasiones tras el 0-0 en San Crist\u00f3bal y el 2-2 en Buenos Aires.<\/div>\n<div><\/div>\n<div><b><i>Agencias<\/i><\/b><\/div>\n","protected":false},"excerpt":{"rendered":"<p>El actual campe\u00f3n del f\u00fatbol venezolano, Deportivo T\u00e1chira, iniciar\u00e1 su accionar en la fase de grupos de la Copa Libertadores esta noche (8:30 PM), cuando reciba a River Plate (Argentina), en el Polideportivo Pueblo Nuevo de San Crist\u00f3bal. El \u201cCarrusel Aurinegro\u201d llega a la competici\u00f3n de clubes m\u00e1s importante de la regi\u00f3n con la misi\u00f3n [&hellip;]<\/p>\n","protected":false},"author":1,"featured_media":148324,"comment_status":"open","ping_status":"open","sticky":false,"template":"","format":"standard","meta":{"footnotes":""},"categories":[11,17],"tags":[],"class_list":["post-148323","post","type-post","status-publish","format-standard","has-post-thumbnail","hentry","category-deportes","category-destacada"],"yoast_head":"<!-- This site is optimized with the Yoast SEO plugin v24.4 - https:\/\/yoast.com\/wordpress\/plugins\/seo\/ -->\n<title>Deportivo T\u00e1chira se mide a River Plate en el \u201cTemplo\u201d en el inicio de la Copa Libertadores - Diario La Jornada<\/title>\n<meta name=\"robots\" content=\"index, follow, max-snippet:-1, max-image-preview:large, max-video-preview:-1\" \/>\n<link rel=\"canonical\" href=\"https:\/\/diariolajornada.com\/?p=148323\" \/>\n<meta property=\"og:locale\" content=\"es_ES\" \/>\n<meta property=\"og:type\" content=\"article\" \/>\n<meta property=\"og:title\" content=\"Deportivo T\u00e1chira se mide a River Plate en el \u201cTemplo\u201d en el inicio de la Copa Libertadores - Diario La Jornada\" \/>\n<meta property=\"og:description\" content=\"El actual campe\u00f3n del f\u00fatbol venezolano, Deportivo T\u00e1chira, iniciar\u00e1 su accionar en la fase de grupos de la Copa Libertadores esta noche (8:30 PM), cuando reciba a River Plate (Argentina), en el Polideportivo Pueblo Nuevo de San Crist\u00f3bal. El \u201cCarrusel Aurinegro\u201d llega a la competici\u00f3n de clubes m\u00e1s importante de la regi\u00f3n con la misi\u00f3n [&hellip;]\" \/>\n<meta property=\"og:url\" content=\"https:\/\/diariolajornada.com\/?p=148323\" \/>\n<meta property=\"og:site_name\" content=\"Diario La Jornada\" \/>\n<meta property=\"article:publisher\" content=\"https:\/\/es-la.facebook.com\/lajornadadeguarico\/\" \/>\n<meta property=\"article:published_time\" content=\"2024-04-03T13:15:55+00:00\" \/>\n<meta property=\"article:modified_time\" content=\"2024-04-03T13:50:38+00:00\" \/>\n<meta property=\"og:image\" content=\"https:\/\/diariolajornada.com\/wp-content\/uploads\/2024\/04\/deportivo-tachira-19544.jpg\" \/>\n\t<meta property=\"og:image:width\" content=\"900\" \/>\n\t<meta property=\"og:image:height\" content=\"506\" \/>\n\t<meta property=\"og:image:type\" content=\"image\/jpeg\" \/>\n<meta name=\"author\" content=\"admin\" \/>\n<meta name=\"twitter:card\" content=\"summary_large_image\" \/>\n<meta name=\"twitter:label1\" content=\"Escrito por\" \/>\n\t<meta name=\"twitter:data1\" content=\"admin\" \/>\n\t<meta name=\"twitter:label2\" content=\"Tiempo de lectura\" \/>\n\t<meta name=\"twitter:data2\" content=\"2 minutos\" \/>\n<script type=\"application\/ld+json\" class=\"yoast-schema-graph\">{\"@context\":\"https:\/\/schema.org\",\"@graph\":[{\"@type\":\"Article\",\"@id\":\"https:\/\/diariolajornada.com\/?p=148323#article\",\"isPartOf\":{\"@id\":\"https:\/\/diariolajornada.com\/?p=148323\"},\"author\":{\"name\":\"admin\",\"@id\":\"https:\/\/diariolajornada.com\/#\/schema\/person\/83fc9ad02376abb532ce4553a399186b\"},\"headline\":\"Deportivo T\u00e1chira se mide a River Plate en el \u201cTemplo\u201d en el inicio de la Copa Libertadores\",\"datePublished\":\"2024-04-03T13:15:55+00:00\",\"dateModified\":\"2024-04-03T13:50:38+00:00\",\"mainEntityOfPage\":{\"@id\":\"https:\/\/diariolajornada.com\/?p=148323\"},\"wordCount\":331,\"commentCount\":0,\"publisher\":{\"@id\":\"https:\/\/diariolajornada.com\/#organization\"},\"image\":{\"@id\":\"https:\/\/diariolajornada.com\/?p=148323#primaryimage\"},\"thumbnailUrl\":\"https:\/\/diariolajornada.com\/wp-content\/uploads\/2024\/04\/deportivo-tachira-19544.jpg\",\"articleSection\":[\"Deportes\",\"DESTACADA\"],\"inLanguage\":\"es\",\"potentialAction\":[{\"@type\":\"CommentAction\",\"name\":\"Comment\",\"target\":[\"https:\/\/diariolajornada.com\/?p=148323#respond\"]}]},{\"@type\":\"WebPage\",\"@id\":\"https:\/\/diariolajornada.com\/?p=148323\",\"url\":\"https:\/\/diariolajornada.com\/?p=148323\",\"name\":\"Deportivo T\u00e1chira se mide a River Plate en el \u201cTemplo\u201d en el inicio de la Copa Libertadores - Diario La Jornada\",\"isPartOf\":{\"@id\":\"https:\/\/diariolajornada.com\/#website\"},\"primaryImageOfPage\":{\"@id\":\"https:\/\/diariolajornada.com\/?p=148323#primaryimage\"},\"image\":{\"@id\":\"https:\/\/diariolajornada.com\/?p=148323#primaryimage\"},\"thumbnailUrl\":\"https:\/\/diariolajornada.com\/wp-content\/uploads\/2024\/04\/deportivo-tachira-19544.jpg\",\"datePublished\":\"2024-04-03T13:15:55+00:00\",\"dateModified\":\"2024-04-03T13:50:38+00:00\",\"breadcrumb\":{\"@id\":\"https:\/\/diariolajornada.com\/?p=148323#breadcrumb\"},\"inLanguage\":\"es\",\"potentialAction\":[{\"@type\":\"ReadAction\",\"target\":[\"https:\/\/diariolajornada.com\/?p=148323\"]}]},{\"@type\":\"ImageObject\",\"inLanguage\":\"es\",\"@id\":\"https:\/\/diariolajornada.com\/?p=148323#primaryimage\",\"url\":\"https:\/\/diariolajornada.com\/wp-content\/uploads\/2024\/04\/deportivo-tachira-19544.jpg\",\"contentUrl\":\"https:\/\/diariolajornada.com\/wp-content\/uploads\/2024\/04\/deportivo-tachira-19544.jpg\",\"width\":900,\"height\":506},{\"@type\":\"BreadcrumbList\",\"@id\":\"https:\/\/diariolajornada.com\/?p=148323#breadcrumb\",\"itemListElement\":[{\"@type\":\"ListItem\",\"position\":1,\"name\":\"Portada\",\"item\":\"https:\/\/diariolajornada.com\/\"},{\"@type\":\"ListItem\",\"position\":2,\"name\":\"Deportivo T\u00e1chira se mide a River Plate en el \u201cTemplo\u201d en el inicio de la Copa Libertadores\"}]},{\"@type\":\"WebSite\",\"@id\":\"https:\/\/diariolajornada.com\/#website\",\"url\":\"https:\/\/diariolajornada.com\/\",\"name\":\"Diario La Jornada\",\"description\":\"Noticias Nacionales Regionales e Internacionales\",\"publisher\":{\"@id\":\"https:\/\/diariolajornada.com\/#organization\"},\"potentialAction\":[{\"@type\":\"SearchAction\",\"target\":{\"@type\":\"EntryPoint\",\"urlTemplate\":\"https:\/\/diariolajornada.com\/?s={search_term_string}\"},\"query-input\":{\"@type\":\"PropertyValueSpecification\",\"valueRequired\":true,\"valueName\":\"search_term_string\"}}],\"inLanguage\":\"es\"},{\"@type\":\"Organization\",\"@id\":\"https:\/\/diariolajornada.com\/#organization\",\"name\":\"Diario La Jornada\",\"url\":\"https:\/\/diariolajornada.com\/\",\"logo\":{\"@type\":\"ImageObject\",\"inLanguage\":\"es\",\"@id\":\"https:\/\/diariolajornada.com\/#\/schema\/logo\/image\/\",\"url\":\"https:\/\/diariolajornada.com\/wp-content\/uploads\/2021\/06\/LOGO-JORNADA-SVG-01-02.svg\",\"contentUrl\":\"https:\/\/diariolajornada.com\/wp-content\/uploads\/2021\/06\/LOGO-JORNADA-SVG-01-02.svg\",\"width\":350,\"height\":100,\"caption\":\"Diario La Jornada\"},\"image\":{\"@id\":\"https:\/\/diariolajornada.com\/#\/schema\/logo\/image\/\"},\"sameAs\":[\"https:\/\/es-la.facebook.com\/lajornadadeguarico\/\",\"https:\/\/www.instagram.com\/diariojornada\/?hl=es\"]},{\"@type\":\"Person\",\"@id\":\"https:\/\/diariolajornada.com\/#\/schema\/person\/83fc9ad02376abb532ce4553a399186b\",\"name\":\"admin\",\"image\":{\"@type\":\"ImageObject\",\"inLanguage\":\"es\",\"@id\":\"https:\/\/diariolajornada.com\/#\/schema\/person\/image\/\",\"url\":\"https:\/\/secure.gravatar.com\/avatar\/fdcecb87f300ccb988450328a61211f10a01c8bfedfca54e932145534024045b?s=96&d=mm&r=g\",\"contentUrl\":\"https:\/\/secure.gravatar.com\/avatar\/fdcecb87f300ccb988450328a61211f10a01c8bfedfca54e932145534024045b?s=96&d=mm&r=g\",\"caption\":\"admin\"},\"sameAs\":[\"https:\/\/diariolajornada.com\"],\"url\":\"https:\/\/diariolajornada.com\/?author=1\"}]}<\/script>\n<!-- \/ Yoast SEO plugin. -->","yoast_head_json":{"title":"Deportivo T\u00e1chira se mide a River Plate en el \u201cTemplo\u201d en el inicio de la Copa Libertadores - Diario La Jornada","robots":{"index":"index","follow":"follow","max-snippet":"max-snippet:-1","max-image-preview":"max-image-preview:large","max-video-preview":"max-video-preview:-1"},"canonical":"https:\/\/diariolajornada.com\/?p=148323","og_locale":"es_ES","og_type":"article","og_title":"Deportivo T\u00e1chira se mide a River Plate en el \u201cTemplo\u201d en el inicio de la Copa Libertadores - Diario La Jornada","og_description":"El actual campe\u00f3n del f\u00fatbol venezolano, Deportivo T\u00e1chira, iniciar\u00e1 su accionar en la fase de grupos de la Copa Libertadores esta noche (8:30 PM), cuando reciba a River Plate (Argentina), en el Polideportivo Pueblo Nuevo de San Crist\u00f3bal. El \u201cCarrusel Aurinegro\u201d llega a la competici\u00f3n de clubes m\u00e1s importante de la regi\u00f3n con la misi\u00f3n [&hellip;]","og_url":"https:\/\/diariolajornada.com\/?p=148323","og_site_name":"Diario La Jornada","article_publisher":"https:\/\/es-la.facebook.com\/lajornadadeguarico\/","article_published_time":"2024-04-03T13:15:55+00:00","article_modified_time":"2024-04-03T13:50:38+00:00","og_image":[{"width":900,"height":506,"url":"https:\/\/diariolajornada.com\/wp-content\/uploads\/2024\/04\/deportivo-tachira-19544.jpg","type":"image\/jpeg"}],"author":"admin","twitter_card":"summary_large_image","twitter_misc":{"Escrito por":"admin","Tiempo de lectura":"2 minutos"},"schema":{"@context":"https:\/\/schema.org","@graph":[{"@type":"Article","@id":"https:\/\/diariolajornada.com\/?p=148323#article","isPartOf":{"@id":"https:\/\/diariolajornada.com\/?p=148323"},"author":{"name":"admin","@id":"https:\/\/diariolajornada.com\/#\/schema\/person\/83fc9ad02376abb532ce4553a399186b"},"headline":"Deportivo T\u00e1chira se mide a River Plate en el \u201cTemplo\u201d en el inicio de la Copa Libertadores","datePublished":"2024-04-03T13:15:55+00:00","dateModified":"2024-04-03T13:50:38+00:00","mainEntityOfPage":{"@id":"https:\/\/diariolajornada.com\/?p=148323"},"wordCount":331,"commentCount":0,"publisher":{"@id":"https:\/\/diariolajornada.com\/#organization"},"image":{"@id":"https:\/\/diariolajornada.com\/?p=148323#primaryimage"},"thumbnailUrl":"https:\/\/diariolajornada.com\/wp-content\/uploads\/2024\/04\/deportivo-tachira-19544.jpg","articleSection":["Deportes","DESTACADA"],"inLanguage":"es","potentialAction":[{"@type":"CommentAction","name":"Comment","target":["https:\/\/diariolajornada.com\/?p=148323#respond"]}]},{"@type":"WebPage","@id":"https:\/\/diariolajornada.com\/?p=148323","url":"https:\/\/diariolajornada.com\/?p=148323","name":"Deportivo T\u00e1chira se mide a River Plate en el \u201cTemplo\u201d en el inicio de la Copa Libertadores - Diario La Jornada","isPartOf":{"@id":"https:\/\/diariolajornada.com\/#website"},"primaryImageOfPage":{"@id":"https:\/\/diariolajornada.com\/?p=148323#primaryimage"},"image":{"@id":"https:\/\/diariolajornada.com\/?p=148323#primaryimage"},"thumbnailUrl":"https:\/\/diariolajornada.com\/wp-content\/uploads\/2024\/04\/deportivo-tachira-19544.jpg","datePublished":"2024-04-03T13:15:55+00:00","dateModified":"2024-04-03T13:50:38+00:00","breadcrumb":{"@id":"https:\/\/diariolajornada.com\/?p=148323#breadcrumb"},"inLanguage":"es","potentialAction":[{"@type":"ReadAction","target":["https:\/\/diariolajornada.com\/?p=148323"]}]},{"@type":"ImageObject","inLanguage":"es","@id":"https:\/\/diariolajornada.com\/?p=148323#primaryimage","url":"https:\/\/diariolajornada.com\/wp-content\/uploads\/2024\/04\/deportivo-tachira-19544.jpg","contentUrl":"https:\/\/diariolajornada.com\/wp-content\/uploads\/2024\/04\/deportivo-tachira-19544.jpg","width":900,"height":506},{"@type":"BreadcrumbList","@id":"https:\/\/diariolajornada.com\/?p=148323#breadcrumb","itemListElement":[{"@type":"ListItem","position":1,"name":"Portada","item":"https:\/\/diariolajornada.com\/"},{"@type":"ListItem","position":2,"name":"Deportivo T\u00e1chira se mide a River Plate en el \u201cTemplo\u201d en el inicio de la Copa Libertadores"}]},{"@type":"WebSite","@id":"https:\/\/diariolajornada.com\/#website","url":"https:\/\/diariolajornada.com\/","name":"Diario La Jornada","description":"Noticias Nacionales Regionales e Internacionales","publisher":{"@id":"https:\/\/diariolajornada.com\/#organization"},"potentialAction":[{"@type":"SearchAction","target":{"@type":"EntryPoint","urlTemplate":"https:\/\/diariolajornada.com\/?s={search_term_string}"},"query-input":{"@type":"PropertyValueSpecification","valueRequired":true,"valueName":"search_term_string"}}],"inLanguage":"es"},{"@type":"Organization","@id":"https:\/\/diariolajornada.com\/#organization","name":"Diario La Jornada","url":"https:\/\/diariolajornada.com\/","logo":{"@type":"ImageObject","inLanguage":"es","@id":"https:\/\/diariolajornada.com\/#\/schema\/logo\/image\/","url":"https:\/\/diariolajornada.com\/wp-content\/uploads\/2021\/06\/LOGO-JORNADA-SVG-01-02.svg","contentUrl":"https:\/\/diariolajornada.com\/wp-content\/uploads\/2021\/06\/LOGO-JORNADA-SVG-01-02.svg","width":350,"height":100,"caption":"Diario La Jornada"},"image":{"@id":"https:\/\/diariolajornada.com\/#\/schema\/logo\/image\/"},"sameAs":["https:\/\/es-la.facebook.com\/lajornadadeguarico\/","https:\/\/www.instagram.com\/diariojornada\/?hl=es"]},{"@type":"Person","@id":"https:\/\/diariolajornada.com\/#\/schema\/person\/83fc9ad02376abb532ce4553a399186b","name":"admin","image":{"@type":"ImageObject","inLanguage":"es","@id":"https:\/\/diariolajornada.com\/#\/schema\/person\/image\/","url":"https:\/\/secure.gravatar.com\/avatar\/fdcecb87f300ccb988450328a61211f10a01c8bfedfca54e932145534024045b?s=96&d=mm&r=g","contentUrl":"https:\/\/secure.gravatar.com\/avatar\/fdcecb87f300ccb988450328a61211f10a01c8bfedfca54e932145534024045b?s=96&d=mm&r=g","caption":"admin"},"sameAs":["https:\/\/diariolajornada.com"],"url":"https:\/\/diariolajornada.com\/?author=1"}]}},"_links":{"self":[{"href":"https:\/\/diariolajornada.com\/index.php?rest_route=\/wp\/v2\/posts\/148323","targetHints":{"allow":["GET"]}}],"collection":[{"href":"https:\/\/diariolajornada.com\/index.php?rest_route=\/wp\/v2\/posts"}],"about":[{"href":"https:\/\/diariolajornada.com\/index.php?rest_route=\/wp\/v2\/types\/post"}],"author":[{"embeddable":true,"href":"https:\/\/diariolajornada.com\/index.php?rest_route=\/wp\/v2\/users\/1"}],"replies":[{"embeddable":true,"href":"https:\/\/diariolajornada.com\/index.php?rest_route=%2Fwp%2Fv2%2Fcomments&post=148323"}],"version-history":[{"count":2,"href":"https:\/\/diariolajornada.com\/index.php?rest_route=\/wp\/v2\/posts\/148323\/revisions"}],"predecessor-version":[{"id":148351,"href":"https:\/\/diariolajornada.com\/index.php?rest_route=\/wp\/v2\/posts\/148323\/revisions\/148351"}],"wp:featuredmedia":[{"embeddable":true,"href":"https:\/\/diariolajornada.com\/index.php?rest_route=\/wp\/v2\/media\/148324"}],"wp:attachment":[{"href":"https:\/\/diariolajornada.com\/index.php?rest_route=%2Fwp%2Fv2%2Fmedia&parent=148323"}],"wp:term":[{"taxonomy":"category","embeddable":true,"href":"https:\/\/diariolajornada.com\/index.php?rest_route=%2Fwp%2Fv2%2Fcategories&post=148323"},{"taxonomy":"post_tag","embeddable":true,"href":"https:\/\/diariolajornada.com\/index.php?rest_route=%2Fwp%2Fv2%2Ftags&post=148323"}],"curies":[{"name":"wp","href":"https:\/\/api.w.org\/{rel}","templated":true}]}}