{"id":148327,"date":"2024-04-03T09:16:55","date_gmt":"2024-04-03T13:16:55","guid":{"rendered":"https:\/\/diariolajornada.com\/?p=148327"},"modified":"2024-04-03T09:16:55","modified_gmt":"2024-04-03T13:16:55","slug":"venezuela-participara-en-el-preolimpico-de-esgrima-camino-a-paris-2024","status":"publish","type":"post","link":"https:\/\/diariolajornada.com\/?p=148327","title":{"rendered":"Venezuela participar\u00e1 en el Preol\u00edmpico de Esgrima camino a Par\u00eds 2024"},"content":{"rendered":"<p>La delegaci\u00f3n venezolana ser\u00e1 protagonista en el torneo Preol\u00edmpico de Esgrima a disputarse este fin de semana en San Jos\u00e9, Costa Rica, de cara a los Juegos Ol\u00edmpicos de Par\u00eds 2024.<\/p>\n<p>La competencia tendr\u00e1 lugar este 6 y 7 de abril, y clasificar\u00e1, de forma individual, a los atletas para la justa veraniega que comenzar\u00e1 el pr\u00f3ximo 26 de julio.<\/p>\n<blockquote class=\"twitter-tweet\" data-width=\"550\" data-dnt=\"true\">\n<p lang=\"es\" dir=\"ltr\">\ud835\uddd8\ud835\ude00\ud835\uddf4\ud835\uddff\ud835\uddf6\ud835\uddfa\ud835\uddee \ud835\uddf0\ud835\uddee\ud835\uddfa\ud835\uddf6\ud835\uddfb\ud835\uddfc \ud835\uddee <a href=\"https:\/\/twitter.com\/hashtag\/Paris2024?src=hash&amp;ref_src=twsrc%5Etfw\">#Paris2024<\/a> \ud83e\udd3a<\/p>\n<p>El Preol\u00edmpico de Esgrima de San Jos\u00e9 2024 en Costa Rica otorgar\u00e1 cuotas individuales a <a href=\"https:\/\/twitter.com\/Paris2024?ref_src=twsrc%5Etfw\">@paris2024<\/a>. \ud83c\udf9f\ufe0f\ud83c\uddeb\ud83c\uddf7<\/p>\n<p>Descubre las fechas, horarios y los atletas que buscar\u00e1n el boleto ol\u00edmpico. \u2728\u2b07\ufe0f<a href=\"https:\/\/twitter.com\/hashtag\/RoadToParis2024?src=hash&amp;ref_src=twsrc%5Etfw\">#RoadToParis2024<\/a> | <a href=\"https:\/\/twitter.com\/FIE_fencing?ref_src=twsrc%5Etfw\">@FIE_fencing<\/a><\/p>\n<p>&mdash; Los Juegos Ol\u00edmpicos (@juegosolimpicos) <a href=\"https:\/\/twitter.com\/juegosolimpicos\/status\/1775191413023498390?ref_src=twsrc%5Etfw\">April 2, 2024<\/a><\/p><\/blockquote>\n<p><script async src=\"https:\/\/platform.twitter.com\/widgets.js\" charset=\"utf-8\"><\/script><\/p>\n<p>Cinco ser\u00e1n los participantes criollos para este torneo, quienes competir\u00e1n en la\u00a0<b>modalidades de sable, espada y florete<\/b>, tanto en la rama femenina como masculina.<\/p>\n<blockquote><p>C\u00e9sar Aguirre, Isis Gim\u00e9nez, Eliecer Romero, Lizzie Asis y Katherine Paredes ser\u00e1n quienes representen la bandera venezolana, con el objetivo de asegurar su clasificaci\u00f3n a Par\u00eds 2024.<\/p><\/blockquote>\n<p>Junto a Venezuela tambi\u00e9n se medir\u00e1n atletas provenientes de Argentina, Brasil, Bolivia, Chile, Colombia, Cuba, Ecuador, El Salvador, Guatemala, M\u00e9xico, Nicaragua, Guyana, Hait\u00ed, Islas V\u00edrgenes, Panam\u00e1, Per\u00fa, Puerto Rico, Rep\u00fablica Dominicana y Uruguay.<\/p>\n<p>Tanto para el s\u00e1bado como el domingo, el cronograma ser\u00e1 el mismo, con la competencia de espada masculina disput\u00e1ndose a partir de las 11:00 a.m., hora de Venezuela, el florete femenino desde las 12:30 p.m. y el sable masculino dar\u00e1 inicio a las 2:30 de la tarde.<\/p>\n<div><\/div>\n<div><b><i>Con informaci\u00f3n de Los\u00a0<\/i><\/b><b><i>Juegos Ol\u00edmpicos<\/i><\/b><\/div>\n","protected":false},"excerpt":{"rendered":"<p>La delegaci\u00f3n venezolana ser\u00e1 protagonista en el torneo Preol\u00edmpico de Esgrima a disputarse este fin de semana en San Jos\u00e9, Costa Rica, de cara a los Juegos Ol\u00edmpicos de Par\u00eds 2024. La competencia tendr\u00e1 lugar este 6 y 7 de abril, y clasificar\u00e1, de forma individual, a los atletas para la justa veraniega que comenzar\u00e1 [&hellip;]<\/p>\n","protected":false},"author":1,"featured_media":148325,"comment_status":"open","ping_status":"open","sticky":false,"template":"","format":"standard","meta":{"footnotes":""},"categories":[11,17],"tags":[],"class_list":["post-148327","post","type-post","status-publish","format-standard","has-post-thumbnail","hentry","category-deportes","category-destacada"],"yoast_head":"<!-- This site is optimized with the Yoast SEO plugin v24.4 - https:\/\/yoast.com\/wordpress\/plugins\/seo\/ -->\n<title>Venezuela participar\u00e1 en el Preol\u00edmpico de Esgrima camino a Par\u00eds 2024 - Diario La Jornada<\/title>\n<meta name=\"robots\" content=\"index, follow, max-snippet:-1, max-image-preview:large, max-video-preview:-1\" \/>\n<link rel=\"canonical\" href=\"https:\/\/diariolajornada.com\/?p=148327\" \/>\n<meta property=\"og:locale\" content=\"es_ES\" \/>\n<meta property=\"og:type\" content=\"article\" \/>\n<meta property=\"og:title\" content=\"Venezuela participar\u00e1 en el Preol\u00edmpico de Esgrima camino a Par\u00eds 2024 - Diario La Jornada\" \/>\n<meta property=\"og:description\" content=\"La delegaci\u00f3n venezolana ser\u00e1 protagonista en el torneo Preol\u00edmpico de Esgrima a disputarse este fin de semana en San Jos\u00e9, Costa Rica, de cara a los Juegos Ol\u00edmpicos de Par\u00eds 2024. La competencia tendr\u00e1 lugar este 6 y 7 de abril, y clasificar\u00e1, de forma individual, a los atletas para la justa veraniega que comenzar\u00e1 [&hellip;]\" \/>\n<meta property=\"og:url\" content=\"https:\/\/diariolajornada.com\/?p=148327\" \/>\n<meta property=\"og:site_name\" content=\"Diario La Jornada\" \/>\n<meta property=\"article:publisher\" content=\"https:\/\/es-la.facebook.com\/lajornadadeguarico\/\" \/>\n<meta property=\"article:published_time\" content=\"2024-04-03T13:16:55+00:00\" \/>\n<meta property=\"og:image\" content=\"https:\/\/diariolajornada.com\/wp-content\/uploads\/2024\/04\/torneo-preolimpico-de-esgrima-19575.jpg\" \/>\n\t<meta property=\"og:image:width\" content=\"900\" \/>\n\t<meta property=\"og:image:height\" content=\"506\" \/>\n\t<meta property=\"og:image:type\" content=\"image\/jpeg\" \/>\n<meta name=\"author\" content=\"admin\" \/>\n<meta name=\"twitter:card\" content=\"summary_large_image\" \/>\n<meta name=\"twitter:label1\" content=\"Escrito por\" \/>\n\t<meta name=\"twitter:data1\" content=\"admin\" \/>\n\t<meta name=\"twitter:label2\" content=\"Tiempo de lectura\" \/>\n\t<meta name=\"twitter:data2\" content=\"1 minuto\" \/>\n<script type=\"application\/ld+json\" class=\"yoast-schema-graph\">{\"@context\":\"https:\/\/schema.org\",\"@graph\":[{\"@type\":\"Article\",\"@id\":\"https:\/\/diariolajornada.com\/?p=148327#article\",\"isPartOf\":{\"@id\":\"https:\/\/diariolajornada.com\/?p=148327\"},\"author\":{\"name\":\"admin\",\"@id\":\"https:\/\/diariolajornada.com\/#\/schema\/person\/83fc9ad02376abb532ce4553a399186b\"},\"headline\":\"Venezuela participar\u00e1 en el Preol\u00edmpico de Esgrima camino a Par\u00eds 2024\",\"datePublished\":\"2024-04-03T13:16:55+00:00\",\"mainEntityOfPage\":{\"@id\":\"https:\/\/diariolajornada.com\/?p=148327\"},\"wordCount\":230,\"commentCount\":0,\"publisher\":{\"@id\":\"https:\/\/diariolajornada.com\/#organization\"},\"image\":{\"@id\":\"https:\/\/diariolajornada.com\/?p=148327#primaryimage\"},\"thumbnailUrl\":\"https:\/\/diariolajornada.com\/wp-content\/uploads\/2024\/04\/torneo-preolimpico-de-esgrima-19575.jpg\",\"articleSection\":[\"Deportes\",\"DESTACADA\"],\"inLanguage\":\"es\",\"potentialAction\":[{\"@type\":\"CommentAction\",\"name\":\"Comment\",\"target\":[\"https:\/\/diariolajornada.com\/?p=148327#respond\"]}]},{\"@type\":\"WebPage\",\"@id\":\"https:\/\/diariolajornada.com\/?p=148327\",\"url\":\"https:\/\/diariolajornada.com\/?p=148327\",\"name\":\"Venezuela participar\u00e1 en el Preol\u00edmpico de Esgrima camino a Par\u00eds 2024 - Diario La Jornada\",\"isPartOf\":{\"@id\":\"https:\/\/diariolajornada.com\/#website\"},\"primaryImageOfPage\":{\"@id\":\"https:\/\/diariolajornada.com\/?p=148327#primaryimage\"},\"image\":{\"@id\":\"https:\/\/diariolajornada.com\/?p=148327#primaryimage\"},\"thumbnailUrl\":\"https:\/\/diariolajornada.com\/wp-content\/uploads\/2024\/04\/torneo-preolimpico-de-esgrima-19575.jpg\",\"datePublished\":\"2024-04-03T13:16:55+00:00\",\"breadcrumb\":{\"@id\":\"https:\/\/diariolajornada.com\/?p=148327#breadcrumb\"},\"inLanguage\":\"es\",\"potentialAction\":[{\"@type\":\"ReadAction\",\"target\":[\"https:\/\/diariolajornada.com\/?p=148327\"]}]},{\"@type\":\"ImageObject\",\"inLanguage\":\"es\",\"@id\":\"https:\/\/diariolajornada.com\/?p=148327#primaryimage\",\"url\":\"https:\/\/diariolajornada.com\/wp-content\/uploads\/2024\/04\/torneo-preolimpico-de-esgrima-19575.jpg\",\"contentUrl\":\"https:\/\/diariolajornada.com\/wp-content\/uploads\/2024\/04\/torneo-preolimpico-de-esgrima-19575.jpg\",\"width\":900,\"height\":506},{\"@type\":\"BreadcrumbList\",\"@id\":\"https:\/\/diariolajornada.com\/?p=148327#breadcrumb\",\"itemListElement\":[{\"@type\":\"ListItem\",\"position\":1,\"name\":\"Portada\",\"item\":\"https:\/\/diariolajornada.com\/\"},{\"@type\":\"ListItem\",\"position\":2,\"name\":\"Venezuela participar\u00e1 en el Preol\u00edmpico de Esgrima camino a Par\u00eds 2024\"}]},{\"@type\":\"WebSite\",\"@id\":\"https:\/\/diariolajornada.com\/#website\",\"url\":\"https:\/\/diariolajornada.com\/\",\"name\":\"Diario La Jornada\",\"description\":\"Noticias Nacionales Regionales e Internacionales\",\"publisher\":{\"@id\":\"https:\/\/diariolajornada.com\/#organization\"},\"potentialAction\":[{\"@type\":\"SearchAction\",\"target\":{\"@type\":\"EntryPoint\",\"urlTemplate\":\"https:\/\/diariolajornada.com\/?s={search_term_string}\"},\"query-input\":{\"@type\":\"PropertyValueSpecification\",\"valueRequired\":true,\"valueName\":\"search_term_string\"}}],\"inLanguage\":\"es\"},{\"@type\":\"Organization\",\"@id\":\"https:\/\/diariolajornada.com\/#organization\",\"name\":\"Diario La Jornada\",\"url\":\"https:\/\/diariolajornada.com\/\",\"logo\":{\"@type\":\"ImageObject\",\"inLanguage\":\"es\",\"@id\":\"https:\/\/diariolajornada.com\/#\/schema\/logo\/image\/\",\"url\":\"https:\/\/diariolajornada.com\/wp-content\/uploads\/2021\/06\/LOGO-JORNADA-SVG-01-02.svg\",\"contentUrl\":\"https:\/\/diariolajornada.com\/wp-content\/uploads\/2021\/06\/LOGO-JORNADA-SVG-01-02.svg\",\"width\":350,\"height\":100,\"caption\":\"Diario La Jornada\"},\"image\":{\"@id\":\"https:\/\/diariolajornada.com\/#\/schema\/logo\/image\/\"},\"sameAs\":[\"https:\/\/es-la.facebook.com\/lajornadadeguarico\/\",\"https:\/\/www.instagram.com\/diariojornada\/?hl=es\"]},{\"@type\":\"Person\",\"@id\":\"https:\/\/diariolajornada.com\/#\/schema\/person\/83fc9ad02376abb532ce4553a399186b\",\"name\":\"admin\",\"image\":{\"@type\":\"ImageObject\",\"inLanguage\":\"es\",\"@id\":\"https:\/\/diariolajornada.com\/#\/schema\/person\/image\/\",\"url\":\"https:\/\/secure.gravatar.com\/avatar\/fdcecb87f300ccb988450328a61211f10a01c8bfedfca54e932145534024045b?s=96&d=mm&r=g\",\"contentUrl\":\"https:\/\/secure.gravatar.com\/avatar\/fdcecb87f300ccb988450328a61211f10a01c8bfedfca54e932145534024045b?s=96&d=mm&r=g\",\"caption\":\"admin\"},\"sameAs\":[\"https:\/\/diariolajornada.com\"],\"url\":\"https:\/\/diariolajornada.com\/?author=1\"}]}<\/script>\n<!-- \/ Yoast SEO plugin. -->","yoast_head_json":{"title":"Venezuela participar\u00e1 en el Preol\u00edmpico de Esgrima camino a Par\u00eds 2024 - Diario La Jornada","robots":{"index":"index","follow":"follow","max-snippet":"max-snippet:-1","max-image-preview":"max-image-preview:large","max-video-preview":"max-video-preview:-1"},"canonical":"https:\/\/diariolajornada.com\/?p=148327","og_locale":"es_ES","og_type":"article","og_title":"Venezuela participar\u00e1 en el Preol\u00edmpico de Esgrima camino a Par\u00eds 2024 - Diario La Jornada","og_description":"La delegaci\u00f3n venezolana ser\u00e1 protagonista en el torneo Preol\u00edmpico de Esgrima a disputarse este fin de semana en San Jos\u00e9, Costa Rica, de cara a los Juegos Ol\u00edmpicos de Par\u00eds 2024. La competencia tendr\u00e1 lugar este 6 y 7 de abril, y clasificar\u00e1, de forma individual, a los atletas para la justa veraniega que comenzar\u00e1 [&hellip;]","og_url":"https:\/\/diariolajornada.com\/?p=148327","og_site_name":"Diario La Jornada","article_publisher":"https:\/\/es-la.facebook.com\/lajornadadeguarico\/","article_published_time":"2024-04-03T13:16:55+00:00","og_image":[{"width":900,"height":506,"url":"https:\/\/diariolajornada.com\/wp-content\/uploads\/2024\/04\/torneo-preolimpico-de-esgrima-19575.jpg","type":"image\/jpeg"}],"author":"admin","twitter_card":"summary_large_image","twitter_misc":{"Escrito por":"admin","Tiempo de lectura":"1 minuto"},"schema":{"@context":"https:\/\/schema.org","@graph":[{"@type":"Article","@id":"https:\/\/diariolajornada.com\/?p=148327#article","isPartOf":{"@id":"https:\/\/diariolajornada.com\/?p=148327"},"author":{"name":"admin","@id":"https:\/\/diariolajornada.com\/#\/schema\/person\/83fc9ad02376abb532ce4553a399186b"},"headline":"Venezuela participar\u00e1 en el Preol\u00edmpico de Esgrima camino a Par\u00eds 2024","datePublished":"2024-04-03T13:16:55+00:00","mainEntityOfPage":{"@id":"https:\/\/diariolajornada.com\/?p=148327"},"wordCount":230,"commentCount":0,"publisher":{"@id":"https:\/\/diariolajornada.com\/#organization"},"image":{"@id":"https:\/\/diariolajornada.com\/?p=148327#primaryimage"},"thumbnailUrl":"https:\/\/diariolajornada.com\/wp-content\/uploads\/2024\/04\/torneo-preolimpico-de-esgrima-19575.jpg","articleSection":["Deportes","DESTACADA"],"inLanguage":"es","potentialAction":[{"@type":"CommentAction","name":"Comment","target":["https:\/\/diariolajornada.com\/?p=148327#respond"]}]},{"@type":"WebPage","@id":"https:\/\/diariolajornada.com\/?p=148327","url":"https:\/\/diariolajornada.com\/?p=148327","name":"Venezuela participar\u00e1 en el Preol\u00edmpico de Esgrima camino a Par\u00eds 2024 - Diario La Jornada","isPartOf":{"@id":"https:\/\/diariolajornada.com\/#website"},"primaryImageOfPage":{"@id":"https:\/\/diariolajornada.com\/?p=148327#primaryimage"},"image":{"@id":"https:\/\/diariolajornada.com\/?p=148327#primaryimage"},"thumbnailUrl":"https:\/\/diariolajornada.com\/wp-content\/uploads\/2024\/04\/torneo-preolimpico-de-esgrima-19575.jpg","datePublished":"2024-04-03T13:16:55+00:00","breadcrumb":{"@id":"https:\/\/diariolajornada.com\/?p=148327#breadcrumb"},"inLanguage":"es","potentialAction":[{"@type":"ReadAction","target":["https:\/\/diariolajornada.com\/?p=148327"]}]},{"@type":"ImageObject","inLanguage":"es","@id":"https:\/\/diariolajornada.com\/?p=148327#primaryimage","url":"https:\/\/diariolajornada.com\/wp-content\/uploads\/2024\/04\/torneo-preolimpico-de-esgrima-19575.jpg","contentUrl":"https:\/\/diariolajornada.com\/wp-content\/uploads\/2024\/04\/torneo-preolimpico-de-esgrima-19575.jpg","width":900,"height":506},{"@type":"BreadcrumbList","@id":"https:\/\/diariolajornada.com\/?p=148327#breadcrumb","itemListElement":[{"@type":"ListItem","position":1,"name":"Portada","item":"https:\/\/diariolajornada.com\/"},{"@type":"ListItem","position":2,"name":"Venezuela participar\u00e1 en el Preol\u00edmpico de Esgrima camino a Par\u00eds 2024"}]},{"@type":"WebSite","@id":"https:\/\/diariolajornada.com\/#website","url":"https:\/\/diariolajornada.com\/","name":"Diario La Jornada","description":"Noticias Nacionales Regionales e Internacionales","publisher":{"@id":"https:\/\/diariolajornada.com\/#organization"},"potentialAction":[{"@type":"SearchAction","target":{"@type":"EntryPoint","urlTemplate":"https:\/\/diariolajornada.com\/?s={search_term_string}"},"query-input":{"@type":"PropertyValueSpecification","valueRequired":true,"valueName":"search_term_string"}}],"inLanguage":"es"},{"@type":"Organization","@id":"https:\/\/diariolajornada.com\/#organization","name":"Diario La Jornada","url":"https:\/\/diariolajornada.com\/","logo":{"@type":"ImageObject","inLanguage":"es","@id":"https:\/\/diariolajornada.com\/#\/schema\/logo\/image\/","url":"https:\/\/diariolajornada.com\/wp-content\/uploads\/2021\/06\/LOGO-JORNADA-SVG-01-02.svg","contentUrl":"https:\/\/diariolajornada.com\/wp-content\/uploads\/2021\/06\/LOGO-JORNADA-SVG-01-02.svg","width":350,"height":100,"caption":"Diario La Jornada"},"image":{"@id":"https:\/\/diariolajornada.com\/#\/schema\/logo\/image\/"},"sameAs":["https:\/\/es-la.facebook.com\/lajornadadeguarico\/","https:\/\/www.instagram.com\/diariojornada\/?hl=es"]},{"@type":"Person","@id":"https:\/\/diariolajornada.com\/#\/schema\/person\/83fc9ad02376abb532ce4553a399186b","name":"admin","image":{"@type":"ImageObject","inLanguage":"es","@id":"https:\/\/diariolajornada.com\/#\/schema\/person\/image\/","url":"https:\/\/secure.gravatar.com\/avatar\/fdcecb87f300ccb988450328a61211f10a01c8bfedfca54e932145534024045b?s=96&d=mm&r=g","contentUrl":"https:\/\/secure.gravatar.com\/avatar\/fdcecb87f300ccb988450328a61211f10a01c8bfedfca54e932145534024045b?s=96&d=mm&r=g","caption":"admin"},"sameAs":["https:\/\/diariolajornada.com"],"url":"https:\/\/diariolajornada.com\/?author=1"}]}},"_links":{"self":[{"href":"https:\/\/diariolajornada.com\/index.php?rest_route=\/wp\/v2\/posts\/148327","targetHints":{"allow":["GET"]}}],"collection":[{"href":"https:\/\/diariolajornada.com\/index.php?rest_route=\/wp\/v2\/posts"}],"about":[{"href":"https:\/\/diariolajornada.com\/index.php?rest_route=\/wp\/v2\/types\/post"}],"author":[{"embeddable":true,"href":"https:\/\/diariolajornada.com\/index.php?rest_route=\/wp\/v2\/users\/1"}],"replies":[{"embeddable":true,"href":"https:\/\/diariolajornada.com\/index.php?rest_route=%2Fwp%2Fv2%2Fcomments&post=148327"}],"version-history":[{"count":1,"href":"https:\/\/diariolajornada.com\/index.php?rest_route=\/wp\/v2\/posts\/148327\/revisions"}],"predecessor-version":[{"id":148328,"href":"https:\/\/diariolajornada.com\/index.php?rest_route=\/wp\/v2\/posts\/148327\/revisions\/148328"}],"wp:featuredmedia":[{"embeddable":true,"href":"https:\/\/diariolajornada.com\/index.php?rest_route=\/wp\/v2\/media\/148325"}],"wp:attachment":[{"href":"https:\/\/diariolajornada.com\/index.php?rest_route=%2Fwp%2Fv2%2Fmedia&parent=148327"}],"wp:term":[{"taxonomy":"category","embeddable":true,"href":"https:\/\/diariolajornada.com\/index.php?rest_route=%2Fwp%2Fv2%2Fcategories&post=148327"},{"taxonomy":"post_tag","embeddable":true,"href":"https:\/\/diariolajornada.com\/index.php?rest_route=%2Fwp%2Fv2%2Ftags&post=148327"}],"curies":[{"name":"wp","href":"https:\/\/api.w.org\/{rel}","templated":true}]}}