{"id":148329,"date":"2024-04-03T09:21:33","date_gmt":"2024-04-03T13:21:33","guid":{"rendered":"https:\/\/diariolajornada.com\/?p=148329"},"modified":"2024-04-03T09:21:33","modified_gmt":"2024-04-03T13:21:33","slug":"alistan-protesta-en-oficinas-publicas-contra-despidos-masivos-de-milei","status":"publish","type":"post","link":"https:\/\/diariolajornada.com\/?p=148329","title":{"rendered":"Alistan protesta en oficinas p\u00fablicas contra despidos masivos de Milei"},"content":{"rendered":"<p>La Asociaci\u00f3n de Trabajadores del Estado (ATE) anunci\u00f3 en Argentina para este mi\u00e9rcoles una nueva jornada de manifestaciones masivas contra las pol\u00edticas de austeridad econ\u00f3mica del gobierno de Javier Milei y su plan \u00abmotosierra\u00bb, que se evidencia con los despidos de miles de empleados de las instituciones estatales.<\/p>\n<p>El gremio de trabajadores p\u00fablicos hizo el anuncio este martes, a trav\u00e9s de un comunicado en el que denuncian que la administraci\u00f3n de Milei ha despedido a m\u00e1s de 11.000 funcionarios, motivo por el que tambi\u00e9n efectuar\u00e1n como protesta \u00abingresos masivos y simult\u00e1neos en todos los organismos y ministerios\u00bb.<\/p>\n<blockquote class=\"twitter-tweet\" data-width=\"550\" data-dnt=\"true\">\n<p lang=\"es\" dir=\"ltr\">&quot;No vaya a ser cosa que el Presidente y sus funcionarios terminen presos por las cesant\u00edas masivas. Se est\u00e1n cometiendo delitos penales&quot;, sostuvo Rodolfo Aguiar. Adem\u00e1s de los ingresos masivos, el sindicato convoc\u00f3 para las 15:30 a un plenario de 1.000 delegados de todo el pa\u00eds.\u2026 <a href=\"https:\/\/t.co\/Vv8EqVpjF3\">pic.twitter.com\/Vv8EqVpjF3<\/a><\/p>\n<p>&mdash; Prensa ATE Nacional (@ateprensa) <a href=\"https:\/\/twitter.com\/ateprensa\/status\/1775175105812861292?ref_src=twsrc%5Etfw\">April 2, 2024<\/a><\/p><\/blockquote>\n<p><script async src=\"https:\/\/platform.twitter.com\/widgets.js\" charset=\"utf-8\"><\/script><\/p>\n<div>El titular de la\u00a0asociaci\u00f3n agreg\u00f3 que estas violaciones a la ley, ejecutadas por el gobierno de Milei contra los empleados p\u00fablicos,\u00a0pueden llevar a que \u00abel presidente y sus funcionarios terminen presos antes de lo que cualquiera pudiera imaginar\u00bb.<\/p>\n<p>Aguiar explic\u00f3 que \u00abvulnerar la garant\u00eda de estabilidad prevista en el art\u00edculo 14 bis de la Constituci\u00f3n Nacional\u00bb, con respecto al derecho al trabajo, provoca a su vez \u00abla supresi\u00f3n de otros derechos fundamentales que tiene toda la sociedad\u00bb.<\/p>\n<p>Por ello, el dirigente gremial indic\u00f3 que el art\u00edculo 226 del C\u00f3digo Penal argentino establece penas de entre 5 y 15 a\u00f1os para las personas que impidan \u00abel libre ejercicio de las facultades constitucionales, elevando la pena m\u00ednima a un tercio cuando se trate de funcionarios p\u00fablicos\u00bb.<\/p><\/div>\n<div>\n<b>\u00abLa conflictividad en el Estado se va a acelerar\u00bb<br \/>\n<\/b><br \/>\nDe otra parte, el vocero de la ATE advirti\u00f3 que \u00abpor culpa del gobierno\u00bb, a partir de la jornada de este mi\u00e9rcoles \u00abla conflictividad en el Estado se va a acelerar\u00bb, porque no se puede permitir el despido masivo de trabajadores, \u00aba tal punto que hasta delegaciones enteras tienen que cerrar, como ocurri\u00f3 con ANSES\u00bb.<\/p>\n<p>Aguiar indic\u00f3 que los despidos de Milei restringen \u00abde manera grave el derecho a la seguridad social, y lo mismo empieza a ocurrir con otros servicios esenciales que el Estado est\u00e1 obligado a brindar: educaci\u00f3n, salud, seguridad alimentaria y hasta la posibilidad de prevenir cat\u00e1strofes, cuesti\u00f3n ahora afectada porque el recorte alcanz\u00f3 hasta el Servicio Meteorol\u00f3gico Nacional\u00bb.<\/p>\n<p>De igual forma, se\u00f1al\u00f3 el vocero, las cesant\u00edas violentan \u00abpactos internacionales que tambi\u00e9n tienen rango constitucional\u00bb,\u00a0como el \u00abPacto de Derechos Econ\u00f3micos, Sociales y Culturales, que se aplica a partir del Protocolo de San Salvador\u00bb, y que \u00aben su art\u00edculo 6 obliga a los Estados a defender el trabajo e impulsar el pleno empleo\u00bb.<\/p><\/div>\n<div><\/div>\n<div>Por tal motivo, expres\u00f3 Aguiar, los argentinos deben salir ma\u00f1ana a \u00abdemostrar que es el gobierno el que act\u00faa al margen de la Constituci\u00f3n y de la ley\u00bb. Adem\u00e1s, dijo que con los \u00abingresos masivos y simult\u00e1neos\u00bb a las oficinas, los trabajadores de las sedes p\u00fablicas ejercer\u00e1n \u00absus derechos de huelga, manifestaci\u00f3n y reuni\u00f3n\u00bb.<\/p>\n<p>\u00abSi hay violencia y represi\u00f3n, la \u00fanica responsable ser\u00e1 la Casa Rosada\u00bb, alert\u00f3 Aguiar, quien detall\u00f3 que la ATE defini\u00f3 tres momentos para realizar los ingresos masivos a ministerios, organismos y dependencias estatales, que se dar\u00e1n a las 7:00, 8:00 y 9:00 de la ma\u00f1ana, \u00abdependiendo del funcionamiento habitual de cada delegaci\u00f3n\u00bb.<\/p>\n<p>\u00abLos ingresos ser\u00e1n realizados tanto por los trabajadores de la planta permanente del Estado, como\u00a0por los contratados que a\u00fan no han sido despedidos y los que ya fueron notificados de su cesant\u00eda\u00bb, agreg\u00f3 la ATE. A las 3:30 de la tarde, hora argentina, la organizaci\u00f3n har\u00e1 una plenaria en el Anfiteatro Eva Per\u00f3n del sindicato, en la ciudad de Buenos Aires, para definir \u00abla profundizaci\u00f3n del plan de lucha\u00bb y \u00abun nuevo paro con movilizaci\u00f3n para esta misma semana\u00bb.<\/p><\/div>\n<div><\/div>\n<div><b><i>Con informaci\u00f3n de Actualidad RT<\/i><\/b><\/div>\n","protected":false},"excerpt":{"rendered":"<p>La Asociaci\u00f3n de Trabajadores del Estado (ATE) anunci\u00f3 en Argentina para este mi\u00e9rcoles una nueva jornada de manifestaciones masivas contra las pol\u00edticas de austeridad econ\u00f3mica del gobierno de Javier Milei y su plan \u00abmotosierra\u00bb, que se evidencia con los despidos de miles de empleados de las instituciones estatales. El gremio de trabajadores p\u00fablicos hizo el [&hellip;]<\/p>\n","protected":false},"author":1,"featured_media":148330,"comment_status":"open","ping_status":"open","sticky":false,"template":"","format":"standard","meta":{"footnotes":""},"categories":[17,10],"tags":[],"class_list":["post-148329","post","type-post","status-publish","format-standard","has-post-thumbnail","hentry","category-destacada","category-internacionales"],"yoast_head":"<!-- This site is optimized with the Yoast SEO plugin v24.4 - https:\/\/yoast.com\/wordpress\/plugins\/seo\/ -->\n<title>Alistan protesta en oficinas p\u00fablicas contra despidos masivos de Milei - Diario La Jornada<\/title>\n<meta name=\"robots\" content=\"index, follow, max-snippet:-1, max-image-preview:large, max-video-preview:-1\" \/>\n<link rel=\"canonical\" href=\"https:\/\/diariolajornada.com\/?p=148329\" \/>\n<meta property=\"og:locale\" content=\"es_ES\" \/>\n<meta property=\"og:type\" content=\"article\" \/>\n<meta property=\"og:title\" content=\"Alistan protesta en oficinas p\u00fablicas contra despidos masivos de Milei - Diario La Jornada\" \/>\n<meta property=\"og:description\" content=\"La Asociaci\u00f3n de Trabajadores del Estado (ATE) anunci\u00f3 en Argentina para este mi\u00e9rcoles una nueva jornada de manifestaciones masivas contra las pol\u00edticas de austeridad econ\u00f3mica del gobierno de Javier Milei y su plan \u00abmotosierra\u00bb, que se evidencia con los despidos de miles de empleados de las instituciones estatales. El gremio de trabajadores p\u00fablicos hizo el [&hellip;]\" \/>\n<meta property=\"og:url\" content=\"https:\/\/diariolajornada.com\/?p=148329\" \/>\n<meta property=\"og:site_name\" content=\"Diario La Jornada\" \/>\n<meta property=\"article:publisher\" content=\"https:\/\/es-la.facebook.com\/lajornadadeguarico\/\" \/>\n<meta property=\"article:published_time\" content=\"2024-04-03T13:21:33+00:00\" \/>\n<meta property=\"og:image\" content=\"https:\/\/diariolajornada.com\/wp-content\/uploads\/2024\/04\/javier-milei-15181.jpg\" \/>\n\t<meta property=\"og:image:width\" content=\"900\" \/>\n\t<meta property=\"og:image:height\" content=\"507\" \/>\n\t<meta property=\"og:image:type\" content=\"image\/jpeg\" \/>\n<meta name=\"author\" content=\"admin\" \/>\n<meta name=\"twitter:card\" content=\"summary_large_image\" \/>\n<meta name=\"twitter:label1\" content=\"Escrito por\" \/>\n\t<meta name=\"twitter:data1\" content=\"admin\" \/>\n\t<meta name=\"twitter:label2\" content=\"Tiempo de lectura\" \/>\n\t<meta name=\"twitter:data2\" content=\"3 minutos\" \/>\n<script type=\"application\/ld+json\" class=\"yoast-schema-graph\">{\"@context\":\"https:\/\/schema.org\",\"@graph\":[{\"@type\":\"Article\",\"@id\":\"https:\/\/diariolajornada.com\/?p=148329#article\",\"isPartOf\":{\"@id\":\"https:\/\/diariolajornada.com\/?p=148329\"},\"author\":{\"name\":\"admin\",\"@id\":\"https:\/\/diariolajornada.com\/#\/schema\/person\/83fc9ad02376abb532ce4553a399186b\"},\"headline\":\"Alistan protesta en oficinas p\u00fablicas contra despidos masivos de Milei\",\"datePublished\":\"2024-04-03T13:21:33+00:00\",\"mainEntityOfPage\":{\"@id\":\"https:\/\/diariolajornada.com\/?p=148329\"},\"wordCount\":648,\"commentCount\":0,\"publisher\":{\"@id\":\"https:\/\/diariolajornada.com\/#organization\"},\"image\":{\"@id\":\"https:\/\/diariolajornada.com\/?p=148329#primaryimage\"},\"thumbnailUrl\":\"https:\/\/diariolajornada.com\/wp-content\/uploads\/2024\/04\/javier-milei-15181.jpg\",\"articleSection\":[\"DESTACADA\",\"Internacionales\"],\"inLanguage\":\"es\",\"potentialAction\":[{\"@type\":\"CommentAction\",\"name\":\"Comment\",\"target\":[\"https:\/\/diariolajornada.com\/?p=148329#respond\"]}]},{\"@type\":\"WebPage\",\"@id\":\"https:\/\/diariolajornada.com\/?p=148329\",\"url\":\"https:\/\/diariolajornada.com\/?p=148329\",\"name\":\"Alistan protesta en oficinas p\u00fablicas contra despidos masivos de Milei - Diario La Jornada\",\"isPartOf\":{\"@id\":\"https:\/\/diariolajornada.com\/#website\"},\"primaryImageOfPage\":{\"@id\":\"https:\/\/diariolajornada.com\/?p=148329#primaryimage\"},\"image\":{\"@id\":\"https:\/\/diariolajornada.com\/?p=148329#primaryimage\"},\"thumbnailUrl\":\"https:\/\/diariolajornada.com\/wp-content\/uploads\/2024\/04\/javier-milei-15181.jpg\",\"datePublished\":\"2024-04-03T13:21:33+00:00\",\"breadcrumb\":{\"@id\":\"https:\/\/diariolajornada.com\/?p=148329#breadcrumb\"},\"inLanguage\":\"es\",\"potentialAction\":[{\"@type\":\"ReadAction\",\"target\":[\"https:\/\/diariolajornada.com\/?p=148329\"]}]},{\"@type\":\"ImageObject\",\"inLanguage\":\"es\",\"@id\":\"https:\/\/diariolajornada.com\/?p=148329#primaryimage\",\"url\":\"https:\/\/diariolajornada.com\/wp-content\/uploads\/2024\/04\/javier-milei-15181.jpg\",\"contentUrl\":\"https:\/\/diariolajornada.com\/wp-content\/uploads\/2024\/04\/javier-milei-15181.jpg\",\"width\":900,\"height\":507},{\"@type\":\"BreadcrumbList\",\"@id\":\"https:\/\/diariolajornada.com\/?p=148329#breadcrumb\",\"itemListElement\":[{\"@type\":\"ListItem\",\"position\":1,\"name\":\"Portada\",\"item\":\"https:\/\/diariolajornada.com\/\"},{\"@type\":\"ListItem\",\"position\":2,\"name\":\"Alistan protesta en oficinas p\u00fablicas contra despidos masivos de Milei\"}]},{\"@type\":\"WebSite\",\"@id\":\"https:\/\/diariolajornada.com\/#website\",\"url\":\"https:\/\/diariolajornada.com\/\",\"name\":\"Diario La Jornada\",\"description\":\"Noticias Nacionales Regionales e Internacionales\",\"publisher\":{\"@id\":\"https:\/\/diariolajornada.com\/#organization\"},\"potentialAction\":[{\"@type\":\"SearchAction\",\"target\":{\"@type\":\"EntryPoint\",\"urlTemplate\":\"https:\/\/diariolajornada.com\/?s={search_term_string}\"},\"query-input\":{\"@type\":\"PropertyValueSpecification\",\"valueRequired\":true,\"valueName\":\"search_term_string\"}}],\"inLanguage\":\"es\"},{\"@type\":\"Organization\",\"@id\":\"https:\/\/diariolajornada.com\/#organization\",\"name\":\"Diario La Jornada\",\"url\":\"https:\/\/diariolajornada.com\/\",\"logo\":{\"@type\":\"ImageObject\",\"inLanguage\":\"es\",\"@id\":\"https:\/\/diariolajornada.com\/#\/schema\/logo\/image\/\",\"url\":\"https:\/\/diariolajornada.com\/wp-content\/uploads\/2021\/06\/LOGO-JORNADA-SVG-01-02.svg\",\"contentUrl\":\"https:\/\/diariolajornada.com\/wp-content\/uploads\/2021\/06\/LOGO-JORNADA-SVG-01-02.svg\",\"width\":350,\"height\":100,\"caption\":\"Diario La Jornada\"},\"image\":{\"@id\":\"https:\/\/diariolajornada.com\/#\/schema\/logo\/image\/\"},\"sameAs\":[\"https:\/\/es-la.facebook.com\/lajornadadeguarico\/\",\"https:\/\/www.instagram.com\/diariojornada\/?hl=es\"]},{\"@type\":\"Person\",\"@id\":\"https:\/\/diariolajornada.com\/#\/schema\/person\/83fc9ad02376abb532ce4553a399186b\",\"name\":\"admin\",\"image\":{\"@type\":\"ImageObject\",\"inLanguage\":\"es\",\"@id\":\"https:\/\/diariolajornada.com\/#\/schema\/person\/image\/\",\"url\":\"https:\/\/secure.gravatar.com\/avatar\/fdcecb87f300ccb988450328a61211f10a01c8bfedfca54e932145534024045b?s=96&d=mm&r=g\",\"contentUrl\":\"https:\/\/secure.gravatar.com\/avatar\/fdcecb87f300ccb988450328a61211f10a01c8bfedfca54e932145534024045b?s=96&d=mm&r=g\",\"caption\":\"admin\"},\"sameAs\":[\"https:\/\/diariolajornada.com\"],\"url\":\"https:\/\/diariolajornada.com\/?author=1\"}]}<\/script>\n<!-- \/ Yoast SEO plugin. -->","yoast_head_json":{"title":"Alistan protesta en oficinas p\u00fablicas contra despidos masivos de Milei - Diario La Jornada","robots":{"index":"index","follow":"follow","max-snippet":"max-snippet:-1","max-image-preview":"max-image-preview:large","max-video-preview":"max-video-preview:-1"},"canonical":"https:\/\/diariolajornada.com\/?p=148329","og_locale":"es_ES","og_type":"article","og_title":"Alistan protesta en oficinas p\u00fablicas contra despidos masivos de Milei - Diario La Jornada","og_description":"La Asociaci\u00f3n de Trabajadores del Estado (ATE) anunci\u00f3 en Argentina para este mi\u00e9rcoles una nueva jornada de manifestaciones masivas contra las pol\u00edticas de austeridad econ\u00f3mica del gobierno de Javier Milei y su plan \u00abmotosierra\u00bb, que se evidencia con los despidos de miles de empleados de las instituciones estatales. El gremio de trabajadores p\u00fablicos hizo el [&hellip;]","og_url":"https:\/\/diariolajornada.com\/?p=148329","og_site_name":"Diario La Jornada","article_publisher":"https:\/\/es-la.facebook.com\/lajornadadeguarico\/","article_published_time":"2024-04-03T13:21:33+00:00","og_image":[{"width":900,"height":507,"url":"https:\/\/diariolajornada.com\/wp-content\/uploads\/2024\/04\/javier-milei-15181.jpg","type":"image\/jpeg"}],"author":"admin","twitter_card":"summary_large_image","twitter_misc":{"Escrito por":"admin","Tiempo de lectura":"3 minutos"},"schema":{"@context":"https:\/\/schema.org","@graph":[{"@type":"Article","@id":"https:\/\/diariolajornada.com\/?p=148329#article","isPartOf":{"@id":"https:\/\/diariolajornada.com\/?p=148329"},"author":{"name":"admin","@id":"https:\/\/diariolajornada.com\/#\/schema\/person\/83fc9ad02376abb532ce4553a399186b"},"headline":"Alistan protesta en oficinas p\u00fablicas contra despidos masivos de Milei","datePublished":"2024-04-03T13:21:33+00:00","mainEntityOfPage":{"@id":"https:\/\/diariolajornada.com\/?p=148329"},"wordCount":648,"commentCount":0,"publisher":{"@id":"https:\/\/diariolajornada.com\/#organization"},"image":{"@id":"https:\/\/diariolajornada.com\/?p=148329#primaryimage"},"thumbnailUrl":"https:\/\/diariolajornada.com\/wp-content\/uploads\/2024\/04\/javier-milei-15181.jpg","articleSection":["DESTACADA","Internacionales"],"inLanguage":"es","potentialAction":[{"@type":"CommentAction","name":"Comment","target":["https:\/\/diariolajornada.com\/?p=148329#respond"]}]},{"@type":"WebPage","@id":"https:\/\/diariolajornada.com\/?p=148329","url":"https:\/\/diariolajornada.com\/?p=148329","name":"Alistan protesta en oficinas p\u00fablicas contra despidos masivos de Milei - Diario La Jornada","isPartOf":{"@id":"https:\/\/diariolajornada.com\/#website"},"primaryImageOfPage":{"@id":"https:\/\/diariolajornada.com\/?p=148329#primaryimage"},"image":{"@id":"https:\/\/diariolajornada.com\/?p=148329#primaryimage"},"thumbnailUrl":"https:\/\/diariolajornada.com\/wp-content\/uploads\/2024\/04\/javier-milei-15181.jpg","datePublished":"2024-04-03T13:21:33+00:00","breadcrumb":{"@id":"https:\/\/diariolajornada.com\/?p=148329#breadcrumb"},"inLanguage":"es","potentialAction":[{"@type":"ReadAction","target":["https:\/\/diariolajornada.com\/?p=148329"]}]},{"@type":"ImageObject","inLanguage":"es","@id":"https:\/\/diariolajornada.com\/?p=148329#primaryimage","url":"https:\/\/diariolajornada.com\/wp-content\/uploads\/2024\/04\/javier-milei-15181.jpg","contentUrl":"https:\/\/diariolajornada.com\/wp-content\/uploads\/2024\/04\/javier-milei-15181.jpg","width":900,"height":507},{"@type":"BreadcrumbList","@id":"https:\/\/diariolajornada.com\/?p=148329#breadcrumb","itemListElement":[{"@type":"ListItem","position":1,"name":"Portada","item":"https:\/\/diariolajornada.com\/"},{"@type":"ListItem","position":2,"name":"Alistan protesta en oficinas p\u00fablicas contra despidos masivos de Milei"}]},{"@type":"WebSite","@id":"https:\/\/diariolajornada.com\/#website","url":"https:\/\/diariolajornada.com\/","name":"Diario La Jornada","description":"Noticias Nacionales Regionales e Internacionales","publisher":{"@id":"https:\/\/diariolajornada.com\/#organization"},"potentialAction":[{"@type":"SearchAction","target":{"@type":"EntryPoint","urlTemplate":"https:\/\/diariolajornada.com\/?s={search_term_string}"},"query-input":{"@type":"PropertyValueSpecification","valueRequired":true,"valueName":"search_term_string"}}],"inLanguage":"es"},{"@type":"Organization","@id":"https:\/\/diariolajornada.com\/#organization","name":"Diario La Jornada","url":"https:\/\/diariolajornada.com\/","logo":{"@type":"ImageObject","inLanguage":"es","@id":"https:\/\/diariolajornada.com\/#\/schema\/logo\/image\/","url":"https:\/\/diariolajornada.com\/wp-content\/uploads\/2021\/06\/LOGO-JORNADA-SVG-01-02.svg","contentUrl":"https:\/\/diariolajornada.com\/wp-content\/uploads\/2021\/06\/LOGO-JORNADA-SVG-01-02.svg","width":350,"height":100,"caption":"Diario La Jornada"},"image":{"@id":"https:\/\/diariolajornada.com\/#\/schema\/logo\/image\/"},"sameAs":["https:\/\/es-la.facebook.com\/lajornadadeguarico\/","https:\/\/www.instagram.com\/diariojornada\/?hl=es"]},{"@type":"Person","@id":"https:\/\/diariolajornada.com\/#\/schema\/person\/83fc9ad02376abb532ce4553a399186b","name":"admin","image":{"@type":"ImageObject","inLanguage":"es","@id":"https:\/\/diariolajornada.com\/#\/schema\/person\/image\/","url":"https:\/\/secure.gravatar.com\/avatar\/fdcecb87f300ccb988450328a61211f10a01c8bfedfca54e932145534024045b?s=96&d=mm&r=g","contentUrl":"https:\/\/secure.gravatar.com\/avatar\/fdcecb87f300ccb988450328a61211f10a01c8bfedfca54e932145534024045b?s=96&d=mm&r=g","caption":"admin"},"sameAs":["https:\/\/diariolajornada.com"],"url":"https:\/\/diariolajornada.com\/?author=1"}]}},"_links":{"self":[{"href":"https:\/\/diariolajornada.com\/index.php?rest_route=\/wp\/v2\/posts\/148329","targetHints":{"allow":["GET"]}}],"collection":[{"href":"https:\/\/diariolajornada.com\/index.php?rest_route=\/wp\/v2\/posts"}],"about":[{"href":"https:\/\/diariolajornada.com\/index.php?rest_route=\/wp\/v2\/types\/post"}],"author":[{"embeddable":true,"href":"https:\/\/diariolajornada.com\/index.php?rest_route=\/wp\/v2\/users\/1"}],"replies":[{"embeddable":true,"href":"https:\/\/diariolajornada.com\/index.php?rest_route=%2Fwp%2Fv2%2Fcomments&post=148329"}],"version-history":[{"count":1,"href":"https:\/\/diariolajornada.com\/index.php?rest_route=\/wp\/v2\/posts\/148329\/revisions"}],"predecessor-version":[{"id":148332,"href":"https:\/\/diariolajornada.com\/index.php?rest_route=\/wp\/v2\/posts\/148329\/revisions\/148332"}],"wp:featuredmedia":[{"embeddable":true,"href":"https:\/\/diariolajornada.com\/index.php?rest_route=\/wp\/v2\/media\/148330"}],"wp:attachment":[{"href":"https:\/\/diariolajornada.com\/index.php?rest_route=%2Fwp%2Fv2%2Fmedia&parent=148329"}],"wp:term":[{"taxonomy":"category","embeddable":true,"href":"https:\/\/diariolajornada.com\/index.php?rest_route=%2Fwp%2Fv2%2Fcategories&post=148329"},{"taxonomy":"post_tag","embeddable":true,"href":"https:\/\/diariolajornada.com\/index.php?rest_route=%2Fwp%2Fv2%2Ftags&post=148329"}],"curies":[{"name":"wp","href":"https:\/\/api.w.org\/{rel}","templated":true}]}}