{"id":148335,"date":"2024-04-03T09:44:53","date_gmt":"2024-04-03T13:44:53","guid":{"rendered":"https:\/\/diariolajornada.com\/?p=148335"},"modified":"2024-04-03T09:44:53","modified_gmt":"2024-04-03T13:44:53","slug":"delcy-rodriguez-quienes-hablan-de-hasta-el-final-emulan-fascismo-de-hitler","status":"publish","type":"post","link":"https:\/\/diariolajornada.com\/?p=148335","title":{"rendered":"Delcy Rodr\u00edguez: Quienes hablan de \u201chasta el final\u201d emulan fascismo de Hitler"},"content":{"rendered":"<p>\u201cHitler llam\u00f3 a la batalla final y al exterminio de millones y la Rusia valiente detuvo en su momento ese fascismo, pero hoy se repite la historia. Insisto, debemos preguntarnos a qu\u00e9 se refieren cuando hablan \u00b4hasta el final\u00b4, porque est\u00e1 el germen de la violencia, el odio y el exterminio\u201d, alert\u00f3 este martes la vicepresidenta Ejecutiva de la Rep\u00fablica Bolivariana de Venezuela, Delcy Rodr\u00edguez G\u00f3mez, durante la presentaci\u00f3n ante la Asamblea Nacional (AN), del proyecto de Ley contra el Fascismo, el Neofascismo y Expresiones similares.<\/p>\n<p>\u201cNos llama mucho la atenci\u00f3n que organizaciones que nunca han participado en elecciones, y que han desconocido abiertamente a instituciones democr\u00e1ticas, pretendan hoy asaltar el poder pol\u00edtico, esta vez present\u00e1ndose como una farsa. Son los mismos que pidieron invasiones, sanciones econ\u00f3micas contra un pueblo, que atentaron contra el jefe de Estado y se presentan como ovejas a hacer lo que nunca han sido, nunca han sido dem\u00f3cratas ni piensan en el pueblo\u201d, explic\u00f3.<\/p>\n<p>La vicepresidenta dirigi\u00f3 una respuesta p\u00fablica a quienes, desde dentro de Venezuela y de otros pa\u00edses, hablan de derechos pol\u00edticos de quienes quemaron vivas a personas, colocaron guayas para degollar a motorizados y paralizaron las calles con violencia callejera. \u201cNadie les dio derecho a quemar, degollar, pedir sanciones contra los venezolanos y venezolanas. No es un derecho individual negar los derechos sociales y colectivos como lo vemos con (Javier) Milei en Argentina y su corriente libertaria que hace sufrir a todo un pueblo\u201d, compar\u00f3.<\/p>\n<p>\u201cAs\u00ed que ese hasta el final que piden para Venezuela no es paz ni amor, es la soluci\u00f3n final que propuso Hitler\u201d, resumi\u00f3 de forma contundente.<\/p>\n<p>Apellidos de organizaciones fascistas<br \/>\nLa alta funcionaria venezolana dijo que el fascismo en Venezuela tuvo una expresi\u00f3n grave en un partido pol\u00edtico llamado Nuevo Orden, que fue proscrito en 2002. Pero en 1984, hubo un antecedente con la llamada secta Tradici\u00f3n, Familia y Propiedad (TFP), constituida por j\u00f3venes miembros de familias acaudaladas \u201canticomunistas\u201d de Venezuela, \u201cde abolengo\u201d y \u201capellidos\u201d, donde se realizaba formaci\u00f3n paramilitar, y que fue finalmente proscrita por el entonces presidente de la Rep\u00fablica, Luis Herrera Camp\u00edns.<\/p>\n<p>La secta TFP ten\u00eda sedes en el Country Club de Caracas, y fue organizada por Alejandro Pe\u00f1a Esclusa, un connotado terrorista que actu\u00f3 contra el Comandante Hugo Ch\u00e1vez Fr\u00edas despu\u00e9s de ser electo y asumir el poder pol\u00edtico en Miraflores.<\/p>\n<p>\u201cSe realizaron allanamientos en sus sedes del Country Club porque all\u00ed se planificaba el asesinato del Papa Juan Pablo Segundo durante su visita a Venezuela. Y all\u00ed tambi\u00e9n (.,.) participaron j\u00f3venes de la \u00e9poca, de apellidos de abolengo, militantes del nazismo: Leopoldo L\u00f3pez y Enrique Capriles Radonski\u201d, revel\u00f3, a la vez que record\u00f3 que, en un programa televisivo de entonces, \u201cA Puerta Cerrada\u201d de la periodista Marietta Santana, ambos confesaron sus acciones durante una entrevista cuyo video fue borrado misteriosamente de las plataformas en internet.<\/p>\n<p>Delcy Rodr\u00edguez asegur\u00f3 que el proyecto de la Ley contra el Fascismo, que complementar\u00e1 la Ley de Partidos pol\u00edticos, desarrollar\u00e1 tambi\u00e9n la Ley Constitucional contra el Odio, la intolerancia y por la tranquilidad, aprobada en 2017 por el Poder Constituyente, \u201cse convierte en escudo y pedimos la colaboraci\u00f3n a la AN para que sea escudo protector de Venezuela contra el odio, la violencia y la muerte\u201d.<\/p>\n<p>Lucha por la humanidad<br \/>\nPidi\u00f3, adem\u00e1s, a la AN, ponerse al frente de esta batalla por la humanidad, no solo por Venezuela sino tambi\u00e9n por los pueblos del planeta.<\/p>\n<p>\u201cHoy Venezuela est\u00e1 tocando las campanas de la paz y le toca a este cuerpo legislativo reivindicar la memoria de quienes cayeron v\u00edctimas de (Benito) Mussolini, (Francisco) Franco y (Adolf) Hitler\u201d, explic\u00f3 la alta funcionaria gubernamental, al referir las atrocidades ejecutadas durante la Segunda Guerra Mundial en Italia, Espa\u00f1a y Alemania Nazi.<\/p>\n<p>Augur\u00f3 que la aprobaci\u00f3n de la nueva normativa legal permitir\u00e1 a Venezuela ser referencia mundial ante una corriente que pretende discriminar y actuar con violencia, nuevamente, en Europa y otros pa\u00edses. Acot\u00f3 que, en territorio nacional, luego de casi 25 a\u00f1os de violencia callejera, pol\u00edtica y social de extremistas de derecha que quemaron vivos a venezolanos y degollaron a motorizados, pretenden nuevamente reeditar hechos atroces, luego que en 2018 la Asamblea Nacional Constituyente (ANC) acab\u00f3 milagrosamente con las guarimbas y el odio.<\/p>\n<p>Rodr\u00edguez, explic\u00f3 que el origen del fascismo es la desigualdad, la apolog\u00eda de la violencia y la muerte, el \u201csupremacismo blanco\u201d entre personas y Estados, el autoritarismo, el delirio imperial de querer conquistar a los pueblos.<\/p>\n<p>\u201cEs la antidemocracia, la apolog\u00eda de la guerra, el clasismo, el racismo, la cultura de la muerte, el desprecio por la solidaridad y la convivencia. Es la g\u00e9nesis del sistema capitalista, \u00a1es la verdad!\u201d, advirti\u00f3 al aclarar que el origen del fascismo en el mundo fue para supuestamente combatir el comunismo. \u201c\u00a1All\u00ed est\u00e1 la raz\u00f3n!\u201d.<\/p>\n<p>Record\u00f3 que las redes sociales, en los \u00faltimos tiempos, se viralizan m\u00e1s los mensajes de odio que los positivos, y esta realidad fue confesada ante el Congreso de EE.UU. por el creador de la red Facebook, Mark Zuckerberg, quien revel\u00f3 que los algoritmos est\u00e1n dise\u00f1ados de esta manera.<\/p>\n<p>\u201cEs decir, la crisis del capitalismo ha dise\u00f1ado una nueva forma de propaganda hitleriana; est\u00e1n dise\u00f1adas las redes sociales para promover el odio, la violencia, la muerte, sobre el respeto, la tolerancia, el amor y la convivencia pac\u00edfica\u201d.<\/p>\n<p>Dijo Rodr\u00edguez que el presidente Maduro present\u00f3 la Ley contra el Fascismo para la defensa de la democracia. \u201cNo se trata de defender un partido o un gobierno, es defender el sistema democr\u00e1tico sin ning\u00fan tipo de discriminaci\u00f3n, de defender la paz, la coexistencia, la tranquilidad y la paz\u201d, concluy\u00f3.<\/p>\n<blockquote class=\"twitter-tweet\" data-width=\"550\" data-dnt=\"true\">\n<p lang=\"es\" dir=\"ltr\"><a href=\"https:\/\/twitter.com\/hashtag\/EnVideo?src=hash&amp;ref_src=twsrc%5Etfw\">#EnVideo<\/a>\ud83d\udcf9| Vicepdta. Ejecutiva <a href=\"https:\/\/twitter.com\/delcyrodriguezv?ref_src=twsrc%5Etfw\">@delcyrodriguezv<\/a> afirm\u00f3 que hoy le corresponde a Venezuela ponerse al frente de la batalla por la humanidad, no s\u00f3lo por el pa\u00eds.<\/p>\n<p>&quot;Los pa\u00edses del sur global que han sido v\u00edctimas en su historia de esclavismo, colonialismo e imperialismo, hoy,\u2026 <a href=\"https:\/\/t.co\/Y1heXJVKpi\">pic.twitter.com\/Y1heXJVKpi<\/a><\/p>\n<p>&mdash; VTV CANAL 8 (@VTVcanal8) <a href=\"https:\/\/twitter.com\/VTVcanal8\/status\/1775260411450773717?ref_src=twsrc%5Etfw\">April 2, 2024<\/a><\/p><\/blockquote>\n<p><script async src=\"https:\/\/platform.twitter.com\/widgets.js\" charset=\"utf-8\"><\/script><\/p>\n<blockquote class=\"twitter-tweet\" data-width=\"550\" data-dnt=\"true\">\n<p lang=\"es\" dir=\"ltr\"><a href=\"https:\/\/twitter.com\/hashtag\/EnVideo?src=hash&amp;ref_src=twsrc%5Etfw\">#EnVideo<\/a>\ud83d\udcf9| &quot;Estos movimientos fascistas que se generaron y crecieron en Europa en el marco de las guerras mundiales se dio con apoyo, promoci\u00f3n y sustento de los EE. UU.&quot;, asever\u00f3 la Vicepdta. Ejecutiva <a href=\"https:\/\/twitter.com\/delcyrodriguezv?ref_src=twsrc%5Etfw\">@delcyrodriguezv<\/a> <a href=\"https:\/\/twitter.com\/hashtag\/JuntosPorLaPaz?src=hash&amp;ref_src=twsrc%5Etfw\">#JuntosPorLaPaz<\/a> <a href=\"https:\/\/t.co\/nScusHSWsq\">pic.twitter.com\/nScusHSWsq<\/a><\/p>\n<p>&mdash; VTV CANAL 8 (@VTVcanal8) <a href=\"https:\/\/twitter.com\/VTVcanal8\/status\/1775257871829156147?ref_src=twsrc%5Etfw\">April 2, 2024<\/a><\/p><\/blockquote>\n<p><script async src=\"https:\/\/platform.twitter.com\/widgets.js\" charset=\"utf-8\"><\/script><\/p>\n<p>&nbsp;<\/p>\n","protected":false},"excerpt":{"rendered":"<p>\u201cHitler llam\u00f3 a la batalla final y al exterminio de millones y la Rusia valiente detuvo en su momento ese fascismo, pero hoy se repite la historia. Insisto, debemos preguntarnos a qu\u00e9 se refieren cuando hablan \u00b4hasta el final\u00b4, porque est\u00e1 el germen de la violencia, el odio y el exterminio\u201d, alert\u00f3 este martes la [&hellip;]<\/p>\n","protected":false},"author":1,"featured_media":148337,"comment_status":"open","ping_status":"open","sticky":false,"template":"","format":"standard","meta":{"footnotes":""},"categories":[17,8],"tags":[],"class_list":["post-148335","post","type-post","status-publish","format-standard","has-post-thumbnail","hentry","category-destacada","category-nacionales"],"yoast_head":"<!-- This site is optimized with the Yoast SEO plugin v24.4 - https:\/\/yoast.com\/wordpress\/plugins\/seo\/ -->\n<title>Delcy Rodr\u00edguez: Quienes hablan de \u201chasta el final\u201d emulan fascismo de Hitler - Diario La Jornada<\/title>\n<meta name=\"robots\" content=\"index, follow, max-snippet:-1, max-image-preview:large, max-video-preview:-1\" \/>\n<link rel=\"canonical\" href=\"https:\/\/diariolajornada.com\/?p=148335\" \/>\n<meta property=\"og:locale\" content=\"es_ES\" \/>\n<meta property=\"og:type\" content=\"article\" \/>\n<meta property=\"og:title\" content=\"Delcy Rodr\u00edguez: Quienes hablan de \u201chasta el final\u201d emulan fascismo de Hitler - Diario La Jornada\" \/>\n<meta property=\"og:description\" content=\"\u201cHitler llam\u00f3 a la batalla final y al exterminio de millones y la Rusia valiente detuvo en su momento ese fascismo, pero hoy se repite la historia. Insisto, debemos preguntarnos a qu\u00e9 se refieren cuando hablan \u00b4hasta el final\u00b4, porque est\u00e1 el germen de la violencia, el odio y el exterminio\u201d, alert\u00f3 este martes la [&hellip;]\" \/>\n<meta property=\"og:url\" content=\"https:\/\/diariolajornada.com\/?p=148335\" \/>\n<meta property=\"og:site_name\" content=\"Diario La Jornada\" \/>\n<meta property=\"article:publisher\" content=\"https:\/\/es-la.facebook.com\/lajornadadeguarico\/\" \/>\n<meta property=\"article:published_time\" content=\"2024-04-03T13:44:53+00:00\" \/>\n<meta property=\"og:image\" content=\"https:\/\/diariolajornada.com\/wp-content\/uploads\/2024\/04\/WhatsApp-Image-2024-04-02-at-4.58.51-PM-696x464-1.jpeg\" \/>\n\t<meta property=\"og:image:width\" content=\"696\" \/>\n\t<meta property=\"og:image:height\" content=\"464\" \/>\n\t<meta property=\"og:image:type\" content=\"image\/jpeg\" \/>\n<meta name=\"author\" content=\"admin\" \/>\n<meta name=\"twitter:card\" content=\"summary_large_image\" \/>\n<meta name=\"twitter:label1\" content=\"Escrito por\" \/>\n\t<meta name=\"twitter:data1\" content=\"admin\" \/>\n\t<meta name=\"twitter:label2\" content=\"Tiempo de lectura\" \/>\n\t<meta name=\"twitter:data2\" content=\"5 minutos\" \/>\n<script type=\"application\/ld+json\" class=\"yoast-schema-graph\">{\"@context\":\"https:\/\/schema.org\",\"@graph\":[{\"@type\":\"Article\",\"@id\":\"https:\/\/diariolajornada.com\/?p=148335#article\",\"isPartOf\":{\"@id\":\"https:\/\/diariolajornada.com\/?p=148335\"},\"author\":{\"name\":\"admin\",\"@id\":\"https:\/\/diariolajornada.com\/#\/schema\/person\/83fc9ad02376abb532ce4553a399186b\"},\"headline\":\"Delcy Rodr\u00edguez: Quienes hablan de \u201chasta el final\u201d emulan fascismo de Hitler\",\"datePublished\":\"2024-04-03T13:44:53+00:00\",\"mainEntityOfPage\":{\"@id\":\"https:\/\/diariolajornada.com\/?p=148335\"},\"wordCount\":1006,\"commentCount\":0,\"publisher\":{\"@id\":\"https:\/\/diariolajornada.com\/#organization\"},\"image\":{\"@id\":\"https:\/\/diariolajornada.com\/?p=148335#primaryimage\"},\"thumbnailUrl\":\"https:\/\/diariolajornada.com\/wp-content\/uploads\/2024\/04\/WhatsApp-Image-2024-04-02-at-4.58.51-PM-696x464-1.jpeg\",\"articleSection\":[\"DESTACADA\",\"Nacionales\"],\"inLanguage\":\"es\",\"potentialAction\":[{\"@type\":\"CommentAction\",\"name\":\"Comment\",\"target\":[\"https:\/\/diariolajornada.com\/?p=148335#respond\"]}]},{\"@type\":\"WebPage\",\"@id\":\"https:\/\/diariolajornada.com\/?p=148335\",\"url\":\"https:\/\/diariolajornada.com\/?p=148335\",\"name\":\"Delcy Rodr\u00edguez: Quienes hablan de \u201chasta el final\u201d emulan fascismo de Hitler - Diario La Jornada\",\"isPartOf\":{\"@id\":\"https:\/\/diariolajornada.com\/#website\"},\"primaryImageOfPage\":{\"@id\":\"https:\/\/diariolajornada.com\/?p=148335#primaryimage\"},\"image\":{\"@id\":\"https:\/\/diariolajornada.com\/?p=148335#primaryimage\"},\"thumbnailUrl\":\"https:\/\/diariolajornada.com\/wp-content\/uploads\/2024\/04\/WhatsApp-Image-2024-04-02-at-4.58.51-PM-696x464-1.jpeg\",\"datePublished\":\"2024-04-03T13:44:53+00:00\",\"breadcrumb\":{\"@id\":\"https:\/\/diariolajornada.com\/?p=148335#breadcrumb\"},\"inLanguage\":\"es\",\"potentialAction\":[{\"@type\":\"ReadAction\",\"target\":[\"https:\/\/diariolajornada.com\/?p=148335\"]}]},{\"@type\":\"ImageObject\",\"inLanguage\":\"es\",\"@id\":\"https:\/\/diariolajornada.com\/?p=148335#primaryimage\",\"url\":\"https:\/\/diariolajornada.com\/wp-content\/uploads\/2024\/04\/WhatsApp-Image-2024-04-02-at-4.58.51-PM-696x464-1.jpeg\",\"contentUrl\":\"https:\/\/diariolajornada.com\/wp-content\/uploads\/2024\/04\/WhatsApp-Image-2024-04-02-at-4.58.51-PM-696x464-1.jpeg\",\"width\":696,\"height\":464},{\"@type\":\"BreadcrumbList\",\"@id\":\"https:\/\/diariolajornada.com\/?p=148335#breadcrumb\",\"itemListElement\":[{\"@type\":\"ListItem\",\"position\":1,\"name\":\"Portada\",\"item\":\"https:\/\/diariolajornada.com\/\"},{\"@type\":\"ListItem\",\"position\":2,\"name\":\"Delcy Rodr\u00edguez: Quienes hablan de \u201chasta el final\u201d emulan fascismo de Hitler\"}]},{\"@type\":\"WebSite\",\"@id\":\"https:\/\/diariolajornada.com\/#website\",\"url\":\"https:\/\/diariolajornada.com\/\",\"name\":\"Diario La Jornada\",\"description\":\"Noticias Nacionales Regionales e Internacionales\",\"publisher\":{\"@id\":\"https:\/\/diariolajornada.com\/#organization\"},\"potentialAction\":[{\"@type\":\"SearchAction\",\"target\":{\"@type\":\"EntryPoint\",\"urlTemplate\":\"https:\/\/diariolajornada.com\/?s={search_term_string}\"},\"query-input\":{\"@type\":\"PropertyValueSpecification\",\"valueRequired\":true,\"valueName\":\"search_term_string\"}}],\"inLanguage\":\"es\"},{\"@type\":\"Organization\",\"@id\":\"https:\/\/diariolajornada.com\/#organization\",\"name\":\"Diario La Jornada\",\"url\":\"https:\/\/diariolajornada.com\/\",\"logo\":{\"@type\":\"ImageObject\",\"inLanguage\":\"es\",\"@id\":\"https:\/\/diariolajornada.com\/#\/schema\/logo\/image\/\",\"url\":\"https:\/\/diariolajornada.com\/wp-content\/uploads\/2021\/06\/LOGO-JORNADA-SVG-01-02.svg\",\"contentUrl\":\"https:\/\/diariolajornada.com\/wp-content\/uploads\/2021\/06\/LOGO-JORNADA-SVG-01-02.svg\",\"width\":350,\"height\":100,\"caption\":\"Diario La Jornada\"},\"image\":{\"@id\":\"https:\/\/diariolajornada.com\/#\/schema\/logo\/image\/\"},\"sameAs\":[\"https:\/\/es-la.facebook.com\/lajornadadeguarico\/\",\"https:\/\/www.instagram.com\/diariojornada\/?hl=es\"]},{\"@type\":\"Person\",\"@id\":\"https:\/\/diariolajornada.com\/#\/schema\/person\/83fc9ad02376abb532ce4553a399186b\",\"name\":\"admin\",\"image\":{\"@type\":\"ImageObject\",\"inLanguage\":\"es\",\"@id\":\"https:\/\/diariolajornada.com\/#\/schema\/person\/image\/\",\"url\":\"https:\/\/secure.gravatar.com\/avatar\/fdcecb87f300ccb988450328a61211f10a01c8bfedfca54e932145534024045b?s=96&d=mm&r=g\",\"contentUrl\":\"https:\/\/secure.gravatar.com\/avatar\/fdcecb87f300ccb988450328a61211f10a01c8bfedfca54e932145534024045b?s=96&d=mm&r=g\",\"caption\":\"admin\"},\"sameAs\":[\"https:\/\/diariolajornada.com\"],\"url\":\"https:\/\/diariolajornada.com\/?author=1\"}]}<\/script>\n<!-- \/ Yoast SEO plugin. -->","yoast_head_json":{"title":"Delcy Rodr\u00edguez: Quienes hablan de \u201chasta el final\u201d emulan fascismo de Hitler - Diario La Jornada","robots":{"index":"index","follow":"follow","max-snippet":"max-snippet:-1","max-image-preview":"max-image-preview:large","max-video-preview":"max-video-preview:-1"},"canonical":"https:\/\/diariolajornada.com\/?p=148335","og_locale":"es_ES","og_type":"article","og_title":"Delcy Rodr\u00edguez: Quienes hablan de \u201chasta el final\u201d emulan fascismo de Hitler - Diario La Jornada","og_description":"\u201cHitler llam\u00f3 a la batalla final y al exterminio de millones y la Rusia valiente detuvo en su momento ese fascismo, pero hoy se repite la historia. Insisto, debemos preguntarnos a qu\u00e9 se refieren cuando hablan \u00b4hasta el final\u00b4, porque est\u00e1 el germen de la violencia, el odio y el exterminio\u201d, alert\u00f3 este martes la [&hellip;]","og_url":"https:\/\/diariolajornada.com\/?p=148335","og_site_name":"Diario La Jornada","article_publisher":"https:\/\/es-la.facebook.com\/lajornadadeguarico\/","article_published_time":"2024-04-03T13:44:53+00:00","og_image":[{"width":696,"height":464,"url":"https:\/\/diariolajornada.com\/wp-content\/uploads\/2024\/04\/WhatsApp-Image-2024-04-02-at-4.58.51-PM-696x464-1.jpeg","type":"image\/jpeg"}],"author":"admin","twitter_card":"summary_large_image","twitter_misc":{"Escrito por":"admin","Tiempo de lectura":"5 minutos"},"schema":{"@context":"https:\/\/schema.org","@graph":[{"@type":"Article","@id":"https:\/\/diariolajornada.com\/?p=148335#article","isPartOf":{"@id":"https:\/\/diariolajornada.com\/?p=148335"},"author":{"name":"admin","@id":"https:\/\/diariolajornada.com\/#\/schema\/person\/83fc9ad02376abb532ce4553a399186b"},"headline":"Delcy Rodr\u00edguez: Quienes hablan de \u201chasta el final\u201d emulan fascismo de Hitler","datePublished":"2024-04-03T13:44:53+00:00","mainEntityOfPage":{"@id":"https:\/\/diariolajornada.com\/?p=148335"},"wordCount":1006,"commentCount":0,"publisher":{"@id":"https:\/\/diariolajornada.com\/#organization"},"image":{"@id":"https:\/\/diariolajornada.com\/?p=148335#primaryimage"},"thumbnailUrl":"https:\/\/diariolajornada.com\/wp-content\/uploads\/2024\/04\/WhatsApp-Image-2024-04-02-at-4.58.51-PM-696x464-1.jpeg","articleSection":["DESTACADA","Nacionales"],"inLanguage":"es","potentialAction":[{"@type":"CommentAction","name":"Comment","target":["https:\/\/diariolajornada.com\/?p=148335#respond"]}]},{"@type":"WebPage","@id":"https:\/\/diariolajornada.com\/?p=148335","url":"https:\/\/diariolajornada.com\/?p=148335","name":"Delcy Rodr\u00edguez: Quienes hablan de \u201chasta el final\u201d emulan fascismo de Hitler - Diario La Jornada","isPartOf":{"@id":"https:\/\/diariolajornada.com\/#website"},"primaryImageOfPage":{"@id":"https:\/\/diariolajornada.com\/?p=148335#primaryimage"},"image":{"@id":"https:\/\/diariolajornada.com\/?p=148335#primaryimage"},"thumbnailUrl":"https:\/\/diariolajornada.com\/wp-content\/uploads\/2024\/04\/WhatsApp-Image-2024-04-02-at-4.58.51-PM-696x464-1.jpeg","datePublished":"2024-04-03T13:44:53+00:00","breadcrumb":{"@id":"https:\/\/diariolajornada.com\/?p=148335#breadcrumb"},"inLanguage":"es","potentialAction":[{"@type":"ReadAction","target":["https:\/\/diariolajornada.com\/?p=148335"]}]},{"@type":"ImageObject","inLanguage":"es","@id":"https:\/\/diariolajornada.com\/?p=148335#primaryimage","url":"https:\/\/diariolajornada.com\/wp-content\/uploads\/2024\/04\/WhatsApp-Image-2024-04-02-at-4.58.51-PM-696x464-1.jpeg","contentUrl":"https:\/\/diariolajornada.com\/wp-content\/uploads\/2024\/04\/WhatsApp-Image-2024-04-02-at-4.58.51-PM-696x464-1.jpeg","width":696,"height":464},{"@type":"BreadcrumbList","@id":"https:\/\/diariolajornada.com\/?p=148335#breadcrumb","itemListElement":[{"@type":"ListItem","position":1,"name":"Portada","item":"https:\/\/diariolajornada.com\/"},{"@type":"ListItem","position":2,"name":"Delcy Rodr\u00edguez: Quienes hablan de \u201chasta el final\u201d emulan fascismo de Hitler"}]},{"@type":"WebSite","@id":"https:\/\/diariolajornada.com\/#website","url":"https:\/\/diariolajornada.com\/","name":"Diario La Jornada","description":"Noticias Nacionales Regionales e Internacionales","publisher":{"@id":"https:\/\/diariolajornada.com\/#organization"},"potentialAction":[{"@type":"SearchAction","target":{"@type":"EntryPoint","urlTemplate":"https:\/\/diariolajornada.com\/?s={search_term_string}"},"query-input":{"@type":"PropertyValueSpecification","valueRequired":true,"valueName":"search_term_string"}}],"inLanguage":"es"},{"@type":"Organization","@id":"https:\/\/diariolajornada.com\/#organization","name":"Diario La Jornada","url":"https:\/\/diariolajornada.com\/","logo":{"@type":"ImageObject","inLanguage":"es","@id":"https:\/\/diariolajornada.com\/#\/schema\/logo\/image\/","url":"https:\/\/diariolajornada.com\/wp-content\/uploads\/2021\/06\/LOGO-JORNADA-SVG-01-02.svg","contentUrl":"https:\/\/diariolajornada.com\/wp-content\/uploads\/2021\/06\/LOGO-JORNADA-SVG-01-02.svg","width":350,"height":100,"caption":"Diario La Jornada"},"image":{"@id":"https:\/\/diariolajornada.com\/#\/schema\/logo\/image\/"},"sameAs":["https:\/\/es-la.facebook.com\/lajornadadeguarico\/","https:\/\/www.instagram.com\/diariojornada\/?hl=es"]},{"@type":"Person","@id":"https:\/\/diariolajornada.com\/#\/schema\/person\/83fc9ad02376abb532ce4553a399186b","name":"admin","image":{"@type":"ImageObject","inLanguage":"es","@id":"https:\/\/diariolajornada.com\/#\/schema\/person\/image\/","url":"https:\/\/secure.gravatar.com\/avatar\/fdcecb87f300ccb988450328a61211f10a01c8bfedfca54e932145534024045b?s=96&d=mm&r=g","contentUrl":"https:\/\/secure.gravatar.com\/avatar\/fdcecb87f300ccb988450328a61211f10a01c8bfedfca54e932145534024045b?s=96&d=mm&r=g","caption":"admin"},"sameAs":["https:\/\/diariolajornada.com"],"url":"https:\/\/diariolajornada.com\/?author=1"}]}},"_links":{"self":[{"href":"https:\/\/diariolajornada.com\/index.php?rest_route=\/wp\/v2\/posts\/148335","targetHints":{"allow":["GET"]}}],"collection":[{"href":"https:\/\/diariolajornada.com\/index.php?rest_route=\/wp\/v2\/posts"}],"about":[{"href":"https:\/\/diariolajornada.com\/index.php?rest_route=\/wp\/v2\/types\/post"}],"author":[{"embeddable":true,"href":"https:\/\/diariolajornada.com\/index.php?rest_route=\/wp\/v2\/users\/1"}],"replies":[{"embeddable":true,"href":"https:\/\/diariolajornada.com\/index.php?rest_route=%2Fwp%2Fv2%2Fcomments&post=148335"}],"version-history":[{"count":1,"href":"https:\/\/diariolajornada.com\/index.php?rest_route=\/wp\/v2\/posts\/148335\/revisions"}],"predecessor-version":[{"id":148338,"href":"https:\/\/diariolajornada.com\/index.php?rest_route=\/wp\/v2\/posts\/148335\/revisions\/148338"}],"wp:featuredmedia":[{"embeddable":true,"href":"https:\/\/diariolajornada.com\/index.php?rest_route=\/wp\/v2\/media\/148337"}],"wp:attachment":[{"href":"https:\/\/diariolajornada.com\/index.php?rest_route=%2Fwp%2Fv2%2Fmedia&parent=148335"}],"wp:term":[{"taxonomy":"category","embeddable":true,"href":"https:\/\/diariolajornada.com\/index.php?rest_route=%2Fwp%2Fv2%2Fcategories&post=148335"},{"taxonomy":"post_tag","embeddable":true,"href":"https:\/\/diariolajornada.com\/index.php?rest_route=%2Fwp%2Fv2%2Ftags&post=148335"}],"curies":[{"name":"wp","href":"https:\/\/api.w.org\/{rel}","templated":true}]}}