{"id":148339,"date":"2024-04-03T09:45:52","date_gmt":"2024-04-03T13:45:52","guid":{"rendered":"https:\/\/diariolajornada.com\/?p=148339"},"modified":"2024-04-03T09:45:52","modified_gmt":"2024-04-03T13:45:52","slug":"felix-plasencia-autorizado-por-an-como-embajador-de-venezuela-ante-la-omi","status":"publish","type":"post","link":"https:\/\/diariolajornada.com\/?p=148339","title":{"rendered":"F\u00e9lix Plasencia autorizado por AN como embajador de Venezuela ante la OMI"},"content":{"rendered":"<p>La Asamblea Nacional (AN) de la Rep\u00fablica Bolivariana de Venezuela aprob\u00f3 este martes la designaci\u00f3n del ciudadano F\u00e9lix Ram\u00f3n Plasencia Gonz\u00e1lez, como Embajador Representante Permanente de Venezuela ante la Organizaci\u00f3n Mar\u00edtima Internacional (OMI) y dem\u00e1s Organizaciones con sede en Londres, Reino Unido.<\/p>\n<p>Durante la plenaria de la sesi\u00f3n ordinaria, las diputadas y diputados de la Rep\u00fablica votaron por unanimidad el informe presentado por la Comisi\u00f3n Permanente de Pol\u00edtica Exterior, Soberan\u00eda e Integraci\u00f3n, cumpliendo lo consagrado en los art\u00edculos 187, numeral 14, y 236, numeral 15, de la Constituci\u00f3n de la Rep\u00fablica Bolivariana de Venezuela.<\/p>\n<p>El parlamentario Jos\u00e9 Antonio Sivira fue el encargado de introducir el documento, mediante el cual se autoriz\u00f3 la designaci\u00f3n hecha por el presidente de la Rep\u00fablica Bolivariana, Nicol\u00e1s Maduro Moros.<\/p>\n<p>El nuevo Embajador Representante Permanente de Venezuela ante la OMI tiene una amplia trayectoria diplom\u00e1tica y experiencia, como canciller de la Rep\u00fablica, embajador en la Rep\u00fablica Popular China y Colombia, adem\u00e1s de ministro del Poder Popular para el Comercio Exterior, viceministro de Asuntos Multilaterales del ministerio de Relaciones Exteriores y funcionario en la Embajada de Venezuela en Inglaterra.<\/p>\n<p>En 2022 ocup\u00f3 el cargo de Secretario General de la Alianza Bolivariana para Los Pueblos de Nuestra Am\u00e9rica (ALBA) en sustituci\u00f3n del boliviano Sacha Llorenti.<\/p>\n<blockquote class=\"twitter-tweet\" data-width=\"550\" data-dnt=\"true\">\n<p lang=\"es\" dir=\"ltr\"><a href=\"https:\/\/twitter.com\/hashtag\/02Abr?src=hash&amp;ref_src=twsrc%5Etfw\">#02Abr<\/a> || Queda aprobado por unanimidad la designaci\u00f3n del ciudadano F\u00e9lix Ram\u00f3n Plasencia Gonz\u00e1lez, como Embajador Representante Permanente de Venezuela ante la Organizaci\u00f3n Mar\u00edtima Internacional (OMI) y dem\u00e1s Organizaciones con sede en Londres. <a href=\"https:\/\/t.co\/AgkabzWdll\">pic.twitter.com\/AgkabzWdll<\/a><\/p>\n<p>&mdash; Asamblea Nacional \ud83c\uddfb\ud83c\uddea (@Asamblea_Ven) <a href=\"https:\/\/twitter.com\/Asamblea_Ven\/status\/1775274946354360523?ref_src=twsrc%5Etfw\">April 2, 2024<\/a><\/p><\/blockquote>\n<p><script async src=\"https:\/\/platform.twitter.com\/widgets.js\" charset=\"utf-8\"><\/script><\/p>\n","protected":false},"excerpt":{"rendered":"<p>La Asamblea Nacional (AN) de la Rep\u00fablica Bolivariana de Venezuela aprob\u00f3 este martes la designaci\u00f3n del ciudadano F\u00e9lix Ram\u00f3n Plasencia Gonz\u00e1lez, como Embajador Representante Permanente de Venezuela ante la Organizaci\u00f3n Mar\u00edtima Internacional (OMI) y dem\u00e1s Organizaciones con sede en Londres, Reino Unido. Durante la plenaria de la sesi\u00f3n ordinaria, las diputadas y diputados de la [&hellip;]<\/p>\n","protected":false},"author":1,"featured_media":148341,"comment_status":"open","ping_status":"open","sticky":false,"template":"","format":"standard","meta":{"footnotes":""},"categories":[17,8],"tags":[],"class_list":["post-148339","post","type-post","status-publish","format-standard","has-post-thumbnail","hentry","category-destacada","category-nacionales"],"yoast_head":"<!-- This site is optimized with the Yoast SEO plugin v24.4 - https:\/\/yoast.com\/wordpress\/plugins\/seo\/ -->\n<title>F\u00e9lix Plasencia autorizado por AN como embajador de Venezuela ante la OMI - Diario La Jornada<\/title>\n<meta name=\"robots\" content=\"index, follow, max-snippet:-1, max-image-preview:large, max-video-preview:-1\" \/>\n<link rel=\"canonical\" href=\"https:\/\/diariolajornada.com\/?p=148339\" \/>\n<meta property=\"og:locale\" content=\"es_ES\" \/>\n<meta property=\"og:type\" content=\"article\" \/>\n<meta property=\"og:title\" content=\"F\u00e9lix Plasencia autorizado por AN como embajador de Venezuela ante la OMI - Diario La Jornada\" \/>\n<meta property=\"og:description\" content=\"La Asamblea Nacional (AN) de la Rep\u00fablica Bolivariana de Venezuela aprob\u00f3 este martes la designaci\u00f3n del ciudadano F\u00e9lix Ram\u00f3n Plasencia Gonz\u00e1lez, como Embajador Representante Permanente de Venezuela ante la Organizaci\u00f3n Mar\u00edtima Internacional (OMI) y dem\u00e1s Organizaciones con sede en Londres, Reino Unido. Durante la plenaria de la sesi\u00f3n ordinaria, las diputadas y diputados de la [&hellip;]\" \/>\n<meta property=\"og:url\" content=\"https:\/\/diariolajornada.com\/?p=148339\" \/>\n<meta property=\"og:site_name\" content=\"Diario La Jornada\" \/>\n<meta property=\"article:publisher\" content=\"https:\/\/es-la.facebook.com\/lajornadadeguarico\/\" \/>\n<meta property=\"article:published_time\" content=\"2024-04-03T13:45:52+00:00\" \/>\n<meta property=\"og:image\" content=\"https:\/\/diariolajornada.com\/wp-content\/uploads\/2024\/04\/an-autoriza-a-felix-plasencia-como-embajador-de-venezuela-ante-la-omi-145782.jpg\" \/>\n\t<meta property=\"og:image:width\" content=\"1242\" \/>\n\t<meta property=\"og:image:height\" content=\"699\" \/>\n\t<meta property=\"og:image:type\" content=\"image\/jpeg\" \/>\n<meta name=\"author\" content=\"admin\" \/>\n<meta name=\"twitter:card\" content=\"summary_large_image\" \/>\n<meta name=\"twitter:label1\" content=\"Escrito por\" \/>\n\t<meta name=\"twitter:data1\" content=\"admin\" \/>\n\t<meta name=\"twitter:label2\" content=\"Tiempo de lectura\" \/>\n\t<meta name=\"twitter:data2\" content=\"1 minuto\" \/>\n<script type=\"application\/ld+json\" class=\"yoast-schema-graph\">{\"@context\":\"https:\/\/schema.org\",\"@graph\":[{\"@type\":\"Article\",\"@id\":\"https:\/\/diariolajornada.com\/?p=148339#article\",\"isPartOf\":{\"@id\":\"https:\/\/diariolajornada.com\/?p=148339\"},\"author\":{\"name\":\"admin\",\"@id\":\"https:\/\/diariolajornada.com\/#\/schema\/person\/83fc9ad02376abb532ce4553a399186b\"},\"headline\":\"F\u00e9lix Plasencia autorizado por AN como embajador de Venezuela ante la OMI\",\"datePublished\":\"2024-04-03T13:45:52+00:00\",\"mainEntityOfPage\":{\"@id\":\"https:\/\/diariolajornada.com\/?p=148339\"},\"wordCount\":247,\"commentCount\":0,\"publisher\":{\"@id\":\"https:\/\/diariolajornada.com\/#organization\"},\"image\":{\"@id\":\"https:\/\/diariolajornada.com\/?p=148339#primaryimage\"},\"thumbnailUrl\":\"https:\/\/diariolajornada.com\/wp-content\/uploads\/2024\/04\/an-autoriza-a-felix-plasencia-como-embajador-de-venezuela-ante-la-omi-145782.jpg\",\"articleSection\":[\"DESTACADA\",\"Nacionales\"],\"inLanguage\":\"es\",\"potentialAction\":[{\"@type\":\"CommentAction\",\"name\":\"Comment\",\"target\":[\"https:\/\/diariolajornada.com\/?p=148339#respond\"]}]},{\"@type\":\"WebPage\",\"@id\":\"https:\/\/diariolajornada.com\/?p=148339\",\"url\":\"https:\/\/diariolajornada.com\/?p=148339\",\"name\":\"F\u00e9lix Plasencia autorizado por AN como embajador de Venezuela ante la OMI - Diario La Jornada\",\"isPartOf\":{\"@id\":\"https:\/\/diariolajornada.com\/#website\"},\"primaryImageOfPage\":{\"@id\":\"https:\/\/diariolajornada.com\/?p=148339#primaryimage\"},\"image\":{\"@id\":\"https:\/\/diariolajornada.com\/?p=148339#primaryimage\"},\"thumbnailUrl\":\"https:\/\/diariolajornada.com\/wp-content\/uploads\/2024\/04\/an-autoriza-a-felix-plasencia-como-embajador-de-venezuela-ante-la-omi-145782.jpg\",\"datePublished\":\"2024-04-03T13:45:52+00:00\",\"breadcrumb\":{\"@id\":\"https:\/\/diariolajornada.com\/?p=148339#breadcrumb\"},\"inLanguage\":\"es\",\"potentialAction\":[{\"@type\":\"ReadAction\",\"target\":[\"https:\/\/diariolajornada.com\/?p=148339\"]}]},{\"@type\":\"ImageObject\",\"inLanguage\":\"es\",\"@id\":\"https:\/\/diariolajornada.com\/?p=148339#primaryimage\",\"url\":\"https:\/\/diariolajornada.com\/wp-content\/uploads\/2024\/04\/an-autoriza-a-felix-plasencia-como-embajador-de-venezuela-ante-la-omi-145782.jpg\",\"contentUrl\":\"https:\/\/diariolajornada.com\/wp-content\/uploads\/2024\/04\/an-autoriza-a-felix-plasencia-como-embajador-de-venezuela-ante-la-omi-145782.jpg\",\"width\":1242,\"height\":699},{\"@type\":\"BreadcrumbList\",\"@id\":\"https:\/\/diariolajornada.com\/?p=148339#breadcrumb\",\"itemListElement\":[{\"@type\":\"ListItem\",\"position\":1,\"name\":\"Portada\",\"item\":\"https:\/\/diariolajornada.com\/\"},{\"@type\":\"ListItem\",\"position\":2,\"name\":\"F\u00e9lix Plasencia autorizado por AN como embajador de Venezuela ante la OMI\"}]},{\"@type\":\"WebSite\",\"@id\":\"https:\/\/diariolajornada.com\/#website\",\"url\":\"https:\/\/diariolajornada.com\/\",\"name\":\"Diario La Jornada\",\"description\":\"Noticias Nacionales Regionales e Internacionales\",\"publisher\":{\"@id\":\"https:\/\/diariolajornada.com\/#organization\"},\"potentialAction\":[{\"@type\":\"SearchAction\",\"target\":{\"@type\":\"EntryPoint\",\"urlTemplate\":\"https:\/\/diariolajornada.com\/?s={search_term_string}\"},\"query-input\":{\"@type\":\"PropertyValueSpecification\",\"valueRequired\":true,\"valueName\":\"search_term_string\"}}],\"inLanguage\":\"es\"},{\"@type\":\"Organization\",\"@id\":\"https:\/\/diariolajornada.com\/#organization\",\"name\":\"Diario La Jornada\",\"url\":\"https:\/\/diariolajornada.com\/\",\"logo\":{\"@type\":\"ImageObject\",\"inLanguage\":\"es\",\"@id\":\"https:\/\/diariolajornada.com\/#\/schema\/logo\/image\/\",\"url\":\"https:\/\/diariolajornada.com\/wp-content\/uploads\/2021\/06\/LOGO-JORNADA-SVG-01-02.svg\",\"contentUrl\":\"https:\/\/diariolajornada.com\/wp-content\/uploads\/2021\/06\/LOGO-JORNADA-SVG-01-02.svg\",\"width\":350,\"height\":100,\"caption\":\"Diario La Jornada\"},\"image\":{\"@id\":\"https:\/\/diariolajornada.com\/#\/schema\/logo\/image\/\"},\"sameAs\":[\"https:\/\/es-la.facebook.com\/lajornadadeguarico\/\",\"https:\/\/www.instagram.com\/diariojornada\/?hl=es\"]},{\"@type\":\"Person\",\"@id\":\"https:\/\/diariolajornada.com\/#\/schema\/person\/83fc9ad02376abb532ce4553a399186b\",\"name\":\"admin\",\"image\":{\"@type\":\"ImageObject\",\"inLanguage\":\"es\",\"@id\":\"https:\/\/diariolajornada.com\/#\/schema\/person\/image\/\",\"url\":\"https:\/\/secure.gravatar.com\/avatar\/fdcecb87f300ccb988450328a61211f10a01c8bfedfca54e932145534024045b?s=96&d=mm&r=g\",\"contentUrl\":\"https:\/\/secure.gravatar.com\/avatar\/fdcecb87f300ccb988450328a61211f10a01c8bfedfca54e932145534024045b?s=96&d=mm&r=g\",\"caption\":\"admin\"},\"sameAs\":[\"https:\/\/diariolajornada.com\"],\"url\":\"https:\/\/diariolajornada.com\/?author=1\"}]}<\/script>\n<!-- \/ Yoast SEO plugin. -->","yoast_head_json":{"title":"F\u00e9lix Plasencia autorizado por AN como embajador de Venezuela ante la OMI - Diario La Jornada","robots":{"index":"index","follow":"follow","max-snippet":"max-snippet:-1","max-image-preview":"max-image-preview:large","max-video-preview":"max-video-preview:-1"},"canonical":"https:\/\/diariolajornada.com\/?p=148339","og_locale":"es_ES","og_type":"article","og_title":"F\u00e9lix Plasencia autorizado por AN como embajador de Venezuela ante la OMI - Diario La Jornada","og_description":"La Asamblea Nacional (AN) de la Rep\u00fablica Bolivariana de Venezuela aprob\u00f3 este martes la designaci\u00f3n del ciudadano F\u00e9lix Ram\u00f3n Plasencia Gonz\u00e1lez, como Embajador Representante Permanente de Venezuela ante la Organizaci\u00f3n Mar\u00edtima Internacional (OMI) y dem\u00e1s Organizaciones con sede en Londres, Reino Unido. Durante la plenaria de la sesi\u00f3n ordinaria, las diputadas y diputados de la [&hellip;]","og_url":"https:\/\/diariolajornada.com\/?p=148339","og_site_name":"Diario La Jornada","article_publisher":"https:\/\/es-la.facebook.com\/lajornadadeguarico\/","article_published_time":"2024-04-03T13:45:52+00:00","og_image":[{"width":1242,"height":699,"url":"https:\/\/diariolajornada.com\/wp-content\/uploads\/2024\/04\/an-autoriza-a-felix-plasencia-como-embajador-de-venezuela-ante-la-omi-145782.jpg","type":"image\/jpeg"}],"author":"admin","twitter_card":"summary_large_image","twitter_misc":{"Escrito por":"admin","Tiempo de lectura":"1 minuto"},"schema":{"@context":"https:\/\/schema.org","@graph":[{"@type":"Article","@id":"https:\/\/diariolajornada.com\/?p=148339#article","isPartOf":{"@id":"https:\/\/diariolajornada.com\/?p=148339"},"author":{"name":"admin","@id":"https:\/\/diariolajornada.com\/#\/schema\/person\/83fc9ad02376abb532ce4553a399186b"},"headline":"F\u00e9lix Plasencia autorizado por AN como embajador de Venezuela ante la OMI","datePublished":"2024-04-03T13:45:52+00:00","mainEntityOfPage":{"@id":"https:\/\/diariolajornada.com\/?p=148339"},"wordCount":247,"commentCount":0,"publisher":{"@id":"https:\/\/diariolajornada.com\/#organization"},"image":{"@id":"https:\/\/diariolajornada.com\/?p=148339#primaryimage"},"thumbnailUrl":"https:\/\/diariolajornada.com\/wp-content\/uploads\/2024\/04\/an-autoriza-a-felix-plasencia-como-embajador-de-venezuela-ante-la-omi-145782.jpg","articleSection":["DESTACADA","Nacionales"],"inLanguage":"es","potentialAction":[{"@type":"CommentAction","name":"Comment","target":["https:\/\/diariolajornada.com\/?p=148339#respond"]}]},{"@type":"WebPage","@id":"https:\/\/diariolajornada.com\/?p=148339","url":"https:\/\/diariolajornada.com\/?p=148339","name":"F\u00e9lix Plasencia autorizado por AN como embajador de Venezuela ante la OMI - Diario La Jornada","isPartOf":{"@id":"https:\/\/diariolajornada.com\/#website"},"primaryImageOfPage":{"@id":"https:\/\/diariolajornada.com\/?p=148339#primaryimage"},"image":{"@id":"https:\/\/diariolajornada.com\/?p=148339#primaryimage"},"thumbnailUrl":"https:\/\/diariolajornada.com\/wp-content\/uploads\/2024\/04\/an-autoriza-a-felix-plasencia-como-embajador-de-venezuela-ante-la-omi-145782.jpg","datePublished":"2024-04-03T13:45:52+00:00","breadcrumb":{"@id":"https:\/\/diariolajornada.com\/?p=148339#breadcrumb"},"inLanguage":"es","potentialAction":[{"@type":"ReadAction","target":["https:\/\/diariolajornada.com\/?p=148339"]}]},{"@type":"ImageObject","inLanguage":"es","@id":"https:\/\/diariolajornada.com\/?p=148339#primaryimage","url":"https:\/\/diariolajornada.com\/wp-content\/uploads\/2024\/04\/an-autoriza-a-felix-plasencia-como-embajador-de-venezuela-ante-la-omi-145782.jpg","contentUrl":"https:\/\/diariolajornada.com\/wp-content\/uploads\/2024\/04\/an-autoriza-a-felix-plasencia-como-embajador-de-venezuela-ante-la-omi-145782.jpg","width":1242,"height":699},{"@type":"BreadcrumbList","@id":"https:\/\/diariolajornada.com\/?p=148339#breadcrumb","itemListElement":[{"@type":"ListItem","position":1,"name":"Portada","item":"https:\/\/diariolajornada.com\/"},{"@type":"ListItem","position":2,"name":"F\u00e9lix Plasencia autorizado por AN como embajador de Venezuela ante la OMI"}]},{"@type":"WebSite","@id":"https:\/\/diariolajornada.com\/#website","url":"https:\/\/diariolajornada.com\/","name":"Diario La Jornada","description":"Noticias Nacionales Regionales e Internacionales","publisher":{"@id":"https:\/\/diariolajornada.com\/#organization"},"potentialAction":[{"@type":"SearchAction","target":{"@type":"EntryPoint","urlTemplate":"https:\/\/diariolajornada.com\/?s={search_term_string}"},"query-input":{"@type":"PropertyValueSpecification","valueRequired":true,"valueName":"search_term_string"}}],"inLanguage":"es"},{"@type":"Organization","@id":"https:\/\/diariolajornada.com\/#organization","name":"Diario La Jornada","url":"https:\/\/diariolajornada.com\/","logo":{"@type":"ImageObject","inLanguage":"es","@id":"https:\/\/diariolajornada.com\/#\/schema\/logo\/image\/","url":"https:\/\/diariolajornada.com\/wp-content\/uploads\/2021\/06\/LOGO-JORNADA-SVG-01-02.svg","contentUrl":"https:\/\/diariolajornada.com\/wp-content\/uploads\/2021\/06\/LOGO-JORNADA-SVG-01-02.svg","width":350,"height":100,"caption":"Diario La Jornada"},"image":{"@id":"https:\/\/diariolajornada.com\/#\/schema\/logo\/image\/"},"sameAs":["https:\/\/es-la.facebook.com\/lajornadadeguarico\/","https:\/\/www.instagram.com\/diariojornada\/?hl=es"]},{"@type":"Person","@id":"https:\/\/diariolajornada.com\/#\/schema\/person\/83fc9ad02376abb532ce4553a399186b","name":"admin","image":{"@type":"ImageObject","inLanguage":"es","@id":"https:\/\/diariolajornada.com\/#\/schema\/person\/image\/","url":"https:\/\/secure.gravatar.com\/avatar\/fdcecb87f300ccb988450328a61211f10a01c8bfedfca54e932145534024045b?s=96&d=mm&r=g","contentUrl":"https:\/\/secure.gravatar.com\/avatar\/fdcecb87f300ccb988450328a61211f10a01c8bfedfca54e932145534024045b?s=96&d=mm&r=g","caption":"admin"},"sameAs":["https:\/\/diariolajornada.com"],"url":"https:\/\/diariolajornada.com\/?author=1"}]}},"_links":{"self":[{"href":"https:\/\/diariolajornada.com\/index.php?rest_route=\/wp\/v2\/posts\/148339","targetHints":{"allow":["GET"]}}],"collection":[{"href":"https:\/\/diariolajornada.com\/index.php?rest_route=\/wp\/v2\/posts"}],"about":[{"href":"https:\/\/diariolajornada.com\/index.php?rest_route=\/wp\/v2\/types\/post"}],"author":[{"embeddable":true,"href":"https:\/\/diariolajornada.com\/index.php?rest_route=\/wp\/v2\/users\/1"}],"replies":[{"embeddable":true,"href":"https:\/\/diariolajornada.com\/index.php?rest_route=%2Fwp%2Fv2%2Fcomments&post=148339"}],"version-history":[{"count":1,"href":"https:\/\/diariolajornada.com\/index.php?rest_route=\/wp\/v2\/posts\/148339\/revisions"}],"predecessor-version":[{"id":148343,"href":"https:\/\/diariolajornada.com\/index.php?rest_route=\/wp\/v2\/posts\/148339\/revisions\/148343"}],"wp:featuredmedia":[{"embeddable":true,"href":"https:\/\/diariolajornada.com\/index.php?rest_route=\/wp\/v2\/media\/148341"}],"wp:attachment":[{"href":"https:\/\/diariolajornada.com\/index.php?rest_route=%2Fwp%2Fv2%2Fmedia&parent=148339"}],"wp:term":[{"taxonomy":"category","embeddable":true,"href":"https:\/\/diariolajornada.com\/index.php?rest_route=%2Fwp%2Fv2%2Fcategories&post=148339"},{"taxonomy":"post_tag","embeddable":true,"href":"https:\/\/diariolajornada.com\/index.php?rest_route=%2Fwp%2Fv2%2Ftags&post=148339"}],"curies":[{"name":"wp","href":"https:\/\/api.w.org\/{rel}","templated":true}]}}