{"id":148344,"date":"2024-04-03T09:46:50","date_gmt":"2024-04-03T13:46:50","guid":{"rendered":"https:\/\/diariolajornada.com\/?p=148344"},"modified":"2024-04-03T09:46:50","modified_gmt":"2024-04-03T13:46:50","slug":"organizaciones-sociales-se-solidarizan-con-el-presidente-nicolas-maduro-y-el-proceso-electoral","status":"publish","type":"post","link":"https:\/\/diariolajornada.com\/?p=148344","title":{"rendered":"Organizaciones sociales se solidarizan con el presidente Nicol\u00e1s Maduro y el proceso electoral"},"content":{"rendered":"<p>Un grupo de organizaciones sociales de Estados Unidos (EE.UU.) y Latinoam\u00e9rica expres\u00f3 su solidaridad con el presidente Nicol\u00e1s Maduro y el proceso electoral venezolano por medio de una declaraci\u00f3n de la corresponsal\u00eda de Resumen Latinoamericano en Cuba.<\/p>\n<p>La declaraci\u00f3n destaca que la Rep\u00fablica Bolivariana de Venezuela es el pa\u00eds que ha celebrado la mayor cantidad de elecciones democr\u00e1ticas en toda Am\u00e9rica Latina y el Caribe, cuya transparencia no ha sido cuestionada.<\/p>\n<p>Tambi\u00e9n denuncia a la administraci\u00f3n estadounidense por intentar deslegitimar el proceso electoral e imponer candidatos y candidatas que representen los intereses de Estados Unidos, con el objetivo de apoderarse de Venezuela y sus vastos recursos en hidrocarburos.<\/p>\n<blockquote class=\"twitter-tweet\" data-width=\"550\" data-dnt=\"true\">\n<p lang=\"es\" dir=\"ltr\">La <a href=\"https:\/\/twitter.com\/CasAmericas?ref_src=twsrc%5Etfw\">@CasAmericas<\/a> se suma a esta declaraci\u00f3n. Toda nuestra solidaridad con el Presidente <a href=\"https:\/\/twitter.com\/NicolasMaduro?ref_src=twsrc%5Etfw\">@NicolasMaduro<\/a> y con la Venezuela Bolivariana. \u00a1Manos fuera de Venezuela! \u00a1Basta de campa\u00f1as y de injerencia yanqui!<a href=\"https:\/\/twitter.com\/hashtag\/NuestraAm%C3%A9rica?src=hash&amp;ref_src=twsrc%5Etfw\">#NuestraAm\u00e9rica<\/a> <a href=\"https:\/\/t.co\/DC3crYX7zi\">https:\/\/t.co\/DC3crYX7zi<\/a><\/p>\n<p>&mdash; Abel Prieto (@AbelPrieto11) <a href=\"https:\/\/twitter.com\/AbelPrieto11\/status\/1775348652434731250?ref_src=twsrc%5Etfw\">April 3, 2024<\/a><\/p><\/blockquote>\n<p><script async src=\"https:\/\/platform.twitter.com\/widgets.js\" charset=\"utf-8\"><\/script><\/p>\n<div>Adem\u00e1s, agrega que Washington no se conforma con el bloqueo econ\u00f3mico, las severas sanciones econ\u00f3micas aplicadas contra Venezuela, el bloqueo de sus cuentas en terceros pa\u00edses, el descarado robo de su oro y la constante agresi\u00f3n medi\u00e1tica.<\/p>\n<p>\u00abDesafiando todas las convenciones internacionales sobre el respeto a las decisiones soberanas de los Estados, buscan imponer un presidente a su medida y en beneficio propio, con el fin de apoderarse de Venezuela y sus riquezas, aniquilar los notables avances sociales del pueblo, obstaculizar su liderazgo en la regi\u00f3n y en el mundo, su pol\u00edtica exterior basada en el respeto, el multilateralismo, la solidaridad y la paz, y convertirla nuevamente en una de sus colonias\u00bb, adicion\u00f3.<\/p>\n<p>En el comunicado hicieron un llamado a denunciar el intento de magnicidio contra el presidente de la Rep\u00fablica Bolivariana de Venezuela, Nicol\u00e1s Maduro, el 25 de marzo, perpetrado por sicarios ligados a la organizaci\u00f3n fascista \u00abVente Venezuela\u00bb, la cual nunca ha solicitado ser inscrita como partido. Desde 2023 hasta la fecha actual, se han desmantelado siete conspiraciones cuyos objetivos eran atacar instalaciones militares y atentar contra los l\u00edderes del Gobierno.<\/p>\n<p>En febrero, la Fiscal\u00eda de Venezuela anunci\u00f3 la detenci\u00f3n de 15 personas relacionadas con el plan \u00abBrazalete Blanco\u00bb, que buscaba asesinar al presidente Maduro y a otros altos dirigentes de su Gobierno, con el objetivo de generar caos y conmoci\u00f3n en el pa\u00eds.<\/p>\n<p>\u00abConvocamos a los movimientos sociales, organizaciones pol\u00edticas y culturales a brindar todo nuestro apoyo al proceso electoral venezolano, basado en los acuerdos establecidos que garantizan el desarrollo normal de las elecciones presidenciales el pr\u00f3ximo 28 de julio\u00bb, a\u00f1ade la declaraci\u00f3n.<\/p>\n<p>El Consejo Nacional Electoral (CNE) ha informado que se han inscrito 37 organizaciones pol\u00edticas y 13 candidatos a la presidencia, cumpliendo con los principios de la Constituci\u00f3n Bolivariana y las leyes que garantizan la paz y la seguridad del pueblo venezolano.<\/p>\n<p>\u00abEnviamos nuestra solidaridad al presidente Nicol\u00e1s Maduro Moros, rechazamos los intentos de magnicidio y alteraci\u00f3n del orden interno, y brindamos nuestro decidido apoyo al proceso electoral en la Venezuela Bolivariana\u00bb, concluye el comunicado.<\/p>\n<p>El escritor y presidente de la Casa de las Am\u00e9ricas, Abel Prieto, se uni\u00f3 a la declaraci\u00f3n a trav\u00e9s de un post en su cuenta en X: \u201cLa Casa de las Am\u00e9ricas se suma a esta declaraci\u00f3n. Toda nuestra solidaridad con el presidente Nicolas Maduro y con la Venezuela Bolivariana. \u00a1Manos fuera de Venezuela! \u00a1Basta de campa\u00f1as y de injerencia yanqui!\u201d.<\/p>\n<p>La declaraci\u00f3n fue firmada por la Red en Defensa de la Humanidad (RedH) Cap\u00edtulo cubano, la Oficina Regional de Am\u00e9rica y Caribe de la Federaci\u00f3n Democr\u00e1tica Internacional de Mujeres (FDIM), el Centro Memorial Martin Luther King Jr. (CMLK), el Movimiento Juvenil Martiano (MJM), el Centro Nacional de Educaci\u00f3n Sexual (Cenesex), el Comit\u00e9 Internacional Paz, Justicia y Dignidad a los Pueblos (CI) y la Casa de las Am\u00e9ricas.<\/p><\/div>\n<div><\/div>\n<div><b>Con informaci\u00f3n de Telesur<\/b><\/div>\n","protected":false},"excerpt":{"rendered":"<p>Un grupo de organizaciones sociales de Estados Unidos (EE.UU.) y Latinoam\u00e9rica expres\u00f3 su solidaridad con el presidente Nicol\u00e1s Maduro y el proceso electoral venezolano por medio de una declaraci\u00f3n de la corresponsal\u00eda de Resumen Latinoamericano en Cuba. La declaraci\u00f3n destaca que la Rep\u00fablica Bolivariana de Venezuela es el pa\u00eds que ha celebrado la mayor cantidad [&hellip;]<\/p>\n","protected":false},"author":1,"featured_media":148342,"comment_status":"open","ping_status":"open","sticky":false,"template":"","format":"standard","meta":{"footnotes":""},"categories":[8],"tags":[],"class_list":["post-148344","post","type-post","status-publish","format-standard","has-post-thumbnail","hentry","category-nacionales"],"yoast_head":"<!-- This site is optimized with the Yoast SEO plugin v24.4 - https:\/\/yoast.com\/wordpress\/plugins\/seo\/ -->\n<title>Organizaciones sociales se solidarizan con el presidente Nicol\u00e1s Maduro y el proceso electoral - Diario La Jornada<\/title>\n<meta name=\"robots\" content=\"index, follow, max-snippet:-1, max-image-preview:large, max-video-preview:-1\" \/>\n<link rel=\"canonical\" href=\"https:\/\/diariolajornada.com\/?p=148344\" \/>\n<meta property=\"og:locale\" content=\"es_ES\" \/>\n<meta property=\"og:type\" content=\"article\" \/>\n<meta property=\"og:title\" content=\"Organizaciones sociales se solidarizan con el presidente Nicol\u00e1s Maduro y el proceso electoral - Diario La Jornada\" \/>\n<meta property=\"og:description\" content=\"Un grupo de organizaciones sociales de Estados Unidos (EE.UU.) y Latinoam\u00e9rica expres\u00f3 su solidaridad con el presidente Nicol\u00e1s Maduro y el proceso electoral venezolano por medio de una declaraci\u00f3n de la corresponsal\u00eda de Resumen Latinoamericano en Cuba. La declaraci\u00f3n destaca que la Rep\u00fablica Bolivariana de Venezuela es el pa\u00eds que ha celebrado la mayor cantidad [&hellip;]\" \/>\n<meta property=\"og:url\" content=\"https:\/\/diariolajornada.com\/?p=148344\" \/>\n<meta property=\"og:site_name\" content=\"Diario La Jornada\" \/>\n<meta property=\"article:publisher\" content=\"https:\/\/es-la.facebook.com\/lajornadadeguarico\/\" \/>\n<meta property=\"article:published_time\" content=\"2024-04-03T13:46:50+00:00\" \/>\n<meta property=\"og:image\" content=\"https:\/\/diariolajornada.com\/wp-content\/uploads\/2024\/04\/presidente-maduro-alberto-fernandez-sera-la-voz-de-venezuela-en-cumbre-de-las-americas-102524.jpg\" \/>\n\t<meta property=\"og:image:width\" content=\"1242\" \/>\n\t<meta property=\"og:image:height\" content=\"699\" \/>\n\t<meta property=\"og:image:type\" content=\"image\/jpeg\" \/>\n<meta name=\"author\" content=\"admin\" \/>\n<meta name=\"twitter:card\" content=\"summary_large_image\" \/>\n<meta name=\"twitter:label1\" content=\"Escrito por\" \/>\n\t<meta name=\"twitter:data1\" content=\"admin\" \/>\n\t<meta name=\"twitter:label2\" content=\"Tiempo de lectura\" \/>\n\t<meta name=\"twitter:data2\" content=\"3 minutos\" \/>\n<script type=\"application\/ld+json\" class=\"yoast-schema-graph\">{\"@context\":\"https:\/\/schema.org\",\"@graph\":[{\"@type\":\"Article\",\"@id\":\"https:\/\/diariolajornada.com\/?p=148344#article\",\"isPartOf\":{\"@id\":\"https:\/\/diariolajornada.com\/?p=148344\"},\"author\":{\"name\":\"admin\",\"@id\":\"https:\/\/diariolajornada.com\/#\/schema\/person\/83fc9ad02376abb532ce4553a399186b\"},\"headline\":\"Organizaciones sociales se solidarizan con el presidente Nicol\u00e1s Maduro y el proceso electoral\",\"datePublished\":\"2024-04-03T13:46:50+00:00\",\"mainEntityOfPage\":{\"@id\":\"https:\/\/diariolajornada.com\/?p=148344\"},\"wordCount\":643,\"commentCount\":0,\"publisher\":{\"@id\":\"https:\/\/diariolajornada.com\/#organization\"},\"image\":{\"@id\":\"https:\/\/diariolajornada.com\/?p=148344#primaryimage\"},\"thumbnailUrl\":\"https:\/\/diariolajornada.com\/wp-content\/uploads\/2024\/04\/presidente-maduro-alberto-fernandez-sera-la-voz-de-venezuela-en-cumbre-de-las-americas-102524.jpg\",\"articleSection\":[\"Nacionales\"],\"inLanguage\":\"es\",\"potentialAction\":[{\"@type\":\"CommentAction\",\"name\":\"Comment\",\"target\":[\"https:\/\/diariolajornada.com\/?p=148344#respond\"]}]},{\"@type\":\"WebPage\",\"@id\":\"https:\/\/diariolajornada.com\/?p=148344\",\"url\":\"https:\/\/diariolajornada.com\/?p=148344\",\"name\":\"Organizaciones sociales se solidarizan con el presidente Nicol\u00e1s Maduro y el proceso electoral - Diario La Jornada\",\"isPartOf\":{\"@id\":\"https:\/\/diariolajornada.com\/#website\"},\"primaryImageOfPage\":{\"@id\":\"https:\/\/diariolajornada.com\/?p=148344#primaryimage\"},\"image\":{\"@id\":\"https:\/\/diariolajornada.com\/?p=148344#primaryimage\"},\"thumbnailUrl\":\"https:\/\/diariolajornada.com\/wp-content\/uploads\/2024\/04\/presidente-maduro-alberto-fernandez-sera-la-voz-de-venezuela-en-cumbre-de-las-americas-102524.jpg\",\"datePublished\":\"2024-04-03T13:46:50+00:00\",\"breadcrumb\":{\"@id\":\"https:\/\/diariolajornada.com\/?p=148344#breadcrumb\"},\"inLanguage\":\"es\",\"potentialAction\":[{\"@type\":\"ReadAction\",\"target\":[\"https:\/\/diariolajornada.com\/?p=148344\"]}]},{\"@type\":\"ImageObject\",\"inLanguage\":\"es\",\"@id\":\"https:\/\/diariolajornada.com\/?p=148344#primaryimage\",\"url\":\"https:\/\/diariolajornada.com\/wp-content\/uploads\/2024\/04\/presidente-maduro-alberto-fernandez-sera-la-voz-de-venezuela-en-cumbre-de-las-americas-102524.jpg\",\"contentUrl\":\"https:\/\/diariolajornada.com\/wp-content\/uploads\/2024\/04\/presidente-maduro-alberto-fernandez-sera-la-voz-de-venezuela-en-cumbre-de-las-americas-102524.jpg\",\"width\":1242,\"height\":699},{\"@type\":\"BreadcrumbList\",\"@id\":\"https:\/\/diariolajornada.com\/?p=148344#breadcrumb\",\"itemListElement\":[{\"@type\":\"ListItem\",\"position\":1,\"name\":\"Portada\",\"item\":\"https:\/\/diariolajornada.com\/\"},{\"@type\":\"ListItem\",\"position\":2,\"name\":\"Organizaciones sociales se solidarizan con el presidente Nicol\u00e1s Maduro y el proceso electoral\"}]},{\"@type\":\"WebSite\",\"@id\":\"https:\/\/diariolajornada.com\/#website\",\"url\":\"https:\/\/diariolajornada.com\/\",\"name\":\"Diario La Jornada\",\"description\":\"Noticias Nacionales Regionales e Internacionales\",\"publisher\":{\"@id\":\"https:\/\/diariolajornada.com\/#organization\"},\"potentialAction\":[{\"@type\":\"SearchAction\",\"target\":{\"@type\":\"EntryPoint\",\"urlTemplate\":\"https:\/\/diariolajornada.com\/?s={search_term_string}\"},\"query-input\":{\"@type\":\"PropertyValueSpecification\",\"valueRequired\":true,\"valueName\":\"search_term_string\"}}],\"inLanguage\":\"es\"},{\"@type\":\"Organization\",\"@id\":\"https:\/\/diariolajornada.com\/#organization\",\"name\":\"Diario La Jornada\",\"url\":\"https:\/\/diariolajornada.com\/\",\"logo\":{\"@type\":\"ImageObject\",\"inLanguage\":\"es\",\"@id\":\"https:\/\/diariolajornada.com\/#\/schema\/logo\/image\/\",\"url\":\"https:\/\/diariolajornada.com\/wp-content\/uploads\/2021\/06\/LOGO-JORNADA-SVG-01-02.svg\",\"contentUrl\":\"https:\/\/diariolajornada.com\/wp-content\/uploads\/2021\/06\/LOGO-JORNADA-SVG-01-02.svg\",\"width\":350,\"height\":100,\"caption\":\"Diario La Jornada\"},\"image\":{\"@id\":\"https:\/\/diariolajornada.com\/#\/schema\/logo\/image\/\"},\"sameAs\":[\"https:\/\/es-la.facebook.com\/lajornadadeguarico\/\",\"https:\/\/www.instagram.com\/diariojornada\/?hl=es\"]},{\"@type\":\"Person\",\"@id\":\"https:\/\/diariolajornada.com\/#\/schema\/person\/83fc9ad02376abb532ce4553a399186b\",\"name\":\"admin\",\"image\":{\"@type\":\"ImageObject\",\"inLanguage\":\"es\",\"@id\":\"https:\/\/diariolajornada.com\/#\/schema\/person\/image\/\",\"url\":\"https:\/\/secure.gravatar.com\/avatar\/fdcecb87f300ccb988450328a61211f10a01c8bfedfca54e932145534024045b?s=96&d=mm&r=g\",\"contentUrl\":\"https:\/\/secure.gravatar.com\/avatar\/fdcecb87f300ccb988450328a61211f10a01c8bfedfca54e932145534024045b?s=96&d=mm&r=g\",\"caption\":\"admin\"},\"sameAs\":[\"https:\/\/diariolajornada.com\"],\"url\":\"https:\/\/diariolajornada.com\/?author=1\"}]}<\/script>\n<!-- \/ Yoast SEO plugin. -->","yoast_head_json":{"title":"Organizaciones sociales se solidarizan con el presidente Nicol\u00e1s Maduro y el proceso electoral - Diario La Jornada","robots":{"index":"index","follow":"follow","max-snippet":"max-snippet:-1","max-image-preview":"max-image-preview:large","max-video-preview":"max-video-preview:-1"},"canonical":"https:\/\/diariolajornada.com\/?p=148344","og_locale":"es_ES","og_type":"article","og_title":"Organizaciones sociales se solidarizan con el presidente Nicol\u00e1s Maduro y el proceso electoral - Diario La Jornada","og_description":"Un grupo de organizaciones sociales de Estados Unidos (EE.UU.) y Latinoam\u00e9rica expres\u00f3 su solidaridad con el presidente Nicol\u00e1s Maduro y el proceso electoral venezolano por medio de una declaraci\u00f3n de la corresponsal\u00eda de Resumen Latinoamericano en Cuba. La declaraci\u00f3n destaca que la Rep\u00fablica Bolivariana de Venezuela es el pa\u00eds que ha celebrado la mayor cantidad [&hellip;]","og_url":"https:\/\/diariolajornada.com\/?p=148344","og_site_name":"Diario La Jornada","article_publisher":"https:\/\/es-la.facebook.com\/lajornadadeguarico\/","article_published_time":"2024-04-03T13:46:50+00:00","og_image":[{"width":1242,"height":699,"url":"https:\/\/diariolajornada.com\/wp-content\/uploads\/2024\/04\/presidente-maduro-alberto-fernandez-sera-la-voz-de-venezuela-en-cumbre-de-las-americas-102524.jpg","type":"image\/jpeg"}],"author":"admin","twitter_card":"summary_large_image","twitter_misc":{"Escrito por":"admin","Tiempo de lectura":"3 minutos"},"schema":{"@context":"https:\/\/schema.org","@graph":[{"@type":"Article","@id":"https:\/\/diariolajornada.com\/?p=148344#article","isPartOf":{"@id":"https:\/\/diariolajornada.com\/?p=148344"},"author":{"name":"admin","@id":"https:\/\/diariolajornada.com\/#\/schema\/person\/83fc9ad02376abb532ce4553a399186b"},"headline":"Organizaciones sociales se solidarizan con el presidente Nicol\u00e1s Maduro y el proceso electoral","datePublished":"2024-04-03T13:46:50+00:00","mainEntityOfPage":{"@id":"https:\/\/diariolajornada.com\/?p=148344"},"wordCount":643,"commentCount":0,"publisher":{"@id":"https:\/\/diariolajornada.com\/#organization"},"image":{"@id":"https:\/\/diariolajornada.com\/?p=148344#primaryimage"},"thumbnailUrl":"https:\/\/diariolajornada.com\/wp-content\/uploads\/2024\/04\/presidente-maduro-alberto-fernandez-sera-la-voz-de-venezuela-en-cumbre-de-las-americas-102524.jpg","articleSection":["Nacionales"],"inLanguage":"es","potentialAction":[{"@type":"CommentAction","name":"Comment","target":["https:\/\/diariolajornada.com\/?p=148344#respond"]}]},{"@type":"WebPage","@id":"https:\/\/diariolajornada.com\/?p=148344","url":"https:\/\/diariolajornada.com\/?p=148344","name":"Organizaciones sociales se solidarizan con el presidente Nicol\u00e1s Maduro y el proceso electoral - Diario La Jornada","isPartOf":{"@id":"https:\/\/diariolajornada.com\/#website"},"primaryImageOfPage":{"@id":"https:\/\/diariolajornada.com\/?p=148344#primaryimage"},"image":{"@id":"https:\/\/diariolajornada.com\/?p=148344#primaryimage"},"thumbnailUrl":"https:\/\/diariolajornada.com\/wp-content\/uploads\/2024\/04\/presidente-maduro-alberto-fernandez-sera-la-voz-de-venezuela-en-cumbre-de-las-americas-102524.jpg","datePublished":"2024-04-03T13:46:50+00:00","breadcrumb":{"@id":"https:\/\/diariolajornada.com\/?p=148344#breadcrumb"},"inLanguage":"es","potentialAction":[{"@type":"ReadAction","target":["https:\/\/diariolajornada.com\/?p=148344"]}]},{"@type":"ImageObject","inLanguage":"es","@id":"https:\/\/diariolajornada.com\/?p=148344#primaryimage","url":"https:\/\/diariolajornada.com\/wp-content\/uploads\/2024\/04\/presidente-maduro-alberto-fernandez-sera-la-voz-de-venezuela-en-cumbre-de-las-americas-102524.jpg","contentUrl":"https:\/\/diariolajornada.com\/wp-content\/uploads\/2024\/04\/presidente-maduro-alberto-fernandez-sera-la-voz-de-venezuela-en-cumbre-de-las-americas-102524.jpg","width":1242,"height":699},{"@type":"BreadcrumbList","@id":"https:\/\/diariolajornada.com\/?p=148344#breadcrumb","itemListElement":[{"@type":"ListItem","position":1,"name":"Portada","item":"https:\/\/diariolajornada.com\/"},{"@type":"ListItem","position":2,"name":"Organizaciones sociales se solidarizan con el presidente Nicol\u00e1s Maduro y el proceso electoral"}]},{"@type":"WebSite","@id":"https:\/\/diariolajornada.com\/#website","url":"https:\/\/diariolajornada.com\/","name":"Diario La Jornada","description":"Noticias Nacionales Regionales e Internacionales","publisher":{"@id":"https:\/\/diariolajornada.com\/#organization"},"potentialAction":[{"@type":"SearchAction","target":{"@type":"EntryPoint","urlTemplate":"https:\/\/diariolajornada.com\/?s={search_term_string}"},"query-input":{"@type":"PropertyValueSpecification","valueRequired":true,"valueName":"search_term_string"}}],"inLanguage":"es"},{"@type":"Organization","@id":"https:\/\/diariolajornada.com\/#organization","name":"Diario La Jornada","url":"https:\/\/diariolajornada.com\/","logo":{"@type":"ImageObject","inLanguage":"es","@id":"https:\/\/diariolajornada.com\/#\/schema\/logo\/image\/","url":"https:\/\/diariolajornada.com\/wp-content\/uploads\/2021\/06\/LOGO-JORNADA-SVG-01-02.svg","contentUrl":"https:\/\/diariolajornada.com\/wp-content\/uploads\/2021\/06\/LOGO-JORNADA-SVG-01-02.svg","width":350,"height":100,"caption":"Diario La Jornada"},"image":{"@id":"https:\/\/diariolajornada.com\/#\/schema\/logo\/image\/"},"sameAs":["https:\/\/es-la.facebook.com\/lajornadadeguarico\/","https:\/\/www.instagram.com\/diariojornada\/?hl=es"]},{"@type":"Person","@id":"https:\/\/diariolajornada.com\/#\/schema\/person\/83fc9ad02376abb532ce4553a399186b","name":"admin","image":{"@type":"ImageObject","inLanguage":"es","@id":"https:\/\/diariolajornada.com\/#\/schema\/person\/image\/","url":"https:\/\/secure.gravatar.com\/avatar\/fdcecb87f300ccb988450328a61211f10a01c8bfedfca54e932145534024045b?s=96&d=mm&r=g","contentUrl":"https:\/\/secure.gravatar.com\/avatar\/fdcecb87f300ccb988450328a61211f10a01c8bfedfca54e932145534024045b?s=96&d=mm&r=g","caption":"admin"},"sameAs":["https:\/\/diariolajornada.com"],"url":"https:\/\/diariolajornada.com\/?author=1"}]}},"_links":{"self":[{"href":"https:\/\/diariolajornada.com\/index.php?rest_route=\/wp\/v2\/posts\/148344","targetHints":{"allow":["GET"]}}],"collection":[{"href":"https:\/\/diariolajornada.com\/index.php?rest_route=\/wp\/v2\/posts"}],"about":[{"href":"https:\/\/diariolajornada.com\/index.php?rest_route=\/wp\/v2\/types\/post"}],"author":[{"embeddable":true,"href":"https:\/\/diariolajornada.com\/index.php?rest_route=\/wp\/v2\/users\/1"}],"replies":[{"embeddable":true,"href":"https:\/\/diariolajornada.com\/index.php?rest_route=%2Fwp%2Fv2%2Fcomments&post=148344"}],"version-history":[{"count":2,"href":"https:\/\/diariolajornada.com\/index.php?rest_route=\/wp\/v2\/posts\/148344\/revisions"}],"predecessor-version":[{"id":148346,"href":"https:\/\/diariolajornada.com\/index.php?rest_route=\/wp\/v2\/posts\/148344\/revisions\/148346"}],"wp:featuredmedia":[{"embeddable":true,"href":"https:\/\/diariolajornada.com\/index.php?rest_route=\/wp\/v2\/media\/148342"}],"wp:attachment":[{"href":"https:\/\/diariolajornada.com\/index.php?rest_route=%2Fwp%2Fv2%2Fmedia&parent=148344"}],"wp:term":[{"taxonomy":"category","embeddable":true,"href":"https:\/\/diariolajornada.com\/index.php?rest_route=%2Fwp%2Fv2%2Fcategories&post=148344"},{"taxonomy":"post_tag","embeddable":true,"href":"https:\/\/diariolajornada.com\/index.php?rest_route=%2Fwp%2Fv2%2Ftags&post=148344"}],"curies":[{"name":"wp","href":"https:\/\/api.w.org\/{rel}","templated":true}]}}