{"id":148348,"date":"2024-04-03T09:49:19","date_gmt":"2024-04-03T13:49:19","guid":{"rendered":"https:\/\/diariolajornada.com\/?p=148348"},"modified":"2024-04-03T09:49:19","modified_gmt":"2024-04-03T13:49:19","slug":"aprueban-en-primera-discusion-proyecto-de-ley-contra-el-fascismo-en-venezuela","status":"publish","type":"post","link":"https:\/\/diariolajornada.com\/?p=148348","title":{"rendered":"Aprueban en primera discusi\u00f3n Proyecto de Ley contra el Fascismo en Venezuela"},"content":{"rendered":"<div>La Asamblea Nacional aprob\u00f3, en primera discusi\u00f3n, el Proyecto de\u00a0<b>Ley contra el Fascismo, Neofascismo y Expresiones Similares<\/b>. La propuesta, que fue presentada por la vicepresidenta Ejecutiva, Delcy Rodr\u00edguez, este martes, cont\u00f3 con la votaci\u00f3n de una mayor\u00eda calificada de los diputados, en concordancia con el art\u00edculo 204 numeral 1 de la Constituci\u00f3n de Venezuela.<\/p>\n<p>\u00abVenezuela siempre ha estado en la vanguardia para levantar la voz contra el fascismo, una grav\u00edsima enfermedad social\u00bb, resalt\u00f3 el primer vicepresidente del Partido Socialista Unido de Venezuela (Psuv), Diosdado Cabello, sobre la importancia de la igualdad ante la ley, un principio arraigado en la historia del pa\u00eds y reforzado por la nueva legislaci\u00f3n.<\/p>\n<p>En ese sentido, Cabello hizo hincapi\u00e9 en la necesidad de un debate p\u00fablico sobre la ley, invitando a la participaci\u00f3n ciudadana para fortalecer la democracia y la paz. \u00abHagamos estos debates con el pueblo, donde reside la verdad\u00bb.<\/p>\n<p>Asimismo, esta ley est\u00e1 compuesto de cuatro cap\u00edtulos y 30 art\u00edculos, los cuales proh\u00edben organizaciones que hagan apolog\u00eda o se fundamenten en el fascismo en el pa\u00eds.<\/p>\n<\/div>\n<div><\/div>\n<blockquote class=\"twitter-tweet\" data-width=\"550\" data-dnt=\"true\">\n<p lang=\"es\" dir=\"ltr\"><a href=\"https:\/\/twitter.com\/hashtag\/02Abr?src=hash&amp;ref_src=twsrc%5Etfw\">#02Abr<\/a> || Queda aprobado por Mayor\u00eda Calificada, el Proyecto de Ley contra el Fascismo, Neofascismo y Expresiones Similares, en su primera discusi\u00f3n <a href=\"https:\/\/t.co\/GCr87mT43v\">pic.twitter.com\/GCr87mT43v<\/a><\/p>\n<p>&mdash; Asamblea Nacional \ud83c\uddfb\ud83c\uddea (@Asamblea_Ven) <a href=\"https:\/\/twitter.com\/Asamblea_Ven\/status\/1775272876708597919?ref_src=twsrc%5Etfw\">April 2, 2024<\/a><\/p><\/blockquote>\n<p><script async src=\"https:\/\/platform.twitter.com\/widgets.js\" charset=\"utf-8\"><\/script><\/p>\n","protected":false},"excerpt":{"rendered":"<p>La Asamblea Nacional aprob\u00f3, en primera discusi\u00f3n, el Proyecto de\u00a0Ley contra el Fascismo, Neofascismo y Expresiones Similares. La propuesta, que fue presentada por la vicepresidenta Ejecutiva, Delcy Rodr\u00edguez, este martes, cont\u00f3 con la votaci\u00f3n de una mayor\u00eda calificada de los diputados, en concordancia con el art\u00edculo 204 numeral 1 de la Constituci\u00f3n de Venezuela. \u00abVenezuela [&hellip;]<\/p>\n","protected":false},"author":1,"featured_media":148340,"comment_status":"open","ping_status":"open","sticky":false,"template":"","format":"standard","meta":{"footnotes":""},"categories":[17,8],"tags":[],"class_list":["post-148348","post","type-post","status-publish","format-standard","has-post-thumbnail","hentry","category-destacada","category-nacionales"],"yoast_head":"<!-- This site is optimized with the Yoast SEO plugin v24.4 - https:\/\/yoast.com\/wordpress\/plugins\/seo\/ -->\n<title>Aprueban en primera discusi\u00f3n Proyecto de Ley contra el Fascismo en Venezuela - Diario La Jornada<\/title>\n<meta name=\"robots\" content=\"index, follow, max-snippet:-1, max-image-preview:large, max-video-preview:-1\" \/>\n<link rel=\"canonical\" href=\"https:\/\/diariolajornada.com\/?p=148348\" \/>\n<meta property=\"og:locale\" content=\"es_ES\" \/>\n<meta property=\"og:type\" content=\"article\" \/>\n<meta property=\"og:title\" content=\"Aprueban en primera discusi\u00f3n Proyecto de Ley contra el Fascismo en Venezuela - Diario La Jornada\" \/>\n<meta property=\"og:description\" content=\"La Asamblea Nacional aprob\u00f3, en primera discusi\u00f3n, el Proyecto de\u00a0Ley contra el Fascismo, Neofascismo y Expresiones Similares. La propuesta, que fue presentada por la vicepresidenta Ejecutiva, Delcy Rodr\u00edguez, este martes, cont\u00f3 con la votaci\u00f3n de una mayor\u00eda calificada de los diputados, en concordancia con el art\u00edculo 204 numeral 1 de la Constituci\u00f3n de Venezuela. \u00abVenezuela [&hellip;]\" \/>\n<meta property=\"og:url\" content=\"https:\/\/diariolajornada.com\/?p=148348\" \/>\n<meta property=\"og:site_name\" content=\"Diario La Jornada\" \/>\n<meta property=\"article:publisher\" content=\"https:\/\/es-la.facebook.com\/lajornadadeguarico\/\" \/>\n<meta property=\"article:published_time\" content=\"2024-04-03T13:49:19+00:00\" \/>\n<meta property=\"og:image\" content=\"https:\/\/diariolajornada.com\/wp-content\/uploads\/2024\/04\/an-aprobo-el-proyecto-de-ley-organica-para-la-defensa-de-la-guayana-esequiba-19093.jpg\" \/>\n\t<meta property=\"og:image:width\" content=\"900\" \/>\n\t<meta property=\"og:image:height\" content=\"506\" \/>\n\t<meta property=\"og:image:type\" content=\"image\/jpeg\" \/>\n<meta name=\"author\" content=\"admin\" \/>\n<meta name=\"twitter:card\" content=\"summary_large_image\" \/>\n<meta name=\"twitter:label1\" content=\"Escrito por\" \/>\n\t<meta name=\"twitter:data1\" content=\"admin\" \/>\n\t<meta name=\"twitter:label2\" content=\"Tiempo de lectura\" \/>\n\t<meta name=\"twitter:data2\" content=\"1 minuto\" \/>\n<script type=\"application\/ld+json\" class=\"yoast-schema-graph\">{\"@context\":\"https:\/\/schema.org\",\"@graph\":[{\"@type\":\"Article\",\"@id\":\"https:\/\/diariolajornada.com\/?p=148348#article\",\"isPartOf\":{\"@id\":\"https:\/\/diariolajornada.com\/?p=148348\"},\"author\":{\"name\":\"admin\",\"@id\":\"https:\/\/diariolajornada.com\/#\/schema\/person\/83fc9ad02376abb532ce4553a399186b\"},\"headline\":\"Aprueban en primera discusi\u00f3n Proyecto de Ley contra el Fascismo en Venezuela\",\"datePublished\":\"2024-04-03T13:49:19+00:00\",\"mainEntityOfPage\":{\"@id\":\"https:\/\/diariolajornada.com\/?p=148348\"},\"wordCount\":206,\"commentCount\":0,\"publisher\":{\"@id\":\"https:\/\/diariolajornada.com\/#organization\"},\"image\":{\"@id\":\"https:\/\/diariolajornada.com\/?p=148348#primaryimage\"},\"thumbnailUrl\":\"https:\/\/diariolajornada.com\/wp-content\/uploads\/2024\/04\/an-aprobo-el-proyecto-de-ley-organica-para-la-defensa-de-la-guayana-esequiba-19093.jpg\",\"articleSection\":[\"DESTACADA\",\"Nacionales\"],\"inLanguage\":\"es\",\"potentialAction\":[{\"@type\":\"CommentAction\",\"name\":\"Comment\",\"target\":[\"https:\/\/diariolajornada.com\/?p=148348#respond\"]}]},{\"@type\":\"WebPage\",\"@id\":\"https:\/\/diariolajornada.com\/?p=148348\",\"url\":\"https:\/\/diariolajornada.com\/?p=148348\",\"name\":\"Aprueban en primera discusi\u00f3n Proyecto de Ley contra el Fascismo en Venezuela - Diario La Jornada\",\"isPartOf\":{\"@id\":\"https:\/\/diariolajornada.com\/#website\"},\"primaryImageOfPage\":{\"@id\":\"https:\/\/diariolajornada.com\/?p=148348#primaryimage\"},\"image\":{\"@id\":\"https:\/\/diariolajornada.com\/?p=148348#primaryimage\"},\"thumbnailUrl\":\"https:\/\/diariolajornada.com\/wp-content\/uploads\/2024\/04\/an-aprobo-el-proyecto-de-ley-organica-para-la-defensa-de-la-guayana-esequiba-19093.jpg\",\"datePublished\":\"2024-04-03T13:49:19+00:00\",\"breadcrumb\":{\"@id\":\"https:\/\/diariolajornada.com\/?p=148348#breadcrumb\"},\"inLanguage\":\"es\",\"potentialAction\":[{\"@type\":\"ReadAction\",\"target\":[\"https:\/\/diariolajornada.com\/?p=148348\"]}]},{\"@type\":\"ImageObject\",\"inLanguage\":\"es\",\"@id\":\"https:\/\/diariolajornada.com\/?p=148348#primaryimage\",\"url\":\"https:\/\/diariolajornada.com\/wp-content\/uploads\/2024\/04\/an-aprobo-el-proyecto-de-ley-organica-para-la-defensa-de-la-guayana-esequiba-19093.jpg\",\"contentUrl\":\"https:\/\/diariolajornada.com\/wp-content\/uploads\/2024\/04\/an-aprobo-el-proyecto-de-ley-organica-para-la-defensa-de-la-guayana-esequiba-19093.jpg\",\"width\":900,\"height\":506},{\"@type\":\"BreadcrumbList\",\"@id\":\"https:\/\/diariolajornada.com\/?p=148348#breadcrumb\",\"itemListElement\":[{\"@type\":\"ListItem\",\"position\":1,\"name\":\"Portada\",\"item\":\"https:\/\/diariolajornada.com\/\"},{\"@type\":\"ListItem\",\"position\":2,\"name\":\"Aprueban en primera discusi\u00f3n Proyecto de Ley contra el Fascismo en Venezuela\"}]},{\"@type\":\"WebSite\",\"@id\":\"https:\/\/diariolajornada.com\/#website\",\"url\":\"https:\/\/diariolajornada.com\/\",\"name\":\"Diario La Jornada\",\"description\":\"Noticias Nacionales Regionales e Internacionales\",\"publisher\":{\"@id\":\"https:\/\/diariolajornada.com\/#organization\"},\"potentialAction\":[{\"@type\":\"SearchAction\",\"target\":{\"@type\":\"EntryPoint\",\"urlTemplate\":\"https:\/\/diariolajornada.com\/?s={search_term_string}\"},\"query-input\":{\"@type\":\"PropertyValueSpecification\",\"valueRequired\":true,\"valueName\":\"search_term_string\"}}],\"inLanguage\":\"es\"},{\"@type\":\"Organization\",\"@id\":\"https:\/\/diariolajornada.com\/#organization\",\"name\":\"Diario La Jornada\",\"url\":\"https:\/\/diariolajornada.com\/\",\"logo\":{\"@type\":\"ImageObject\",\"inLanguage\":\"es\",\"@id\":\"https:\/\/diariolajornada.com\/#\/schema\/logo\/image\/\",\"url\":\"https:\/\/diariolajornada.com\/wp-content\/uploads\/2021\/06\/LOGO-JORNADA-SVG-01-02.svg\",\"contentUrl\":\"https:\/\/diariolajornada.com\/wp-content\/uploads\/2021\/06\/LOGO-JORNADA-SVG-01-02.svg\",\"width\":350,\"height\":100,\"caption\":\"Diario La Jornada\"},\"image\":{\"@id\":\"https:\/\/diariolajornada.com\/#\/schema\/logo\/image\/\"},\"sameAs\":[\"https:\/\/es-la.facebook.com\/lajornadadeguarico\/\",\"https:\/\/www.instagram.com\/diariojornada\/?hl=es\"]},{\"@type\":\"Person\",\"@id\":\"https:\/\/diariolajornada.com\/#\/schema\/person\/83fc9ad02376abb532ce4553a399186b\",\"name\":\"admin\",\"image\":{\"@type\":\"ImageObject\",\"inLanguage\":\"es\",\"@id\":\"https:\/\/diariolajornada.com\/#\/schema\/person\/image\/\",\"url\":\"https:\/\/secure.gravatar.com\/avatar\/fdcecb87f300ccb988450328a61211f10a01c8bfedfca54e932145534024045b?s=96&d=mm&r=g\",\"contentUrl\":\"https:\/\/secure.gravatar.com\/avatar\/fdcecb87f300ccb988450328a61211f10a01c8bfedfca54e932145534024045b?s=96&d=mm&r=g\",\"caption\":\"admin\"},\"sameAs\":[\"https:\/\/diariolajornada.com\"],\"url\":\"https:\/\/diariolajornada.com\/?author=1\"}]}<\/script>\n<!-- \/ Yoast SEO plugin. -->","yoast_head_json":{"title":"Aprueban en primera discusi\u00f3n Proyecto de Ley contra el Fascismo en Venezuela - Diario La Jornada","robots":{"index":"index","follow":"follow","max-snippet":"max-snippet:-1","max-image-preview":"max-image-preview:large","max-video-preview":"max-video-preview:-1"},"canonical":"https:\/\/diariolajornada.com\/?p=148348","og_locale":"es_ES","og_type":"article","og_title":"Aprueban en primera discusi\u00f3n Proyecto de Ley contra el Fascismo en Venezuela - Diario La Jornada","og_description":"La Asamblea Nacional aprob\u00f3, en primera discusi\u00f3n, el Proyecto de\u00a0Ley contra el Fascismo, Neofascismo y Expresiones Similares. La propuesta, que fue presentada por la vicepresidenta Ejecutiva, Delcy Rodr\u00edguez, este martes, cont\u00f3 con la votaci\u00f3n de una mayor\u00eda calificada de los diputados, en concordancia con el art\u00edculo 204 numeral 1 de la Constituci\u00f3n de Venezuela. \u00abVenezuela [&hellip;]","og_url":"https:\/\/diariolajornada.com\/?p=148348","og_site_name":"Diario La Jornada","article_publisher":"https:\/\/es-la.facebook.com\/lajornadadeguarico\/","article_published_time":"2024-04-03T13:49:19+00:00","og_image":[{"width":900,"height":506,"url":"https:\/\/diariolajornada.com\/wp-content\/uploads\/2024\/04\/an-aprobo-el-proyecto-de-ley-organica-para-la-defensa-de-la-guayana-esequiba-19093.jpg","type":"image\/jpeg"}],"author":"admin","twitter_card":"summary_large_image","twitter_misc":{"Escrito por":"admin","Tiempo de lectura":"1 minuto"},"schema":{"@context":"https:\/\/schema.org","@graph":[{"@type":"Article","@id":"https:\/\/diariolajornada.com\/?p=148348#article","isPartOf":{"@id":"https:\/\/diariolajornada.com\/?p=148348"},"author":{"name":"admin","@id":"https:\/\/diariolajornada.com\/#\/schema\/person\/83fc9ad02376abb532ce4553a399186b"},"headline":"Aprueban en primera discusi\u00f3n Proyecto de Ley contra el Fascismo en Venezuela","datePublished":"2024-04-03T13:49:19+00:00","mainEntityOfPage":{"@id":"https:\/\/diariolajornada.com\/?p=148348"},"wordCount":206,"commentCount":0,"publisher":{"@id":"https:\/\/diariolajornada.com\/#organization"},"image":{"@id":"https:\/\/diariolajornada.com\/?p=148348#primaryimage"},"thumbnailUrl":"https:\/\/diariolajornada.com\/wp-content\/uploads\/2024\/04\/an-aprobo-el-proyecto-de-ley-organica-para-la-defensa-de-la-guayana-esequiba-19093.jpg","articleSection":["DESTACADA","Nacionales"],"inLanguage":"es","potentialAction":[{"@type":"CommentAction","name":"Comment","target":["https:\/\/diariolajornada.com\/?p=148348#respond"]}]},{"@type":"WebPage","@id":"https:\/\/diariolajornada.com\/?p=148348","url":"https:\/\/diariolajornada.com\/?p=148348","name":"Aprueban en primera discusi\u00f3n Proyecto de Ley contra el Fascismo en Venezuela - Diario La Jornada","isPartOf":{"@id":"https:\/\/diariolajornada.com\/#website"},"primaryImageOfPage":{"@id":"https:\/\/diariolajornada.com\/?p=148348#primaryimage"},"image":{"@id":"https:\/\/diariolajornada.com\/?p=148348#primaryimage"},"thumbnailUrl":"https:\/\/diariolajornada.com\/wp-content\/uploads\/2024\/04\/an-aprobo-el-proyecto-de-ley-organica-para-la-defensa-de-la-guayana-esequiba-19093.jpg","datePublished":"2024-04-03T13:49:19+00:00","breadcrumb":{"@id":"https:\/\/diariolajornada.com\/?p=148348#breadcrumb"},"inLanguage":"es","potentialAction":[{"@type":"ReadAction","target":["https:\/\/diariolajornada.com\/?p=148348"]}]},{"@type":"ImageObject","inLanguage":"es","@id":"https:\/\/diariolajornada.com\/?p=148348#primaryimage","url":"https:\/\/diariolajornada.com\/wp-content\/uploads\/2024\/04\/an-aprobo-el-proyecto-de-ley-organica-para-la-defensa-de-la-guayana-esequiba-19093.jpg","contentUrl":"https:\/\/diariolajornada.com\/wp-content\/uploads\/2024\/04\/an-aprobo-el-proyecto-de-ley-organica-para-la-defensa-de-la-guayana-esequiba-19093.jpg","width":900,"height":506},{"@type":"BreadcrumbList","@id":"https:\/\/diariolajornada.com\/?p=148348#breadcrumb","itemListElement":[{"@type":"ListItem","position":1,"name":"Portada","item":"https:\/\/diariolajornada.com\/"},{"@type":"ListItem","position":2,"name":"Aprueban en primera discusi\u00f3n Proyecto de Ley contra el Fascismo en Venezuela"}]},{"@type":"WebSite","@id":"https:\/\/diariolajornada.com\/#website","url":"https:\/\/diariolajornada.com\/","name":"Diario La Jornada","description":"Noticias Nacionales Regionales e Internacionales","publisher":{"@id":"https:\/\/diariolajornada.com\/#organization"},"potentialAction":[{"@type":"SearchAction","target":{"@type":"EntryPoint","urlTemplate":"https:\/\/diariolajornada.com\/?s={search_term_string}"},"query-input":{"@type":"PropertyValueSpecification","valueRequired":true,"valueName":"search_term_string"}}],"inLanguage":"es"},{"@type":"Organization","@id":"https:\/\/diariolajornada.com\/#organization","name":"Diario La Jornada","url":"https:\/\/diariolajornada.com\/","logo":{"@type":"ImageObject","inLanguage":"es","@id":"https:\/\/diariolajornada.com\/#\/schema\/logo\/image\/","url":"https:\/\/diariolajornada.com\/wp-content\/uploads\/2021\/06\/LOGO-JORNADA-SVG-01-02.svg","contentUrl":"https:\/\/diariolajornada.com\/wp-content\/uploads\/2021\/06\/LOGO-JORNADA-SVG-01-02.svg","width":350,"height":100,"caption":"Diario La Jornada"},"image":{"@id":"https:\/\/diariolajornada.com\/#\/schema\/logo\/image\/"},"sameAs":["https:\/\/es-la.facebook.com\/lajornadadeguarico\/","https:\/\/www.instagram.com\/diariojornada\/?hl=es"]},{"@type":"Person","@id":"https:\/\/diariolajornada.com\/#\/schema\/person\/83fc9ad02376abb532ce4553a399186b","name":"admin","image":{"@type":"ImageObject","inLanguage":"es","@id":"https:\/\/diariolajornada.com\/#\/schema\/person\/image\/","url":"https:\/\/secure.gravatar.com\/avatar\/fdcecb87f300ccb988450328a61211f10a01c8bfedfca54e932145534024045b?s=96&d=mm&r=g","contentUrl":"https:\/\/secure.gravatar.com\/avatar\/fdcecb87f300ccb988450328a61211f10a01c8bfedfca54e932145534024045b?s=96&d=mm&r=g","caption":"admin"},"sameAs":["https:\/\/diariolajornada.com"],"url":"https:\/\/diariolajornada.com\/?author=1"}]}},"_links":{"self":[{"href":"https:\/\/diariolajornada.com\/index.php?rest_route=\/wp\/v2\/posts\/148348","targetHints":{"allow":["GET"]}}],"collection":[{"href":"https:\/\/diariolajornada.com\/index.php?rest_route=\/wp\/v2\/posts"}],"about":[{"href":"https:\/\/diariolajornada.com\/index.php?rest_route=\/wp\/v2\/types\/post"}],"author":[{"embeddable":true,"href":"https:\/\/diariolajornada.com\/index.php?rest_route=\/wp\/v2\/users\/1"}],"replies":[{"embeddable":true,"href":"https:\/\/diariolajornada.com\/index.php?rest_route=%2Fwp%2Fv2%2Fcomments&post=148348"}],"version-history":[{"count":1,"href":"https:\/\/diariolajornada.com\/index.php?rest_route=\/wp\/v2\/posts\/148348\/revisions"}],"predecessor-version":[{"id":148349,"href":"https:\/\/diariolajornada.com\/index.php?rest_route=\/wp\/v2\/posts\/148348\/revisions\/148349"}],"wp:featuredmedia":[{"embeddable":true,"href":"https:\/\/diariolajornada.com\/index.php?rest_route=\/wp\/v2\/media\/148340"}],"wp:attachment":[{"href":"https:\/\/diariolajornada.com\/index.php?rest_route=%2Fwp%2Fv2%2Fmedia&parent=148348"}],"wp:term":[{"taxonomy":"category","embeddable":true,"href":"https:\/\/diariolajornada.com\/index.php?rest_route=%2Fwp%2Fv2%2Fcategories&post=148348"},{"taxonomy":"post_tag","embeddable":true,"href":"https:\/\/diariolajornada.com\/index.php?rest_route=%2Fwp%2Fv2%2Ftags&post=148348"}],"curies":[{"name":"wp","href":"https:\/\/api.w.org\/{rel}","templated":true}]}}