{"id":211676,"date":"2024-10-14T09:44:45","date_gmt":"2024-10-14T13:44:45","guid":{"rendered":"https:\/\/diariolajornada.com\/?p=211676"},"modified":"2024-10-14T09:44:45","modified_gmt":"2024-10-14T13:44:45","slug":"validan-ruta-de-senderismo-morro-el-faro-en-guarico","status":"publish","type":"post","link":"https:\/\/diariolajornada.com\/?p=211676","title":{"rendered":"Validan ruta de senderismo \u201cMorro El Faro\u201d en Gu\u00e1rico"},"content":{"rendered":"<p>Para los amantes de la naturaleza y la aventura, el Ministerio del Poder Popular para el Turismo (Mintur) valid\u00f3 en el estado Gu\u00e1rico la ruta tur\u00edstica Morro El Faro, ubicada en el imponente monumento natural Ar\u00edstides Rojas de San Juan de los Morros.<\/p>\n<p>Durante la activaci\u00f3n, se entregaron trabajo de rehabilitaci\u00f3n de las 21 escaleras que dan acceso a la cima del morro El Faro, adem\u00e1s de la se\u00f1alizaci\u00f3n tur\u00edstica.<\/p>\n<p>La regi\u00f3n llanera se siguen transformando espacios para el esparcimiento<br \/>\nEsta nueva ruta comprende 4 kil\u00f3metros de recorrido (3 tramos) que se completan en aproximadamente 45 minutos, y 4 paradas de descanso.<\/p>\n<p>El viceministro de Turismo, Proyectos y Obras Tur\u00edsticas, Braian Vargas, sostuvo que esta es la sexta ruta aprobada para el estado Gu\u00e1rico. \u201cAhora este emblem\u00e1tico monumento natural se convierte en un destino ideal para los amantes del senderismo\u201d, destac\u00f3.<\/p>\n<p>Reconoci\u00f3 la labor de m\u00e1s de 20 hombres y mujeres que durante cinco semanas trabajaron para que turistas nacionales e internacionales puedan disfrutar de este destino en optimas condiciones, as\u00ed como al equipo de Inparques por su contribuci\u00f3n al proceso de reconstrucci\u00f3n de la ruta.<\/p>\n<p>Vargas tambi\u00e9n entreg\u00f3 certificados y felicit\u00f3 a todos los gu\u00edas por su formaci\u00f3n para fortalecer el sector y ofrecer experiencias de calidad a los visitantes.<\/p>\n<p>Por su parte, la autoridad \u00fanica de turismo en la entidad, Norelys Andara, puntualiz\u00f3 que en la regi\u00f3n llanera se siguen transformando espacios y generando las condiciones adecuadas, en pro de garantizar el sano esparcimiento familiar.<\/p>\n","protected":false},"excerpt":{"rendered":"<p>Para los amantes de la naturaleza y la aventura, el Ministerio del Poder Popular para el Turismo (Mintur) valid\u00f3 en el estado Gu\u00e1rico la ruta tur\u00edstica Morro El Faro, ubicada en el imponente monumento natural Ar\u00edstides Rojas de San Juan de los Morros. Durante la activaci\u00f3n, se entregaron trabajo de rehabilitaci\u00f3n de las 21 escaleras [&hellip;]<\/p>\n","protected":false},"author":1,"featured_media":211685,"comment_status":"open","ping_status":"open","sticky":false,"template":"","format":"standard","meta":{"footnotes":""},"categories":[17,9],"tags":[],"class_list":["post-211676","post","type-post","status-publish","format-standard","has-post-thumbnail","hentry","category-destacada","category-regionales"],"yoast_head":"<!-- This site is optimized with the Yoast SEO plugin v24.4 - https:\/\/yoast.com\/wordpress\/plugins\/seo\/ -->\n<title>Validan ruta de senderismo \u201cMorro El Faro\u201d en Gu\u00e1rico - Diario La Jornada<\/title>\n<meta name=\"description\" content=\"Mintur valid\u00f3 la ruta tur\u00edstica Morro El Faro, ubicada en el imponente monumento natural Ar\u00edstides Rojas de San Juan de los Morros.\" \/>\n<meta name=\"robots\" content=\"index, follow, max-snippet:-1, max-image-preview:large, max-video-preview:-1\" \/>\n<link rel=\"canonical\" href=\"https:\/\/diariolajornada.com\/?p=211676\" \/>\n<meta property=\"og:locale\" content=\"es_ES\" \/>\n<meta property=\"og:type\" content=\"article\" \/>\n<meta property=\"og:title\" content=\"Validan ruta de senderismo \u201cMorro El Faro\u201d en Gu\u00e1rico - Diario La Jornada\" \/>\n<meta property=\"og:description\" content=\"Mintur valid\u00f3 la ruta tur\u00edstica Morro El Faro, ubicada en el imponente monumento natural Ar\u00edstides Rojas de San Juan de los Morros.\" \/>\n<meta property=\"og:url\" content=\"https:\/\/diariolajornada.com\/?p=211676\" \/>\n<meta property=\"og:site_name\" content=\"Diario La Jornada\" \/>\n<meta property=\"article:publisher\" content=\"https:\/\/es-la.facebook.com\/lajornadadeguarico\/\" \/>\n<meta property=\"article:published_time\" content=\"2024-10-14T13:44:45+00:00\" \/>\n<meta property=\"og:image\" content=\"https:\/\/diariolajornada.com\/wp-content\/uploads\/2024\/10\/Los-Morros-de-San-Juan.jpg\" \/>\n\t<meta property=\"og:image:width\" content=\"1080\" \/>\n\t<meta property=\"og:image:height\" content=\"810\" \/>\n\t<meta property=\"og:image:type\" content=\"image\/jpeg\" \/>\n<meta name=\"author\" content=\"admin\" \/>\n<meta name=\"twitter:card\" content=\"summary_large_image\" \/>\n<meta name=\"twitter:label1\" content=\"Escrito por\" \/>\n\t<meta name=\"twitter:data1\" content=\"admin\" \/>\n\t<meta name=\"twitter:label2\" content=\"Tiempo de lectura\" \/>\n\t<meta name=\"twitter:data2\" content=\"1 minuto\" \/>\n<script type=\"application\/ld+json\" class=\"yoast-schema-graph\">{\"@context\":\"https:\/\/schema.org\",\"@graph\":[{\"@type\":\"Article\",\"@id\":\"https:\/\/diariolajornada.com\/?p=211676#article\",\"isPartOf\":{\"@id\":\"https:\/\/diariolajornada.com\/?p=211676\"},\"author\":{\"name\":\"admin\",\"@id\":\"https:\/\/diariolajornada.com\/#\/schema\/person\/83fc9ad02376abb532ce4553a399186b\"},\"headline\":\"Validan ruta de senderismo \u201cMorro El Faro\u201d en Gu\u00e1rico\",\"datePublished\":\"2024-10-14T13:44:45+00:00\",\"mainEntityOfPage\":{\"@id\":\"https:\/\/diariolajornada.com\/?p=211676\"},\"wordCount\":272,\"commentCount\":0,\"publisher\":{\"@id\":\"https:\/\/diariolajornada.com\/#organization\"},\"image\":{\"@id\":\"https:\/\/diariolajornada.com\/?p=211676#primaryimage\"},\"thumbnailUrl\":\"https:\/\/diariolajornada.com\/wp-content\/uploads\/2024\/10\/Los-Morros-de-San-Juan.jpg\",\"articleSection\":[\"DESTACADA\",\"Regionales\"],\"inLanguage\":\"es\",\"potentialAction\":[{\"@type\":\"CommentAction\",\"name\":\"Comment\",\"target\":[\"https:\/\/diariolajornada.com\/?p=211676#respond\"]}]},{\"@type\":\"WebPage\",\"@id\":\"https:\/\/diariolajornada.com\/?p=211676\",\"url\":\"https:\/\/diariolajornada.com\/?p=211676\",\"name\":\"Validan ruta de senderismo \u201cMorro El Faro\u201d en Gu\u00e1rico - Diario La Jornada\",\"isPartOf\":{\"@id\":\"https:\/\/diariolajornada.com\/#website\"},\"primaryImageOfPage\":{\"@id\":\"https:\/\/diariolajornada.com\/?p=211676#primaryimage\"},\"image\":{\"@id\":\"https:\/\/diariolajornada.com\/?p=211676#primaryimage\"},\"thumbnailUrl\":\"https:\/\/diariolajornada.com\/wp-content\/uploads\/2024\/10\/Los-Morros-de-San-Juan.jpg\",\"datePublished\":\"2024-10-14T13:44:45+00:00\",\"description\":\"Mintur valid\u00f3 la ruta tur\u00edstica Morro El Faro, ubicada en el imponente monumento natural Ar\u00edstides Rojas de San Juan de los Morros.\",\"breadcrumb\":{\"@id\":\"https:\/\/diariolajornada.com\/?p=211676#breadcrumb\"},\"inLanguage\":\"es\",\"potentialAction\":[{\"@type\":\"ReadAction\",\"target\":[\"https:\/\/diariolajornada.com\/?p=211676\"]}]},{\"@type\":\"ImageObject\",\"inLanguage\":\"es\",\"@id\":\"https:\/\/diariolajornada.com\/?p=211676#primaryimage\",\"url\":\"https:\/\/diariolajornada.com\/wp-content\/uploads\/2024\/10\/Los-Morros-de-San-Juan.jpg\",\"contentUrl\":\"https:\/\/diariolajornada.com\/wp-content\/uploads\/2024\/10\/Los-Morros-de-San-Juan.jpg\",\"width\":1080,\"height\":810},{\"@type\":\"BreadcrumbList\",\"@id\":\"https:\/\/diariolajornada.com\/?p=211676#breadcrumb\",\"itemListElement\":[{\"@type\":\"ListItem\",\"position\":1,\"name\":\"Portada\",\"item\":\"https:\/\/diariolajornada.com\/\"},{\"@type\":\"ListItem\",\"position\":2,\"name\":\"Validan ruta de senderismo \u201cMorro El Faro\u201d en Gu\u00e1rico\"}]},{\"@type\":\"WebSite\",\"@id\":\"https:\/\/diariolajornada.com\/#website\",\"url\":\"https:\/\/diariolajornada.com\/\",\"name\":\"Diario La Jornada\",\"description\":\"Noticias Nacionales Regionales e Internacionales\",\"publisher\":{\"@id\":\"https:\/\/diariolajornada.com\/#organization\"},\"potentialAction\":[{\"@type\":\"SearchAction\",\"target\":{\"@type\":\"EntryPoint\",\"urlTemplate\":\"https:\/\/diariolajornada.com\/?s={search_term_string}\"},\"query-input\":{\"@type\":\"PropertyValueSpecification\",\"valueRequired\":true,\"valueName\":\"search_term_string\"}}],\"inLanguage\":\"es\"},{\"@type\":\"Organization\",\"@id\":\"https:\/\/diariolajornada.com\/#organization\",\"name\":\"Diario La Jornada\",\"url\":\"https:\/\/diariolajornada.com\/\",\"logo\":{\"@type\":\"ImageObject\",\"inLanguage\":\"es\",\"@id\":\"https:\/\/diariolajornada.com\/#\/schema\/logo\/image\/\",\"url\":\"https:\/\/diariolajornada.com\/wp-content\/uploads\/2021\/06\/LOGO-JORNADA-SVG-01-02.svg\",\"contentUrl\":\"https:\/\/diariolajornada.com\/wp-content\/uploads\/2021\/06\/LOGO-JORNADA-SVG-01-02.svg\",\"width\":350,\"height\":100,\"caption\":\"Diario La Jornada\"},\"image\":{\"@id\":\"https:\/\/diariolajornada.com\/#\/schema\/logo\/image\/\"},\"sameAs\":[\"https:\/\/es-la.facebook.com\/lajornadadeguarico\/\",\"https:\/\/www.instagram.com\/diariojornada\/?hl=es\"]},{\"@type\":\"Person\",\"@id\":\"https:\/\/diariolajornada.com\/#\/schema\/person\/83fc9ad02376abb532ce4553a399186b\",\"name\":\"admin\",\"image\":{\"@type\":\"ImageObject\",\"inLanguage\":\"es\",\"@id\":\"https:\/\/diariolajornada.com\/#\/schema\/person\/image\/\",\"url\":\"https:\/\/secure.gravatar.com\/avatar\/fdcecb87f300ccb988450328a61211f10a01c8bfedfca54e932145534024045b?s=96&d=mm&r=g\",\"contentUrl\":\"https:\/\/secure.gravatar.com\/avatar\/fdcecb87f300ccb988450328a61211f10a01c8bfedfca54e932145534024045b?s=96&d=mm&r=g\",\"caption\":\"admin\"},\"sameAs\":[\"https:\/\/diariolajornada.com\"],\"url\":\"https:\/\/diariolajornada.com\/?author=1\"}]}<\/script>\n<!-- \/ Yoast SEO plugin. -->","yoast_head_json":{"title":"Validan ruta de senderismo \u201cMorro El Faro\u201d en Gu\u00e1rico - Diario La Jornada","description":"Mintur valid\u00f3 la ruta tur\u00edstica Morro El Faro, ubicada en el imponente monumento natural Ar\u00edstides Rojas de San Juan de los Morros.","robots":{"index":"index","follow":"follow","max-snippet":"max-snippet:-1","max-image-preview":"max-image-preview:large","max-video-preview":"max-video-preview:-1"},"canonical":"https:\/\/diariolajornada.com\/?p=211676","og_locale":"es_ES","og_type":"article","og_title":"Validan ruta de senderismo \u201cMorro El Faro\u201d en Gu\u00e1rico - Diario La Jornada","og_description":"Mintur valid\u00f3 la ruta tur\u00edstica Morro El Faro, ubicada en el imponente monumento natural Ar\u00edstides Rojas de San Juan de los Morros.","og_url":"https:\/\/diariolajornada.com\/?p=211676","og_site_name":"Diario La Jornada","article_publisher":"https:\/\/es-la.facebook.com\/lajornadadeguarico\/","article_published_time":"2024-10-14T13:44:45+00:00","og_image":[{"width":1080,"height":810,"url":"https:\/\/diariolajornada.com\/wp-content\/uploads\/2024\/10\/Los-Morros-de-San-Juan.jpg","type":"image\/jpeg"}],"author":"admin","twitter_card":"summary_large_image","twitter_misc":{"Escrito por":"admin","Tiempo de lectura":"1 minuto"},"schema":{"@context":"https:\/\/schema.org","@graph":[{"@type":"Article","@id":"https:\/\/diariolajornada.com\/?p=211676#article","isPartOf":{"@id":"https:\/\/diariolajornada.com\/?p=211676"},"author":{"name":"admin","@id":"https:\/\/diariolajornada.com\/#\/schema\/person\/83fc9ad02376abb532ce4553a399186b"},"headline":"Validan ruta de senderismo \u201cMorro El Faro\u201d en Gu\u00e1rico","datePublished":"2024-10-14T13:44:45+00:00","mainEntityOfPage":{"@id":"https:\/\/diariolajornada.com\/?p=211676"},"wordCount":272,"commentCount":0,"publisher":{"@id":"https:\/\/diariolajornada.com\/#organization"},"image":{"@id":"https:\/\/diariolajornada.com\/?p=211676#primaryimage"},"thumbnailUrl":"https:\/\/diariolajornada.com\/wp-content\/uploads\/2024\/10\/Los-Morros-de-San-Juan.jpg","articleSection":["DESTACADA","Regionales"],"inLanguage":"es","potentialAction":[{"@type":"CommentAction","name":"Comment","target":["https:\/\/diariolajornada.com\/?p=211676#respond"]}]},{"@type":"WebPage","@id":"https:\/\/diariolajornada.com\/?p=211676","url":"https:\/\/diariolajornada.com\/?p=211676","name":"Validan ruta de senderismo \u201cMorro El Faro\u201d en Gu\u00e1rico - Diario La Jornada","isPartOf":{"@id":"https:\/\/diariolajornada.com\/#website"},"primaryImageOfPage":{"@id":"https:\/\/diariolajornada.com\/?p=211676#primaryimage"},"image":{"@id":"https:\/\/diariolajornada.com\/?p=211676#primaryimage"},"thumbnailUrl":"https:\/\/diariolajornada.com\/wp-content\/uploads\/2024\/10\/Los-Morros-de-San-Juan.jpg","datePublished":"2024-10-14T13:44:45+00:00","description":"Mintur valid\u00f3 la ruta tur\u00edstica Morro El Faro, ubicada en el imponente monumento natural Ar\u00edstides Rojas de San Juan de los Morros.","breadcrumb":{"@id":"https:\/\/diariolajornada.com\/?p=211676#breadcrumb"},"inLanguage":"es","potentialAction":[{"@type":"ReadAction","target":["https:\/\/diariolajornada.com\/?p=211676"]}]},{"@type":"ImageObject","inLanguage":"es","@id":"https:\/\/diariolajornada.com\/?p=211676#primaryimage","url":"https:\/\/diariolajornada.com\/wp-content\/uploads\/2024\/10\/Los-Morros-de-San-Juan.jpg","contentUrl":"https:\/\/diariolajornada.com\/wp-content\/uploads\/2024\/10\/Los-Morros-de-San-Juan.jpg","width":1080,"height":810},{"@type":"BreadcrumbList","@id":"https:\/\/diariolajornada.com\/?p=211676#breadcrumb","itemListElement":[{"@type":"ListItem","position":1,"name":"Portada","item":"https:\/\/diariolajornada.com\/"},{"@type":"ListItem","position":2,"name":"Validan ruta de senderismo \u201cMorro El Faro\u201d en Gu\u00e1rico"}]},{"@type":"WebSite","@id":"https:\/\/diariolajornada.com\/#website","url":"https:\/\/diariolajornada.com\/","name":"Diario La Jornada","description":"Noticias Nacionales Regionales e Internacionales","publisher":{"@id":"https:\/\/diariolajornada.com\/#organization"},"potentialAction":[{"@type":"SearchAction","target":{"@type":"EntryPoint","urlTemplate":"https:\/\/diariolajornada.com\/?s={search_term_string}"},"query-input":{"@type":"PropertyValueSpecification","valueRequired":true,"valueName":"search_term_string"}}],"inLanguage":"es"},{"@type":"Organization","@id":"https:\/\/diariolajornada.com\/#organization","name":"Diario La Jornada","url":"https:\/\/diariolajornada.com\/","logo":{"@type":"ImageObject","inLanguage":"es","@id":"https:\/\/diariolajornada.com\/#\/schema\/logo\/image\/","url":"https:\/\/diariolajornada.com\/wp-content\/uploads\/2021\/06\/LOGO-JORNADA-SVG-01-02.svg","contentUrl":"https:\/\/diariolajornada.com\/wp-content\/uploads\/2021\/06\/LOGO-JORNADA-SVG-01-02.svg","width":350,"height":100,"caption":"Diario La Jornada"},"image":{"@id":"https:\/\/diariolajornada.com\/#\/schema\/logo\/image\/"},"sameAs":["https:\/\/es-la.facebook.com\/lajornadadeguarico\/","https:\/\/www.instagram.com\/diariojornada\/?hl=es"]},{"@type":"Person","@id":"https:\/\/diariolajornada.com\/#\/schema\/person\/83fc9ad02376abb532ce4553a399186b","name":"admin","image":{"@type":"ImageObject","inLanguage":"es","@id":"https:\/\/diariolajornada.com\/#\/schema\/person\/image\/","url":"https:\/\/secure.gravatar.com\/avatar\/fdcecb87f300ccb988450328a61211f10a01c8bfedfca54e932145534024045b?s=96&d=mm&r=g","contentUrl":"https:\/\/secure.gravatar.com\/avatar\/fdcecb87f300ccb988450328a61211f10a01c8bfedfca54e932145534024045b?s=96&d=mm&r=g","caption":"admin"},"sameAs":["https:\/\/diariolajornada.com"],"url":"https:\/\/diariolajornada.com\/?author=1"}]}},"_links":{"self":[{"href":"https:\/\/diariolajornada.com\/index.php?rest_route=\/wp\/v2\/posts\/211676","targetHints":{"allow":["GET"]}}],"collection":[{"href":"https:\/\/diariolajornada.com\/index.php?rest_route=\/wp\/v2\/posts"}],"about":[{"href":"https:\/\/diariolajornada.com\/index.php?rest_route=\/wp\/v2\/types\/post"}],"author":[{"embeddable":true,"href":"https:\/\/diariolajornada.com\/index.php?rest_route=\/wp\/v2\/users\/1"}],"replies":[{"embeddable":true,"href":"https:\/\/diariolajornada.com\/index.php?rest_route=%2Fwp%2Fv2%2Fcomments&post=211676"}],"version-history":[{"count":1,"href":"https:\/\/diariolajornada.com\/index.php?rest_route=\/wp\/v2\/posts\/211676\/revisions"}],"predecessor-version":[{"id":211689,"href":"https:\/\/diariolajornada.com\/index.php?rest_route=\/wp\/v2\/posts\/211676\/revisions\/211689"}],"wp:featuredmedia":[{"embeddable":true,"href":"https:\/\/diariolajornada.com\/index.php?rest_route=\/wp\/v2\/media\/211685"}],"wp:attachment":[{"href":"https:\/\/diariolajornada.com\/index.php?rest_route=%2Fwp%2Fv2%2Fmedia&parent=211676"}],"wp:term":[{"taxonomy":"category","embeddable":true,"href":"https:\/\/diariolajornada.com\/index.php?rest_route=%2Fwp%2Fv2%2Fcategories&post=211676"},{"taxonomy":"post_tag","embeddable":true,"href":"https:\/\/diariolajornada.com\/index.php?rest_route=%2Fwp%2Fv2%2Ftags&post=211676"}],"curies":[{"name":"wp","href":"https:\/\/api.w.org\/{rel}","templated":true}]}}