{"id":211690,"date":"2024-10-14T09:46:43","date_gmt":"2024-10-14T13:46:43","guid":{"rendered":"https:\/\/diariolajornada.com\/?p=211690"},"modified":"2024-10-14T09:46:43","modified_gmt":"2024-10-14T13:46:43","slug":"la-vinotinto-sub-15-golea-a-ecuador-en-su-despedida-del-sudamericano","status":"publish","type":"post","link":"https:\/\/diariolajornada.com\/?p=211690","title":{"rendered":"La Vinotinto Sub-15 golea a Ecuador en su despedida del Sudamericano"},"content":{"rendered":"<p>La Selecci\u00f3n Vinotinto Sub-15 cerr\u00f3 su participaci\u00f3n en el Torneo Sudamericano\u00a0con una contundente victoria ante Ecuador por cuatro goles a cero. A pesar de no haber logrado clasificar a la siguiente ronda, el equipo nacional demostr\u00f3 un gran nivel de juego en las \u00faltimas jornadas.<\/p>\n<p>Incluida en un grupo considerado como el \u00abde la muerte\u00bb, junto a potencias como Argentina, Brasil y Uruguay, la Vinotinto tuvo una dif\u00edcil tarea desde el inicio. Sin embargo,\u00a0los j\u00f3venes venezolanos mostraron garra y determinaci\u00f3n, logrando sumar un empate y una victoria en la fase de grupos.<\/p>\n<p>En el comienzo del torneo,\u00a0la irregularidad se hizo notar en el equipo dirigido por Oswaldo Vizcarrondo, que altern\u00f3 momentos de buen juego con otros de mayor dificultad. Las derrotas ante Argentina y Brasil, dos de las favoritas al t\u00edtulo, marcaron un duro golpe para las aspiraciones venezolanas.<\/p>\n<p><b>Una despedida con broche de oro<br \/>\n<\/b><br \/>\nLa Vinotinto se despidi\u00f3 del torneo con una goleada ante Ecuador, demostrando que cuenta con un gran potencial para el futuro. Los j\u00f3venes jugadores criollos mostraron una gran capacidad de recuperaci\u00f3n y dejaron en claro que est\u00e1n dispuestos a seguir trabajando para mejorar.<\/p>\n<p>Esta actuaci\u00f3n de la selecci\u00f3n Sub-15 ha generado un gran orgullo entre los aficionados venezolanos, quienes han visto en estas\u00a0promesas el futuro del f\u00fatbol nacional. La base de este equipo ser\u00e1 fundamental para las pr\u00f3ximas competiciones y podr\u00eda convertirse en el n\u00facleo de la selecci\u00f3n absoluta en los pr\u00f3ximos a\u00f1os.<\/p>\n<p>A seguir formando a los j\u00f3venes talentos<br \/>\nLa participaci\u00f3n de la Vinotinto\u00a0Sub-15 en el Sudamericano ha dejado en evidencia el gran trabajo que se est\u00e1 realizando en las categor\u00edas inferiores del f\u00fatbol venezolano. Los j\u00f3venes talentos que han participado en este torneo cuentan con un gran potencial y ser\u00e1n seguidos de cerca por la mayor de Venezuela.<\/p>\n<p>El Sudamericano ha sido una gran experiencia de aprendizaje para estos\u00a0jugadores. La oportunidad de enfrentarse a los mejores equipos de Sudam\u00e9rica les ha permitido crecer como futbolistas y ganar experiencia en torneos de alto nivel.<\/p>\n<div id=\"cuerpo\" class=\"note-text\"><b>Con informaci\u00f3n de Meridiano.<\/b><\/div>\n","protected":false},"excerpt":{"rendered":"<p>La Selecci\u00f3n Vinotinto Sub-15 cerr\u00f3 su participaci\u00f3n en el Torneo Sudamericano\u00a0con una contundente victoria ante Ecuador por cuatro goles a cero. A pesar de no haber logrado clasificar a la siguiente ronda, el equipo nacional demostr\u00f3 un gran nivel de juego en las \u00faltimas jornadas. Incluida en un grupo considerado como el \u00abde la muerte\u00bb, [&hellip;]<\/p>\n","protected":false},"author":1,"featured_media":211684,"comment_status":"open","ping_status":"open","sticky":false,"template":"","format":"standard","meta":{"footnotes":""},"categories":[11,17],"tags":[],"class_list":["post-211690","post","type-post","status-publish","format-standard","has-post-thumbnail","hentry","category-deportes","category-destacada"],"yoast_head":"<!-- This site is optimized with the Yoast SEO plugin v24.4 - https:\/\/yoast.com\/wordpress\/plugins\/seo\/ -->\n<title>La Vinotinto Sub-15 golea a Ecuador en su despedida del Sudamericano - Diario La Jornada<\/title>\n<meta name=\"description\" content=\"Vinotinto Sub-15 cerr\u00f3 su participaci\u00f3n en el Torneo Sudamericano\u00a0con una contundente victoria ante Ecuador por cuatro goles a cero.\" \/>\n<meta name=\"robots\" content=\"index, follow, max-snippet:-1, max-image-preview:large, max-video-preview:-1\" \/>\n<link rel=\"canonical\" href=\"https:\/\/diariolajornada.com\/?p=211690\" \/>\n<meta property=\"og:locale\" content=\"es_ES\" \/>\n<meta property=\"og:type\" content=\"article\" \/>\n<meta property=\"og:title\" content=\"La Vinotinto Sub-15 golea a Ecuador en su despedida del Sudamericano - Diario La Jornada\" \/>\n<meta property=\"og:description\" content=\"Vinotinto Sub-15 cerr\u00f3 su participaci\u00f3n en el Torneo Sudamericano\u00a0con una contundente victoria ante Ecuador por cuatro goles a cero.\" \/>\n<meta property=\"og:url\" content=\"https:\/\/diariolajornada.com\/?p=211690\" \/>\n<meta property=\"og:site_name\" content=\"Diario La Jornada\" \/>\n<meta property=\"article:publisher\" content=\"https:\/\/es-la.facebook.com\/lajornadadeguarico\/\" \/>\n<meta property=\"article:published_time\" content=\"2024-10-14T13:46:43+00:00\" \/>\n<meta property=\"og:image\" content=\"https:\/\/diariolajornada.com\/wp-content\/uploads\/2024\/10\/la-vinotinto-golea-a-ecuador-en-su-despida-del-sudamericano-resumen-160425.jpg\" \/>\n\t<meta property=\"og:image:width\" content=\"1242\" \/>\n\t<meta property=\"og:image:height\" content=\"699\" \/>\n\t<meta property=\"og:image:type\" content=\"image\/jpeg\" \/>\n<meta name=\"author\" content=\"admin\" \/>\n<meta name=\"twitter:card\" content=\"summary_large_image\" \/>\n<meta name=\"twitter:label1\" content=\"Escrito por\" \/>\n\t<meta name=\"twitter:data1\" content=\"admin\" \/>\n\t<meta name=\"twitter:label2\" content=\"Tiempo de lectura\" \/>\n\t<meta name=\"twitter:data2\" content=\"2 minutos\" \/>\n<script type=\"application\/ld+json\" class=\"yoast-schema-graph\">{\"@context\":\"https:\/\/schema.org\",\"@graph\":[{\"@type\":\"Article\",\"@id\":\"https:\/\/diariolajornada.com\/?p=211690#article\",\"isPartOf\":{\"@id\":\"https:\/\/diariolajornada.com\/?p=211690\"},\"author\":{\"name\":\"admin\",\"@id\":\"https:\/\/diariolajornada.com\/#\/schema\/person\/83fc9ad02376abb532ce4553a399186b\"},\"headline\":\"La Vinotinto Sub-15 golea a Ecuador en su despedida del Sudamericano\",\"datePublished\":\"2024-10-14T13:46:43+00:00\",\"mainEntityOfPage\":{\"@id\":\"https:\/\/diariolajornada.com\/?p=211690\"},\"wordCount\":377,\"commentCount\":0,\"publisher\":{\"@id\":\"https:\/\/diariolajornada.com\/#organization\"},\"image\":{\"@id\":\"https:\/\/diariolajornada.com\/?p=211690#primaryimage\"},\"thumbnailUrl\":\"https:\/\/diariolajornada.com\/wp-content\/uploads\/2024\/10\/la-vinotinto-golea-a-ecuador-en-su-despida-del-sudamericano-resumen-160425.jpg\",\"articleSection\":[\"Deportes\",\"DESTACADA\"],\"inLanguage\":\"es\",\"potentialAction\":[{\"@type\":\"CommentAction\",\"name\":\"Comment\",\"target\":[\"https:\/\/diariolajornada.com\/?p=211690#respond\"]}]},{\"@type\":\"WebPage\",\"@id\":\"https:\/\/diariolajornada.com\/?p=211690\",\"url\":\"https:\/\/diariolajornada.com\/?p=211690\",\"name\":\"La Vinotinto Sub-15 golea a Ecuador en su despedida del Sudamericano - Diario La Jornada\",\"isPartOf\":{\"@id\":\"https:\/\/diariolajornada.com\/#website\"},\"primaryImageOfPage\":{\"@id\":\"https:\/\/diariolajornada.com\/?p=211690#primaryimage\"},\"image\":{\"@id\":\"https:\/\/diariolajornada.com\/?p=211690#primaryimage\"},\"thumbnailUrl\":\"https:\/\/diariolajornada.com\/wp-content\/uploads\/2024\/10\/la-vinotinto-golea-a-ecuador-en-su-despida-del-sudamericano-resumen-160425.jpg\",\"datePublished\":\"2024-10-14T13:46:43+00:00\",\"description\":\"Vinotinto Sub-15 cerr\u00f3 su participaci\u00f3n en el Torneo Sudamericano\u00a0con una contundente victoria ante Ecuador por cuatro goles a cero.\",\"breadcrumb\":{\"@id\":\"https:\/\/diariolajornada.com\/?p=211690#breadcrumb\"},\"inLanguage\":\"es\",\"potentialAction\":[{\"@type\":\"ReadAction\",\"target\":[\"https:\/\/diariolajornada.com\/?p=211690\"]}]},{\"@type\":\"ImageObject\",\"inLanguage\":\"es\",\"@id\":\"https:\/\/diariolajornada.com\/?p=211690#primaryimage\",\"url\":\"https:\/\/diariolajornada.com\/wp-content\/uploads\/2024\/10\/la-vinotinto-golea-a-ecuador-en-su-despida-del-sudamericano-resumen-160425.jpg\",\"contentUrl\":\"https:\/\/diariolajornada.com\/wp-content\/uploads\/2024\/10\/la-vinotinto-golea-a-ecuador-en-su-despida-del-sudamericano-resumen-160425.jpg\",\"width\":1242,\"height\":699},{\"@type\":\"BreadcrumbList\",\"@id\":\"https:\/\/diariolajornada.com\/?p=211690#breadcrumb\",\"itemListElement\":[{\"@type\":\"ListItem\",\"position\":1,\"name\":\"Portada\",\"item\":\"https:\/\/diariolajornada.com\/\"},{\"@type\":\"ListItem\",\"position\":2,\"name\":\"La Vinotinto Sub-15 golea a Ecuador en su despedida del Sudamericano\"}]},{\"@type\":\"WebSite\",\"@id\":\"https:\/\/diariolajornada.com\/#website\",\"url\":\"https:\/\/diariolajornada.com\/\",\"name\":\"Diario La Jornada\",\"description\":\"Noticias Nacionales Regionales e Internacionales\",\"publisher\":{\"@id\":\"https:\/\/diariolajornada.com\/#organization\"},\"potentialAction\":[{\"@type\":\"SearchAction\",\"target\":{\"@type\":\"EntryPoint\",\"urlTemplate\":\"https:\/\/diariolajornada.com\/?s={search_term_string}\"},\"query-input\":{\"@type\":\"PropertyValueSpecification\",\"valueRequired\":true,\"valueName\":\"search_term_string\"}}],\"inLanguage\":\"es\"},{\"@type\":\"Organization\",\"@id\":\"https:\/\/diariolajornada.com\/#organization\",\"name\":\"Diario La Jornada\",\"url\":\"https:\/\/diariolajornada.com\/\",\"logo\":{\"@type\":\"ImageObject\",\"inLanguage\":\"es\",\"@id\":\"https:\/\/diariolajornada.com\/#\/schema\/logo\/image\/\",\"url\":\"https:\/\/diariolajornada.com\/wp-content\/uploads\/2021\/06\/LOGO-JORNADA-SVG-01-02.svg\",\"contentUrl\":\"https:\/\/diariolajornada.com\/wp-content\/uploads\/2021\/06\/LOGO-JORNADA-SVG-01-02.svg\",\"width\":350,\"height\":100,\"caption\":\"Diario La Jornada\"},\"image\":{\"@id\":\"https:\/\/diariolajornada.com\/#\/schema\/logo\/image\/\"},\"sameAs\":[\"https:\/\/es-la.facebook.com\/lajornadadeguarico\/\",\"https:\/\/www.instagram.com\/diariojornada\/?hl=es\"]},{\"@type\":\"Person\",\"@id\":\"https:\/\/diariolajornada.com\/#\/schema\/person\/83fc9ad02376abb532ce4553a399186b\",\"name\":\"admin\",\"image\":{\"@type\":\"ImageObject\",\"inLanguage\":\"es\",\"@id\":\"https:\/\/diariolajornada.com\/#\/schema\/person\/image\/\",\"url\":\"https:\/\/secure.gravatar.com\/avatar\/fdcecb87f300ccb988450328a61211f10a01c8bfedfca54e932145534024045b?s=96&d=mm&r=g\",\"contentUrl\":\"https:\/\/secure.gravatar.com\/avatar\/fdcecb87f300ccb988450328a61211f10a01c8bfedfca54e932145534024045b?s=96&d=mm&r=g\",\"caption\":\"admin\"},\"sameAs\":[\"https:\/\/diariolajornada.com\"],\"url\":\"https:\/\/diariolajornada.com\/?author=1\"}]}<\/script>\n<!-- \/ Yoast SEO plugin. -->","yoast_head_json":{"title":"La Vinotinto Sub-15 golea a Ecuador en su despedida del Sudamericano - Diario La Jornada","description":"Vinotinto Sub-15 cerr\u00f3 su participaci\u00f3n en el Torneo Sudamericano\u00a0con una contundente victoria ante Ecuador por cuatro goles a cero.","robots":{"index":"index","follow":"follow","max-snippet":"max-snippet:-1","max-image-preview":"max-image-preview:large","max-video-preview":"max-video-preview:-1"},"canonical":"https:\/\/diariolajornada.com\/?p=211690","og_locale":"es_ES","og_type":"article","og_title":"La Vinotinto Sub-15 golea a Ecuador en su despedida del Sudamericano - Diario La Jornada","og_description":"Vinotinto Sub-15 cerr\u00f3 su participaci\u00f3n en el Torneo Sudamericano\u00a0con una contundente victoria ante Ecuador por cuatro goles a cero.","og_url":"https:\/\/diariolajornada.com\/?p=211690","og_site_name":"Diario La Jornada","article_publisher":"https:\/\/es-la.facebook.com\/lajornadadeguarico\/","article_published_time":"2024-10-14T13:46:43+00:00","og_image":[{"width":1242,"height":699,"url":"https:\/\/diariolajornada.com\/wp-content\/uploads\/2024\/10\/la-vinotinto-golea-a-ecuador-en-su-despida-del-sudamericano-resumen-160425.jpg","type":"image\/jpeg"}],"author":"admin","twitter_card":"summary_large_image","twitter_misc":{"Escrito por":"admin","Tiempo de lectura":"2 minutos"},"schema":{"@context":"https:\/\/schema.org","@graph":[{"@type":"Article","@id":"https:\/\/diariolajornada.com\/?p=211690#article","isPartOf":{"@id":"https:\/\/diariolajornada.com\/?p=211690"},"author":{"name":"admin","@id":"https:\/\/diariolajornada.com\/#\/schema\/person\/83fc9ad02376abb532ce4553a399186b"},"headline":"La Vinotinto Sub-15 golea a Ecuador en su despedida del Sudamericano","datePublished":"2024-10-14T13:46:43+00:00","mainEntityOfPage":{"@id":"https:\/\/diariolajornada.com\/?p=211690"},"wordCount":377,"commentCount":0,"publisher":{"@id":"https:\/\/diariolajornada.com\/#organization"},"image":{"@id":"https:\/\/diariolajornada.com\/?p=211690#primaryimage"},"thumbnailUrl":"https:\/\/diariolajornada.com\/wp-content\/uploads\/2024\/10\/la-vinotinto-golea-a-ecuador-en-su-despida-del-sudamericano-resumen-160425.jpg","articleSection":["Deportes","DESTACADA"],"inLanguage":"es","potentialAction":[{"@type":"CommentAction","name":"Comment","target":["https:\/\/diariolajornada.com\/?p=211690#respond"]}]},{"@type":"WebPage","@id":"https:\/\/diariolajornada.com\/?p=211690","url":"https:\/\/diariolajornada.com\/?p=211690","name":"La Vinotinto Sub-15 golea a Ecuador en su despedida del Sudamericano - Diario La Jornada","isPartOf":{"@id":"https:\/\/diariolajornada.com\/#website"},"primaryImageOfPage":{"@id":"https:\/\/diariolajornada.com\/?p=211690#primaryimage"},"image":{"@id":"https:\/\/diariolajornada.com\/?p=211690#primaryimage"},"thumbnailUrl":"https:\/\/diariolajornada.com\/wp-content\/uploads\/2024\/10\/la-vinotinto-golea-a-ecuador-en-su-despida-del-sudamericano-resumen-160425.jpg","datePublished":"2024-10-14T13:46:43+00:00","description":"Vinotinto Sub-15 cerr\u00f3 su participaci\u00f3n en el Torneo Sudamericano\u00a0con una contundente victoria ante Ecuador por cuatro goles a cero.","breadcrumb":{"@id":"https:\/\/diariolajornada.com\/?p=211690#breadcrumb"},"inLanguage":"es","potentialAction":[{"@type":"ReadAction","target":["https:\/\/diariolajornada.com\/?p=211690"]}]},{"@type":"ImageObject","inLanguage":"es","@id":"https:\/\/diariolajornada.com\/?p=211690#primaryimage","url":"https:\/\/diariolajornada.com\/wp-content\/uploads\/2024\/10\/la-vinotinto-golea-a-ecuador-en-su-despida-del-sudamericano-resumen-160425.jpg","contentUrl":"https:\/\/diariolajornada.com\/wp-content\/uploads\/2024\/10\/la-vinotinto-golea-a-ecuador-en-su-despida-del-sudamericano-resumen-160425.jpg","width":1242,"height":699},{"@type":"BreadcrumbList","@id":"https:\/\/diariolajornada.com\/?p=211690#breadcrumb","itemListElement":[{"@type":"ListItem","position":1,"name":"Portada","item":"https:\/\/diariolajornada.com\/"},{"@type":"ListItem","position":2,"name":"La Vinotinto Sub-15 golea a Ecuador en su despedida del Sudamericano"}]},{"@type":"WebSite","@id":"https:\/\/diariolajornada.com\/#website","url":"https:\/\/diariolajornada.com\/","name":"Diario La Jornada","description":"Noticias Nacionales Regionales e Internacionales","publisher":{"@id":"https:\/\/diariolajornada.com\/#organization"},"potentialAction":[{"@type":"SearchAction","target":{"@type":"EntryPoint","urlTemplate":"https:\/\/diariolajornada.com\/?s={search_term_string}"},"query-input":{"@type":"PropertyValueSpecification","valueRequired":true,"valueName":"search_term_string"}}],"inLanguage":"es"},{"@type":"Organization","@id":"https:\/\/diariolajornada.com\/#organization","name":"Diario La Jornada","url":"https:\/\/diariolajornada.com\/","logo":{"@type":"ImageObject","inLanguage":"es","@id":"https:\/\/diariolajornada.com\/#\/schema\/logo\/image\/","url":"https:\/\/diariolajornada.com\/wp-content\/uploads\/2021\/06\/LOGO-JORNADA-SVG-01-02.svg","contentUrl":"https:\/\/diariolajornada.com\/wp-content\/uploads\/2021\/06\/LOGO-JORNADA-SVG-01-02.svg","width":350,"height":100,"caption":"Diario La Jornada"},"image":{"@id":"https:\/\/diariolajornada.com\/#\/schema\/logo\/image\/"},"sameAs":["https:\/\/es-la.facebook.com\/lajornadadeguarico\/","https:\/\/www.instagram.com\/diariojornada\/?hl=es"]},{"@type":"Person","@id":"https:\/\/diariolajornada.com\/#\/schema\/person\/83fc9ad02376abb532ce4553a399186b","name":"admin","image":{"@type":"ImageObject","inLanguage":"es","@id":"https:\/\/diariolajornada.com\/#\/schema\/person\/image\/","url":"https:\/\/secure.gravatar.com\/avatar\/fdcecb87f300ccb988450328a61211f10a01c8bfedfca54e932145534024045b?s=96&d=mm&r=g","contentUrl":"https:\/\/secure.gravatar.com\/avatar\/fdcecb87f300ccb988450328a61211f10a01c8bfedfca54e932145534024045b?s=96&d=mm&r=g","caption":"admin"},"sameAs":["https:\/\/diariolajornada.com"],"url":"https:\/\/diariolajornada.com\/?author=1"}]}},"_links":{"self":[{"href":"https:\/\/diariolajornada.com\/index.php?rest_route=\/wp\/v2\/posts\/211690","targetHints":{"allow":["GET"]}}],"collection":[{"href":"https:\/\/diariolajornada.com\/index.php?rest_route=\/wp\/v2\/posts"}],"about":[{"href":"https:\/\/diariolajornada.com\/index.php?rest_route=\/wp\/v2\/types\/post"}],"author":[{"embeddable":true,"href":"https:\/\/diariolajornada.com\/index.php?rest_route=\/wp\/v2\/users\/1"}],"replies":[{"embeddable":true,"href":"https:\/\/diariolajornada.com\/index.php?rest_route=%2Fwp%2Fv2%2Fcomments&post=211690"}],"version-history":[{"count":1,"href":"https:\/\/diariolajornada.com\/index.php?rest_route=\/wp\/v2\/posts\/211690\/revisions"}],"predecessor-version":[{"id":211691,"href":"https:\/\/diariolajornada.com\/index.php?rest_route=\/wp\/v2\/posts\/211690\/revisions\/211691"}],"wp:featuredmedia":[{"embeddable":true,"href":"https:\/\/diariolajornada.com\/index.php?rest_route=\/wp\/v2\/media\/211684"}],"wp:attachment":[{"href":"https:\/\/diariolajornada.com\/index.php?rest_route=%2Fwp%2Fv2%2Fmedia&parent=211690"}],"wp:term":[{"taxonomy":"category","embeddable":true,"href":"https:\/\/diariolajornada.com\/index.php?rest_route=%2Fwp%2Fv2%2Fcategories&post=211690"},{"taxonomy":"post_tag","embeddable":true,"href":"https:\/\/diariolajornada.com\/index.php?rest_route=%2Fwp%2Fv2%2Ftags&post=211690"}],"curies":[{"name":"wp","href":"https:\/\/api.w.org\/{rel}","templated":true}]}}