{"id":211699,"date":"2024-10-14T09:51:43","date_gmt":"2024-10-14T13:51:43","guid":{"rendered":"https:\/\/diariolajornada.com\/?p=211699"},"modified":"2024-10-14T09:51:43","modified_gmt":"2024-10-14T13:51:43","slug":"la-otan-inicia-ejercicios-nucleares-para-enviar-un-mensaje-claro-a-sus-adversarios","status":"publish","type":"post","link":"https:\/\/diariolajornada.com\/?p=211699","title":{"rendered":"La OTAN inicia ejercicios nucleares para \u00abenviar un mensaje claro\u00bb a sus adversarios"},"content":{"rendered":"<p>Los pa\u00edses de la Organizaci\u00f3n del Tratado del Atl\u00e1ntico Norte (OTAN) iniciaron este lunes su ejercicio anual de fuerza nuclear t\u00e1ctica Steadfast Noon, informa la p\u00e1gina web del bloque.<\/p>\n<p>El objetivo del ejercicio es ensayar el lanzamiento y uso de las armas nucleares t\u00e1cticas estadounidenses emplazadas en Europa.<\/p>\n<p>\u00abSteadfast Noon es una prueba importante de la disuasi\u00f3n nuclear de la Alianza y env\u00eda un mensaje claro a cualquier adversario de que la OTAN proteger\u00e1 y defender\u00e1 a todos los aliados\u00bb, declar\u00f3 el secretario general de la organizaci\u00f3n, Mark Rutte.<\/p>\n<div><\/div>\n<div>Las maniobras incluyen vuelos principalmente sobre los pa\u00edses receptores, B\u00e9lgica y Pa\u00edses Bajos, y en el espacio a\u00e9reo de Dinamarca, Reino Unido y el mar del Norte. En el ejercicio participan 2.000 militares y 60 aeronaves: bombarderos y cazas capaces de transportar armas nucleares y aviones de escolta, reabastecimiento, reconocimiento y guerra electr\u00f3nica.<\/div>\n<p>Seg\u00fan public\u00f3 AP la semana pasada, la mayor parte del ejercicio se llevar\u00e1 a cabo a unos 900 kil\u00f3metros de Rusia. Mosc\u00fa ha sido informado de los simulacros, afirmaron funcionarios de la OTAN a la agencia.<\/p>\n<p>Los ensayos se producen en el contexto de las declaraciones del presidente estadounidense, Joe Biden, de que est\u00e1 dispuesto a negociar con Mosc\u00fa, Pek\u00edn y Pionyang la reducci\u00f3n de los arsenales nucleares. \u00abReducir la amenaza nuclear es importante no a pesar de los peligros del mundo actual, sino precisamente a causa de ellos\u00bb, afirm\u00f3 Biden.<\/p>\n<div>El mes pasado, el ministro de Asuntos Exteriores de Rusia, Sergu\u00e9i Lavrov, declar\u00f3 que Mosc\u00fa no quiere una guerra nuclear y considera inapropiado hablar de cu\u00e1ndo apretar el \u00abbot\u00f3n rojo\u00bb.<\/div>\n<div><\/div>\n<div><b>Con informaci\u00f3n de Actualidad RT\u00a0<\/b><\/div>\n","protected":false},"excerpt":{"rendered":"<p>Los pa\u00edses de la Organizaci\u00f3n del Tratado del Atl\u00e1ntico Norte (OTAN) iniciaron este lunes su ejercicio anual de fuerza nuclear t\u00e1ctica Steadfast Noon, informa la p\u00e1gina web del bloque. El objetivo del ejercicio es ensayar el lanzamiento y uso de las armas nucleares t\u00e1cticas estadounidenses emplazadas en Europa. \u00abSteadfast Noon es una prueba importante de [&hellip;]<\/p>\n","protected":false},"author":1,"featured_media":211683,"comment_status":"open","ping_status":"open","sticky":false,"template":"","format":"standard","meta":{"footnotes":""},"categories":[17,10],"tags":[],"class_list":["post-211699","post","type-post","status-publish","format-standard","has-post-thumbnail","hentry","category-destacada","category-internacionales"],"yoast_head":"<!-- This site is optimized with the Yoast SEO plugin v24.4 - https:\/\/yoast.com\/wordpress\/plugins\/seo\/ -->\n<title>La OTAN inicia ejercicios nucleares para &quot;enviar un mensaje claro&quot; a sus adversarios - Diario La Jornada<\/title>\n<meta name=\"description\" content=\"Los pa\u00edses de la Organizaci\u00f3n del Tratado del Atl\u00e1ntico Norte (OTAN) iniciaron este lunes su ejercicio anual de fuerza nuclear t\u00e1ctica Steadfast Noon\" \/>\n<meta name=\"robots\" content=\"index, follow, max-snippet:-1, max-image-preview:large, max-video-preview:-1\" \/>\n<link rel=\"canonical\" href=\"https:\/\/diariolajornada.com\/?p=211699\" \/>\n<meta property=\"og:locale\" content=\"es_ES\" \/>\n<meta property=\"og:type\" content=\"article\" \/>\n<meta property=\"og:title\" content=\"La OTAN inicia ejercicios nucleares para &quot;enviar un mensaje claro&quot; a sus adversarios - Diario La Jornada\" \/>\n<meta property=\"og:description\" content=\"Los pa\u00edses de la Organizaci\u00f3n del Tratado del Atl\u00e1ntico Norte (OTAN) iniciaron este lunes su ejercicio anual de fuerza nuclear t\u00e1ctica Steadfast Noon\" \/>\n<meta property=\"og:url\" content=\"https:\/\/diariolajornada.com\/?p=211699\" \/>\n<meta property=\"og:site_name\" content=\"Diario La Jornada\" \/>\n<meta property=\"article:publisher\" content=\"https:\/\/es-la.facebook.com\/lajornadadeguarico\/\" \/>\n<meta property=\"article:published_time\" content=\"2024-10-14T13:51:43+00:00\" \/>\n<meta property=\"og:image\" content=\"https:\/\/diariolajornada.com\/wp-content\/uploads\/2024\/10\/la-otan-inicia-ejercicios-nucleares-para-enviar-un-mensaje-claro-a-sus-adversarios-160421.jpg\" \/>\n\t<meta property=\"og:image:width\" content=\"1242\" \/>\n\t<meta property=\"og:image:height\" content=\"699\" \/>\n\t<meta property=\"og:image:type\" content=\"image\/jpeg\" \/>\n<meta name=\"author\" content=\"admin\" \/>\n<meta name=\"twitter:card\" content=\"summary_large_image\" \/>\n<meta name=\"twitter:label1\" content=\"Escrito por\" \/>\n\t<meta name=\"twitter:data1\" content=\"admin\" \/>\n\t<meta name=\"twitter:label2\" content=\"Tiempo de lectura\" \/>\n\t<meta name=\"twitter:data2\" content=\"1 minuto\" \/>\n<script type=\"application\/ld+json\" class=\"yoast-schema-graph\">{\"@context\":\"https:\/\/schema.org\",\"@graph\":[{\"@type\":\"Article\",\"@id\":\"https:\/\/diariolajornada.com\/?p=211699#article\",\"isPartOf\":{\"@id\":\"https:\/\/diariolajornada.com\/?p=211699\"},\"author\":{\"name\":\"admin\",\"@id\":\"https:\/\/diariolajornada.com\/#\/schema\/person\/83fc9ad02376abb532ce4553a399186b\"},\"headline\":\"La OTAN inicia ejercicios nucleares para \u00abenviar un mensaje claro\u00bb a sus adversarios\",\"datePublished\":\"2024-10-14T13:51:43+00:00\",\"mainEntityOfPage\":{\"@id\":\"https:\/\/diariolajornada.com\/?p=211699\"},\"wordCount\":300,\"commentCount\":0,\"publisher\":{\"@id\":\"https:\/\/diariolajornada.com\/#organization\"},\"image\":{\"@id\":\"https:\/\/diariolajornada.com\/?p=211699#primaryimage\"},\"thumbnailUrl\":\"https:\/\/diariolajornada.com\/wp-content\/uploads\/2024\/10\/la-otan-inicia-ejercicios-nucleares-para-enviar-un-mensaje-claro-a-sus-adversarios-160421.jpg\",\"articleSection\":[\"DESTACADA\",\"Internacionales\"],\"inLanguage\":\"es\",\"potentialAction\":[{\"@type\":\"CommentAction\",\"name\":\"Comment\",\"target\":[\"https:\/\/diariolajornada.com\/?p=211699#respond\"]}]},{\"@type\":\"WebPage\",\"@id\":\"https:\/\/diariolajornada.com\/?p=211699\",\"url\":\"https:\/\/diariolajornada.com\/?p=211699\",\"name\":\"La OTAN inicia ejercicios nucleares para \\\"enviar un mensaje claro\\\" a sus adversarios - Diario La Jornada\",\"isPartOf\":{\"@id\":\"https:\/\/diariolajornada.com\/#website\"},\"primaryImageOfPage\":{\"@id\":\"https:\/\/diariolajornada.com\/?p=211699#primaryimage\"},\"image\":{\"@id\":\"https:\/\/diariolajornada.com\/?p=211699#primaryimage\"},\"thumbnailUrl\":\"https:\/\/diariolajornada.com\/wp-content\/uploads\/2024\/10\/la-otan-inicia-ejercicios-nucleares-para-enviar-un-mensaje-claro-a-sus-adversarios-160421.jpg\",\"datePublished\":\"2024-10-14T13:51:43+00:00\",\"description\":\"Los pa\u00edses de la Organizaci\u00f3n del Tratado del Atl\u00e1ntico Norte (OTAN) iniciaron este lunes su ejercicio anual de fuerza nuclear t\u00e1ctica Steadfast Noon\",\"breadcrumb\":{\"@id\":\"https:\/\/diariolajornada.com\/?p=211699#breadcrumb\"},\"inLanguage\":\"es\",\"potentialAction\":[{\"@type\":\"ReadAction\",\"target\":[\"https:\/\/diariolajornada.com\/?p=211699\"]}]},{\"@type\":\"ImageObject\",\"inLanguage\":\"es\",\"@id\":\"https:\/\/diariolajornada.com\/?p=211699#primaryimage\",\"url\":\"https:\/\/diariolajornada.com\/wp-content\/uploads\/2024\/10\/la-otan-inicia-ejercicios-nucleares-para-enviar-un-mensaje-claro-a-sus-adversarios-160421.jpg\",\"contentUrl\":\"https:\/\/diariolajornada.com\/wp-content\/uploads\/2024\/10\/la-otan-inicia-ejercicios-nucleares-para-enviar-un-mensaje-claro-a-sus-adversarios-160421.jpg\",\"width\":1242,\"height\":699},{\"@type\":\"BreadcrumbList\",\"@id\":\"https:\/\/diariolajornada.com\/?p=211699#breadcrumb\",\"itemListElement\":[{\"@type\":\"ListItem\",\"position\":1,\"name\":\"Portada\",\"item\":\"https:\/\/diariolajornada.com\/\"},{\"@type\":\"ListItem\",\"position\":2,\"name\":\"La OTAN inicia ejercicios nucleares para \u00abenviar un mensaje claro\u00bb a sus adversarios\"}]},{\"@type\":\"WebSite\",\"@id\":\"https:\/\/diariolajornada.com\/#website\",\"url\":\"https:\/\/diariolajornada.com\/\",\"name\":\"Diario La Jornada\",\"description\":\"Noticias Nacionales Regionales e Internacionales\",\"publisher\":{\"@id\":\"https:\/\/diariolajornada.com\/#organization\"},\"potentialAction\":[{\"@type\":\"SearchAction\",\"target\":{\"@type\":\"EntryPoint\",\"urlTemplate\":\"https:\/\/diariolajornada.com\/?s={search_term_string}\"},\"query-input\":{\"@type\":\"PropertyValueSpecification\",\"valueRequired\":true,\"valueName\":\"search_term_string\"}}],\"inLanguage\":\"es\"},{\"@type\":\"Organization\",\"@id\":\"https:\/\/diariolajornada.com\/#organization\",\"name\":\"Diario La Jornada\",\"url\":\"https:\/\/diariolajornada.com\/\",\"logo\":{\"@type\":\"ImageObject\",\"inLanguage\":\"es\",\"@id\":\"https:\/\/diariolajornada.com\/#\/schema\/logo\/image\/\",\"url\":\"https:\/\/diariolajornada.com\/wp-content\/uploads\/2021\/06\/LOGO-JORNADA-SVG-01-02.svg\",\"contentUrl\":\"https:\/\/diariolajornada.com\/wp-content\/uploads\/2021\/06\/LOGO-JORNADA-SVG-01-02.svg\",\"width\":350,\"height\":100,\"caption\":\"Diario La Jornada\"},\"image\":{\"@id\":\"https:\/\/diariolajornada.com\/#\/schema\/logo\/image\/\"},\"sameAs\":[\"https:\/\/es-la.facebook.com\/lajornadadeguarico\/\",\"https:\/\/www.instagram.com\/diariojornada\/?hl=es\"]},{\"@type\":\"Person\",\"@id\":\"https:\/\/diariolajornada.com\/#\/schema\/person\/83fc9ad02376abb532ce4553a399186b\",\"name\":\"admin\",\"image\":{\"@type\":\"ImageObject\",\"inLanguage\":\"es\",\"@id\":\"https:\/\/diariolajornada.com\/#\/schema\/person\/image\/\",\"url\":\"https:\/\/secure.gravatar.com\/avatar\/fdcecb87f300ccb988450328a61211f10a01c8bfedfca54e932145534024045b?s=96&d=mm&r=g\",\"contentUrl\":\"https:\/\/secure.gravatar.com\/avatar\/fdcecb87f300ccb988450328a61211f10a01c8bfedfca54e932145534024045b?s=96&d=mm&r=g\",\"caption\":\"admin\"},\"sameAs\":[\"https:\/\/diariolajornada.com\"],\"url\":\"https:\/\/diariolajornada.com\/?author=1\"}]}<\/script>\n<!-- \/ Yoast SEO plugin. -->","yoast_head_json":{"title":"La OTAN inicia ejercicios nucleares para \"enviar un mensaje claro\" a sus adversarios - Diario La Jornada","description":"Los pa\u00edses de la Organizaci\u00f3n del Tratado del Atl\u00e1ntico Norte (OTAN) iniciaron este lunes su ejercicio anual de fuerza nuclear t\u00e1ctica Steadfast Noon","robots":{"index":"index","follow":"follow","max-snippet":"max-snippet:-1","max-image-preview":"max-image-preview:large","max-video-preview":"max-video-preview:-1"},"canonical":"https:\/\/diariolajornada.com\/?p=211699","og_locale":"es_ES","og_type":"article","og_title":"La OTAN inicia ejercicios nucleares para \"enviar un mensaje claro\" a sus adversarios - Diario La Jornada","og_description":"Los pa\u00edses de la Organizaci\u00f3n del Tratado del Atl\u00e1ntico Norte (OTAN) iniciaron este lunes su ejercicio anual de fuerza nuclear t\u00e1ctica Steadfast Noon","og_url":"https:\/\/diariolajornada.com\/?p=211699","og_site_name":"Diario La Jornada","article_publisher":"https:\/\/es-la.facebook.com\/lajornadadeguarico\/","article_published_time":"2024-10-14T13:51:43+00:00","og_image":[{"width":1242,"height":699,"url":"https:\/\/diariolajornada.com\/wp-content\/uploads\/2024\/10\/la-otan-inicia-ejercicios-nucleares-para-enviar-un-mensaje-claro-a-sus-adversarios-160421.jpg","type":"image\/jpeg"}],"author":"admin","twitter_card":"summary_large_image","twitter_misc":{"Escrito por":"admin","Tiempo de lectura":"1 minuto"},"schema":{"@context":"https:\/\/schema.org","@graph":[{"@type":"Article","@id":"https:\/\/diariolajornada.com\/?p=211699#article","isPartOf":{"@id":"https:\/\/diariolajornada.com\/?p=211699"},"author":{"name":"admin","@id":"https:\/\/diariolajornada.com\/#\/schema\/person\/83fc9ad02376abb532ce4553a399186b"},"headline":"La OTAN inicia ejercicios nucleares para \u00abenviar un mensaje claro\u00bb a sus adversarios","datePublished":"2024-10-14T13:51:43+00:00","mainEntityOfPage":{"@id":"https:\/\/diariolajornada.com\/?p=211699"},"wordCount":300,"commentCount":0,"publisher":{"@id":"https:\/\/diariolajornada.com\/#organization"},"image":{"@id":"https:\/\/diariolajornada.com\/?p=211699#primaryimage"},"thumbnailUrl":"https:\/\/diariolajornada.com\/wp-content\/uploads\/2024\/10\/la-otan-inicia-ejercicios-nucleares-para-enviar-un-mensaje-claro-a-sus-adversarios-160421.jpg","articleSection":["DESTACADA","Internacionales"],"inLanguage":"es","potentialAction":[{"@type":"CommentAction","name":"Comment","target":["https:\/\/diariolajornada.com\/?p=211699#respond"]}]},{"@type":"WebPage","@id":"https:\/\/diariolajornada.com\/?p=211699","url":"https:\/\/diariolajornada.com\/?p=211699","name":"La OTAN inicia ejercicios nucleares para \"enviar un mensaje claro\" a sus adversarios - Diario La Jornada","isPartOf":{"@id":"https:\/\/diariolajornada.com\/#website"},"primaryImageOfPage":{"@id":"https:\/\/diariolajornada.com\/?p=211699#primaryimage"},"image":{"@id":"https:\/\/diariolajornada.com\/?p=211699#primaryimage"},"thumbnailUrl":"https:\/\/diariolajornada.com\/wp-content\/uploads\/2024\/10\/la-otan-inicia-ejercicios-nucleares-para-enviar-un-mensaje-claro-a-sus-adversarios-160421.jpg","datePublished":"2024-10-14T13:51:43+00:00","description":"Los pa\u00edses de la Organizaci\u00f3n del Tratado del Atl\u00e1ntico Norte (OTAN) iniciaron este lunes su ejercicio anual de fuerza nuclear t\u00e1ctica Steadfast Noon","breadcrumb":{"@id":"https:\/\/diariolajornada.com\/?p=211699#breadcrumb"},"inLanguage":"es","potentialAction":[{"@type":"ReadAction","target":["https:\/\/diariolajornada.com\/?p=211699"]}]},{"@type":"ImageObject","inLanguage":"es","@id":"https:\/\/diariolajornada.com\/?p=211699#primaryimage","url":"https:\/\/diariolajornada.com\/wp-content\/uploads\/2024\/10\/la-otan-inicia-ejercicios-nucleares-para-enviar-un-mensaje-claro-a-sus-adversarios-160421.jpg","contentUrl":"https:\/\/diariolajornada.com\/wp-content\/uploads\/2024\/10\/la-otan-inicia-ejercicios-nucleares-para-enviar-un-mensaje-claro-a-sus-adversarios-160421.jpg","width":1242,"height":699},{"@type":"BreadcrumbList","@id":"https:\/\/diariolajornada.com\/?p=211699#breadcrumb","itemListElement":[{"@type":"ListItem","position":1,"name":"Portada","item":"https:\/\/diariolajornada.com\/"},{"@type":"ListItem","position":2,"name":"La OTAN inicia ejercicios nucleares para \u00abenviar un mensaje claro\u00bb a sus adversarios"}]},{"@type":"WebSite","@id":"https:\/\/diariolajornada.com\/#website","url":"https:\/\/diariolajornada.com\/","name":"Diario La Jornada","description":"Noticias Nacionales Regionales e Internacionales","publisher":{"@id":"https:\/\/diariolajornada.com\/#organization"},"potentialAction":[{"@type":"SearchAction","target":{"@type":"EntryPoint","urlTemplate":"https:\/\/diariolajornada.com\/?s={search_term_string}"},"query-input":{"@type":"PropertyValueSpecification","valueRequired":true,"valueName":"search_term_string"}}],"inLanguage":"es"},{"@type":"Organization","@id":"https:\/\/diariolajornada.com\/#organization","name":"Diario La Jornada","url":"https:\/\/diariolajornada.com\/","logo":{"@type":"ImageObject","inLanguage":"es","@id":"https:\/\/diariolajornada.com\/#\/schema\/logo\/image\/","url":"https:\/\/diariolajornada.com\/wp-content\/uploads\/2021\/06\/LOGO-JORNADA-SVG-01-02.svg","contentUrl":"https:\/\/diariolajornada.com\/wp-content\/uploads\/2021\/06\/LOGO-JORNADA-SVG-01-02.svg","width":350,"height":100,"caption":"Diario La Jornada"},"image":{"@id":"https:\/\/diariolajornada.com\/#\/schema\/logo\/image\/"},"sameAs":["https:\/\/es-la.facebook.com\/lajornadadeguarico\/","https:\/\/www.instagram.com\/diariojornada\/?hl=es"]},{"@type":"Person","@id":"https:\/\/diariolajornada.com\/#\/schema\/person\/83fc9ad02376abb532ce4553a399186b","name":"admin","image":{"@type":"ImageObject","inLanguage":"es","@id":"https:\/\/diariolajornada.com\/#\/schema\/person\/image\/","url":"https:\/\/secure.gravatar.com\/avatar\/fdcecb87f300ccb988450328a61211f10a01c8bfedfca54e932145534024045b?s=96&d=mm&r=g","contentUrl":"https:\/\/secure.gravatar.com\/avatar\/fdcecb87f300ccb988450328a61211f10a01c8bfedfca54e932145534024045b?s=96&d=mm&r=g","caption":"admin"},"sameAs":["https:\/\/diariolajornada.com"],"url":"https:\/\/diariolajornada.com\/?author=1"}]}},"_links":{"self":[{"href":"https:\/\/diariolajornada.com\/index.php?rest_route=\/wp\/v2\/posts\/211699","targetHints":{"allow":["GET"]}}],"collection":[{"href":"https:\/\/diariolajornada.com\/index.php?rest_route=\/wp\/v2\/posts"}],"about":[{"href":"https:\/\/diariolajornada.com\/index.php?rest_route=\/wp\/v2\/types\/post"}],"author":[{"embeddable":true,"href":"https:\/\/diariolajornada.com\/index.php?rest_route=\/wp\/v2\/users\/1"}],"replies":[{"embeddable":true,"href":"https:\/\/diariolajornada.com\/index.php?rest_route=%2Fwp%2Fv2%2Fcomments&post=211699"}],"version-history":[{"count":1,"href":"https:\/\/diariolajornada.com\/index.php?rest_route=\/wp\/v2\/posts\/211699\/revisions"}],"predecessor-version":[{"id":211700,"href":"https:\/\/diariolajornada.com\/index.php?rest_route=\/wp\/v2\/posts\/211699\/revisions\/211700"}],"wp:featuredmedia":[{"embeddable":true,"href":"https:\/\/diariolajornada.com\/index.php?rest_route=\/wp\/v2\/media\/211683"}],"wp:attachment":[{"href":"https:\/\/diariolajornada.com\/index.php?rest_route=%2Fwp%2Fv2%2Fmedia&parent=211699"}],"wp:term":[{"taxonomy":"category","embeddable":true,"href":"https:\/\/diariolajornada.com\/index.php?rest_route=%2Fwp%2Fv2%2Fcategories&post=211699"},{"taxonomy":"post_tag","embeddable":true,"href":"https:\/\/diariolajornada.com\/index.php?rest_route=%2Fwp%2Fv2%2Ftags&post=211699"}],"curies":[{"name":"wp","href":"https:\/\/api.w.org\/{rel}","templated":true}]}}