{"id":211701,"date":"2024-10-14T09:53:03","date_gmt":"2024-10-14T13:53:03","guid":{"rendered":"https:\/\/diariolajornada.com\/?p=211701"},"modified":"2024-10-14T09:53:03","modified_gmt":"2024-10-14T13:53:03","slug":"hinterlaces-70-de-aprobacion-tiene-la-fiscalia-general-de-la-republica","status":"publish","type":"post","link":"https:\/\/diariolajornada.com\/?p=211701","title":{"rendered":"Hinterlaces: 70% de aprobaci\u00f3n tiene la Fiscal\u00eda General de la Rep\u00fablica"},"content":{"rendered":"<p>7 de cada 10 venezolanos tiene una opini\u00f3n favorable acerca de la gesti\u00f3n de la Fiscal\u00eda General de la Rep\u00fablica, as\u00ed lo se\u00f1al\u00f3 el presidente de Hinterlaces, \u00d3scar Sch\u00e9mel.<\/p>\n<p>Sch\u00e9mel sostuvo una conversaci\u00f3n en el programa An\u00e1lisis Situacional por Globovision, con el Fiscal General de la Rep\u00fablica, Tarek William Saab, en el que sostuvo que la Fiscal\u00eda General \u201ces la instituci\u00f3n p\u00fablica mejor valorada por la mayor\u00eda\u201d.<\/p>\n<p>Por su parte, el Fiscal General explic\u00f3 que \u00abel contacto directo y personal con la gente ha sido un sello profundo\u201d de su gesti\u00f3n.<\/p>\n<p>Saab detall\u00f3 que en los \u00faltimos 7 a\u00f1os han atendido 1.829.624 personas. \u201cEsto es impresionante, en acciones de calle, en movimientos sociales, Ministerio P\u00fablico va a tu comunidad, a tu parroquia y la atenci\u00f3n personalizada en los despachos fiscales\u201d.<\/p>\n<blockquote class=\"twitter-tweet\" data-width=\"550\" data-dnt=\"true\">\n<p lang=\"es\" dir=\"ltr\">\ud83d\udcc8 70% DE APROBACI\u00d3N TIENE LA FISCAL\u00cdA GENERAL DE LA REPUBLICA<\/p>\n<p>\ud83d\udcca 7 de cada 10 venezolanos tiene una OPINI\u00d3N FAVORABLE acerca de la gesti\u00f3n de la Fiscal\u00eda General de la Rep\u00fablica. Hoy es la instituci\u00f3n p\u00fablica mejor valorada por la mayor\u00eda.<\/p>\n<p>\ud83d\udde3\ufe0f Tarek William Saab &quot;El contacto\u2026 <a href=\"https:\/\/t.co\/gKHRIMGuOj\">pic.twitter.com\/gKHRIMGuOj<\/a><\/p>\n<p>&mdash; Hinterlaces (@Hinterlaces) <a href=\"https:\/\/twitter.com\/Hinterlaces\/status\/1845480128031130046?ref_src=twsrc%5Etfw\">October 13, 2024<\/a><\/p><\/blockquote>\n<p><script async src=\"https:\/\/platform.twitter.com\/widgets.js\" charset=\"utf-8\"><\/script><\/p>\n","protected":false},"excerpt":{"rendered":"<p>7 de cada 10 venezolanos tiene una opini\u00f3n favorable acerca de la gesti\u00f3n de la Fiscal\u00eda General de la Rep\u00fablica, as\u00ed lo se\u00f1al\u00f3 el presidente de Hinterlaces, \u00d3scar Sch\u00e9mel. Sch\u00e9mel sostuvo una conversaci\u00f3n en el programa An\u00e1lisis Situacional por Globovision, con el Fiscal General de la Rep\u00fablica, Tarek William Saab, en el que sostuvo que [&hellip;]<\/p>\n","protected":false},"author":1,"featured_media":211687,"comment_status":"open","ping_status":"open","sticky":false,"template":"","format":"standard","meta":{"footnotes":""},"categories":[17,8],"tags":[],"class_list":["post-211701","post","type-post","status-publish","format-standard","has-post-thumbnail","hentry","category-destacada","category-nacionales"],"yoast_head":"<!-- This site is optimized with the Yoast SEO plugin v24.4 - https:\/\/yoast.com\/wordpress\/plugins\/seo\/ -->\n<title>Hinterlaces: 70% de aprobaci\u00f3n tiene la Fiscal\u00eda General de la Rep\u00fablica - Diario La Jornada<\/title>\n<meta name=\"robots\" content=\"index, follow, max-snippet:-1, max-image-preview:large, max-video-preview:-1\" \/>\n<link rel=\"canonical\" href=\"https:\/\/diariolajornada.com\/?p=211701\" \/>\n<meta property=\"og:locale\" content=\"es_ES\" \/>\n<meta property=\"og:type\" content=\"article\" \/>\n<meta property=\"og:title\" content=\"Hinterlaces: 70% de aprobaci\u00f3n tiene la Fiscal\u00eda General de la Rep\u00fablica - Diario La Jornada\" \/>\n<meta property=\"og:description\" content=\"7 de cada 10 venezolanos tiene una opini\u00f3n favorable acerca de la gesti\u00f3n de la Fiscal\u00eda General de la Rep\u00fablica, as\u00ed lo se\u00f1al\u00f3 el presidente de Hinterlaces, \u00d3scar Sch\u00e9mel. Sch\u00e9mel sostuvo una conversaci\u00f3n en el programa An\u00e1lisis Situacional por Globovision, con el Fiscal General de la Rep\u00fablica, Tarek William Saab, en el que sostuvo que [&hellip;]\" \/>\n<meta property=\"og:url\" content=\"https:\/\/diariolajornada.com\/?p=211701\" \/>\n<meta property=\"og:site_name\" content=\"Diario La Jornada\" \/>\n<meta property=\"article:publisher\" content=\"https:\/\/es-la.facebook.com\/lajornadadeguarico\/\" \/>\n<meta property=\"article:published_time\" content=\"2024-10-14T13:53:03+00:00\" \/>\n<meta property=\"og:image\" content=\"https:\/\/diariolajornada.com\/wp-content\/uploads\/2024\/10\/tarek-william-saab-en-el-programa-analisis-situacional-29728-696x391-1.jpg\" \/>\n\t<meta property=\"og:image:width\" content=\"696\" \/>\n\t<meta property=\"og:image:height\" content=\"391\" \/>\n\t<meta property=\"og:image:type\" content=\"image\/jpeg\" \/>\n<meta name=\"author\" content=\"admin\" \/>\n<meta name=\"twitter:card\" content=\"summary_large_image\" \/>\n<meta name=\"twitter:label1\" content=\"Escrito por\" \/>\n\t<meta name=\"twitter:data1\" content=\"admin\" \/>\n\t<meta name=\"twitter:label2\" content=\"Tiempo de lectura\" \/>\n\t<meta name=\"twitter:data2\" content=\"1 minuto\" \/>\n<script type=\"application\/ld+json\" class=\"yoast-schema-graph\">{\"@context\":\"https:\/\/schema.org\",\"@graph\":[{\"@type\":\"Article\",\"@id\":\"https:\/\/diariolajornada.com\/?p=211701#article\",\"isPartOf\":{\"@id\":\"https:\/\/diariolajornada.com\/?p=211701\"},\"author\":{\"name\":\"admin\",\"@id\":\"https:\/\/diariolajornada.com\/#\/schema\/person\/83fc9ad02376abb532ce4553a399186b\"},\"headline\":\"Hinterlaces: 70% de aprobaci\u00f3n tiene la Fiscal\u00eda General de la Rep\u00fablica\",\"datePublished\":\"2024-10-14T13:53:03+00:00\",\"mainEntityOfPage\":{\"@id\":\"https:\/\/diariolajornada.com\/?p=211701\"},\"wordCount\":187,\"commentCount\":0,\"publisher\":{\"@id\":\"https:\/\/diariolajornada.com\/#organization\"},\"image\":{\"@id\":\"https:\/\/diariolajornada.com\/?p=211701#primaryimage\"},\"thumbnailUrl\":\"https:\/\/diariolajornada.com\/wp-content\/uploads\/2024\/10\/tarek-william-saab-en-el-programa-analisis-situacional-29728-696x391-1.jpg\",\"articleSection\":[\"DESTACADA\",\"Nacionales\"],\"inLanguage\":\"es\",\"potentialAction\":[{\"@type\":\"CommentAction\",\"name\":\"Comment\",\"target\":[\"https:\/\/diariolajornada.com\/?p=211701#respond\"]}]},{\"@type\":\"WebPage\",\"@id\":\"https:\/\/diariolajornada.com\/?p=211701\",\"url\":\"https:\/\/diariolajornada.com\/?p=211701\",\"name\":\"Hinterlaces: 70% de aprobaci\u00f3n tiene la Fiscal\u00eda General de la Rep\u00fablica - Diario La Jornada\",\"isPartOf\":{\"@id\":\"https:\/\/diariolajornada.com\/#website\"},\"primaryImageOfPage\":{\"@id\":\"https:\/\/diariolajornada.com\/?p=211701#primaryimage\"},\"image\":{\"@id\":\"https:\/\/diariolajornada.com\/?p=211701#primaryimage\"},\"thumbnailUrl\":\"https:\/\/diariolajornada.com\/wp-content\/uploads\/2024\/10\/tarek-william-saab-en-el-programa-analisis-situacional-29728-696x391-1.jpg\",\"datePublished\":\"2024-10-14T13:53:03+00:00\",\"breadcrumb\":{\"@id\":\"https:\/\/diariolajornada.com\/?p=211701#breadcrumb\"},\"inLanguage\":\"es\",\"potentialAction\":[{\"@type\":\"ReadAction\",\"target\":[\"https:\/\/diariolajornada.com\/?p=211701\"]}]},{\"@type\":\"ImageObject\",\"inLanguage\":\"es\",\"@id\":\"https:\/\/diariolajornada.com\/?p=211701#primaryimage\",\"url\":\"https:\/\/diariolajornada.com\/wp-content\/uploads\/2024\/10\/tarek-william-saab-en-el-programa-analisis-situacional-29728-696x391-1.jpg\",\"contentUrl\":\"https:\/\/diariolajornada.com\/wp-content\/uploads\/2024\/10\/tarek-william-saab-en-el-programa-analisis-situacional-29728-696x391-1.jpg\",\"width\":696,\"height\":391},{\"@type\":\"BreadcrumbList\",\"@id\":\"https:\/\/diariolajornada.com\/?p=211701#breadcrumb\",\"itemListElement\":[{\"@type\":\"ListItem\",\"position\":1,\"name\":\"Portada\",\"item\":\"https:\/\/diariolajornada.com\/\"},{\"@type\":\"ListItem\",\"position\":2,\"name\":\"Hinterlaces: 70% de aprobaci\u00f3n tiene la Fiscal\u00eda General de la Rep\u00fablica\"}]},{\"@type\":\"WebSite\",\"@id\":\"https:\/\/diariolajornada.com\/#website\",\"url\":\"https:\/\/diariolajornada.com\/\",\"name\":\"Diario La Jornada\",\"description\":\"Noticias Nacionales Regionales e Internacionales\",\"publisher\":{\"@id\":\"https:\/\/diariolajornada.com\/#organization\"},\"potentialAction\":[{\"@type\":\"SearchAction\",\"target\":{\"@type\":\"EntryPoint\",\"urlTemplate\":\"https:\/\/diariolajornada.com\/?s={search_term_string}\"},\"query-input\":{\"@type\":\"PropertyValueSpecification\",\"valueRequired\":true,\"valueName\":\"search_term_string\"}}],\"inLanguage\":\"es\"},{\"@type\":\"Organization\",\"@id\":\"https:\/\/diariolajornada.com\/#organization\",\"name\":\"Diario La Jornada\",\"url\":\"https:\/\/diariolajornada.com\/\",\"logo\":{\"@type\":\"ImageObject\",\"inLanguage\":\"es\",\"@id\":\"https:\/\/diariolajornada.com\/#\/schema\/logo\/image\/\",\"url\":\"https:\/\/diariolajornada.com\/wp-content\/uploads\/2021\/06\/LOGO-JORNADA-SVG-01-02.svg\",\"contentUrl\":\"https:\/\/diariolajornada.com\/wp-content\/uploads\/2021\/06\/LOGO-JORNADA-SVG-01-02.svg\",\"width\":350,\"height\":100,\"caption\":\"Diario La Jornada\"},\"image\":{\"@id\":\"https:\/\/diariolajornada.com\/#\/schema\/logo\/image\/\"},\"sameAs\":[\"https:\/\/es-la.facebook.com\/lajornadadeguarico\/\",\"https:\/\/www.instagram.com\/diariojornada\/?hl=es\"]},{\"@type\":\"Person\",\"@id\":\"https:\/\/diariolajornada.com\/#\/schema\/person\/83fc9ad02376abb532ce4553a399186b\",\"name\":\"admin\",\"image\":{\"@type\":\"ImageObject\",\"inLanguage\":\"es\",\"@id\":\"https:\/\/diariolajornada.com\/#\/schema\/person\/image\/\",\"url\":\"https:\/\/secure.gravatar.com\/avatar\/fdcecb87f300ccb988450328a61211f10a01c8bfedfca54e932145534024045b?s=96&d=mm&r=g\",\"contentUrl\":\"https:\/\/secure.gravatar.com\/avatar\/fdcecb87f300ccb988450328a61211f10a01c8bfedfca54e932145534024045b?s=96&d=mm&r=g\",\"caption\":\"admin\"},\"sameAs\":[\"https:\/\/diariolajornada.com\"],\"url\":\"https:\/\/diariolajornada.com\/?author=1\"}]}<\/script>\n<!-- \/ Yoast SEO plugin. -->","yoast_head_json":{"title":"Hinterlaces: 70% de aprobaci\u00f3n tiene la Fiscal\u00eda General de la Rep\u00fablica - Diario La Jornada","robots":{"index":"index","follow":"follow","max-snippet":"max-snippet:-1","max-image-preview":"max-image-preview:large","max-video-preview":"max-video-preview:-1"},"canonical":"https:\/\/diariolajornada.com\/?p=211701","og_locale":"es_ES","og_type":"article","og_title":"Hinterlaces: 70% de aprobaci\u00f3n tiene la Fiscal\u00eda General de la Rep\u00fablica - Diario La Jornada","og_description":"7 de cada 10 venezolanos tiene una opini\u00f3n favorable acerca de la gesti\u00f3n de la Fiscal\u00eda General de la Rep\u00fablica, as\u00ed lo se\u00f1al\u00f3 el presidente de Hinterlaces, \u00d3scar Sch\u00e9mel. Sch\u00e9mel sostuvo una conversaci\u00f3n en el programa An\u00e1lisis Situacional por Globovision, con el Fiscal General de la Rep\u00fablica, Tarek William Saab, en el que sostuvo que [&hellip;]","og_url":"https:\/\/diariolajornada.com\/?p=211701","og_site_name":"Diario La Jornada","article_publisher":"https:\/\/es-la.facebook.com\/lajornadadeguarico\/","article_published_time":"2024-10-14T13:53:03+00:00","og_image":[{"width":696,"height":391,"url":"https:\/\/diariolajornada.com\/wp-content\/uploads\/2024\/10\/tarek-william-saab-en-el-programa-analisis-situacional-29728-696x391-1.jpg","type":"image\/jpeg"}],"author":"admin","twitter_card":"summary_large_image","twitter_misc":{"Escrito por":"admin","Tiempo de lectura":"1 minuto"},"schema":{"@context":"https:\/\/schema.org","@graph":[{"@type":"Article","@id":"https:\/\/diariolajornada.com\/?p=211701#article","isPartOf":{"@id":"https:\/\/diariolajornada.com\/?p=211701"},"author":{"name":"admin","@id":"https:\/\/diariolajornada.com\/#\/schema\/person\/83fc9ad02376abb532ce4553a399186b"},"headline":"Hinterlaces: 70% de aprobaci\u00f3n tiene la Fiscal\u00eda General de la Rep\u00fablica","datePublished":"2024-10-14T13:53:03+00:00","mainEntityOfPage":{"@id":"https:\/\/diariolajornada.com\/?p=211701"},"wordCount":187,"commentCount":0,"publisher":{"@id":"https:\/\/diariolajornada.com\/#organization"},"image":{"@id":"https:\/\/diariolajornada.com\/?p=211701#primaryimage"},"thumbnailUrl":"https:\/\/diariolajornada.com\/wp-content\/uploads\/2024\/10\/tarek-william-saab-en-el-programa-analisis-situacional-29728-696x391-1.jpg","articleSection":["DESTACADA","Nacionales"],"inLanguage":"es","potentialAction":[{"@type":"CommentAction","name":"Comment","target":["https:\/\/diariolajornada.com\/?p=211701#respond"]}]},{"@type":"WebPage","@id":"https:\/\/diariolajornada.com\/?p=211701","url":"https:\/\/diariolajornada.com\/?p=211701","name":"Hinterlaces: 70% de aprobaci\u00f3n tiene la Fiscal\u00eda General de la Rep\u00fablica - Diario La Jornada","isPartOf":{"@id":"https:\/\/diariolajornada.com\/#website"},"primaryImageOfPage":{"@id":"https:\/\/diariolajornada.com\/?p=211701#primaryimage"},"image":{"@id":"https:\/\/diariolajornada.com\/?p=211701#primaryimage"},"thumbnailUrl":"https:\/\/diariolajornada.com\/wp-content\/uploads\/2024\/10\/tarek-william-saab-en-el-programa-analisis-situacional-29728-696x391-1.jpg","datePublished":"2024-10-14T13:53:03+00:00","breadcrumb":{"@id":"https:\/\/diariolajornada.com\/?p=211701#breadcrumb"},"inLanguage":"es","potentialAction":[{"@type":"ReadAction","target":["https:\/\/diariolajornada.com\/?p=211701"]}]},{"@type":"ImageObject","inLanguage":"es","@id":"https:\/\/diariolajornada.com\/?p=211701#primaryimage","url":"https:\/\/diariolajornada.com\/wp-content\/uploads\/2024\/10\/tarek-william-saab-en-el-programa-analisis-situacional-29728-696x391-1.jpg","contentUrl":"https:\/\/diariolajornada.com\/wp-content\/uploads\/2024\/10\/tarek-william-saab-en-el-programa-analisis-situacional-29728-696x391-1.jpg","width":696,"height":391},{"@type":"BreadcrumbList","@id":"https:\/\/diariolajornada.com\/?p=211701#breadcrumb","itemListElement":[{"@type":"ListItem","position":1,"name":"Portada","item":"https:\/\/diariolajornada.com\/"},{"@type":"ListItem","position":2,"name":"Hinterlaces: 70% de aprobaci\u00f3n tiene la Fiscal\u00eda General de la Rep\u00fablica"}]},{"@type":"WebSite","@id":"https:\/\/diariolajornada.com\/#website","url":"https:\/\/diariolajornada.com\/","name":"Diario La Jornada","description":"Noticias Nacionales Regionales e Internacionales","publisher":{"@id":"https:\/\/diariolajornada.com\/#organization"},"potentialAction":[{"@type":"SearchAction","target":{"@type":"EntryPoint","urlTemplate":"https:\/\/diariolajornada.com\/?s={search_term_string}"},"query-input":{"@type":"PropertyValueSpecification","valueRequired":true,"valueName":"search_term_string"}}],"inLanguage":"es"},{"@type":"Organization","@id":"https:\/\/diariolajornada.com\/#organization","name":"Diario La Jornada","url":"https:\/\/diariolajornada.com\/","logo":{"@type":"ImageObject","inLanguage":"es","@id":"https:\/\/diariolajornada.com\/#\/schema\/logo\/image\/","url":"https:\/\/diariolajornada.com\/wp-content\/uploads\/2021\/06\/LOGO-JORNADA-SVG-01-02.svg","contentUrl":"https:\/\/diariolajornada.com\/wp-content\/uploads\/2021\/06\/LOGO-JORNADA-SVG-01-02.svg","width":350,"height":100,"caption":"Diario La Jornada"},"image":{"@id":"https:\/\/diariolajornada.com\/#\/schema\/logo\/image\/"},"sameAs":["https:\/\/es-la.facebook.com\/lajornadadeguarico\/","https:\/\/www.instagram.com\/diariojornada\/?hl=es"]},{"@type":"Person","@id":"https:\/\/diariolajornada.com\/#\/schema\/person\/83fc9ad02376abb532ce4553a399186b","name":"admin","image":{"@type":"ImageObject","inLanguage":"es","@id":"https:\/\/diariolajornada.com\/#\/schema\/person\/image\/","url":"https:\/\/secure.gravatar.com\/avatar\/fdcecb87f300ccb988450328a61211f10a01c8bfedfca54e932145534024045b?s=96&d=mm&r=g","contentUrl":"https:\/\/secure.gravatar.com\/avatar\/fdcecb87f300ccb988450328a61211f10a01c8bfedfca54e932145534024045b?s=96&d=mm&r=g","caption":"admin"},"sameAs":["https:\/\/diariolajornada.com"],"url":"https:\/\/diariolajornada.com\/?author=1"}]}},"_links":{"self":[{"href":"https:\/\/diariolajornada.com\/index.php?rest_route=\/wp\/v2\/posts\/211701","targetHints":{"allow":["GET"]}}],"collection":[{"href":"https:\/\/diariolajornada.com\/index.php?rest_route=\/wp\/v2\/posts"}],"about":[{"href":"https:\/\/diariolajornada.com\/index.php?rest_route=\/wp\/v2\/types\/post"}],"author":[{"embeddable":true,"href":"https:\/\/diariolajornada.com\/index.php?rest_route=\/wp\/v2\/users\/1"}],"replies":[{"embeddable":true,"href":"https:\/\/diariolajornada.com\/index.php?rest_route=%2Fwp%2Fv2%2Fcomments&post=211701"}],"version-history":[{"count":1,"href":"https:\/\/diariolajornada.com\/index.php?rest_route=\/wp\/v2\/posts\/211701\/revisions"}],"predecessor-version":[{"id":211702,"href":"https:\/\/diariolajornada.com\/index.php?rest_route=\/wp\/v2\/posts\/211701\/revisions\/211702"}],"wp:featuredmedia":[{"embeddable":true,"href":"https:\/\/diariolajornada.com\/index.php?rest_route=\/wp\/v2\/media\/211687"}],"wp:attachment":[{"href":"https:\/\/diariolajornada.com\/index.php?rest_route=%2Fwp%2Fv2%2Fmedia&parent=211701"}],"wp:term":[{"taxonomy":"category","embeddable":true,"href":"https:\/\/diariolajornada.com\/index.php?rest_route=%2Fwp%2Fv2%2Fcategories&post=211701"},{"taxonomy":"post_tag","embeddable":true,"href":"https:\/\/diariolajornada.com\/index.php?rest_route=%2Fwp%2Fv2%2Ftags&post=211701"}],"curies":[{"name":"wp","href":"https:\/\/api.w.org\/{rel}","templated":true}]}}