{"id":211705,"date":"2024-10-14T09:55:24","date_gmt":"2024-10-14T13:55:24","guid":{"rendered":"https:\/\/diariolajornada.com\/?p=211705"},"modified":"2024-10-14T09:55:24","modified_gmt":"2024-10-14T13:55:24","slug":"venezuela-apuesta-por-entrar-a-los-brics-de-cara-a-cumbre-en-rusia-el-22-oct","status":"publish","type":"post","link":"https:\/\/diariolajornada.com\/?p=211705","title":{"rendered":"Venezuela apuesta por entrar a los BRICS de cara a Cumbre en Rusia el 22-Oct"},"content":{"rendered":"<p>El gobierno venezolanos se\u00f1al\u00f3 a sus reservas de crudo las mayores del mundo y su ubicaci\u00f3n geogr\u00e1fica como sus ventajas y \u201cfortalezas\u201d para ingresar como miembro pleno al grupo de econom\u00edas emergentes BRICS, lo que espera se materialice en la cumbre que se celebrar\u00e1 en Rusia este mes.<\/p>\n<p>A juicio de la vicecanciller para Europa, Coromoto Godoy, la adhesi\u00f3n de Venezuela convertir\u00eda a los BRICS en \u201cla potencia petrolera y energ\u00e9tica definitiva, y facilitar\u00eda la diversificaci\u00f3n de las fuentes de energ\u00eda entre los miembros (Brasil, Rusia, India, China, Sur\u00e1frica, Ir\u00e1n, Arabia Saud\u00ed, Emiratos, Egipto y Etiop\u00eda)\u201d.<\/p>\n<p>Asimismo, su posici\u00f3n geogr\u00e1fica, con \u201cacceso al oc\u00e9ano Atl\u00e1ntico, brinda una conexi\u00f3n estrat\u00e9gica con otras regiones del mundo, lo que coadyuvar\u00e1 a incrementar y profundizar a\u00fan m\u00e1s la cooperaci\u00f3n econ\u00f3mica y comercial entre los BRICS y Am\u00e9rica Latina y el Caribe\u201d, explic\u00f3 la funcionaria.<\/p>\n<p>Por tanto, Godoy, durante una conferencia virtual, afirm\u00f3 que la entrada de su pa\u00eds al grupo garantizar\u00eda una relaci\u00f3n \u201cganar-gana\u201d, y supondr\u00eda \u201cun mensaje clave\u201d de que Venezuela \u201cse alinea siempre a la paz y a la b\u00fasqueda de alternativas, ante una hegemon\u00eda que intenta aplastar la diferencia\u201d.<\/p>\n<p>\u201cLa intenci\u00f3n de convertirse en miembro pleno de este grupo coincide con (\u2026) uno de sus objetivos hist\u00f3ricos: (\u2026) contribuir al desarrollo de una nueva geopol\u00edtica internacional\u201d, agreg\u00f3 la Viceministra.<\/p>\n<p>Esta semana, el Kremlin indic\u00f3 que l\u00edderes de 24 pa\u00edses han confirmado su asistencia a la cumbre de los BRICS, que tendr\u00e1 lugar en la ciudad rusa de Kaz\u00e1n del 22 al 24 de octubre.<\/p>\n<p>El presidente ruso, Vlad\u00edmir Putin, dijo recientemente que la contribuci\u00f3n a la econom\u00eda mundial del grupo BRICS ya ha superado a la del G7 y contin\u00faa creciendo.<\/p>\n","protected":false},"excerpt":{"rendered":"<p>El gobierno venezolanos se\u00f1al\u00f3 a sus reservas de crudo las mayores del mundo y su ubicaci\u00f3n geogr\u00e1fica como sus ventajas y \u201cfortalezas\u201d para ingresar como miembro pleno al grupo de econom\u00edas emergentes BRICS, lo que espera se materialice en la cumbre que se celebrar\u00e1 en Rusia este mes. A juicio de la vicecanciller para Europa, [&hellip;]<\/p>\n","protected":false},"author":1,"featured_media":211688,"comment_status":"open","ping_status":"open","sticky":false,"template":"","format":"standard","meta":{"footnotes":""},"categories":[17,8],"tags":[],"class_list":["post-211705","post","type-post","status-publish","format-standard","has-post-thumbnail","hentry","category-destacada","category-nacionales"],"yoast_head":"<!-- This site is optimized with the Yoast SEO plugin v24.4 - https:\/\/yoast.com\/wordpress\/plugins\/seo\/ -->\n<title>Venezuela apuesta por entrar a los BRICS de cara a Cumbre en Rusia el 22-Oct - Diario La Jornada<\/title>\n<meta name=\"robots\" content=\"index, follow, max-snippet:-1, max-image-preview:large, max-video-preview:-1\" \/>\n<link rel=\"canonical\" href=\"https:\/\/diariolajornada.com\/?p=211705\" \/>\n<meta property=\"og:locale\" content=\"es_ES\" \/>\n<meta property=\"og:type\" content=\"article\" \/>\n<meta property=\"og:title\" content=\"Venezuela apuesta por entrar a los BRICS de cara a Cumbre en Rusia el 22-Oct - Diario La Jornada\" \/>\n<meta property=\"og:description\" content=\"El gobierno venezolanos se\u00f1al\u00f3 a sus reservas de crudo las mayores del mundo y su ubicaci\u00f3n geogr\u00e1fica como sus ventajas y \u201cfortalezas\u201d para ingresar como miembro pleno al grupo de econom\u00edas emergentes BRICS, lo que espera se materialice en la cumbre que se celebrar\u00e1 en Rusia este mes. A juicio de la vicecanciller para Europa, [&hellip;]\" \/>\n<meta property=\"og:url\" content=\"https:\/\/diariolajornada.com\/?p=211705\" \/>\n<meta property=\"og:site_name\" content=\"Diario La Jornada\" \/>\n<meta property=\"article:publisher\" content=\"https:\/\/es-la.facebook.com\/lajornadadeguarico\/\" \/>\n<meta property=\"article:published_time\" content=\"2024-10-14T13:55:24+00:00\" \/>\n<meta property=\"og:image\" content=\"https:\/\/diariolajornada.com\/wp-content\/uploads\/2024\/10\/venezuela-ofrecera-sus-reservas-de-petroleo-a-los-brics-156005.jpg\" \/>\n\t<meta property=\"og:image:width\" content=\"1242\" \/>\n\t<meta property=\"og:image:height\" content=\"699\" \/>\n\t<meta property=\"og:image:type\" content=\"image\/jpeg\" \/>\n<meta name=\"author\" content=\"admin\" \/>\n<meta name=\"twitter:card\" content=\"summary_large_image\" \/>\n<meta name=\"twitter:label1\" content=\"Escrito por\" \/>\n\t<meta name=\"twitter:data1\" content=\"admin\" \/>\n\t<meta name=\"twitter:label2\" content=\"Tiempo de lectura\" \/>\n\t<meta name=\"twitter:data2\" content=\"2 minutos\" \/>\n<script type=\"application\/ld+json\" class=\"yoast-schema-graph\">{\"@context\":\"https:\/\/schema.org\",\"@graph\":[{\"@type\":\"Article\",\"@id\":\"https:\/\/diariolajornada.com\/?p=211705#article\",\"isPartOf\":{\"@id\":\"https:\/\/diariolajornada.com\/?p=211705\"},\"author\":{\"name\":\"admin\",\"@id\":\"https:\/\/diariolajornada.com\/#\/schema\/person\/83fc9ad02376abb532ce4553a399186b\"},\"headline\":\"Venezuela apuesta por entrar a los BRICS de cara a Cumbre en Rusia el 22-Oct\",\"datePublished\":\"2024-10-14T13:55:24+00:00\",\"mainEntityOfPage\":{\"@id\":\"https:\/\/diariolajornada.com\/?p=211705\"},\"wordCount\":330,\"commentCount\":0,\"publisher\":{\"@id\":\"https:\/\/diariolajornada.com\/#organization\"},\"image\":{\"@id\":\"https:\/\/diariolajornada.com\/?p=211705#primaryimage\"},\"thumbnailUrl\":\"https:\/\/diariolajornada.com\/wp-content\/uploads\/2024\/10\/venezuela-ofrecera-sus-reservas-de-petroleo-a-los-brics-156005.jpg\",\"articleSection\":[\"DESTACADA\",\"Nacionales\"],\"inLanguage\":\"es\",\"potentialAction\":[{\"@type\":\"CommentAction\",\"name\":\"Comment\",\"target\":[\"https:\/\/diariolajornada.com\/?p=211705#respond\"]}]},{\"@type\":\"WebPage\",\"@id\":\"https:\/\/diariolajornada.com\/?p=211705\",\"url\":\"https:\/\/diariolajornada.com\/?p=211705\",\"name\":\"Venezuela apuesta por entrar a los BRICS de cara a Cumbre en Rusia el 22-Oct - Diario La Jornada\",\"isPartOf\":{\"@id\":\"https:\/\/diariolajornada.com\/#website\"},\"primaryImageOfPage\":{\"@id\":\"https:\/\/diariolajornada.com\/?p=211705#primaryimage\"},\"image\":{\"@id\":\"https:\/\/diariolajornada.com\/?p=211705#primaryimage\"},\"thumbnailUrl\":\"https:\/\/diariolajornada.com\/wp-content\/uploads\/2024\/10\/venezuela-ofrecera-sus-reservas-de-petroleo-a-los-brics-156005.jpg\",\"datePublished\":\"2024-10-14T13:55:24+00:00\",\"breadcrumb\":{\"@id\":\"https:\/\/diariolajornada.com\/?p=211705#breadcrumb\"},\"inLanguage\":\"es\",\"potentialAction\":[{\"@type\":\"ReadAction\",\"target\":[\"https:\/\/diariolajornada.com\/?p=211705\"]}]},{\"@type\":\"ImageObject\",\"inLanguage\":\"es\",\"@id\":\"https:\/\/diariolajornada.com\/?p=211705#primaryimage\",\"url\":\"https:\/\/diariolajornada.com\/wp-content\/uploads\/2024\/10\/venezuela-ofrecera-sus-reservas-de-petroleo-a-los-brics-156005.jpg\",\"contentUrl\":\"https:\/\/diariolajornada.com\/wp-content\/uploads\/2024\/10\/venezuela-ofrecera-sus-reservas-de-petroleo-a-los-brics-156005.jpg\",\"width\":1242,\"height\":699},{\"@type\":\"BreadcrumbList\",\"@id\":\"https:\/\/diariolajornada.com\/?p=211705#breadcrumb\",\"itemListElement\":[{\"@type\":\"ListItem\",\"position\":1,\"name\":\"Portada\",\"item\":\"https:\/\/diariolajornada.com\/\"},{\"@type\":\"ListItem\",\"position\":2,\"name\":\"Venezuela apuesta por entrar a los BRICS de cara a Cumbre en Rusia el 22-Oct\"}]},{\"@type\":\"WebSite\",\"@id\":\"https:\/\/diariolajornada.com\/#website\",\"url\":\"https:\/\/diariolajornada.com\/\",\"name\":\"Diario La Jornada\",\"description\":\"Noticias Nacionales Regionales e Internacionales\",\"publisher\":{\"@id\":\"https:\/\/diariolajornada.com\/#organization\"},\"potentialAction\":[{\"@type\":\"SearchAction\",\"target\":{\"@type\":\"EntryPoint\",\"urlTemplate\":\"https:\/\/diariolajornada.com\/?s={search_term_string}\"},\"query-input\":{\"@type\":\"PropertyValueSpecification\",\"valueRequired\":true,\"valueName\":\"search_term_string\"}}],\"inLanguage\":\"es\"},{\"@type\":\"Organization\",\"@id\":\"https:\/\/diariolajornada.com\/#organization\",\"name\":\"Diario La Jornada\",\"url\":\"https:\/\/diariolajornada.com\/\",\"logo\":{\"@type\":\"ImageObject\",\"inLanguage\":\"es\",\"@id\":\"https:\/\/diariolajornada.com\/#\/schema\/logo\/image\/\",\"url\":\"https:\/\/diariolajornada.com\/wp-content\/uploads\/2021\/06\/LOGO-JORNADA-SVG-01-02.svg\",\"contentUrl\":\"https:\/\/diariolajornada.com\/wp-content\/uploads\/2021\/06\/LOGO-JORNADA-SVG-01-02.svg\",\"width\":350,\"height\":100,\"caption\":\"Diario La Jornada\"},\"image\":{\"@id\":\"https:\/\/diariolajornada.com\/#\/schema\/logo\/image\/\"},\"sameAs\":[\"https:\/\/es-la.facebook.com\/lajornadadeguarico\/\",\"https:\/\/www.instagram.com\/diariojornada\/?hl=es\"]},{\"@type\":\"Person\",\"@id\":\"https:\/\/diariolajornada.com\/#\/schema\/person\/83fc9ad02376abb532ce4553a399186b\",\"name\":\"admin\",\"image\":{\"@type\":\"ImageObject\",\"inLanguage\":\"es\",\"@id\":\"https:\/\/diariolajornada.com\/#\/schema\/person\/image\/\",\"url\":\"https:\/\/secure.gravatar.com\/avatar\/fdcecb87f300ccb988450328a61211f10a01c8bfedfca54e932145534024045b?s=96&d=mm&r=g\",\"contentUrl\":\"https:\/\/secure.gravatar.com\/avatar\/fdcecb87f300ccb988450328a61211f10a01c8bfedfca54e932145534024045b?s=96&d=mm&r=g\",\"caption\":\"admin\"},\"sameAs\":[\"https:\/\/diariolajornada.com\"],\"url\":\"https:\/\/diariolajornada.com\/?author=1\"}]}<\/script>\n<!-- \/ Yoast SEO plugin. -->","yoast_head_json":{"title":"Venezuela apuesta por entrar a los BRICS de cara a Cumbre en Rusia el 22-Oct - Diario La Jornada","robots":{"index":"index","follow":"follow","max-snippet":"max-snippet:-1","max-image-preview":"max-image-preview:large","max-video-preview":"max-video-preview:-1"},"canonical":"https:\/\/diariolajornada.com\/?p=211705","og_locale":"es_ES","og_type":"article","og_title":"Venezuela apuesta por entrar a los BRICS de cara a Cumbre en Rusia el 22-Oct - Diario La Jornada","og_description":"El gobierno venezolanos se\u00f1al\u00f3 a sus reservas de crudo las mayores del mundo y su ubicaci\u00f3n geogr\u00e1fica como sus ventajas y \u201cfortalezas\u201d para ingresar como miembro pleno al grupo de econom\u00edas emergentes BRICS, lo que espera se materialice en la cumbre que se celebrar\u00e1 en Rusia este mes. A juicio de la vicecanciller para Europa, [&hellip;]","og_url":"https:\/\/diariolajornada.com\/?p=211705","og_site_name":"Diario La Jornada","article_publisher":"https:\/\/es-la.facebook.com\/lajornadadeguarico\/","article_published_time":"2024-10-14T13:55:24+00:00","og_image":[{"width":1242,"height":699,"url":"https:\/\/diariolajornada.com\/wp-content\/uploads\/2024\/10\/venezuela-ofrecera-sus-reservas-de-petroleo-a-los-brics-156005.jpg","type":"image\/jpeg"}],"author":"admin","twitter_card":"summary_large_image","twitter_misc":{"Escrito por":"admin","Tiempo de lectura":"2 minutos"},"schema":{"@context":"https:\/\/schema.org","@graph":[{"@type":"Article","@id":"https:\/\/diariolajornada.com\/?p=211705#article","isPartOf":{"@id":"https:\/\/diariolajornada.com\/?p=211705"},"author":{"name":"admin","@id":"https:\/\/diariolajornada.com\/#\/schema\/person\/83fc9ad02376abb532ce4553a399186b"},"headline":"Venezuela apuesta por entrar a los BRICS de cara a Cumbre en Rusia el 22-Oct","datePublished":"2024-10-14T13:55:24+00:00","mainEntityOfPage":{"@id":"https:\/\/diariolajornada.com\/?p=211705"},"wordCount":330,"commentCount":0,"publisher":{"@id":"https:\/\/diariolajornada.com\/#organization"},"image":{"@id":"https:\/\/diariolajornada.com\/?p=211705#primaryimage"},"thumbnailUrl":"https:\/\/diariolajornada.com\/wp-content\/uploads\/2024\/10\/venezuela-ofrecera-sus-reservas-de-petroleo-a-los-brics-156005.jpg","articleSection":["DESTACADA","Nacionales"],"inLanguage":"es","potentialAction":[{"@type":"CommentAction","name":"Comment","target":["https:\/\/diariolajornada.com\/?p=211705#respond"]}]},{"@type":"WebPage","@id":"https:\/\/diariolajornada.com\/?p=211705","url":"https:\/\/diariolajornada.com\/?p=211705","name":"Venezuela apuesta por entrar a los BRICS de cara a Cumbre en Rusia el 22-Oct - Diario La Jornada","isPartOf":{"@id":"https:\/\/diariolajornada.com\/#website"},"primaryImageOfPage":{"@id":"https:\/\/diariolajornada.com\/?p=211705#primaryimage"},"image":{"@id":"https:\/\/diariolajornada.com\/?p=211705#primaryimage"},"thumbnailUrl":"https:\/\/diariolajornada.com\/wp-content\/uploads\/2024\/10\/venezuela-ofrecera-sus-reservas-de-petroleo-a-los-brics-156005.jpg","datePublished":"2024-10-14T13:55:24+00:00","breadcrumb":{"@id":"https:\/\/diariolajornada.com\/?p=211705#breadcrumb"},"inLanguage":"es","potentialAction":[{"@type":"ReadAction","target":["https:\/\/diariolajornada.com\/?p=211705"]}]},{"@type":"ImageObject","inLanguage":"es","@id":"https:\/\/diariolajornada.com\/?p=211705#primaryimage","url":"https:\/\/diariolajornada.com\/wp-content\/uploads\/2024\/10\/venezuela-ofrecera-sus-reservas-de-petroleo-a-los-brics-156005.jpg","contentUrl":"https:\/\/diariolajornada.com\/wp-content\/uploads\/2024\/10\/venezuela-ofrecera-sus-reservas-de-petroleo-a-los-brics-156005.jpg","width":1242,"height":699},{"@type":"BreadcrumbList","@id":"https:\/\/diariolajornada.com\/?p=211705#breadcrumb","itemListElement":[{"@type":"ListItem","position":1,"name":"Portada","item":"https:\/\/diariolajornada.com\/"},{"@type":"ListItem","position":2,"name":"Venezuela apuesta por entrar a los BRICS de cara a Cumbre en Rusia el 22-Oct"}]},{"@type":"WebSite","@id":"https:\/\/diariolajornada.com\/#website","url":"https:\/\/diariolajornada.com\/","name":"Diario La Jornada","description":"Noticias Nacionales Regionales e Internacionales","publisher":{"@id":"https:\/\/diariolajornada.com\/#organization"},"potentialAction":[{"@type":"SearchAction","target":{"@type":"EntryPoint","urlTemplate":"https:\/\/diariolajornada.com\/?s={search_term_string}"},"query-input":{"@type":"PropertyValueSpecification","valueRequired":true,"valueName":"search_term_string"}}],"inLanguage":"es"},{"@type":"Organization","@id":"https:\/\/diariolajornada.com\/#organization","name":"Diario La Jornada","url":"https:\/\/diariolajornada.com\/","logo":{"@type":"ImageObject","inLanguage":"es","@id":"https:\/\/diariolajornada.com\/#\/schema\/logo\/image\/","url":"https:\/\/diariolajornada.com\/wp-content\/uploads\/2021\/06\/LOGO-JORNADA-SVG-01-02.svg","contentUrl":"https:\/\/diariolajornada.com\/wp-content\/uploads\/2021\/06\/LOGO-JORNADA-SVG-01-02.svg","width":350,"height":100,"caption":"Diario La Jornada"},"image":{"@id":"https:\/\/diariolajornada.com\/#\/schema\/logo\/image\/"},"sameAs":["https:\/\/es-la.facebook.com\/lajornadadeguarico\/","https:\/\/www.instagram.com\/diariojornada\/?hl=es"]},{"@type":"Person","@id":"https:\/\/diariolajornada.com\/#\/schema\/person\/83fc9ad02376abb532ce4553a399186b","name":"admin","image":{"@type":"ImageObject","inLanguage":"es","@id":"https:\/\/diariolajornada.com\/#\/schema\/person\/image\/","url":"https:\/\/secure.gravatar.com\/avatar\/fdcecb87f300ccb988450328a61211f10a01c8bfedfca54e932145534024045b?s=96&d=mm&r=g","contentUrl":"https:\/\/secure.gravatar.com\/avatar\/fdcecb87f300ccb988450328a61211f10a01c8bfedfca54e932145534024045b?s=96&d=mm&r=g","caption":"admin"},"sameAs":["https:\/\/diariolajornada.com"],"url":"https:\/\/diariolajornada.com\/?author=1"}]}},"_links":{"self":[{"href":"https:\/\/diariolajornada.com\/index.php?rest_route=\/wp\/v2\/posts\/211705","targetHints":{"allow":["GET"]}}],"collection":[{"href":"https:\/\/diariolajornada.com\/index.php?rest_route=\/wp\/v2\/posts"}],"about":[{"href":"https:\/\/diariolajornada.com\/index.php?rest_route=\/wp\/v2\/types\/post"}],"author":[{"embeddable":true,"href":"https:\/\/diariolajornada.com\/index.php?rest_route=\/wp\/v2\/users\/1"}],"replies":[{"embeddable":true,"href":"https:\/\/diariolajornada.com\/index.php?rest_route=%2Fwp%2Fv2%2Fcomments&post=211705"}],"version-history":[{"count":1,"href":"https:\/\/diariolajornada.com\/index.php?rest_route=\/wp\/v2\/posts\/211705\/revisions"}],"predecessor-version":[{"id":211706,"href":"https:\/\/diariolajornada.com\/index.php?rest_route=\/wp\/v2\/posts\/211705\/revisions\/211706"}],"wp:featuredmedia":[{"embeddable":true,"href":"https:\/\/diariolajornada.com\/index.php?rest_route=\/wp\/v2\/media\/211688"}],"wp:attachment":[{"href":"https:\/\/diariolajornada.com\/index.php?rest_route=%2Fwp%2Fv2%2Fmedia&parent=211705"}],"wp:term":[{"taxonomy":"category","embeddable":true,"href":"https:\/\/diariolajornada.com\/index.php?rest_route=%2Fwp%2Fv2%2Fcategories&post=211705"},{"taxonomy":"post_tag","embeddable":true,"href":"https:\/\/diariolajornada.com\/index.php?rest_route=%2Fwp%2Fv2%2Ftags&post=211705"}],"curies":[{"name":"wp","href":"https:\/\/api.w.org\/{rel}","templated":true}]}}