{"id":211709,"date":"2024-10-14T09:59:04","date_gmt":"2024-10-14T13:59:04","guid":{"rendered":"https:\/\/diariolajornada.com\/?p=211709"},"modified":"2024-10-14T09:59:04","modified_gmt":"2024-10-14T13:59:04","slug":"fiscal-general-asegura-que-ha-bajado-en-93-el-indice-de-homicidios-en-el-pais","status":"publish","type":"post","link":"https:\/\/diariolajornada.com\/?p=211709","title":{"rendered":"Fiscal General asegura que ha bajado en 93% el \u00edndice de homicidios en el pa\u00eds"},"content":{"rendered":"<p>El fiscal general Tarek William Saab manifest\u00f3 que Venezuela se ha convertido en uno de los pa\u00edses m\u00e1s seguros del mundo, destacando que se han reducido en un 93% los \u00edndices de homicidio calificado. A prop\u00f3sito de ello, denunci\u00f3 a quienes quieren que vuelva la situaci\u00f3n de hace varios a\u00f1os.<\/p>\n<p>\u201cUno de los pa\u00edses m\u00e1s seguros del mundo es Venezuela, porque se ha logrado hacer justicia, pero ahora quieren retroceder\u201d, expres\u00f3 Saab durante el programa An\u00e1lisis Situacional, transmitido ayer por Globovisi\u00f3n.<\/p>\n<p>Indic\u00f3 que la derecha del pa\u00eds quiere que se levante el pueblo venezolano, pero subray\u00f3 que lo que han logrado es levantar a delincuentes. Como ejemplo puso lo que se vio en los\u00a0<a href=\"https:\/\/ultimasnoticias.com.ve\/noticias\/politica\/saab-lula-y-boric-fueron-captados-por-la-cia\/\">hechos violentos el d\u00eda despu\u00e9s del 28 de julio en Venezuela.<\/a><\/p>\n<p>\u201cEllos quisieran una rebeli\u00f3n militar como la de Ch\u00e1vez, pero \u00e9l fue un nacionalista bolivariano y la Fuerza Armada es heredera del legado de Bol\u00edvar\u201d, destac\u00f3 el fiscal general.<br \/>\nSaab recalc\u00f3 que quienes donaron dinero en el marco de la campa\u00f1a \u201cYa casi Venezuela\u201d incurren en delitos penales.<\/p>\n<p>\u201cUsted ya est\u00e1 al margen de la ley si don\u00f3 en \u2018Ya Casi Venezuela\u2019, usted est\u00e1 legitimando capitales y ya nosotros tenemos una lista muy grande de persona que han donado\u201d, dijo\u00a0<a href=\"https:\/\/ultimasnoticias.com.ve\/noticias\/politica\/tarek-william-saab-todo-funcionario-publico-debe-volcarse-hacia-la-gente\/\">Saab,<\/a>\u00a0quien catalog\u00f3 a Erik Prince, el propulsor de la idea, como una persona obsesionada con Venezuela, tanto que en 2019 \u201cquiso prestar un ej\u00e9rcito de mercenarios a Juan Guaid\u00f3\u201d.<\/p>\n","protected":false},"excerpt":{"rendered":"<p>El fiscal general Tarek William Saab manifest\u00f3 que Venezuela se ha convertido en uno de los pa\u00edses m\u00e1s seguros del mundo, destacando que se han reducido en un 93% los \u00edndices de homicidio calificado. A prop\u00f3sito de ello, denunci\u00f3 a quienes quieren que vuelva la situaci\u00f3n de hace varios a\u00f1os. \u201cUno de los pa\u00edses m\u00e1s [&hellip;]<\/p>\n","protected":false},"author":1,"featured_media":211680,"comment_status":"open","ping_status":"open","sticky":false,"template":"","format":"standard","meta":{"footnotes":""},"categories":[17,8],"tags":[],"class_list":["post-211709","post","type-post","status-publish","format-standard","has-post-thumbnail","hentry","category-destacada","category-nacionales"],"yoast_head":"<!-- This site is optimized with the Yoast SEO plugin v24.4 - https:\/\/yoast.com\/wordpress\/plugins\/seo\/ -->\n<title>Fiscal General asegura que ha bajado en 93% el \u00edndice de homicidios en el pa\u00eds - Diario La Jornada<\/title>\n<meta name=\"robots\" content=\"index, follow, max-snippet:-1, max-image-preview:large, max-video-preview:-1\" \/>\n<link rel=\"canonical\" href=\"https:\/\/diariolajornada.com\/?p=211709\" \/>\n<meta property=\"og:locale\" content=\"es_ES\" \/>\n<meta property=\"og:type\" content=\"article\" \/>\n<meta property=\"og:title\" content=\"Fiscal General asegura que ha bajado en 93% el \u00edndice de homicidios en el pa\u00eds - Diario La Jornada\" \/>\n<meta property=\"og:description\" content=\"El fiscal general Tarek William Saab manifest\u00f3 que Venezuela se ha convertido en uno de los pa\u00edses m\u00e1s seguros del mundo, destacando que se han reducido en un 93% los \u00edndices de homicidio calificado. A prop\u00f3sito de ello, denunci\u00f3 a quienes quieren que vuelva la situaci\u00f3n de hace varios a\u00f1os. \u201cUno de los pa\u00edses m\u00e1s [&hellip;]\" \/>\n<meta property=\"og:url\" content=\"https:\/\/diariolajornada.com\/?p=211709\" \/>\n<meta property=\"og:site_name\" content=\"Diario La Jornada\" \/>\n<meta property=\"article:publisher\" content=\"https:\/\/es-la.facebook.com\/lajornadadeguarico\/\" \/>\n<meta property=\"article:published_time\" content=\"2024-10-14T13:59:04+00:00\" \/>\n<meta property=\"og:image\" content=\"https:\/\/diariolajornada.com\/wp-content\/uploads\/2024\/10\/califican-de-obra-bufa-la-de-maria-corina-machado-157776.jpg\" \/>\n\t<meta property=\"og:image:width\" content=\"1242\" \/>\n\t<meta property=\"og:image:height\" content=\"699\" \/>\n\t<meta property=\"og:image:type\" content=\"image\/jpeg\" \/>\n<meta name=\"author\" content=\"admin\" \/>\n<meta name=\"twitter:card\" content=\"summary_large_image\" \/>\n<meta name=\"twitter:label1\" content=\"Escrito por\" \/>\n\t<meta name=\"twitter:data1\" content=\"admin\" \/>\n\t<meta name=\"twitter:label2\" content=\"Tiempo de lectura\" \/>\n\t<meta name=\"twitter:data2\" content=\"1 minuto\" \/>\n<script type=\"application\/ld+json\" class=\"yoast-schema-graph\">{\"@context\":\"https:\/\/schema.org\",\"@graph\":[{\"@type\":\"Article\",\"@id\":\"https:\/\/diariolajornada.com\/?p=211709#article\",\"isPartOf\":{\"@id\":\"https:\/\/diariolajornada.com\/?p=211709\"},\"author\":{\"name\":\"admin\",\"@id\":\"https:\/\/diariolajornada.com\/#\/schema\/person\/83fc9ad02376abb532ce4553a399186b\"},\"headline\":\"Fiscal General asegura que ha bajado en 93% el \u00edndice de homicidios en el pa\u00eds\",\"datePublished\":\"2024-10-14T13:59:04+00:00\",\"mainEntityOfPage\":{\"@id\":\"https:\/\/diariolajornada.com\/?p=211709\"},\"wordCount\":264,\"commentCount\":0,\"publisher\":{\"@id\":\"https:\/\/diariolajornada.com\/#organization\"},\"image\":{\"@id\":\"https:\/\/diariolajornada.com\/?p=211709#primaryimage\"},\"thumbnailUrl\":\"https:\/\/diariolajornada.com\/wp-content\/uploads\/2024\/10\/califican-de-obra-bufa-la-de-maria-corina-machado-157776.jpg\",\"articleSection\":[\"DESTACADA\",\"Nacionales\"],\"inLanguage\":\"es\",\"potentialAction\":[{\"@type\":\"CommentAction\",\"name\":\"Comment\",\"target\":[\"https:\/\/diariolajornada.com\/?p=211709#respond\"]}]},{\"@type\":\"WebPage\",\"@id\":\"https:\/\/diariolajornada.com\/?p=211709\",\"url\":\"https:\/\/diariolajornada.com\/?p=211709\",\"name\":\"Fiscal General asegura que ha bajado en 93% el \u00edndice de homicidios en el pa\u00eds - Diario La Jornada\",\"isPartOf\":{\"@id\":\"https:\/\/diariolajornada.com\/#website\"},\"primaryImageOfPage\":{\"@id\":\"https:\/\/diariolajornada.com\/?p=211709#primaryimage\"},\"image\":{\"@id\":\"https:\/\/diariolajornada.com\/?p=211709#primaryimage\"},\"thumbnailUrl\":\"https:\/\/diariolajornada.com\/wp-content\/uploads\/2024\/10\/califican-de-obra-bufa-la-de-maria-corina-machado-157776.jpg\",\"datePublished\":\"2024-10-14T13:59:04+00:00\",\"breadcrumb\":{\"@id\":\"https:\/\/diariolajornada.com\/?p=211709#breadcrumb\"},\"inLanguage\":\"es\",\"potentialAction\":[{\"@type\":\"ReadAction\",\"target\":[\"https:\/\/diariolajornada.com\/?p=211709\"]}]},{\"@type\":\"ImageObject\",\"inLanguage\":\"es\",\"@id\":\"https:\/\/diariolajornada.com\/?p=211709#primaryimage\",\"url\":\"https:\/\/diariolajornada.com\/wp-content\/uploads\/2024\/10\/califican-de-obra-bufa-la-de-maria-corina-machado-157776.jpg\",\"contentUrl\":\"https:\/\/diariolajornada.com\/wp-content\/uploads\/2024\/10\/califican-de-obra-bufa-la-de-maria-corina-machado-157776.jpg\",\"width\":1242,\"height\":699},{\"@type\":\"BreadcrumbList\",\"@id\":\"https:\/\/diariolajornada.com\/?p=211709#breadcrumb\",\"itemListElement\":[{\"@type\":\"ListItem\",\"position\":1,\"name\":\"Portada\",\"item\":\"https:\/\/diariolajornada.com\/\"},{\"@type\":\"ListItem\",\"position\":2,\"name\":\"Fiscal General asegura que ha bajado en 93% el \u00edndice de homicidios en el pa\u00eds\"}]},{\"@type\":\"WebSite\",\"@id\":\"https:\/\/diariolajornada.com\/#website\",\"url\":\"https:\/\/diariolajornada.com\/\",\"name\":\"Diario La Jornada\",\"description\":\"Noticias Nacionales Regionales e Internacionales\",\"publisher\":{\"@id\":\"https:\/\/diariolajornada.com\/#organization\"},\"potentialAction\":[{\"@type\":\"SearchAction\",\"target\":{\"@type\":\"EntryPoint\",\"urlTemplate\":\"https:\/\/diariolajornada.com\/?s={search_term_string}\"},\"query-input\":{\"@type\":\"PropertyValueSpecification\",\"valueRequired\":true,\"valueName\":\"search_term_string\"}}],\"inLanguage\":\"es\"},{\"@type\":\"Organization\",\"@id\":\"https:\/\/diariolajornada.com\/#organization\",\"name\":\"Diario La Jornada\",\"url\":\"https:\/\/diariolajornada.com\/\",\"logo\":{\"@type\":\"ImageObject\",\"inLanguage\":\"es\",\"@id\":\"https:\/\/diariolajornada.com\/#\/schema\/logo\/image\/\",\"url\":\"https:\/\/diariolajornada.com\/wp-content\/uploads\/2021\/06\/LOGO-JORNADA-SVG-01-02.svg\",\"contentUrl\":\"https:\/\/diariolajornada.com\/wp-content\/uploads\/2021\/06\/LOGO-JORNADA-SVG-01-02.svg\",\"width\":350,\"height\":100,\"caption\":\"Diario La Jornada\"},\"image\":{\"@id\":\"https:\/\/diariolajornada.com\/#\/schema\/logo\/image\/\"},\"sameAs\":[\"https:\/\/es-la.facebook.com\/lajornadadeguarico\/\",\"https:\/\/www.instagram.com\/diariojornada\/?hl=es\"]},{\"@type\":\"Person\",\"@id\":\"https:\/\/diariolajornada.com\/#\/schema\/person\/83fc9ad02376abb532ce4553a399186b\",\"name\":\"admin\",\"image\":{\"@type\":\"ImageObject\",\"inLanguage\":\"es\",\"@id\":\"https:\/\/diariolajornada.com\/#\/schema\/person\/image\/\",\"url\":\"https:\/\/secure.gravatar.com\/avatar\/fdcecb87f300ccb988450328a61211f10a01c8bfedfca54e932145534024045b?s=96&d=mm&r=g\",\"contentUrl\":\"https:\/\/secure.gravatar.com\/avatar\/fdcecb87f300ccb988450328a61211f10a01c8bfedfca54e932145534024045b?s=96&d=mm&r=g\",\"caption\":\"admin\"},\"sameAs\":[\"https:\/\/diariolajornada.com\"],\"url\":\"https:\/\/diariolajornada.com\/?author=1\"}]}<\/script>\n<!-- \/ Yoast SEO plugin. -->","yoast_head_json":{"title":"Fiscal General asegura que ha bajado en 93% el \u00edndice de homicidios en el pa\u00eds - Diario La Jornada","robots":{"index":"index","follow":"follow","max-snippet":"max-snippet:-1","max-image-preview":"max-image-preview:large","max-video-preview":"max-video-preview:-1"},"canonical":"https:\/\/diariolajornada.com\/?p=211709","og_locale":"es_ES","og_type":"article","og_title":"Fiscal General asegura que ha bajado en 93% el \u00edndice de homicidios en el pa\u00eds - Diario La Jornada","og_description":"El fiscal general Tarek William Saab manifest\u00f3 que Venezuela se ha convertido en uno de los pa\u00edses m\u00e1s seguros del mundo, destacando que se han reducido en un 93% los \u00edndices de homicidio calificado. A prop\u00f3sito de ello, denunci\u00f3 a quienes quieren que vuelva la situaci\u00f3n de hace varios a\u00f1os. \u201cUno de los pa\u00edses m\u00e1s [&hellip;]","og_url":"https:\/\/diariolajornada.com\/?p=211709","og_site_name":"Diario La Jornada","article_publisher":"https:\/\/es-la.facebook.com\/lajornadadeguarico\/","article_published_time":"2024-10-14T13:59:04+00:00","og_image":[{"width":1242,"height":699,"url":"https:\/\/diariolajornada.com\/wp-content\/uploads\/2024\/10\/califican-de-obra-bufa-la-de-maria-corina-machado-157776.jpg","type":"image\/jpeg"}],"author":"admin","twitter_card":"summary_large_image","twitter_misc":{"Escrito por":"admin","Tiempo de lectura":"1 minuto"},"schema":{"@context":"https:\/\/schema.org","@graph":[{"@type":"Article","@id":"https:\/\/diariolajornada.com\/?p=211709#article","isPartOf":{"@id":"https:\/\/diariolajornada.com\/?p=211709"},"author":{"name":"admin","@id":"https:\/\/diariolajornada.com\/#\/schema\/person\/83fc9ad02376abb532ce4553a399186b"},"headline":"Fiscal General asegura que ha bajado en 93% el \u00edndice de homicidios en el pa\u00eds","datePublished":"2024-10-14T13:59:04+00:00","mainEntityOfPage":{"@id":"https:\/\/diariolajornada.com\/?p=211709"},"wordCount":264,"commentCount":0,"publisher":{"@id":"https:\/\/diariolajornada.com\/#organization"},"image":{"@id":"https:\/\/diariolajornada.com\/?p=211709#primaryimage"},"thumbnailUrl":"https:\/\/diariolajornada.com\/wp-content\/uploads\/2024\/10\/califican-de-obra-bufa-la-de-maria-corina-machado-157776.jpg","articleSection":["DESTACADA","Nacionales"],"inLanguage":"es","potentialAction":[{"@type":"CommentAction","name":"Comment","target":["https:\/\/diariolajornada.com\/?p=211709#respond"]}]},{"@type":"WebPage","@id":"https:\/\/diariolajornada.com\/?p=211709","url":"https:\/\/diariolajornada.com\/?p=211709","name":"Fiscal General asegura que ha bajado en 93% el \u00edndice de homicidios en el pa\u00eds - Diario La Jornada","isPartOf":{"@id":"https:\/\/diariolajornada.com\/#website"},"primaryImageOfPage":{"@id":"https:\/\/diariolajornada.com\/?p=211709#primaryimage"},"image":{"@id":"https:\/\/diariolajornada.com\/?p=211709#primaryimage"},"thumbnailUrl":"https:\/\/diariolajornada.com\/wp-content\/uploads\/2024\/10\/califican-de-obra-bufa-la-de-maria-corina-machado-157776.jpg","datePublished":"2024-10-14T13:59:04+00:00","breadcrumb":{"@id":"https:\/\/diariolajornada.com\/?p=211709#breadcrumb"},"inLanguage":"es","potentialAction":[{"@type":"ReadAction","target":["https:\/\/diariolajornada.com\/?p=211709"]}]},{"@type":"ImageObject","inLanguage":"es","@id":"https:\/\/diariolajornada.com\/?p=211709#primaryimage","url":"https:\/\/diariolajornada.com\/wp-content\/uploads\/2024\/10\/califican-de-obra-bufa-la-de-maria-corina-machado-157776.jpg","contentUrl":"https:\/\/diariolajornada.com\/wp-content\/uploads\/2024\/10\/califican-de-obra-bufa-la-de-maria-corina-machado-157776.jpg","width":1242,"height":699},{"@type":"BreadcrumbList","@id":"https:\/\/diariolajornada.com\/?p=211709#breadcrumb","itemListElement":[{"@type":"ListItem","position":1,"name":"Portada","item":"https:\/\/diariolajornada.com\/"},{"@type":"ListItem","position":2,"name":"Fiscal General asegura que ha bajado en 93% el \u00edndice de homicidios en el pa\u00eds"}]},{"@type":"WebSite","@id":"https:\/\/diariolajornada.com\/#website","url":"https:\/\/diariolajornada.com\/","name":"Diario La Jornada","description":"Noticias Nacionales Regionales e Internacionales","publisher":{"@id":"https:\/\/diariolajornada.com\/#organization"},"potentialAction":[{"@type":"SearchAction","target":{"@type":"EntryPoint","urlTemplate":"https:\/\/diariolajornada.com\/?s={search_term_string}"},"query-input":{"@type":"PropertyValueSpecification","valueRequired":true,"valueName":"search_term_string"}}],"inLanguage":"es"},{"@type":"Organization","@id":"https:\/\/diariolajornada.com\/#organization","name":"Diario La Jornada","url":"https:\/\/diariolajornada.com\/","logo":{"@type":"ImageObject","inLanguage":"es","@id":"https:\/\/diariolajornada.com\/#\/schema\/logo\/image\/","url":"https:\/\/diariolajornada.com\/wp-content\/uploads\/2021\/06\/LOGO-JORNADA-SVG-01-02.svg","contentUrl":"https:\/\/diariolajornada.com\/wp-content\/uploads\/2021\/06\/LOGO-JORNADA-SVG-01-02.svg","width":350,"height":100,"caption":"Diario La Jornada"},"image":{"@id":"https:\/\/diariolajornada.com\/#\/schema\/logo\/image\/"},"sameAs":["https:\/\/es-la.facebook.com\/lajornadadeguarico\/","https:\/\/www.instagram.com\/diariojornada\/?hl=es"]},{"@type":"Person","@id":"https:\/\/diariolajornada.com\/#\/schema\/person\/83fc9ad02376abb532ce4553a399186b","name":"admin","image":{"@type":"ImageObject","inLanguage":"es","@id":"https:\/\/diariolajornada.com\/#\/schema\/person\/image\/","url":"https:\/\/secure.gravatar.com\/avatar\/fdcecb87f300ccb988450328a61211f10a01c8bfedfca54e932145534024045b?s=96&d=mm&r=g","contentUrl":"https:\/\/secure.gravatar.com\/avatar\/fdcecb87f300ccb988450328a61211f10a01c8bfedfca54e932145534024045b?s=96&d=mm&r=g","caption":"admin"},"sameAs":["https:\/\/diariolajornada.com"],"url":"https:\/\/diariolajornada.com\/?author=1"}]}},"_links":{"self":[{"href":"https:\/\/diariolajornada.com\/index.php?rest_route=\/wp\/v2\/posts\/211709","targetHints":{"allow":["GET"]}}],"collection":[{"href":"https:\/\/diariolajornada.com\/index.php?rest_route=\/wp\/v2\/posts"}],"about":[{"href":"https:\/\/diariolajornada.com\/index.php?rest_route=\/wp\/v2\/types\/post"}],"author":[{"embeddable":true,"href":"https:\/\/diariolajornada.com\/index.php?rest_route=\/wp\/v2\/users\/1"}],"replies":[{"embeddable":true,"href":"https:\/\/diariolajornada.com\/index.php?rest_route=%2Fwp%2Fv2%2Fcomments&post=211709"}],"version-history":[{"count":1,"href":"https:\/\/diariolajornada.com\/index.php?rest_route=\/wp\/v2\/posts\/211709\/revisions"}],"predecessor-version":[{"id":211710,"href":"https:\/\/diariolajornada.com\/index.php?rest_route=\/wp\/v2\/posts\/211709\/revisions\/211710"}],"wp:featuredmedia":[{"embeddable":true,"href":"https:\/\/diariolajornada.com\/index.php?rest_route=\/wp\/v2\/media\/211680"}],"wp:attachment":[{"href":"https:\/\/diariolajornada.com\/index.php?rest_route=%2Fwp%2Fv2%2Fmedia&parent=211709"}],"wp:term":[{"taxonomy":"category","embeddable":true,"href":"https:\/\/diariolajornada.com\/index.php?rest_route=%2Fwp%2Fv2%2Fcategories&post=211709"},{"taxonomy":"post_tag","embeddable":true,"href":"https:\/\/diariolajornada.com\/index.php?rest_route=%2Fwp%2Fv2%2Ftags&post=211709"}],"curies":[{"name":"wp","href":"https:\/\/api.w.org\/{rel}","templated":true}]}}