{"id":211714,"date":"2024-10-14T22:56:09","date_gmt":"2024-10-15T02:56:09","guid":{"rendered":"https:\/\/diariolajornada.com\/?p=211714"},"modified":"2024-10-14T22:56:09","modified_gmt":"2024-10-15T02:56:09","slug":"la-vinotinto-ya-se-encuentra-en-la-asuncion-para-preparar-su-duelo-ante-paraguay","status":"publish","type":"post","link":"https:\/\/diariolajornada.com\/?p=211714","title":{"rendered":"La Vinotinto ya se encuentra en la Asunci\u00f3n para preparar su duelo ante Paraguay"},"content":{"rendered":"<p>Este domingo en horas de la noche, la Vinotinto aterriz\u00f3 a territorio paraguayo para afrontar la d\u00e9cima fecha por Eliminatorias Sudamericanas rumbo al Mundial 2026.<\/p>\n<div><\/div>\n<div>El grupo deber\u00e1 sumar tres puntos si desea un puesto clave en la contienda mundialista. La selecci\u00f3n paraguaya tambi\u00e9n buscar\u00e1 sumar, luego de su empate ante Ecuador.<\/p>\n<p>En la llegada de la Vinotinto, decena de fan\u00e1ticos se hicieron presentes para recibir a la absoluta que jugar\u00e1 este martes un duelo crucial ante un rival directo que solo tiene un punto de diferencia ante Venezuela en la tabla de posiciones.<\/p>\n<p>Tras cumplirse la mitad del premundial, Venezuela se medir\u00e1 a Paraguay este 15 de octubre a las 7.00 pm en Defensores del Chaco de la Asunci\u00f3n. La selecci\u00f3n nacional se ubica en la s\u00e9ptima posici\u00f3n con once unidades acumuladas, mientras que la albirroja est\u00e1 de octava con diez puntos.<\/p>\n<p>Ambas selecciones empataron en la novena jornada, Venezuela igual\u00f3 1-1ante Argentina, y Paraguay contra Ecuador pactaron un 0-0.<\/p><\/div>\n","protected":false},"excerpt":{"rendered":"<p>Este domingo en horas de la noche, la Vinotinto aterriz\u00f3 a territorio paraguayo para afrontar la d\u00e9cima fecha por Eliminatorias Sudamericanas rumbo al Mundial 2026. El grupo deber\u00e1 sumar tres puntos si desea un puesto clave en la contienda mundialista. La selecci\u00f3n paraguaya tambi\u00e9n buscar\u00e1 sumar, luego de su empate ante Ecuador. En la llegada [&hellip;]<\/p>\n","protected":false},"author":1,"featured_media":211717,"comment_status":"open","ping_status":"open","sticky":false,"template":"","format":"standard","meta":{"footnotes":""},"categories":[11,17],"tags":[],"class_list":["post-211714","post","type-post","status-publish","format-standard","has-post-thumbnail","hentry","category-deportes","category-destacada"],"yoast_head":"<!-- This site is optimized with the Yoast SEO plugin v24.4 - https:\/\/yoast.com\/wordpress\/plugins\/seo\/ -->\n<title>La Vinotinto ya se encuentra en la Asunci\u00f3n para preparar su duelo ante Paraguay - Diario La Jornada<\/title>\n<meta name=\"robots\" content=\"index, follow, max-snippet:-1, max-image-preview:large, max-video-preview:-1\" \/>\n<link rel=\"canonical\" href=\"https:\/\/diariolajornada.com\/?p=211714\" \/>\n<meta property=\"og:locale\" content=\"es_ES\" \/>\n<meta property=\"og:type\" content=\"article\" \/>\n<meta property=\"og:title\" content=\"La Vinotinto ya se encuentra en la Asunci\u00f3n para preparar su duelo ante Paraguay - Diario La Jornada\" \/>\n<meta property=\"og:description\" content=\"Este domingo en horas de la noche, la Vinotinto aterriz\u00f3 a territorio paraguayo para afrontar la d\u00e9cima fecha por Eliminatorias Sudamericanas rumbo al Mundial 2026. El grupo deber\u00e1 sumar tres puntos si desea un puesto clave en la contienda mundialista. La selecci\u00f3n paraguaya tambi\u00e9n buscar\u00e1 sumar, luego de su empate ante Ecuador. En la llegada [&hellip;]\" \/>\n<meta property=\"og:url\" content=\"https:\/\/diariolajornada.com\/?p=211714\" \/>\n<meta property=\"og:site_name\" content=\"Diario La Jornada\" \/>\n<meta property=\"article:publisher\" content=\"https:\/\/es-la.facebook.com\/lajornadadeguarico\/\" \/>\n<meta property=\"article:published_time\" content=\"2024-10-15T02:56:09+00:00\" \/>\n<meta property=\"og:image\" content=\"https:\/\/diariolajornada.com\/wp-content\/uploads\/2024\/10\/la-vinotinto-160453.jpg\" \/>\n\t<meta property=\"og:image:width\" content=\"1242\" \/>\n\t<meta property=\"og:image:height\" content=\"699\" \/>\n\t<meta property=\"og:image:type\" content=\"image\/jpeg\" \/>\n<meta name=\"author\" content=\"admin\" \/>\n<meta name=\"twitter:card\" content=\"summary_large_image\" \/>\n<meta name=\"twitter:label1\" content=\"Escrito por\" \/>\n\t<meta name=\"twitter:data1\" content=\"admin\" \/>\n\t<meta name=\"twitter:label2\" content=\"Tiempo de lectura\" \/>\n\t<meta name=\"twitter:data2\" content=\"1 minuto\" \/>\n<script type=\"application\/ld+json\" class=\"yoast-schema-graph\">{\"@context\":\"https:\/\/schema.org\",\"@graph\":[{\"@type\":\"Article\",\"@id\":\"https:\/\/diariolajornada.com\/?p=211714#article\",\"isPartOf\":{\"@id\":\"https:\/\/diariolajornada.com\/?p=211714\"},\"author\":{\"name\":\"admin\",\"@id\":\"https:\/\/diariolajornada.com\/#\/schema\/person\/83fc9ad02376abb532ce4553a399186b\"},\"headline\":\"La Vinotinto ya se encuentra en la Asunci\u00f3n para preparar su duelo ante Paraguay\",\"datePublished\":\"2024-10-15T02:56:09+00:00\",\"mainEntityOfPage\":{\"@id\":\"https:\/\/diariolajornada.com\/?p=211714\"},\"wordCount\":182,\"commentCount\":0,\"publisher\":{\"@id\":\"https:\/\/diariolajornada.com\/#organization\"},\"image\":{\"@id\":\"https:\/\/diariolajornada.com\/?p=211714#primaryimage\"},\"thumbnailUrl\":\"https:\/\/diariolajornada.com\/wp-content\/uploads\/2024\/10\/la-vinotinto-160453.jpg\",\"articleSection\":[\"Deportes\",\"DESTACADA\"],\"inLanguage\":\"es\",\"potentialAction\":[{\"@type\":\"CommentAction\",\"name\":\"Comment\",\"target\":[\"https:\/\/diariolajornada.com\/?p=211714#respond\"]}]},{\"@type\":\"WebPage\",\"@id\":\"https:\/\/diariolajornada.com\/?p=211714\",\"url\":\"https:\/\/diariolajornada.com\/?p=211714\",\"name\":\"La Vinotinto ya se encuentra en la Asunci\u00f3n para preparar su duelo ante Paraguay - Diario La Jornada\",\"isPartOf\":{\"@id\":\"https:\/\/diariolajornada.com\/#website\"},\"primaryImageOfPage\":{\"@id\":\"https:\/\/diariolajornada.com\/?p=211714#primaryimage\"},\"image\":{\"@id\":\"https:\/\/diariolajornada.com\/?p=211714#primaryimage\"},\"thumbnailUrl\":\"https:\/\/diariolajornada.com\/wp-content\/uploads\/2024\/10\/la-vinotinto-160453.jpg\",\"datePublished\":\"2024-10-15T02:56:09+00:00\",\"breadcrumb\":{\"@id\":\"https:\/\/diariolajornada.com\/?p=211714#breadcrumb\"},\"inLanguage\":\"es\",\"potentialAction\":[{\"@type\":\"ReadAction\",\"target\":[\"https:\/\/diariolajornada.com\/?p=211714\"]}]},{\"@type\":\"ImageObject\",\"inLanguage\":\"es\",\"@id\":\"https:\/\/diariolajornada.com\/?p=211714#primaryimage\",\"url\":\"https:\/\/diariolajornada.com\/wp-content\/uploads\/2024\/10\/la-vinotinto-160453.jpg\",\"contentUrl\":\"https:\/\/diariolajornada.com\/wp-content\/uploads\/2024\/10\/la-vinotinto-160453.jpg\",\"width\":1242,\"height\":699},{\"@type\":\"BreadcrumbList\",\"@id\":\"https:\/\/diariolajornada.com\/?p=211714#breadcrumb\",\"itemListElement\":[{\"@type\":\"ListItem\",\"position\":1,\"name\":\"Portada\",\"item\":\"https:\/\/diariolajornada.com\/\"},{\"@type\":\"ListItem\",\"position\":2,\"name\":\"La Vinotinto ya se encuentra en la Asunci\u00f3n para preparar su duelo ante Paraguay\"}]},{\"@type\":\"WebSite\",\"@id\":\"https:\/\/diariolajornada.com\/#website\",\"url\":\"https:\/\/diariolajornada.com\/\",\"name\":\"Diario La Jornada\",\"description\":\"Noticias Nacionales Regionales e Internacionales\",\"publisher\":{\"@id\":\"https:\/\/diariolajornada.com\/#organization\"},\"potentialAction\":[{\"@type\":\"SearchAction\",\"target\":{\"@type\":\"EntryPoint\",\"urlTemplate\":\"https:\/\/diariolajornada.com\/?s={search_term_string}\"},\"query-input\":{\"@type\":\"PropertyValueSpecification\",\"valueRequired\":true,\"valueName\":\"search_term_string\"}}],\"inLanguage\":\"es\"},{\"@type\":\"Organization\",\"@id\":\"https:\/\/diariolajornada.com\/#organization\",\"name\":\"Diario La Jornada\",\"url\":\"https:\/\/diariolajornada.com\/\",\"logo\":{\"@type\":\"ImageObject\",\"inLanguage\":\"es\",\"@id\":\"https:\/\/diariolajornada.com\/#\/schema\/logo\/image\/\",\"url\":\"https:\/\/diariolajornada.com\/wp-content\/uploads\/2021\/06\/LOGO-JORNADA-SVG-01-02.svg\",\"contentUrl\":\"https:\/\/diariolajornada.com\/wp-content\/uploads\/2021\/06\/LOGO-JORNADA-SVG-01-02.svg\",\"width\":350,\"height\":100,\"caption\":\"Diario La Jornada\"},\"image\":{\"@id\":\"https:\/\/diariolajornada.com\/#\/schema\/logo\/image\/\"},\"sameAs\":[\"https:\/\/es-la.facebook.com\/lajornadadeguarico\/\",\"https:\/\/www.instagram.com\/diariojornada\/?hl=es\"]},{\"@type\":\"Person\",\"@id\":\"https:\/\/diariolajornada.com\/#\/schema\/person\/83fc9ad02376abb532ce4553a399186b\",\"name\":\"admin\",\"image\":{\"@type\":\"ImageObject\",\"inLanguage\":\"es\",\"@id\":\"https:\/\/diariolajornada.com\/#\/schema\/person\/image\/\",\"url\":\"https:\/\/secure.gravatar.com\/avatar\/fdcecb87f300ccb988450328a61211f10a01c8bfedfca54e932145534024045b?s=96&d=mm&r=g\",\"contentUrl\":\"https:\/\/secure.gravatar.com\/avatar\/fdcecb87f300ccb988450328a61211f10a01c8bfedfca54e932145534024045b?s=96&d=mm&r=g\",\"caption\":\"admin\"},\"sameAs\":[\"https:\/\/diariolajornada.com\"],\"url\":\"https:\/\/diariolajornada.com\/?author=1\"}]}<\/script>\n<!-- \/ Yoast SEO plugin. -->","yoast_head_json":{"title":"La Vinotinto ya se encuentra en la Asunci\u00f3n para preparar su duelo ante Paraguay - Diario La Jornada","robots":{"index":"index","follow":"follow","max-snippet":"max-snippet:-1","max-image-preview":"max-image-preview:large","max-video-preview":"max-video-preview:-1"},"canonical":"https:\/\/diariolajornada.com\/?p=211714","og_locale":"es_ES","og_type":"article","og_title":"La Vinotinto ya se encuentra en la Asunci\u00f3n para preparar su duelo ante Paraguay - Diario La Jornada","og_description":"Este domingo en horas de la noche, la Vinotinto aterriz\u00f3 a territorio paraguayo para afrontar la d\u00e9cima fecha por Eliminatorias Sudamericanas rumbo al Mundial 2026. El grupo deber\u00e1 sumar tres puntos si desea un puesto clave en la contienda mundialista. La selecci\u00f3n paraguaya tambi\u00e9n buscar\u00e1 sumar, luego de su empate ante Ecuador. En la llegada [&hellip;]","og_url":"https:\/\/diariolajornada.com\/?p=211714","og_site_name":"Diario La Jornada","article_publisher":"https:\/\/es-la.facebook.com\/lajornadadeguarico\/","article_published_time":"2024-10-15T02:56:09+00:00","og_image":[{"width":1242,"height":699,"url":"https:\/\/diariolajornada.com\/wp-content\/uploads\/2024\/10\/la-vinotinto-160453.jpg","type":"image\/jpeg"}],"author":"admin","twitter_card":"summary_large_image","twitter_misc":{"Escrito por":"admin","Tiempo de lectura":"1 minuto"},"schema":{"@context":"https:\/\/schema.org","@graph":[{"@type":"Article","@id":"https:\/\/diariolajornada.com\/?p=211714#article","isPartOf":{"@id":"https:\/\/diariolajornada.com\/?p=211714"},"author":{"name":"admin","@id":"https:\/\/diariolajornada.com\/#\/schema\/person\/83fc9ad02376abb532ce4553a399186b"},"headline":"La Vinotinto ya se encuentra en la Asunci\u00f3n para preparar su duelo ante Paraguay","datePublished":"2024-10-15T02:56:09+00:00","mainEntityOfPage":{"@id":"https:\/\/diariolajornada.com\/?p=211714"},"wordCount":182,"commentCount":0,"publisher":{"@id":"https:\/\/diariolajornada.com\/#organization"},"image":{"@id":"https:\/\/diariolajornada.com\/?p=211714#primaryimage"},"thumbnailUrl":"https:\/\/diariolajornada.com\/wp-content\/uploads\/2024\/10\/la-vinotinto-160453.jpg","articleSection":["Deportes","DESTACADA"],"inLanguage":"es","potentialAction":[{"@type":"CommentAction","name":"Comment","target":["https:\/\/diariolajornada.com\/?p=211714#respond"]}]},{"@type":"WebPage","@id":"https:\/\/diariolajornada.com\/?p=211714","url":"https:\/\/diariolajornada.com\/?p=211714","name":"La Vinotinto ya se encuentra en la Asunci\u00f3n para preparar su duelo ante Paraguay - Diario La Jornada","isPartOf":{"@id":"https:\/\/diariolajornada.com\/#website"},"primaryImageOfPage":{"@id":"https:\/\/diariolajornada.com\/?p=211714#primaryimage"},"image":{"@id":"https:\/\/diariolajornada.com\/?p=211714#primaryimage"},"thumbnailUrl":"https:\/\/diariolajornada.com\/wp-content\/uploads\/2024\/10\/la-vinotinto-160453.jpg","datePublished":"2024-10-15T02:56:09+00:00","breadcrumb":{"@id":"https:\/\/diariolajornada.com\/?p=211714#breadcrumb"},"inLanguage":"es","potentialAction":[{"@type":"ReadAction","target":["https:\/\/diariolajornada.com\/?p=211714"]}]},{"@type":"ImageObject","inLanguage":"es","@id":"https:\/\/diariolajornada.com\/?p=211714#primaryimage","url":"https:\/\/diariolajornada.com\/wp-content\/uploads\/2024\/10\/la-vinotinto-160453.jpg","contentUrl":"https:\/\/diariolajornada.com\/wp-content\/uploads\/2024\/10\/la-vinotinto-160453.jpg","width":1242,"height":699},{"@type":"BreadcrumbList","@id":"https:\/\/diariolajornada.com\/?p=211714#breadcrumb","itemListElement":[{"@type":"ListItem","position":1,"name":"Portada","item":"https:\/\/diariolajornada.com\/"},{"@type":"ListItem","position":2,"name":"La Vinotinto ya se encuentra en la Asunci\u00f3n para preparar su duelo ante Paraguay"}]},{"@type":"WebSite","@id":"https:\/\/diariolajornada.com\/#website","url":"https:\/\/diariolajornada.com\/","name":"Diario La Jornada","description":"Noticias Nacionales Regionales e Internacionales","publisher":{"@id":"https:\/\/diariolajornada.com\/#organization"},"potentialAction":[{"@type":"SearchAction","target":{"@type":"EntryPoint","urlTemplate":"https:\/\/diariolajornada.com\/?s={search_term_string}"},"query-input":{"@type":"PropertyValueSpecification","valueRequired":true,"valueName":"search_term_string"}}],"inLanguage":"es"},{"@type":"Organization","@id":"https:\/\/diariolajornada.com\/#organization","name":"Diario La Jornada","url":"https:\/\/diariolajornada.com\/","logo":{"@type":"ImageObject","inLanguage":"es","@id":"https:\/\/diariolajornada.com\/#\/schema\/logo\/image\/","url":"https:\/\/diariolajornada.com\/wp-content\/uploads\/2021\/06\/LOGO-JORNADA-SVG-01-02.svg","contentUrl":"https:\/\/diariolajornada.com\/wp-content\/uploads\/2021\/06\/LOGO-JORNADA-SVG-01-02.svg","width":350,"height":100,"caption":"Diario La Jornada"},"image":{"@id":"https:\/\/diariolajornada.com\/#\/schema\/logo\/image\/"},"sameAs":["https:\/\/es-la.facebook.com\/lajornadadeguarico\/","https:\/\/www.instagram.com\/diariojornada\/?hl=es"]},{"@type":"Person","@id":"https:\/\/diariolajornada.com\/#\/schema\/person\/83fc9ad02376abb532ce4553a399186b","name":"admin","image":{"@type":"ImageObject","inLanguage":"es","@id":"https:\/\/diariolajornada.com\/#\/schema\/person\/image\/","url":"https:\/\/secure.gravatar.com\/avatar\/fdcecb87f300ccb988450328a61211f10a01c8bfedfca54e932145534024045b?s=96&d=mm&r=g","contentUrl":"https:\/\/secure.gravatar.com\/avatar\/fdcecb87f300ccb988450328a61211f10a01c8bfedfca54e932145534024045b?s=96&d=mm&r=g","caption":"admin"},"sameAs":["https:\/\/diariolajornada.com"],"url":"https:\/\/diariolajornada.com\/?author=1"}]}},"_links":{"self":[{"href":"https:\/\/diariolajornada.com\/index.php?rest_route=\/wp\/v2\/posts\/211714","targetHints":{"allow":["GET"]}}],"collection":[{"href":"https:\/\/diariolajornada.com\/index.php?rest_route=\/wp\/v2\/posts"}],"about":[{"href":"https:\/\/diariolajornada.com\/index.php?rest_route=\/wp\/v2\/types\/post"}],"author":[{"embeddable":true,"href":"https:\/\/diariolajornada.com\/index.php?rest_route=\/wp\/v2\/users\/1"}],"replies":[{"embeddable":true,"href":"https:\/\/diariolajornada.com\/index.php?rest_route=%2Fwp%2Fv2%2Fcomments&post=211714"}],"version-history":[{"count":1,"href":"https:\/\/diariolajornada.com\/index.php?rest_route=\/wp\/v2\/posts\/211714\/revisions"}],"predecessor-version":[{"id":211722,"href":"https:\/\/diariolajornada.com\/index.php?rest_route=\/wp\/v2\/posts\/211714\/revisions\/211722"}],"wp:featuredmedia":[{"embeddable":true,"href":"https:\/\/diariolajornada.com\/index.php?rest_route=\/wp\/v2\/media\/211717"}],"wp:attachment":[{"href":"https:\/\/diariolajornada.com\/index.php?rest_route=%2Fwp%2Fv2%2Fmedia&parent=211714"}],"wp:term":[{"taxonomy":"category","embeddable":true,"href":"https:\/\/diariolajornada.com\/index.php?rest_route=%2Fwp%2Fv2%2Fcategories&post=211714"},{"taxonomy":"post_tag","embeddable":true,"href":"https:\/\/diariolajornada.com\/index.php?rest_route=%2Fwp%2Fv2%2Ftags&post=211714"}],"curies":[{"name":"wp","href":"https:\/\/api.w.org\/{rel}","templated":true}]}}