{"id":211723,"date":"2024-10-14T22:56:45","date_gmt":"2024-10-15T02:56:45","guid":{"rendered":"https:\/\/diariolajornada.com\/?p=211723"},"modified":"2024-10-14T22:56:45","modified_gmt":"2024-10-15T02:56:45","slug":"militares-israelies-usan-a-civiles-palestinos-como-escudos-humanos-en-la-franja-de-gaza","status":"publish","type":"post","link":"https:\/\/diariolajornada.com\/?p=211723","title":{"rendered":"Militares israel\u00edes usan a civiles palestinos como escudos humanos en la Franja de Gaza"},"content":{"rendered":"<p>Desde el inicio de la guerra en la Franja de Gaza, los militares israel\u00edes han utilizado regularmente a civiles palestinos detenidos como escudos humanos, oblig\u00e1ndolos a realizar misiones de reconocimiento para evitar poner en peligro a sus tropas, informa The New York Times.<\/p>\n<p>Seg\u00fan una nueva investigaci\u00f3n del medio, que cita testimonios tanto de personas sometidas a esta pr\u00e1ctica como de varios soldados israel\u00edes, a los palestinos se les obligaba a explorar lugares donde supuestamente Ham\u00e1s pod\u00eda organizar emboscadas o colocar trampas explosivas. En particular, ten\u00edan que revisar y filmar el interior de redes de t\u00faneles, y entrar en edificios para encontrar explosivos ocultos, entre otras cosas.<\/p>\n<div><\/div>\n<div>Se se\u00f1ala que esta pr\u00e1ctica, ilegal tanto seg\u00fan la legislaci\u00f3n israel\u00ed como el derecho internacional, ha sido utilizada por al menos 11 pelotones israel\u00edes en cinco ciudades del enclave, a menudo con la participaci\u00f3n de los servicios de inteligencia.<\/p>\n<p><b>Escudos humanos<\/b><\/div>\n<div>\nUno de los interlocutores del diario, Mohammed Shubeir, que entonces ten\u00eda 17 a\u00f1os, relat\u00f3 que \u00e9l y su familia fueron detectados y detenidos por los israel\u00edes a principios de marzo, cuando se escond\u00edan en su ciudad natal de Jan Yunis. Durante su detenci\u00f3n, que dur\u00f3 10 d\u00edas, el adolescente fue utilizado como escudo humano, concretamente le obligaron a caminar esposado por las ruinas en busca de explosivos colocados por Ham\u00e1s, mientras los propios soldados caminaban detr\u00e1s de \u00e9l.<\/p>\n<p>Shubeir tambi\u00e9n dijo que unos d\u00edas antes de su liberaci\u00f3n lo desataron, lo vistieron con un uniforme militar israel\u00ed y lo obligaron a caminar por las calles para que los combatientes de Ham\u00e1s pudieran dispararle y revelar sus posiciones. A su vez, los militares israel\u00edes le segu\u00edan desde la distancia. Seg\u00fan sus palabras, cuando qued\u00f3 con las manos libres, pens\u00f3 en intentar huir, pero decidi\u00f3 no hacerlo cuando se dio cuenta de que un cuadric\u00f3ptero lo segu\u00eda, vigilaba sus acciones y estaba preparado para dispararle.<\/p>\n<p>De acuerdo con otro palestino, los israel\u00edes obligaron a una multitud de civiles desplazados a caminar delante de ellos mientras avanzaban hacia un escondite de Ham\u00e1s, en el centro de la ciudad de Gaza. \u00abLos soldados nos ordenaron que fu\u00e9ramos hacia delante para que el otro bando no devolviera el fuego\u00bb, dijo Jehad Siam, de 31 a\u00f1os, a\u00f1adiendo que cuando el grupo lleg\u00f3 al lugar, los militares salieron de detr\u00e1s de los civiles y entraron en el edificio.<\/p>\n<p>Basheer al-Dalou, farmac\u00e9utico de la ciudad de Gaza, tambi\u00e9n cont\u00f3 que, tras ser capturado en su casa, lo obligaron a actuar como escudo humano. Le ordenaron que se quitara la ropa, le ataron las manos y que fuera al patio trasero de una casa vecina, que estaba cubierto de escombros y cristales rotos. Con las manos atadas, le ordenaron caminar por el patio, moviendo los objetos sospechosos.<\/p><\/div>\n<div><\/div>\n<p>\u00abDetr\u00e1s de m\u00ed, tres soldados me empujaron violentamente hacia delante. Ten\u00edan miedo de posibles t\u00faneles bajo tierra o de explosivos ocultos bajo cualquier objeto que hubiera all\u00ed\u00bb, relat\u00f3.<\/p>\n<p>Al-Dalou, de 43 a\u00f1os, record\u00f3 que ese mismo d\u00eda le ordenaron caminar delante de un tanque israel\u00ed que se dirig\u00eda hacia una mezquita, donde supuestamente hab\u00eda miembros de Ham\u00e1s. A\u00f1adi\u00f3 que algunos de sus vecinos fueron enviados a buscar entradas de t\u00faneles en un hospital cercano, se\u00f1alando que no los ha vuelto a ver desde entonces.<\/p>\n<p>Por su parte, los soldados israel\u00edes que hablaron con The NYT, describieron la pr\u00e1ctica como \u00abrutinaria, habitual y organizada, llevada a cabo con un considerable apoyo log\u00edstico y el conocimiento de los superiores en el campo de batalla\u00bb. Seg\u00fan sus palabras, se realizaba por el deseo de limitar los riesgos para la infanter\u00eda.<\/p>\n<div>Mientras tanto, el Ej\u00e9rcito israel\u00ed declar\u00f3 al medio mediante un comunicado que sus \u00abdirectivas y directrices proh\u00edben estrictamente el uso de civiles de Gaza detenidos para operaciones militares\u00bb, a\u00f1adiendo que los relatos de los interlocutores del medio ser\u00edan \u00abexaminados por las autoridades pertinentes\u00bb.<\/div>\n<div><\/div>\n<div><b>Con informaci\u00f3n de Actualidad RT\u00a0<\/b><\/div>\n","protected":false},"excerpt":{"rendered":"<p>Desde el inicio de la guerra en la Franja de Gaza, los militares israel\u00edes han utilizado regularmente a civiles palestinos detenidos como escudos humanos, oblig\u00e1ndolos a realizar misiones de reconocimiento para evitar poner en peligro a sus tropas, informa The New York Times. Seg\u00fan una nueva investigaci\u00f3n del medio, que cita testimonios tanto de personas [&hellip;]<\/p>\n","protected":false},"author":1,"featured_media":211719,"comment_status":"open","ping_status":"open","sticky":false,"template":"","format":"standard","meta":{"footnotes":""},"categories":[17,10],"tags":[],"class_list":["post-211723","post","type-post","status-publish","format-standard","has-post-thumbnail","hentry","category-destacada","category-internacionales"],"yoast_head":"<!-- This site is optimized with the Yoast SEO plugin v24.4 - https:\/\/yoast.com\/wordpress\/plugins\/seo\/ -->\n<title>Militares israel\u00edes usan a civiles palestinos como escudos humanos en la Franja de Gaza - Diario La Jornada<\/title>\n<meta name=\"robots\" content=\"index, follow, max-snippet:-1, max-image-preview:large, max-video-preview:-1\" \/>\n<link rel=\"canonical\" href=\"https:\/\/diariolajornada.com\/?p=211723\" \/>\n<meta property=\"og:locale\" content=\"es_ES\" \/>\n<meta property=\"og:type\" content=\"article\" \/>\n<meta property=\"og:title\" content=\"Militares israel\u00edes usan a civiles palestinos como escudos humanos en la Franja de Gaza - Diario La Jornada\" \/>\n<meta property=\"og:description\" content=\"Desde el inicio de la guerra en la Franja de Gaza, los militares israel\u00edes han utilizado regularmente a civiles palestinos detenidos como escudos humanos, oblig\u00e1ndolos a realizar misiones de reconocimiento para evitar poner en peligro a sus tropas, informa The New York Times. Seg\u00fan una nueva investigaci\u00f3n del medio, que cita testimonios tanto de personas [&hellip;]\" \/>\n<meta property=\"og:url\" content=\"https:\/\/diariolajornada.com\/?p=211723\" \/>\n<meta property=\"og:site_name\" content=\"Diario La Jornada\" \/>\n<meta property=\"article:publisher\" content=\"https:\/\/es-la.facebook.com\/lajornadadeguarico\/\" \/>\n<meta property=\"article:published_time\" content=\"2024-10-15T02:56:45+00:00\" \/>\n<meta property=\"og:image\" content=\"https:\/\/diariolajornada.com\/wp-content\/uploads\/2024\/10\/militares-israelies-usan-a-civiles-palestinos-como-escudos-humanos-en-la-franja-de-gaza-160444.jpg\" \/>\n\t<meta property=\"og:image:width\" content=\"1242\" \/>\n\t<meta property=\"og:image:height\" content=\"699\" \/>\n\t<meta property=\"og:image:type\" content=\"image\/jpeg\" \/>\n<meta name=\"author\" content=\"admin\" \/>\n<meta name=\"twitter:card\" content=\"summary_large_image\" \/>\n<meta name=\"twitter:label1\" content=\"Escrito por\" \/>\n\t<meta name=\"twitter:data1\" content=\"admin\" \/>\n\t<meta name=\"twitter:label2\" content=\"Tiempo de lectura\" \/>\n\t<meta name=\"twitter:data2\" content=\"3 minutos\" \/>\n<script type=\"application\/ld+json\" class=\"yoast-schema-graph\">{\"@context\":\"https:\/\/schema.org\",\"@graph\":[{\"@type\":\"Article\",\"@id\":\"https:\/\/diariolajornada.com\/?p=211723#article\",\"isPartOf\":{\"@id\":\"https:\/\/diariolajornada.com\/?p=211723\"},\"author\":{\"name\":\"admin\",\"@id\":\"https:\/\/diariolajornada.com\/#\/schema\/person\/83fc9ad02376abb532ce4553a399186b\"},\"headline\":\"Militares israel\u00edes usan a civiles palestinos como escudos humanos en la Franja de Gaza\",\"datePublished\":\"2024-10-15T02:56:45+00:00\",\"mainEntityOfPage\":{\"@id\":\"https:\/\/diariolajornada.com\/?p=211723\"},\"wordCount\":713,\"commentCount\":0,\"publisher\":{\"@id\":\"https:\/\/diariolajornada.com\/#organization\"},\"image\":{\"@id\":\"https:\/\/diariolajornada.com\/?p=211723#primaryimage\"},\"thumbnailUrl\":\"https:\/\/diariolajornada.com\/wp-content\/uploads\/2024\/10\/militares-israelies-usan-a-civiles-palestinos-como-escudos-humanos-en-la-franja-de-gaza-160444.jpg\",\"articleSection\":[\"DESTACADA\",\"Internacionales\"],\"inLanguage\":\"es\",\"potentialAction\":[{\"@type\":\"CommentAction\",\"name\":\"Comment\",\"target\":[\"https:\/\/diariolajornada.com\/?p=211723#respond\"]}]},{\"@type\":\"WebPage\",\"@id\":\"https:\/\/diariolajornada.com\/?p=211723\",\"url\":\"https:\/\/diariolajornada.com\/?p=211723\",\"name\":\"Militares israel\u00edes usan a civiles palestinos como escudos humanos en la Franja de Gaza - Diario La Jornada\",\"isPartOf\":{\"@id\":\"https:\/\/diariolajornada.com\/#website\"},\"primaryImageOfPage\":{\"@id\":\"https:\/\/diariolajornada.com\/?p=211723#primaryimage\"},\"image\":{\"@id\":\"https:\/\/diariolajornada.com\/?p=211723#primaryimage\"},\"thumbnailUrl\":\"https:\/\/diariolajornada.com\/wp-content\/uploads\/2024\/10\/militares-israelies-usan-a-civiles-palestinos-como-escudos-humanos-en-la-franja-de-gaza-160444.jpg\",\"datePublished\":\"2024-10-15T02:56:45+00:00\",\"breadcrumb\":{\"@id\":\"https:\/\/diariolajornada.com\/?p=211723#breadcrumb\"},\"inLanguage\":\"es\",\"potentialAction\":[{\"@type\":\"ReadAction\",\"target\":[\"https:\/\/diariolajornada.com\/?p=211723\"]}]},{\"@type\":\"ImageObject\",\"inLanguage\":\"es\",\"@id\":\"https:\/\/diariolajornada.com\/?p=211723#primaryimage\",\"url\":\"https:\/\/diariolajornada.com\/wp-content\/uploads\/2024\/10\/militares-israelies-usan-a-civiles-palestinos-como-escudos-humanos-en-la-franja-de-gaza-160444.jpg\",\"contentUrl\":\"https:\/\/diariolajornada.com\/wp-content\/uploads\/2024\/10\/militares-israelies-usan-a-civiles-palestinos-como-escudos-humanos-en-la-franja-de-gaza-160444.jpg\",\"width\":1242,\"height\":699},{\"@type\":\"BreadcrumbList\",\"@id\":\"https:\/\/diariolajornada.com\/?p=211723#breadcrumb\",\"itemListElement\":[{\"@type\":\"ListItem\",\"position\":1,\"name\":\"Portada\",\"item\":\"https:\/\/diariolajornada.com\/\"},{\"@type\":\"ListItem\",\"position\":2,\"name\":\"Militares israel\u00edes usan a civiles palestinos como escudos humanos en la Franja de Gaza\"}]},{\"@type\":\"WebSite\",\"@id\":\"https:\/\/diariolajornada.com\/#website\",\"url\":\"https:\/\/diariolajornada.com\/\",\"name\":\"Diario La Jornada\",\"description\":\"Noticias Nacionales Regionales e Internacionales\",\"publisher\":{\"@id\":\"https:\/\/diariolajornada.com\/#organization\"},\"potentialAction\":[{\"@type\":\"SearchAction\",\"target\":{\"@type\":\"EntryPoint\",\"urlTemplate\":\"https:\/\/diariolajornada.com\/?s={search_term_string}\"},\"query-input\":{\"@type\":\"PropertyValueSpecification\",\"valueRequired\":true,\"valueName\":\"search_term_string\"}}],\"inLanguage\":\"es\"},{\"@type\":\"Organization\",\"@id\":\"https:\/\/diariolajornada.com\/#organization\",\"name\":\"Diario La Jornada\",\"url\":\"https:\/\/diariolajornada.com\/\",\"logo\":{\"@type\":\"ImageObject\",\"inLanguage\":\"es\",\"@id\":\"https:\/\/diariolajornada.com\/#\/schema\/logo\/image\/\",\"url\":\"https:\/\/diariolajornada.com\/wp-content\/uploads\/2021\/06\/LOGO-JORNADA-SVG-01-02.svg\",\"contentUrl\":\"https:\/\/diariolajornada.com\/wp-content\/uploads\/2021\/06\/LOGO-JORNADA-SVG-01-02.svg\",\"width\":350,\"height\":100,\"caption\":\"Diario La Jornada\"},\"image\":{\"@id\":\"https:\/\/diariolajornada.com\/#\/schema\/logo\/image\/\"},\"sameAs\":[\"https:\/\/es-la.facebook.com\/lajornadadeguarico\/\",\"https:\/\/www.instagram.com\/diariojornada\/?hl=es\"]},{\"@type\":\"Person\",\"@id\":\"https:\/\/diariolajornada.com\/#\/schema\/person\/83fc9ad02376abb532ce4553a399186b\",\"name\":\"admin\",\"image\":{\"@type\":\"ImageObject\",\"inLanguage\":\"es\",\"@id\":\"https:\/\/diariolajornada.com\/#\/schema\/person\/image\/\",\"url\":\"https:\/\/secure.gravatar.com\/avatar\/fdcecb87f300ccb988450328a61211f10a01c8bfedfca54e932145534024045b?s=96&d=mm&r=g\",\"contentUrl\":\"https:\/\/secure.gravatar.com\/avatar\/fdcecb87f300ccb988450328a61211f10a01c8bfedfca54e932145534024045b?s=96&d=mm&r=g\",\"caption\":\"admin\"},\"sameAs\":[\"https:\/\/diariolajornada.com\"],\"url\":\"https:\/\/diariolajornada.com\/?author=1\"}]}<\/script>\n<!-- \/ Yoast SEO plugin. -->","yoast_head_json":{"title":"Militares israel\u00edes usan a civiles palestinos como escudos humanos en la Franja de Gaza - Diario La Jornada","robots":{"index":"index","follow":"follow","max-snippet":"max-snippet:-1","max-image-preview":"max-image-preview:large","max-video-preview":"max-video-preview:-1"},"canonical":"https:\/\/diariolajornada.com\/?p=211723","og_locale":"es_ES","og_type":"article","og_title":"Militares israel\u00edes usan a civiles palestinos como escudos humanos en la Franja de Gaza - Diario La Jornada","og_description":"Desde el inicio de la guerra en la Franja de Gaza, los militares israel\u00edes han utilizado regularmente a civiles palestinos detenidos como escudos humanos, oblig\u00e1ndolos a realizar misiones de reconocimiento para evitar poner en peligro a sus tropas, informa The New York Times. Seg\u00fan una nueva investigaci\u00f3n del medio, que cita testimonios tanto de personas [&hellip;]","og_url":"https:\/\/diariolajornada.com\/?p=211723","og_site_name":"Diario La Jornada","article_publisher":"https:\/\/es-la.facebook.com\/lajornadadeguarico\/","article_published_time":"2024-10-15T02:56:45+00:00","og_image":[{"width":1242,"height":699,"url":"https:\/\/diariolajornada.com\/wp-content\/uploads\/2024\/10\/militares-israelies-usan-a-civiles-palestinos-como-escudos-humanos-en-la-franja-de-gaza-160444.jpg","type":"image\/jpeg"}],"author":"admin","twitter_card":"summary_large_image","twitter_misc":{"Escrito por":"admin","Tiempo de lectura":"3 minutos"},"schema":{"@context":"https:\/\/schema.org","@graph":[{"@type":"Article","@id":"https:\/\/diariolajornada.com\/?p=211723#article","isPartOf":{"@id":"https:\/\/diariolajornada.com\/?p=211723"},"author":{"name":"admin","@id":"https:\/\/diariolajornada.com\/#\/schema\/person\/83fc9ad02376abb532ce4553a399186b"},"headline":"Militares israel\u00edes usan a civiles palestinos como escudos humanos en la Franja de Gaza","datePublished":"2024-10-15T02:56:45+00:00","mainEntityOfPage":{"@id":"https:\/\/diariolajornada.com\/?p=211723"},"wordCount":713,"commentCount":0,"publisher":{"@id":"https:\/\/diariolajornada.com\/#organization"},"image":{"@id":"https:\/\/diariolajornada.com\/?p=211723#primaryimage"},"thumbnailUrl":"https:\/\/diariolajornada.com\/wp-content\/uploads\/2024\/10\/militares-israelies-usan-a-civiles-palestinos-como-escudos-humanos-en-la-franja-de-gaza-160444.jpg","articleSection":["DESTACADA","Internacionales"],"inLanguage":"es","potentialAction":[{"@type":"CommentAction","name":"Comment","target":["https:\/\/diariolajornada.com\/?p=211723#respond"]}]},{"@type":"WebPage","@id":"https:\/\/diariolajornada.com\/?p=211723","url":"https:\/\/diariolajornada.com\/?p=211723","name":"Militares israel\u00edes usan a civiles palestinos como escudos humanos en la Franja de Gaza - Diario La Jornada","isPartOf":{"@id":"https:\/\/diariolajornada.com\/#website"},"primaryImageOfPage":{"@id":"https:\/\/diariolajornada.com\/?p=211723#primaryimage"},"image":{"@id":"https:\/\/diariolajornada.com\/?p=211723#primaryimage"},"thumbnailUrl":"https:\/\/diariolajornada.com\/wp-content\/uploads\/2024\/10\/militares-israelies-usan-a-civiles-palestinos-como-escudos-humanos-en-la-franja-de-gaza-160444.jpg","datePublished":"2024-10-15T02:56:45+00:00","breadcrumb":{"@id":"https:\/\/diariolajornada.com\/?p=211723#breadcrumb"},"inLanguage":"es","potentialAction":[{"@type":"ReadAction","target":["https:\/\/diariolajornada.com\/?p=211723"]}]},{"@type":"ImageObject","inLanguage":"es","@id":"https:\/\/diariolajornada.com\/?p=211723#primaryimage","url":"https:\/\/diariolajornada.com\/wp-content\/uploads\/2024\/10\/militares-israelies-usan-a-civiles-palestinos-como-escudos-humanos-en-la-franja-de-gaza-160444.jpg","contentUrl":"https:\/\/diariolajornada.com\/wp-content\/uploads\/2024\/10\/militares-israelies-usan-a-civiles-palestinos-como-escudos-humanos-en-la-franja-de-gaza-160444.jpg","width":1242,"height":699},{"@type":"BreadcrumbList","@id":"https:\/\/diariolajornada.com\/?p=211723#breadcrumb","itemListElement":[{"@type":"ListItem","position":1,"name":"Portada","item":"https:\/\/diariolajornada.com\/"},{"@type":"ListItem","position":2,"name":"Militares israel\u00edes usan a civiles palestinos como escudos humanos en la Franja de Gaza"}]},{"@type":"WebSite","@id":"https:\/\/diariolajornada.com\/#website","url":"https:\/\/diariolajornada.com\/","name":"Diario La Jornada","description":"Noticias Nacionales Regionales e Internacionales","publisher":{"@id":"https:\/\/diariolajornada.com\/#organization"},"potentialAction":[{"@type":"SearchAction","target":{"@type":"EntryPoint","urlTemplate":"https:\/\/diariolajornada.com\/?s={search_term_string}"},"query-input":{"@type":"PropertyValueSpecification","valueRequired":true,"valueName":"search_term_string"}}],"inLanguage":"es"},{"@type":"Organization","@id":"https:\/\/diariolajornada.com\/#organization","name":"Diario La Jornada","url":"https:\/\/diariolajornada.com\/","logo":{"@type":"ImageObject","inLanguage":"es","@id":"https:\/\/diariolajornada.com\/#\/schema\/logo\/image\/","url":"https:\/\/diariolajornada.com\/wp-content\/uploads\/2021\/06\/LOGO-JORNADA-SVG-01-02.svg","contentUrl":"https:\/\/diariolajornada.com\/wp-content\/uploads\/2021\/06\/LOGO-JORNADA-SVG-01-02.svg","width":350,"height":100,"caption":"Diario La Jornada"},"image":{"@id":"https:\/\/diariolajornada.com\/#\/schema\/logo\/image\/"},"sameAs":["https:\/\/es-la.facebook.com\/lajornadadeguarico\/","https:\/\/www.instagram.com\/diariojornada\/?hl=es"]},{"@type":"Person","@id":"https:\/\/diariolajornada.com\/#\/schema\/person\/83fc9ad02376abb532ce4553a399186b","name":"admin","image":{"@type":"ImageObject","inLanguage":"es","@id":"https:\/\/diariolajornada.com\/#\/schema\/person\/image\/","url":"https:\/\/secure.gravatar.com\/avatar\/fdcecb87f300ccb988450328a61211f10a01c8bfedfca54e932145534024045b?s=96&d=mm&r=g","contentUrl":"https:\/\/secure.gravatar.com\/avatar\/fdcecb87f300ccb988450328a61211f10a01c8bfedfca54e932145534024045b?s=96&d=mm&r=g","caption":"admin"},"sameAs":["https:\/\/diariolajornada.com"],"url":"https:\/\/diariolajornada.com\/?author=1"}]}},"_links":{"self":[{"href":"https:\/\/diariolajornada.com\/index.php?rest_route=\/wp\/v2\/posts\/211723","targetHints":{"allow":["GET"]}}],"collection":[{"href":"https:\/\/diariolajornada.com\/index.php?rest_route=\/wp\/v2\/posts"}],"about":[{"href":"https:\/\/diariolajornada.com\/index.php?rest_route=\/wp\/v2\/types\/post"}],"author":[{"embeddable":true,"href":"https:\/\/diariolajornada.com\/index.php?rest_route=\/wp\/v2\/users\/1"}],"replies":[{"embeddable":true,"href":"https:\/\/diariolajornada.com\/index.php?rest_route=%2Fwp%2Fv2%2Fcomments&post=211723"}],"version-history":[{"count":1,"href":"https:\/\/diariolajornada.com\/index.php?rest_route=\/wp\/v2\/posts\/211723\/revisions"}],"predecessor-version":[{"id":211724,"href":"https:\/\/diariolajornada.com\/index.php?rest_route=\/wp\/v2\/posts\/211723\/revisions\/211724"}],"wp:featuredmedia":[{"embeddable":true,"href":"https:\/\/diariolajornada.com\/index.php?rest_route=\/wp\/v2\/media\/211719"}],"wp:attachment":[{"href":"https:\/\/diariolajornada.com\/index.php?rest_route=%2Fwp%2Fv2%2Fmedia&parent=211723"}],"wp:term":[{"taxonomy":"category","embeddable":true,"href":"https:\/\/diariolajornada.com\/index.php?rest_route=%2Fwp%2Fv2%2Fcategories&post=211723"},{"taxonomy":"post_tag","embeddable":true,"href":"https:\/\/diariolajornada.com\/index.php?rest_route=%2Fwp%2Fv2%2Ftags&post=211723"}],"curies":[{"name":"wp","href":"https:\/\/api.w.org\/{rel}","templated":true}]}}