{"id":211725,"date":"2024-10-14T22:58:17","date_gmt":"2024-10-15T02:58:17","guid":{"rendered":"https:\/\/diariolajornada.com\/?p=211725"},"modified":"2024-10-14T22:58:17","modified_gmt":"2024-10-15T02:58:17","slug":"ratificado-vladimir-padrino-lopez-como-ministro-de-defensa","status":"publish","type":"post","link":"https:\/\/diariolajornada.com\/?p=211725","title":{"rendered":"Ratificado Vladimir Padrino L\u00f3pez como ministro de Defensa"},"content":{"rendered":"<p>Este lunes, el presidente Nicol\u00e1s Maduro,\u00a0 ratific\u00f3 al G\/J Vladimir Padrino L\u00f3pez,\u00a0 como ministro de Defensa.<\/p>\n<div><\/div>\n<div>\u00abRatifiqu\u00e9 al GJ Vladimir Padrino L\u00f3pez como Ministro del Poder Popular para la Defensa, y al GJ Domingo Antonio Hern\u00e1ndez Larez al frente de Comando Estrat\u00e9gico Operacional\u00bb, as\u00ed lo inform\u00f3 el mandatario nacional en su cuenta de Instagram.<\/div>\n<div><\/div>\n<div>\n<div>El jefe de Estado, tambi\u00e9n realiz\u00f3 algunos cambios dentro de la Fuerza Armada Nacional Bolivariana\u00a0 (FANB).<\/div>\n<div><\/div>\n<div>\u00abHoy, 14 de octubre, bajo el Roble y el Sam\u00e1n de la Academia Militar del Ej\u00e9rcito, orden\u00e9\u00a0hacer cambios en el Estado Mayor Superior de la Fuerza Armada Nacional Bolivariana\u00bb, indic\u00f3 en la publicaci\u00f3n.<\/div>\n<\/div>\n","protected":false},"excerpt":{"rendered":"<p>Este lunes, el presidente Nicol\u00e1s Maduro,\u00a0 ratific\u00f3 al G\/J Vladimir Padrino L\u00f3pez,\u00a0 como ministro de Defensa. \u00abRatifiqu\u00e9 al GJ Vladimir Padrino L\u00f3pez como Ministro del Poder Popular para la Defensa, y al GJ Domingo Antonio Hern\u00e1ndez Larez al frente de Comando Estrat\u00e9gico Operacional\u00bb, as\u00ed lo inform\u00f3 el mandatario nacional en su cuenta de Instagram. El [&hellip;]<\/p>\n","protected":false},"author":1,"featured_media":211721,"comment_status":"open","ping_status":"open","sticky":false,"template":"","format":"standard","meta":{"footnotes":""},"categories":[17,8],"tags":[],"class_list":["post-211725","post","type-post","status-publish","format-standard","has-post-thumbnail","hentry","category-destacada","category-nacionales"],"yoast_head":"<!-- This site is optimized with the Yoast SEO plugin v24.4 - https:\/\/yoast.com\/wordpress\/plugins\/seo\/ -->\n<title>Ratificado Vladimir Padrino L\u00f3pez como ministro de Defensa - Diario La Jornada<\/title>\n<meta name=\"robots\" content=\"index, follow, max-snippet:-1, max-image-preview:large, max-video-preview:-1\" \/>\n<link rel=\"canonical\" href=\"https:\/\/diariolajornada.com\/?p=211725\" \/>\n<meta property=\"og:locale\" content=\"es_ES\" \/>\n<meta property=\"og:type\" content=\"article\" \/>\n<meta property=\"og:title\" content=\"Ratificado Vladimir Padrino L\u00f3pez como ministro de Defensa - Diario La Jornada\" \/>\n<meta property=\"og:description\" content=\"Este lunes, el presidente Nicol\u00e1s Maduro,\u00a0 ratific\u00f3 al G\/J Vladimir Padrino L\u00f3pez,\u00a0 como ministro de Defensa. \u00abRatifiqu\u00e9 al GJ Vladimir Padrino L\u00f3pez como Ministro del Poder Popular para la Defensa, y al GJ Domingo Antonio Hern\u00e1ndez Larez al frente de Comando Estrat\u00e9gico Operacional\u00bb, as\u00ed lo inform\u00f3 el mandatario nacional en su cuenta de Instagram. El [&hellip;]\" \/>\n<meta property=\"og:url\" content=\"https:\/\/diariolajornada.com\/?p=211725\" \/>\n<meta property=\"og:site_name\" content=\"Diario La Jornada\" \/>\n<meta property=\"article:publisher\" content=\"https:\/\/es-la.facebook.com\/lajornadadeguarico\/\" \/>\n<meta property=\"article:published_time\" content=\"2024-10-15T02:58:17+00:00\" \/>\n<meta property=\"og:image\" content=\"https:\/\/diariolajornada.com\/wp-content\/uploads\/2024\/10\/vladimir-padrino-lopez-155804.jpg\" \/>\n\t<meta property=\"og:image:width\" content=\"1242\" \/>\n\t<meta property=\"og:image:height\" content=\"699\" \/>\n\t<meta property=\"og:image:type\" content=\"image\/jpeg\" \/>\n<meta name=\"author\" content=\"admin\" \/>\n<meta name=\"twitter:card\" content=\"summary_large_image\" \/>\n<meta name=\"twitter:label1\" content=\"Escrito por\" \/>\n\t<meta name=\"twitter:data1\" content=\"admin\" \/>\n\t<meta name=\"twitter:label2\" content=\"Tiempo de lectura\" \/>\n\t<meta name=\"twitter:data2\" content=\"1 minuto\" \/>\n<script type=\"application\/ld+json\" class=\"yoast-schema-graph\">{\"@context\":\"https:\/\/schema.org\",\"@graph\":[{\"@type\":\"Article\",\"@id\":\"https:\/\/diariolajornada.com\/?p=211725#article\",\"isPartOf\":{\"@id\":\"https:\/\/diariolajornada.com\/?p=211725\"},\"author\":{\"name\":\"admin\",\"@id\":\"https:\/\/diariolajornada.com\/#\/schema\/person\/83fc9ad02376abb532ce4553a399186b\"},\"headline\":\"Ratificado Vladimir Padrino L\u00f3pez como ministro de Defensa\",\"datePublished\":\"2024-10-15T02:58:17+00:00\",\"mainEntityOfPage\":{\"@id\":\"https:\/\/diariolajornada.com\/?p=211725\"},\"wordCount\":122,\"commentCount\":0,\"publisher\":{\"@id\":\"https:\/\/diariolajornada.com\/#organization\"},\"image\":{\"@id\":\"https:\/\/diariolajornada.com\/?p=211725#primaryimage\"},\"thumbnailUrl\":\"https:\/\/diariolajornada.com\/wp-content\/uploads\/2024\/10\/vladimir-padrino-lopez-155804.jpg\",\"articleSection\":[\"DESTACADA\",\"Nacionales\"],\"inLanguage\":\"es\",\"potentialAction\":[{\"@type\":\"CommentAction\",\"name\":\"Comment\",\"target\":[\"https:\/\/diariolajornada.com\/?p=211725#respond\"]}]},{\"@type\":\"WebPage\",\"@id\":\"https:\/\/diariolajornada.com\/?p=211725\",\"url\":\"https:\/\/diariolajornada.com\/?p=211725\",\"name\":\"Ratificado Vladimir Padrino L\u00f3pez como ministro de Defensa - Diario La Jornada\",\"isPartOf\":{\"@id\":\"https:\/\/diariolajornada.com\/#website\"},\"primaryImageOfPage\":{\"@id\":\"https:\/\/diariolajornada.com\/?p=211725#primaryimage\"},\"image\":{\"@id\":\"https:\/\/diariolajornada.com\/?p=211725#primaryimage\"},\"thumbnailUrl\":\"https:\/\/diariolajornada.com\/wp-content\/uploads\/2024\/10\/vladimir-padrino-lopez-155804.jpg\",\"datePublished\":\"2024-10-15T02:58:17+00:00\",\"breadcrumb\":{\"@id\":\"https:\/\/diariolajornada.com\/?p=211725#breadcrumb\"},\"inLanguage\":\"es\",\"potentialAction\":[{\"@type\":\"ReadAction\",\"target\":[\"https:\/\/diariolajornada.com\/?p=211725\"]}]},{\"@type\":\"ImageObject\",\"inLanguage\":\"es\",\"@id\":\"https:\/\/diariolajornada.com\/?p=211725#primaryimage\",\"url\":\"https:\/\/diariolajornada.com\/wp-content\/uploads\/2024\/10\/vladimir-padrino-lopez-155804.jpg\",\"contentUrl\":\"https:\/\/diariolajornada.com\/wp-content\/uploads\/2024\/10\/vladimir-padrino-lopez-155804.jpg\",\"width\":1242,\"height\":699},{\"@type\":\"BreadcrumbList\",\"@id\":\"https:\/\/diariolajornada.com\/?p=211725#breadcrumb\",\"itemListElement\":[{\"@type\":\"ListItem\",\"position\":1,\"name\":\"Portada\",\"item\":\"https:\/\/diariolajornada.com\/\"},{\"@type\":\"ListItem\",\"position\":2,\"name\":\"Ratificado Vladimir Padrino L\u00f3pez como ministro de Defensa\"}]},{\"@type\":\"WebSite\",\"@id\":\"https:\/\/diariolajornada.com\/#website\",\"url\":\"https:\/\/diariolajornada.com\/\",\"name\":\"Diario La Jornada\",\"description\":\"Noticias Nacionales Regionales e Internacionales\",\"publisher\":{\"@id\":\"https:\/\/diariolajornada.com\/#organization\"},\"potentialAction\":[{\"@type\":\"SearchAction\",\"target\":{\"@type\":\"EntryPoint\",\"urlTemplate\":\"https:\/\/diariolajornada.com\/?s={search_term_string}\"},\"query-input\":{\"@type\":\"PropertyValueSpecification\",\"valueRequired\":true,\"valueName\":\"search_term_string\"}}],\"inLanguage\":\"es\"},{\"@type\":\"Organization\",\"@id\":\"https:\/\/diariolajornada.com\/#organization\",\"name\":\"Diario La Jornada\",\"url\":\"https:\/\/diariolajornada.com\/\",\"logo\":{\"@type\":\"ImageObject\",\"inLanguage\":\"es\",\"@id\":\"https:\/\/diariolajornada.com\/#\/schema\/logo\/image\/\",\"url\":\"https:\/\/diariolajornada.com\/wp-content\/uploads\/2021\/06\/LOGO-JORNADA-SVG-01-02.svg\",\"contentUrl\":\"https:\/\/diariolajornada.com\/wp-content\/uploads\/2021\/06\/LOGO-JORNADA-SVG-01-02.svg\",\"width\":350,\"height\":100,\"caption\":\"Diario La Jornada\"},\"image\":{\"@id\":\"https:\/\/diariolajornada.com\/#\/schema\/logo\/image\/\"},\"sameAs\":[\"https:\/\/es-la.facebook.com\/lajornadadeguarico\/\",\"https:\/\/www.instagram.com\/diariojornada\/?hl=es\"]},{\"@type\":\"Person\",\"@id\":\"https:\/\/diariolajornada.com\/#\/schema\/person\/83fc9ad02376abb532ce4553a399186b\",\"name\":\"admin\",\"image\":{\"@type\":\"ImageObject\",\"inLanguage\":\"es\",\"@id\":\"https:\/\/diariolajornada.com\/#\/schema\/person\/image\/\",\"url\":\"https:\/\/secure.gravatar.com\/avatar\/fdcecb87f300ccb988450328a61211f10a01c8bfedfca54e932145534024045b?s=96&d=mm&r=g\",\"contentUrl\":\"https:\/\/secure.gravatar.com\/avatar\/fdcecb87f300ccb988450328a61211f10a01c8bfedfca54e932145534024045b?s=96&d=mm&r=g\",\"caption\":\"admin\"},\"sameAs\":[\"https:\/\/diariolajornada.com\"],\"url\":\"https:\/\/diariolajornada.com\/?author=1\"}]}<\/script>\n<!-- \/ Yoast SEO plugin. -->","yoast_head_json":{"title":"Ratificado Vladimir Padrino L\u00f3pez como ministro de Defensa - Diario La Jornada","robots":{"index":"index","follow":"follow","max-snippet":"max-snippet:-1","max-image-preview":"max-image-preview:large","max-video-preview":"max-video-preview:-1"},"canonical":"https:\/\/diariolajornada.com\/?p=211725","og_locale":"es_ES","og_type":"article","og_title":"Ratificado Vladimir Padrino L\u00f3pez como ministro de Defensa - Diario La Jornada","og_description":"Este lunes, el presidente Nicol\u00e1s Maduro,\u00a0 ratific\u00f3 al G\/J Vladimir Padrino L\u00f3pez,\u00a0 como ministro de Defensa. \u00abRatifiqu\u00e9 al GJ Vladimir Padrino L\u00f3pez como Ministro del Poder Popular para la Defensa, y al GJ Domingo Antonio Hern\u00e1ndez Larez al frente de Comando Estrat\u00e9gico Operacional\u00bb, as\u00ed lo inform\u00f3 el mandatario nacional en su cuenta de Instagram. El [&hellip;]","og_url":"https:\/\/diariolajornada.com\/?p=211725","og_site_name":"Diario La Jornada","article_publisher":"https:\/\/es-la.facebook.com\/lajornadadeguarico\/","article_published_time":"2024-10-15T02:58:17+00:00","og_image":[{"width":1242,"height":699,"url":"https:\/\/diariolajornada.com\/wp-content\/uploads\/2024\/10\/vladimir-padrino-lopez-155804.jpg","type":"image\/jpeg"}],"author":"admin","twitter_card":"summary_large_image","twitter_misc":{"Escrito por":"admin","Tiempo de lectura":"1 minuto"},"schema":{"@context":"https:\/\/schema.org","@graph":[{"@type":"Article","@id":"https:\/\/diariolajornada.com\/?p=211725#article","isPartOf":{"@id":"https:\/\/diariolajornada.com\/?p=211725"},"author":{"name":"admin","@id":"https:\/\/diariolajornada.com\/#\/schema\/person\/83fc9ad02376abb532ce4553a399186b"},"headline":"Ratificado Vladimir Padrino L\u00f3pez como ministro de Defensa","datePublished":"2024-10-15T02:58:17+00:00","mainEntityOfPage":{"@id":"https:\/\/diariolajornada.com\/?p=211725"},"wordCount":122,"commentCount":0,"publisher":{"@id":"https:\/\/diariolajornada.com\/#organization"},"image":{"@id":"https:\/\/diariolajornada.com\/?p=211725#primaryimage"},"thumbnailUrl":"https:\/\/diariolajornada.com\/wp-content\/uploads\/2024\/10\/vladimir-padrino-lopez-155804.jpg","articleSection":["DESTACADA","Nacionales"],"inLanguage":"es","potentialAction":[{"@type":"CommentAction","name":"Comment","target":["https:\/\/diariolajornada.com\/?p=211725#respond"]}]},{"@type":"WebPage","@id":"https:\/\/diariolajornada.com\/?p=211725","url":"https:\/\/diariolajornada.com\/?p=211725","name":"Ratificado Vladimir Padrino L\u00f3pez como ministro de Defensa - Diario La Jornada","isPartOf":{"@id":"https:\/\/diariolajornada.com\/#website"},"primaryImageOfPage":{"@id":"https:\/\/diariolajornada.com\/?p=211725#primaryimage"},"image":{"@id":"https:\/\/diariolajornada.com\/?p=211725#primaryimage"},"thumbnailUrl":"https:\/\/diariolajornada.com\/wp-content\/uploads\/2024\/10\/vladimir-padrino-lopez-155804.jpg","datePublished":"2024-10-15T02:58:17+00:00","breadcrumb":{"@id":"https:\/\/diariolajornada.com\/?p=211725#breadcrumb"},"inLanguage":"es","potentialAction":[{"@type":"ReadAction","target":["https:\/\/diariolajornada.com\/?p=211725"]}]},{"@type":"ImageObject","inLanguage":"es","@id":"https:\/\/diariolajornada.com\/?p=211725#primaryimage","url":"https:\/\/diariolajornada.com\/wp-content\/uploads\/2024\/10\/vladimir-padrino-lopez-155804.jpg","contentUrl":"https:\/\/diariolajornada.com\/wp-content\/uploads\/2024\/10\/vladimir-padrino-lopez-155804.jpg","width":1242,"height":699},{"@type":"BreadcrumbList","@id":"https:\/\/diariolajornada.com\/?p=211725#breadcrumb","itemListElement":[{"@type":"ListItem","position":1,"name":"Portada","item":"https:\/\/diariolajornada.com\/"},{"@type":"ListItem","position":2,"name":"Ratificado Vladimir Padrino L\u00f3pez como ministro de Defensa"}]},{"@type":"WebSite","@id":"https:\/\/diariolajornada.com\/#website","url":"https:\/\/diariolajornada.com\/","name":"Diario La Jornada","description":"Noticias Nacionales Regionales e Internacionales","publisher":{"@id":"https:\/\/diariolajornada.com\/#organization"},"potentialAction":[{"@type":"SearchAction","target":{"@type":"EntryPoint","urlTemplate":"https:\/\/diariolajornada.com\/?s={search_term_string}"},"query-input":{"@type":"PropertyValueSpecification","valueRequired":true,"valueName":"search_term_string"}}],"inLanguage":"es"},{"@type":"Organization","@id":"https:\/\/diariolajornada.com\/#organization","name":"Diario La Jornada","url":"https:\/\/diariolajornada.com\/","logo":{"@type":"ImageObject","inLanguage":"es","@id":"https:\/\/diariolajornada.com\/#\/schema\/logo\/image\/","url":"https:\/\/diariolajornada.com\/wp-content\/uploads\/2021\/06\/LOGO-JORNADA-SVG-01-02.svg","contentUrl":"https:\/\/diariolajornada.com\/wp-content\/uploads\/2021\/06\/LOGO-JORNADA-SVG-01-02.svg","width":350,"height":100,"caption":"Diario La Jornada"},"image":{"@id":"https:\/\/diariolajornada.com\/#\/schema\/logo\/image\/"},"sameAs":["https:\/\/es-la.facebook.com\/lajornadadeguarico\/","https:\/\/www.instagram.com\/diariojornada\/?hl=es"]},{"@type":"Person","@id":"https:\/\/diariolajornada.com\/#\/schema\/person\/83fc9ad02376abb532ce4553a399186b","name":"admin","image":{"@type":"ImageObject","inLanguage":"es","@id":"https:\/\/diariolajornada.com\/#\/schema\/person\/image\/","url":"https:\/\/secure.gravatar.com\/avatar\/fdcecb87f300ccb988450328a61211f10a01c8bfedfca54e932145534024045b?s=96&d=mm&r=g","contentUrl":"https:\/\/secure.gravatar.com\/avatar\/fdcecb87f300ccb988450328a61211f10a01c8bfedfca54e932145534024045b?s=96&d=mm&r=g","caption":"admin"},"sameAs":["https:\/\/diariolajornada.com"],"url":"https:\/\/diariolajornada.com\/?author=1"}]}},"_links":{"self":[{"href":"https:\/\/diariolajornada.com\/index.php?rest_route=\/wp\/v2\/posts\/211725","targetHints":{"allow":["GET"]}}],"collection":[{"href":"https:\/\/diariolajornada.com\/index.php?rest_route=\/wp\/v2\/posts"}],"about":[{"href":"https:\/\/diariolajornada.com\/index.php?rest_route=\/wp\/v2\/types\/post"}],"author":[{"embeddable":true,"href":"https:\/\/diariolajornada.com\/index.php?rest_route=\/wp\/v2\/users\/1"}],"replies":[{"embeddable":true,"href":"https:\/\/diariolajornada.com\/index.php?rest_route=%2Fwp%2Fv2%2Fcomments&post=211725"}],"version-history":[{"count":1,"href":"https:\/\/diariolajornada.com\/index.php?rest_route=\/wp\/v2\/posts\/211725\/revisions"}],"predecessor-version":[{"id":211726,"href":"https:\/\/diariolajornada.com\/index.php?rest_route=\/wp\/v2\/posts\/211725\/revisions\/211726"}],"wp:featuredmedia":[{"embeddable":true,"href":"https:\/\/diariolajornada.com\/index.php?rest_route=\/wp\/v2\/media\/211721"}],"wp:attachment":[{"href":"https:\/\/diariolajornada.com\/index.php?rest_route=%2Fwp%2Fv2%2Fmedia&parent=211725"}],"wp:term":[{"taxonomy":"category","embeddable":true,"href":"https:\/\/diariolajornada.com\/index.php?rest_route=%2Fwp%2Fv2%2Fcategories&post=211725"},{"taxonomy":"post_tag","embeddable":true,"href":"https:\/\/diariolajornada.com\/index.php?rest_route=%2Fwp%2Fv2%2Ftags&post=211725"}],"curies":[{"name":"wp","href":"https:\/\/api.w.org\/{rel}","templated":true}]}}