{"id":211727,"date":"2024-10-14T22:59:10","date_gmt":"2024-10-15T02:59:10","guid":{"rendered":"https:\/\/diariolajornada.com\/?p=211727"},"modified":"2024-10-14T22:59:10","modified_gmt":"2024-10-15T02:59:10","slug":"tarek-william-saab-dicta-clase-sobre-la-proteccion-de-la-ninez-junto-a-representantes-de-la-unicef","status":"publish","type":"post","link":"https:\/\/diariolajornada.com\/?p=211727","title":{"rendered":"Tarek William Saab dicta clase sobre la Protecci\u00f3n de la Ni\u00f1ez junto a representantes de la Unicef"},"content":{"rendered":"<p>Este lunes, el fiscal general de la Rep\u00fablica, Tarek William Saab, ofreci\u00f3 una clase magistral sobre Protecci\u00f3n de la Ni\u00f1ez junto a representantes de la Unicef desde el auditorio del Liceo Ferm\u00edn Toro en la Avenida Sur 8 en El Silencio, Caracas.<\/p>\n<div><\/div>\n<div>El m\u00e1ximo representante del Ministerio P\u00fablico rechaz\u00f3 la inacci\u00f3n internacional ante masacre en Palestina ejecutada por Israel.<\/div>\n<div><\/div>\n<div>\u00abEst\u00e1n bombardeando escuelas&#8230; d\u00f3nde est\u00e1n los organismos internacionales&#8230;las v\u00edctimas son j\u00f3venes, ni\u00f1os y beb\u00e9s\u00bb, dijo Saab.<\/div>\n<div><\/div>\n<div>A su juicio, vivimos en un mundo hostil carente de justicia que afecta a la generaci\u00f3n de relevo.<\/div>\n","protected":false},"excerpt":{"rendered":"<p>Este lunes, el fiscal general de la Rep\u00fablica, Tarek William Saab, ofreci\u00f3 una clase magistral sobre Protecci\u00f3n de la Ni\u00f1ez junto a representantes de la Unicef desde el auditorio del Liceo Ferm\u00edn Toro en la Avenida Sur 8 en El Silencio, Caracas. El m\u00e1ximo representante del Ministerio P\u00fablico rechaz\u00f3 la inacci\u00f3n internacional ante masacre en [&hellip;]<\/p>\n","protected":false},"author":1,"featured_media":211716,"comment_status":"open","ping_status":"open","sticky":false,"template":"","format":"standard","meta":{"footnotes":""},"categories":[17,8],"tags":[],"class_list":["post-211727","post","type-post","status-publish","format-standard","has-post-thumbnail","hentry","category-destacada","category-nacionales"],"yoast_head":"<!-- This site is optimized with the Yoast SEO plugin v24.4 - https:\/\/yoast.com\/wordpress\/plugins\/seo\/ -->\n<title>Tarek William Saab dicta clase sobre la Protecci\u00f3n de la Ni\u00f1ez junto a representantes de la Unicef - Diario La Jornada<\/title>\n<meta name=\"robots\" content=\"index, follow, max-snippet:-1, max-image-preview:large, max-video-preview:-1\" \/>\n<link rel=\"canonical\" href=\"https:\/\/diariolajornada.com\/?p=211727\" \/>\n<meta property=\"og:locale\" content=\"es_ES\" \/>\n<meta property=\"og:type\" content=\"article\" \/>\n<meta property=\"og:title\" content=\"Tarek William Saab dicta clase sobre la Protecci\u00f3n de la Ni\u00f1ez junto a representantes de la Unicef - Diario La Jornada\" \/>\n<meta property=\"og:description\" content=\"Este lunes, el fiscal general de la Rep\u00fablica, Tarek William Saab, ofreci\u00f3 una clase magistral sobre Protecci\u00f3n de la Ni\u00f1ez junto a representantes de la Unicef desde el auditorio del Liceo Ferm\u00edn Toro en la Avenida Sur 8 en El Silencio, Caracas. El m\u00e1ximo representante del Ministerio P\u00fablico rechaz\u00f3 la inacci\u00f3n internacional ante masacre en [&hellip;]\" \/>\n<meta property=\"og:url\" content=\"https:\/\/diariolajornada.com\/?p=211727\" \/>\n<meta property=\"og:site_name\" content=\"Diario La Jornada\" \/>\n<meta property=\"article:publisher\" content=\"https:\/\/es-la.facebook.com\/lajornadadeguarico\/\" \/>\n<meta property=\"article:published_time\" content=\"2024-10-15T02:59:10+00:00\" \/>\n<meta property=\"og:image\" content=\"https:\/\/diariolajornada.com\/wp-content\/uploads\/2024\/10\/fiscal-general-de-la-republica-tarek-william-saab-142833.jpg\" \/>\n\t<meta property=\"og:image:width\" content=\"1242\" \/>\n\t<meta property=\"og:image:height\" content=\"699\" \/>\n\t<meta property=\"og:image:type\" content=\"image\/jpeg\" \/>\n<meta name=\"author\" content=\"admin\" \/>\n<meta name=\"twitter:card\" content=\"summary_large_image\" \/>\n<meta name=\"twitter:label1\" content=\"Escrito por\" \/>\n\t<meta name=\"twitter:data1\" content=\"admin\" \/>\n\t<meta name=\"twitter:label2\" content=\"Tiempo de lectura\" \/>\n\t<meta name=\"twitter:data2\" content=\"1 minuto\" \/>\n<script type=\"application\/ld+json\" class=\"yoast-schema-graph\">{\"@context\":\"https:\/\/schema.org\",\"@graph\":[{\"@type\":\"Article\",\"@id\":\"https:\/\/diariolajornada.com\/?p=211727#article\",\"isPartOf\":{\"@id\":\"https:\/\/diariolajornada.com\/?p=211727\"},\"author\":{\"name\":\"admin\",\"@id\":\"https:\/\/diariolajornada.com\/#\/schema\/person\/83fc9ad02376abb532ce4553a399186b\"},\"headline\":\"Tarek William Saab dicta clase sobre la Protecci\u00f3n de la Ni\u00f1ez junto a representantes de la Unicef\",\"datePublished\":\"2024-10-15T02:59:10+00:00\",\"mainEntityOfPage\":{\"@id\":\"https:\/\/diariolajornada.com\/?p=211727\"},\"wordCount\":127,\"commentCount\":0,\"publisher\":{\"@id\":\"https:\/\/diariolajornada.com\/#organization\"},\"image\":{\"@id\":\"https:\/\/diariolajornada.com\/?p=211727#primaryimage\"},\"thumbnailUrl\":\"https:\/\/diariolajornada.com\/wp-content\/uploads\/2024\/10\/fiscal-general-de-la-republica-tarek-william-saab-142833.jpg\",\"articleSection\":[\"DESTACADA\",\"Nacionales\"],\"inLanguage\":\"es\",\"potentialAction\":[{\"@type\":\"CommentAction\",\"name\":\"Comment\",\"target\":[\"https:\/\/diariolajornada.com\/?p=211727#respond\"]}]},{\"@type\":\"WebPage\",\"@id\":\"https:\/\/diariolajornada.com\/?p=211727\",\"url\":\"https:\/\/diariolajornada.com\/?p=211727\",\"name\":\"Tarek William Saab dicta clase sobre la Protecci\u00f3n de la Ni\u00f1ez junto a representantes de la Unicef - Diario La Jornada\",\"isPartOf\":{\"@id\":\"https:\/\/diariolajornada.com\/#website\"},\"primaryImageOfPage\":{\"@id\":\"https:\/\/diariolajornada.com\/?p=211727#primaryimage\"},\"image\":{\"@id\":\"https:\/\/diariolajornada.com\/?p=211727#primaryimage\"},\"thumbnailUrl\":\"https:\/\/diariolajornada.com\/wp-content\/uploads\/2024\/10\/fiscal-general-de-la-republica-tarek-william-saab-142833.jpg\",\"datePublished\":\"2024-10-15T02:59:10+00:00\",\"breadcrumb\":{\"@id\":\"https:\/\/diariolajornada.com\/?p=211727#breadcrumb\"},\"inLanguage\":\"es\",\"potentialAction\":[{\"@type\":\"ReadAction\",\"target\":[\"https:\/\/diariolajornada.com\/?p=211727\"]}]},{\"@type\":\"ImageObject\",\"inLanguage\":\"es\",\"@id\":\"https:\/\/diariolajornada.com\/?p=211727#primaryimage\",\"url\":\"https:\/\/diariolajornada.com\/wp-content\/uploads\/2024\/10\/fiscal-general-de-la-republica-tarek-william-saab-142833.jpg\",\"contentUrl\":\"https:\/\/diariolajornada.com\/wp-content\/uploads\/2024\/10\/fiscal-general-de-la-republica-tarek-william-saab-142833.jpg\",\"width\":1242,\"height\":699},{\"@type\":\"BreadcrumbList\",\"@id\":\"https:\/\/diariolajornada.com\/?p=211727#breadcrumb\",\"itemListElement\":[{\"@type\":\"ListItem\",\"position\":1,\"name\":\"Portada\",\"item\":\"https:\/\/diariolajornada.com\/\"},{\"@type\":\"ListItem\",\"position\":2,\"name\":\"Tarek William Saab dicta clase sobre la Protecci\u00f3n de la Ni\u00f1ez junto a representantes de la Unicef\"}]},{\"@type\":\"WebSite\",\"@id\":\"https:\/\/diariolajornada.com\/#website\",\"url\":\"https:\/\/diariolajornada.com\/\",\"name\":\"Diario La Jornada\",\"description\":\"Noticias Nacionales Regionales e Internacionales\",\"publisher\":{\"@id\":\"https:\/\/diariolajornada.com\/#organization\"},\"potentialAction\":[{\"@type\":\"SearchAction\",\"target\":{\"@type\":\"EntryPoint\",\"urlTemplate\":\"https:\/\/diariolajornada.com\/?s={search_term_string}\"},\"query-input\":{\"@type\":\"PropertyValueSpecification\",\"valueRequired\":true,\"valueName\":\"search_term_string\"}}],\"inLanguage\":\"es\"},{\"@type\":\"Organization\",\"@id\":\"https:\/\/diariolajornada.com\/#organization\",\"name\":\"Diario La Jornada\",\"url\":\"https:\/\/diariolajornada.com\/\",\"logo\":{\"@type\":\"ImageObject\",\"inLanguage\":\"es\",\"@id\":\"https:\/\/diariolajornada.com\/#\/schema\/logo\/image\/\",\"url\":\"https:\/\/diariolajornada.com\/wp-content\/uploads\/2021\/06\/LOGO-JORNADA-SVG-01-02.svg\",\"contentUrl\":\"https:\/\/diariolajornada.com\/wp-content\/uploads\/2021\/06\/LOGO-JORNADA-SVG-01-02.svg\",\"width\":350,\"height\":100,\"caption\":\"Diario La Jornada\"},\"image\":{\"@id\":\"https:\/\/diariolajornada.com\/#\/schema\/logo\/image\/\"},\"sameAs\":[\"https:\/\/es-la.facebook.com\/lajornadadeguarico\/\",\"https:\/\/www.instagram.com\/diariojornada\/?hl=es\"]},{\"@type\":\"Person\",\"@id\":\"https:\/\/diariolajornada.com\/#\/schema\/person\/83fc9ad02376abb532ce4553a399186b\",\"name\":\"admin\",\"image\":{\"@type\":\"ImageObject\",\"inLanguage\":\"es\",\"@id\":\"https:\/\/diariolajornada.com\/#\/schema\/person\/image\/\",\"url\":\"https:\/\/secure.gravatar.com\/avatar\/fdcecb87f300ccb988450328a61211f10a01c8bfedfca54e932145534024045b?s=96&d=mm&r=g\",\"contentUrl\":\"https:\/\/secure.gravatar.com\/avatar\/fdcecb87f300ccb988450328a61211f10a01c8bfedfca54e932145534024045b?s=96&d=mm&r=g\",\"caption\":\"admin\"},\"sameAs\":[\"https:\/\/diariolajornada.com\"],\"url\":\"https:\/\/diariolajornada.com\/?author=1\"}]}<\/script>\n<!-- \/ Yoast SEO plugin. -->","yoast_head_json":{"title":"Tarek William Saab dicta clase sobre la Protecci\u00f3n de la Ni\u00f1ez junto a representantes de la Unicef - Diario La Jornada","robots":{"index":"index","follow":"follow","max-snippet":"max-snippet:-1","max-image-preview":"max-image-preview:large","max-video-preview":"max-video-preview:-1"},"canonical":"https:\/\/diariolajornada.com\/?p=211727","og_locale":"es_ES","og_type":"article","og_title":"Tarek William Saab dicta clase sobre la Protecci\u00f3n de la Ni\u00f1ez junto a representantes de la Unicef - Diario La Jornada","og_description":"Este lunes, el fiscal general de la Rep\u00fablica, Tarek William Saab, ofreci\u00f3 una clase magistral sobre Protecci\u00f3n de la Ni\u00f1ez junto a representantes de la Unicef desde el auditorio del Liceo Ferm\u00edn Toro en la Avenida Sur 8 en El Silencio, Caracas. El m\u00e1ximo representante del Ministerio P\u00fablico rechaz\u00f3 la inacci\u00f3n internacional ante masacre en [&hellip;]","og_url":"https:\/\/diariolajornada.com\/?p=211727","og_site_name":"Diario La Jornada","article_publisher":"https:\/\/es-la.facebook.com\/lajornadadeguarico\/","article_published_time":"2024-10-15T02:59:10+00:00","og_image":[{"width":1242,"height":699,"url":"https:\/\/diariolajornada.com\/wp-content\/uploads\/2024\/10\/fiscal-general-de-la-republica-tarek-william-saab-142833.jpg","type":"image\/jpeg"}],"author":"admin","twitter_card":"summary_large_image","twitter_misc":{"Escrito por":"admin","Tiempo de lectura":"1 minuto"},"schema":{"@context":"https:\/\/schema.org","@graph":[{"@type":"Article","@id":"https:\/\/diariolajornada.com\/?p=211727#article","isPartOf":{"@id":"https:\/\/diariolajornada.com\/?p=211727"},"author":{"name":"admin","@id":"https:\/\/diariolajornada.com\/#\/schema\/person\/83fc9ad02376abb532ce4553a399186b"},"headline":"Tarek William Saab dicta clase sobre la Protecci\u00f3n de la Ni\u00f1ez junto a representantes de la Unicef","datePublished":"2024-10-15T02:59:10+00:00","mainEntityOfPage":{"@id":"https:\/\/diariolajornada.com\/?p=211727"},"wordCount":127,"commentCount":0,"publisher":{"@id":"https:\/\/diariolajornada.com\/#organization"},"image":{"@id":"https:\/\/diariolajornada.com\/?p=211727#primaryimage"},"thumbnailUrl":"https:\/\/diariolajornada.com\/wp-content\/uploads\/2024\/10\/fiscal-general-de-la-republica-tarek-william-saab-142833.jpg","articleSection":["DESTACADA","Nacionales"],"inLanguage":"es","potentialAction":[{"@type":"CommentAction","name":"Comment","target":["https:\/\/diariolajornada.com\/?p=211727#respond"]}]},{"@type":"WebPage","@id":"https:\/\/diariolajornada.com\/?p=211727","url":"https:\/\/diariolajornada.com\/?p=211727","name":"Tarek William Saab dicta clase sobre la Protecci\u00f3n de la Ni\u00f1ez junto a representantes de la Unicef - Diario La Jornada","isPartOf":{"@id":"https:\/\/diariolajornada.com\/#website"},"primaryImageOfPage":{"@id":"https:\/\/diariolajornada.com\/?p=211727#primaryimage"},"image":{"@id":"https:\/\/diariolajornada.com\/?p=211727#primaryimage"},"thumbnailUrl":"https:\/\/diariolajornada.com\/wp-content\/uploads\/2024\/10\/fiscal-general-de-la-republica-tarek-william-saab-142833.jpg","datePublished":"2024-10-15T02:59:10+00:00","breadcrumb":{"@id":"https:\/\/diariolajornada.com\/?p=211727#breadcrumb"},"inLanguage":"es","potentialAction":[{"@type":"ReadAction","target":["https:\/\/diariolajornada.com\/?p=211727"]}]},{"@type":"ImageObject","inLanguage":"es","@id":"https:\/\/diariolajornada.com\/?p=211727#primaryimage","url":"https:\/\/diariolajornada.com\/wp-content\/uploads\/2024\/10\/fiscal-general-de-la-republica-tarek-william-saab-142833.jpg","contentUrl":"https:\/\/diariolajornada.com\/wp-content\/uploads\/2024\/10\/fiscal-general-de-la-republica-tarek-william-saab-142833.jpg","width":1242,"height":699},{"@type":"BreadcrumbList","@id":"https:\/\/diariolajornada.com\/?p=211727#breadcrumb","itemListElement":[{"@type":"ListItem","position":1,"name":"Portada","item":"https:\/\/diariolajornada.com\/"},{"@type":"ListItem","position":2,"name":"Tarek William Saab dicta clase sobre la Protecci\u00f3n de la Ni\u00f1ez junto a representantes de la Unicef"}]},{"@type":"WebSite","@id":"https:\/\/diariolajornada.com\/#website","url":"https:\/\/diariolajornada.com\/","name":"Diario La Jornada","description":"Noticias Nacionales Regionales e Internacionales","publisher":{"@id":"https:\/\/diariolajornada.com\/#organization"},"potentialAction":[{"@type":"SearchAction","target":{"@type":"EntryPoint","urlTemplate":"https:\/\/diariolajornada.com\/?s={search_term_string}"},"query-input":{"@type":"PropertyValueSpecification","valueRequired":true,"valueName":"search_term_string"}}],"inLanguage":"es"},{"@type":"Organization","@id":"https:\/\/diariolajornada.com\/#organization","name":"Diario La Jornada","url":"https:\/\/diariolajornada.com\/","logo":{"@type":"ImageObject","inLanguage":"es","@id":"https:\/\/diariolajornada.com\/#\/schema\/logo\/image\/","url":"https:\/\/diariolajornada.com\/wp-content\/uploads\/2021\/06\/LOGO-JORNADA-SVG-01-02.svg","contentUrl":"https:\/\/diariolajornada.com\/wp-content\/uploads\/2021\/06\/LOGO-JORNADA-SVG-01-02.svg","width":350,"height":100,"caption":"Diario La Jornada"},"image":{"@id":"https:\/\/diariolajornada.com\/#\/schema\/logo\/image\/"},"sameAs":["https:\/\/es-la.facebook.com\/lajornadadeguarico\/","https:\/\/www.instagram.com\/diariojornada\/?hl=es"]},{"@type":"Person","@id":"https:\/\/diariolajornada.com\/#\/schema\/person\/83fc9ad02376abb532ce4553a399186b","name":"admin","image":{"@type":"ImageObject","inLanguage":"es","@id":"https:\/\/diariolajornada.com\/#\/schema\/person\/image\/","url":"https:\/\/secure.gravatar.com\/avatar\/fdcecb87f300ccb988450328a61211f10a01c8bfedfca54e932145534024045b?s=96&d=mm&r=g","contentUrl":"https:\/\/secure.gravatar.com\/avatar\/fdcecb87f300ccb988450328a61211f10a01c8bfedfca54e932145534024045b?s=96&d=mm&r=g","caption":"admin"},"sameAs":["https:\/\/diariolajornada.com"],"url":"https:\/\/diariolajornada.com\/?author=1"}]}},"_links":{"self":[{"href":"https:\/\/diariolajornada.com\/index.php?rest_route=\/wp\/v2\/posts\/211727","targetHints":{"allow":["GET"]}}],"collection":[{"href":"https:\/\/diariolajornada.com\/index.php?rest_route=\/wp\/v2\/posts"}],"about":[{"href":"https:\/\/diariolajornada.com\/index.php?rest_route=\/wp\/v2\/types\/post"}],"author":[{"embeddable":true,"href":"https:\/\/diariolajornada.com\/index.php?rest_route=\/wp\/v2\/users\/1"}],"replies":[{"embeddable":true,"href":"https:\/\/diariolajornada.com\/index.php?rest_route=%2Fwp%2Fv2%2Fcomments&post=211727"}],"version-history":[{"count":1,"href":"https:\/\/diariolajornada.com\/index.php?rest_route=\/wp\/v2\/posts\/211727\/revisions"}],"predecessor-version":[{"id":211728,"href":"https:\/\/diariolajornada.com\/index.php?rest_route=\/wp\/v2\/posts\/211727\/revisions\/211728"}],"wp:featuredmedia":[{"embeddable":true,"href":"https:\/\/diariolajornada.com\/index.php?rest_route=\/wp\/v2\/media\/211716"}],"wp:attachment":[{"href":"https:\/\/diariolajornada.com\/index.php?rest_route=%2Fwp%2Fv2%2Fmedia&parent=211727"}],"wp:term":[{"taxonomy":"category","embeddable":true,"href":"https:\/\/diariolajornada.com\/index.php?rest_route=%2Fwp%2Fv2%2Fcategories&post=211727"},{"taxonomy":"post_tag","embeddable":true,"href":"https:\/\/diariolajornada.com\/index.php?rest_route=%2Fwp%2Fv2%2Ftags&post=211727"}],"curies":[{"name":"wp","href":"https:\/\/api.w.org\/{rel}","templated":true}]}}