{"id":211729,"date":"2024-10-14T23:00:53","date_gmt":"2024-10-15T03:00:53","guid":{"rendered":"https:\/\/diariolajornada.com\/?p=211729"},"modified":"2024-10-14T23:00:53","modified_gmt":"2024-10-15T03:00:53","slug":"asamblea-nacional-recibio-este-lunes-proyectos-de-ley-de-presupuesto-nacional-2025-y-ley-de-endeudamiento-2025","status":"publish","type":"post","link":"https:\/\/diariolajornada.com\/?p=211729","title":{"rendered":"Asamblea Nacional recibi\u00f3 este lunes proyectos de Ley de Presupuesto Nacional 2025 y Ley de Endeudamiento 2025"},"content":{"rendered":"<p>Este lunes, los diputados de la Asamblea Nacional, Ricardo Men\u00e9ndez, vicepresidente Sectorial y ministro del Poder Popular de Planificaci\u00f3n, y la ministra del Poder Popular de Econom\u00eda, Finanzas y Comercio Exterior, Anabel Pereira, entregaron el Proyecto de Ley de Presupuesto Nacional 2025 y Ley de Endeudamiento 2025 ante el Parlamento.<\/p>\n<p>A su llegada, los parlamentarios fueron recibidos por el primer vicepresidente de la Asamblea Nacional, diputado Pedro Infante, qui\u00e9n destac\u00f3 que \u00abdesde la AN, haremos todo lo necesario para aprobar previa discusi\u00f3n, evaluaci\u00f3n y revisi\u00f3n estos proyectos presentados; para que este 2025 tengamos un presupuesto cargado de Poder Popular\u00bb.<\/p>\n<p>Por su parte, el ministro del Poder Popular de Planificaci\u00f3n, Ricardo Men\u00e9ndez, se\u00f1al\u00f3 que \u00abEstos instrumentos son cruciales, desde el punto de vista del desarrollo de la institucionalidad del pa\u00eds y del desarrollo de lo que corresponde a los beneficios sociales y econ\u00f3micos de la Naci\u00f3n\u00bb.<\/p>\n<p>\u201cLo estamos recibiendo en estos momentos, ya las vocer\u00edas oficiales informar\u00e1n al pa\u00eds sobre el mismo\u201d, asegur\u00f3 en una entrevista concedida para un reconocido programa de radio el diputado Ram\u00f3n Lobo.<\/p>\n<p>El presupuesto debe ser presentado a la plenaria de la AN antes de finalizar la primera quincena del mes de diciembre para que se produzca \u201csu segunda discusi\u00f3n y aprobaci\u00f3n\u201d, inform\u00f3.<\/p>\n<p>Confirm\u00f3 que \u201cel proyecto de Ley de Endeudamiento presentado por el gobierno, contempla la aprobaci\u00f3n de 20 mil millones de bol\u00edvares que ser\u00e1n destinados a las distintas gestiones, programas, planes que tiene el Ejecutivo nacional para fortalecer las capacidades productivas y la prestaci\u00f3n de servicios\u201d.<\/p>\n<p>El parlamentario detall\u00f3 que los recursos se obtendr\u00e1n a trav\u00e9s de las operaciones de cr\u00e9ditos p\u00fablicos, que podr\u00eda ser con la emisi\u00f3n de bonos internos o externos.<\/p>\n<p>&nbsp;<\/p>\n<blockquote class=\"twitter-tweet\" data-width=\"550\" data-dnt=\"true\">\n<p lang=\"es\" dir=\"ltr\"><a href=\"https:\/\/twitter.com\/hashtag\/EnFoto?src=hash&amp;ref_src=twsrc%5Etfw\">#EnFoto<\/a> Entrega del Proyecto de Ley de Presupuesto Nacional 2025 y Ley de Endeudamiento por parte del Vicepresidente Sectorial y Ministro del Poder Popular de Planificaci\u00f3n, Ricardo Men\u00e9ndez y la Ministra del Poder Popular de Econom\u00eda, Finanzas y Comercio Exterior, Anabel Pereira <a href=\"https:\/\/t.co\/Tz2l2OiQAR\">pic.twitter.com\/Tz2l2OiQAR<\/a><\/p>\n<p>&mdash; Asamblea Nacional \ud83c\uddfb\ud83c\uddea (@Asamblea_Ven) <a href=\"https:\/\/twitter.com\/Asamblea_Ven\/status\/1845837957808202205?ref_src=twsrc%5Etfw\">October 14, 2024<\/a><\/p><\/blockquote>\n<p><script async src=\"https:\/\/platform.twitter.com\/widgets.js\" charset=\"utf-8\"><\/script><\/p>\n","protected":false},"excerpt":{"rendered":"<p>Este lunes, los diputados de la Asamblea Nacional, Ricardo Men\u00e9ndez, vicepresidente Sectorial y ministro del Poder Popular de Planificaci\u00f3n, y la ministra del Poder Popular de Econom\u00eda, Finanzas y Comercio Exterior, Anabel Pereira, entregaron el Proyecto de Ley de Presupuesto Nacional 2025 y Ley de Endeudamiento 2025 ante el Parlamento. A su llegada, los parlamentarios [&hellip;]<\/p>\n","protected":false},"author":1,"featured_media":211715,"comment_status":"open","ping_status":"open","sticky":false,"template":"","format":"standard","meta":{"footnotes":""},"categories":[17,8],"tags":[],"class_list":["post-211729","post","type-post","status-publish","format-standard","has-post-thumbnail","hentry","category-destacada","category-nacionales"],"yoast_head":"<!-- This site is optimized with the Yoast SEO plugin v24.4 - https:\/\/yoast.com\/wordpress\/plugins\/seo\/ -->\n<title>Asamblea Nacional recibi\u00f3 este lunes proyectos de Ley de Presupuesto Nacional 2025 y Ley de Endeudamiento 2025 - Diario La Jornada<\/title>\n<meta name=\"robots\" content=\"index, follow, max-snippet:-1, max-image-preview:large, max-video-preview:-1\" \/>\n<link rel=\"canonical\" href=\"https:\/\/diariolajornada.com\/?p=211729\" \/>\n<meta property=\"og:locale\" content=\"es_ES\" \/>\n<meta property=\"og:type\" content=\"article\" \/>\n<meta property=\"og:title\" content=\"Asamblea Nacional recibi\u00f3 este lunes proyectos de Ley de Presupuesto Nacional 2025 y Ley de Endeudamiento 2025 - Diario La Jornada\" \/>\n<meta property=\"og:description\" content=\"Este lunes, los diputados de la Asamblea Nacional, Ricardo Men\u00e9ndez, vicepresidente Sectorial y ministro del Poder Popular de Planificaci\u00f3n, y la ministra del Poder Popular de Econom\u00eda, Finanzas y Comercio Exterior, Anabel Pereira, entregaron el Proyecto de Ley de Presupuesto Nacional 2025 y Ley de Endeudamiento 2025 ante el Parlamento. A su llegada, los parlamentarios [&hellip;]\" \/>\n<meta property=\"og:url\" content=\"https:\/\/diariolajornada.com\/?p=211729\" \/>\n<meta property=\"og:site_name\" content=\"Diario La Jornada\" \/>\n<meta property=\"article:publisher\" content=\"https:\/\/es-la.facebook.com\/lajornadadeguarico\/\" \/>\n<meta property=\"article:published_time\" content=\"2024-10-15T03:00:53+00:00\" \/>\n<meta property=\"og:image\" content=\"https:\/\/diariolajornada.com\/wp-content\/uploads\/2024\/10\/este-lunes-la-an-recibio-el-proyecto-de-presupuesto-de-la-nacion-para-el-2025-160448.jpeg\" \/>\n\t<meta property=\"og:image:width\" content=\"1242\" \/>\n\t<meta property=\"og:image:height\" content=\"699\" \/>\n\t<meta property=\"og:image:type\" content=\"image\/jpeg\" \/>\n<meta name=\"author\" content=\"admin\" \/>\n<meta name=\"twitter:card\" content=\"summary_large_image\" \/>\n<meta name=\"twitter:label1\" content=\"Escrito por\" \/>\n\t<meta name=\"twitter:data1\" content=\"admin\" \/>\n\t<meta name=\"twitter:label2\" content=\"Tiempo de lectura\" \/>\n\t<meta name=\"twitter:data2\" content=\"2 minutos\" \/>\n<script type=\"application\/ld+json\" class=\"yoast-schema-graph\">{\"@context\":\"https:\/\/schema.org\",\"@graph\":[{\"@type\":\"Article\",\"@id\":\"https:\/\/diariolajornada.com\/?p=211729#article\",\"isPartOf\":{\"@id\":\"https:\/\/diariolajornada.com\/?p=211729\"},\"author\":{\"name\":\"admin\",\"@id\":\"https:\/\/diariolajornada.com\/#\/schema\/person\/83fc9ad02376abb532ce4553a399186b\"},\"headline\":\"Asamblea Nacional recibi\u00f3 este lunes proyectos de Ley de Presupuesto Nacional 2025 y Ley de Endeudamiento 2025\",\"datePublished\":\"2024-10-15T03:00:53+00:00\",\"mainEntityOfPage\":{\"@id\":\"https:\/\/diariolajornada.com\/?p=211729\"},\"wordCount\":326,\"commentCount\":0,\"publisher\":{\"@id\":\"https:\/\/diariolajornada.com\/#organization\"},\"image\":{\"@id\":\"https:\/\/diariolajornada.com\/?p=211729#primaryimage\"},\"thumbnailUrl\":\"https:\/\/diariolajornada.com\/wp-content\/uploads\/2024\/10\/este-lunes-la-an-recibio-el-proyecto-de-presupuesto-de-la-nacion-para-el-2025-160448.jpeg\",\"articleSection\":[\"DESTACADA\",\"Nacionales\"],\"inLanguage\":\"es\",\"potentialAction\":[{\"@type\":\"CommentAction\",\"name\":\"Comment\",\"target\":[\"https:\/\/diariolajornada.com\/?p=211729#respond\"]}]},{\"@type\":\"WebPage\",\"@id\":\"https:\/\/diariolajornada.com\/?p=211729\",\"url\":\"https:\/\/diariolajornada.com\/?p=211729\",\"name\":\"Asamblea Nacional recibi\u00f3 este lunes proyectos de Ley de Presupuesto Nacional 2025 y Ley de Endeudamiento 2025 - Diario La Jornada\",\"isPartOf\":{\"@id\":\"https:\/\/diariolajornada.com\/#website\"},\"primaryImageOfPage\":{\"@id\":\"https:\/\/diariolajornada.com\/?p=211729#primaryimage\"},\"image\":{\"@id\":\"https:\/\/diariolajornada.com\/?p=211729#primaryimage\"},\"thumbnailUrl\":\"https:\/\/diariolajornada.com\/wp-content\/uploads\/2024\/10\/este-lunes-la-an-recibio-el-proyecto-de-presupuesto-de-la-nacion-para-el-2025-160448.jpeg\",\"datePublished\":\"2024-10-15T03:00:53+00:00\",\"breadcrumb\":{\"@id\":\"https:\/\/diariolajornada.com\/?p=211729#breadcrumb\"},\"inLanguage\":\"es\",\"potentialAction\":[{\"@type\":\"ReadAction\",\"target\":[\"https:\/\/diariolajornada.com\/?p=211729\"]}]},{\"@type\":\"ImageObject\",\"inLanguage\":\"es\",\"@id\":\"https:\/\/diariolajornada.com\/?p=211729#primaryimage\",\"url\":\"https:\/\/diariolajornada.com\/wp-content\/uploads\/2024\/10\/este-lunes-la-an-recibio-el-proyecto-de-presupuesto-de-la-nacion-para-el-2025-160448.jpeg\",\"contentUrl\":\"https:\/\/diariolajornada.com\/wp-content\/uploads\/2024\/10\/este-lunes-la-an-recibio-el-proyecto-de-presupuesto-de-la-nacion-para-el-2025-160448.jpeg\",\"width\":1242,\"height\":699},{\"@type\":\"BreadcrumbList\",\"@id\":\"https:\/\/diariolajornada.com\/?p=211729#breadcrumb\",\"itemListElement\":[{\"@type\":\"ListItem\",\"position\":1,\"name\":\"Portada\",\"item\":\"https:\/\/diariolajornada.com\/\"},{\"@type\":\"ListItem\",\"position\":2,\"name\":\"Asamblea Nacional recibi\u00f3 este lunes proyectos de Ley de Presupuesto Nacional 2025 y Ley de Endeudamiento 2025\"}]},{\"@type\":\"WebSite\",\"@id\":\"https:\/\/diariolajornada.com\/#website\",\"url\":\"https:\/\/diariolajornada.com\/\",\"name\":\"Diario La Jornada\",\"description\":\"Noticias Nacionales Regionales e Internacionales\",\"publisher\":{\"@id\":\"https:\/\/diariolajornada.com\/#organization\"},\"potentialAction\":[{\"@type\":\"SearchAction\",\"target\":{\"@type\":\"EntryPoint\",\"urlTemplate\":\"https:\/\/diariolajornada.com\/?s={search_term_string}\"},\"query-input\":{\"@type\":\"PropertyValueSpecification\",\"valueRequired\":true,\"valueName\":\"search_term_string\"}}],\"inLanguage\":\"es\"},{\"@type\":\"Organization\",\"@id\":\"https:\/\/diariolajornada.com\/#organization\",\"name\":\"Diario La Jornada\",\"url\":\"https:\/\/diariolajornada.com\/\",\"logo\":{\"@type\":\"ImageObject\",\"inLanguage\":\"es\",\"@id\":\"https:\/\/diariolajornada.com\/#\/schema\/logo\/image\/\",\"url\":\"https:\/\/diariolajornada.com\/wp-content\/uploads\/2021\/06\/LOGO-JORNADA-SVG-01-02.svg\",\"contentUrl\":\"https:\/\/diariolajornada.com\/wp-content\/uploads\/2021\/06\/LOGO-JORNADA-SVG-01-02.svg\",\"width\":350,\"height\":100,\"caption\":\"Diario La Jornada\"},\"image\":{\"@id\":\"https:\/\/diariolajornada.com\/#\/schema\/logo\/image\/\"},\"sameAs\":[\"https:\/\/es-la.facebook.com\/lajornadadeguarico\/\",\"https:\/\/www.instagram.com\/diariojornada\/?hl=es\"]},{\"@type\":\"Person\",\"@id\":\"https:\/\/diariolajornada.com\/#\/schema\/person\/83fc9ad02376abb532ce4553a399186b\",\"name\":\"admin\",\"image\":{\"@type\":\"ImageObject\",\"inLanguage\":\"es\",\"@id\":\"https:\/\/diariolajornada.com\/#\/schema\/person\/image\/\",\"url\":\"https:\/\/secure.gravatar.com\/avatar\/fdcecb87f300ccb988450328a61211f10a01c8bfedfca54e932145534024045b?s=96&d=mm&r=g\",\"contentUrl\":\"https:\/\/secure.gravatar.com\/avatar\/fdcecb87f300ccb988450328a61211f10a01c8bfedfca54e932145534024045b?s=96&d=mm&r=g\",\"caption\":\"admin\"},\"sameAs\":[\"https:\/\/diariolajornada.com\"],\"url\":\"https:\/\/diariolajornada.com\/?author=1\"}]}<\/script>\n<!-- \/ Yoast SEO plugin. -->","yoast_head_json":{"title":"Asamblea Nacional recibi\u00f3 este lunes proyectos de Ley de Presupuesto Nacional 2025 y Ley de Endeudamiento 2025 - Diario La Jornada","robots":{"index":"index","follow":"follow","max-snippet":"max-snippet:-1","max-image-preview":"max-image-preview:large","max-video-preview":"max-video-preview:-1"},"canonical":"https:\/\/diariolajornada.com\/?p=211729","og_locale":"es_ES","og_type":"article","og_title":"Asamblea Nacional recibi\u00f3 este lunes proyectos de Ley de Presupuesto Nacional 2025 y Ley de Endeudamiento 2025 - Diario La Jornada","og_description":"Este lunes, los diputados de la Asamblea Nacional, Ricardo Men\u00e9ndez, vicepresidente Sectorial y ministro del Poder Popular de Planificaci\u00f3n, y la ministra del Poder Popular de Econom\u00eda, Finanzas y Comercio Exterior, Anabel Pereira, entregaron el Proyecto de Ley de Presupuesto Nacional 2025 y Ley de Endeudamiento 2025 ante el Parlamento. A su llegada, los parlamentarios [&hellip;]","og_url":"https:\/\/diariolajornada.com\/?p=211729","og_site_name":"Diario La Jornada","article_publisher":"https:\/\/es-la.facebook.com\/lajornadadeguarico\/","article_published_time":"2024-10-15T03:00:53+00:00","og_image":[{"width":1242,"height":699,"url":"https:\/\/diariolajornada.com\/wp-content\/uploads\/2024\/10\/este-lunes-la-an-recibio-el-proyecto-de-presupuesto-de-la-nacion-para-el-2025-160448.jpeg","type":"image\/jpeg"}],"author":"admin","twitter_card":"summary_large_image","twitter_misc":{"Escrito por":"admin","Tiempo de lectura":"2 minutos"},"schema":{"@context":"https:\/\/schema.org","@graph":[{"@type":"Article","@id":"https:\/\/diariolajornada.com\/?p=211729#article","isPartOf":{"@id":"https:\/\/diariolajornada.com\/?p=211729"},"author":{"name":"admin","@id":"https:\/\/diariolajornada.com\/#\/schema\/person\/83fc9ad02376abb532ce4553a399186b"},"headline":"Asamblea Nacional recibi\u00f3 este lunes proyectos de Ley de Presupuesto Nacional 2025 y Ley de Endeudamiento 2025","datePublished":"2024-10-15T03:00:53+00:00","mainEntityOfPage":{"@id":"https:\/\/diariolajornada.com\/?p=211729"},"wordCount":326,"commentCount":0,"publisher":{"@id":"https:\/\/diariolajornada.com\/#organization"},"image":{"@id":"https:\/\/diariolajornada.com\/?p=211729#primaryimage"},"thumbnailUrl":"https:\/\/diariolajornada.com\/wp-content\/uploads\/2024\/10\/este-lunes-la-an-recibio-el-proyecto-de-presupuesto-de-la-nacion-para-el-2025-160448.jpeg","articleSection":["DESTACADA","Nacionales"],"inLanguage":"es","potentialAction":[{"@type":"CommentAction","name":"Comment","target":["https:\/\/diariolajornada.com\/?p=211729#respond"]}]},{"@type":"WebPage","@id":"https:\/\/diariolajornada.com\/?p=211729","url":"https:\/\/diariolajornada.com\/?p=211729","name":"Asamblea Nacional recibi\u00f3 este lunes proyectos de Ley de Presupuesto Nacional 2025 y Ley de Endeudamiento 2025 - Diario La Jornada","isPartOf":{"@id":"https:\/\/diariolajornada.com\/#website"},"primaryImageOfPage":{"@id":"https:\/\/diariolajornada.com\/?p=211729#primaryimage"},"image":{"@id":"https:\/\/diariolajornada.com\/?p=211729#primaryimage"},"thumbnailUrl":"https:\/\/diariolajornada.com\/wp-content\/uploads\/2024\/10\/este-lunes-la-an-recibio-el-proyecto-de-presupuesto-de-la-nacion-para-el-2025-160448.jpeg","datePublished":"2024-10-15T03:00:53+00:00","breadcrumb":{"@id":"https:\/\/diariolajornada.com\/?p=211729#breadcrumb"},"inLanguage":"es","potentialAction":[{"@type":"ReadAction","target":["https:\/\/diariolajornada.com\/?p=211729"]}]},{"@type":"ImageObject","inLanguage":"es","@id":"https:\/\/diariolajornada.com\/?p=211729#primaryimage","url":"https:\/\/diariolajornada.com\/wp-content\/uploads\/2024\/10\/este-lunes-la-an-recibio-el-proyecto-de-presupuesto-de-la-nacion-para-el-2025-160448.jpeg","contentUrl":"https:\/\/diariolajornada.com\/wp-content\/uploads\/2024\/10\/este-lunes-la-an-recibio-el-proyecto-de-presupuesto-de-la-nacion-para-el-2025-160448.jpeg","width":1242,"height":699},{"@type":"BreadcrumbList","@id":"https:\/\/diariolajornada.com\/?p=211729#breadcrumb","itemListElement":[{"@type":"ListItem","position":1,"name":"Portada","item":"https:\/\/diariolajornada.com\/"},{"@type":"ListItem","position":2,"name":"Asamblea Nacional recibi\u00f3 este lunes proyectos de Ley de Presupuesto Nacional 2025 y Ley de Endeudamiento 2025"}]},{"@type":"WebSite","@id":"https:\/\/diariolajornada.com\/#website","url":"https:\/\/diariolajornada.com\/","name":"Diario La Jornada","description":"Noticias Nacionales Regionales e Internacionales","publisher":{"@id":"https:\/\/diariolajornada.com\/#organization"},"potentialAction":[{"@type":"SearchAction","target":{"@type":"EntryPoint","urlTemplate":"https:\/\/diariolajornada.com\/?s={search_term_string}"},"query-input":{"@type":"PropertyValueSpecification","valueRequired":true,"valueName":"search_term_string"}}],"inLanguage":"es"},{"@type":"Organization","@id":"https:\/\/diariolajornada.com\/#organization","name":"Diario La Jornada","url":"https:\/\/diariolajornada.com\/","logo":{"@type":"ImageObject","inLanguage":"es","@id":"https:\/\/diariolajornada.com\/#\/schema\/logo\/image\/","url":"https:\/\/diariolajornada.com\/wp-content\/uploads\/2021\/06\/LOGO-JORNADA-SVG-01-02.svg","contentUrl":"https:\/\/diariolajornada.com\/wp-content\/uploads\/2021\/06\/LOGO-JORNADA-SVG-01-02.svg","width":350,"height":100,"caption":"Diario La Jornada"},"image":{"@id":"https:\/\/diariolajornada.com\/#\/schema\/logo\/image\/"},"sameAs":["https:\/\/es-la.facebook.com\/lajornadadeguarico\/","https:\/\/www.instagram.com\/diariojornada\/?hl=es"]},{"@type":"Person","@id":"https:\/\/diariolajornada.com\/#\/schema\/person\/83fc9ad02376abb532ce4553a399186b","name":"admin","image":{"@type":"ImageObject","inLanguage":"es","@id":"https:\/\/diariolajornada.com\/#\/schema\/person\/image\/","url":"https:\/\/secure.gravatar.com\/avatar\/fdcecb87f300ccb988450328a61211f10a01c8bfedfca54e932145534024045b?s=96&d=mm&r=g","contentUrl":"https:\/\/secure.gravatar.com\/avatar\/fdcecb87f300ccb988450328a61211f10a01c8bfedfca54e932145534024045b?s=96&d=mm&r=g","caption":"admin"},"sameAs":["https:\/\/diariolajornada.com"],"url":"https:\/\/diariolajornada.com\/?author=1"}]}},"_links":{"self":[{"href":"https:\/\/diariolajornada.com\/index.php?rest_route=\/wp\/v2\/posts\/211729","targetHints":{"allow":["GET"]}}],"collection":[{"href":"https:\/\/diariolajornada.com\/index.php?rest_route=\/wp\/v2\/posts"}],"about":[{"href":"https:\/\/diariolajornada.com\/index.php?rest_route=\/wp\/v2\/types\/post"}],"author":[{"embeddable":true,"href":"https:\/\/diariolajornada.com\/index.php?rest_route=\/wp\/v2\/users\/1"}],"replies":[{"embeddable":true,"href":"https:\/\/diariolajornada.com\/index.php?rest_route=%2Fwp%2Fv2%2Fcomments&post=211729"}],"version-history":[{"count":1,"href":"https:\/\/diariolajornada.com\/index.php?rest_route=\/wp\/v2\/posts\/211729\/revisions"}],"predecessor-version":[{"id":211730,"href":"https:\/\/diariolajornada.com\/index.php?rest_route=\/wp\/v2\/posts\/211729\/revisions\/211730"}],"wp:featuredmedia":[{"embeddable":true,"href":"https:\/\/diariolajornada.com\/index.php?rest_route=\/wp\/v2\/media\/211715"}],"wp:attachment":[{"href":"https:\/\/diariolajornada.com\/index.php?rest_route=%2Fwp%2Fv2%2Fmedia&parent=211729"}],"wp:term":[{"taxonomy":"category","embeddable":true,"href":"https:\/\/diariolajornada.com\/index.php?rest_route=%2Fwp%2Fv2%2Fcategories&post=211729"},{"taxonomy":"post_tag","embeddable":true,"href":"https:\/\/diariolajornada.com\/index.php?rest_route=%2Fwp%2Fv2%2Ftags&post=211729"}],"curies":[{"name":"wp","href":"https:\/\/api.w.org\/{rel}","templated":true}]}}