{"id":211731,"date":"2024-10-14T23:01:57","date_gmt":"2024-10-15T03:01:57","guid":{"rendered":"https:\/\/diariolajornada.com\/?p=211731"},"modified":"2024-10-14T23:01:57","modified_gmt":"2024-10-15T03:01:57","slug":"maduro-tenemos-una-fanb-con-una-vision-clara-en-la-defensa-de-la-patria","status":"publish","type":"post","link":"https:\/\/diariolajornada.com\/?p=211731","title":{"rendered":"Maduro: Tenemos una FANB con una visi\u00f3n clara en la defensa de la patria"},"content":{"rendered":"<p>Este lunes, el Comandante en Jefe de la Fuerza Armada Nacional Bolivariana (FANB), Nicol\u00e1s Maduro, orden\u00f3 nuevas actividades a las autoridades militares ratificadas y a los cargos nombrados este lunes al frente de la FANB.<br \/>\n\u00abTenemos una Fuerza Armada unida, robusta y sobre todo con una visi\u00f3n clara de lo que es la defensa de la patria. (\u2026) Como Comandante en Jefe que soy, les se\u00f1al\u00e9 el rumbo; les insist\u00ed, en primer lugar, caminar junto a los soldados para fortalecer y mejorar el bienestar militar de la tropa y de la oficialidad, afectado como ustedes saben por las sanciones criminales\u00bb, solicit\u00f3.<\/p>\n<p>El m\u00e1ximo representante del Ejecutivo nacional tambi\u00e9n orden\u00f3 a la FANB perfeccionar el sistema de formaci\u00f3n doctrinaria, ideol\u00f3gica y t\u00e9cnica militar; adem\u00e1s, avanzar en la adecuaci\u00f3n del sistema de defensa en el pa\u00eds; as\u00ed como profundizar la fusi\u00f3n c\u00edvico, militar y policial como una de las prioridades en las que debe enfocarse esta renovaci\u00f3n de las fuerzas militares.<\/p>\n<p>\u00abVenezuela tiene un poder militar que la defienda, tiene un poder militar patriota, revolucionario, bolivariano y cada vez m\u00e1s chavista de profunda raigambre popular, antiolig\u00e1rquico, antiapellidos y anticolonialista\u00bb, asever\u00f3.<\/p>\n<p>Asimismo, Maduro celebr\u00f3 los nuevos nombramientos del Estado Mayor Superior de la FANB que realiz\u00f3 m\u00e1s temprano este lunes:<\/p>\n<ul>\n<li>Ratific\u00f3 al GJ Vladimir Padrino L\u00f3pez como Ministro del Poder Popular para la Defensa, y al G\/J Domingo Antonio Hern\u00e1ndez Larez al frente de Comando Estrat\u00e9gico Operacional (Ceofanb).<\/li>\n<li>Design\u00f3 en la Comandancia General del Ej\u00e9rcito Bolivariano, el M\/G Johan Alexander Hern\u00e1ndez Larez.<\/li>\n<li>En la Comandancia de la Armada Bolivariana, se design\u00f3 al Almirante Ashraf Andel Hadi Suleim\u00e1n Guti\u00e9rrez.<\/li>\n<li>Al mando de la Aviaci\u00f3n Militar Bolivariana, el M\/G Len\u00edn Lorenzo Ram\u00edrez Villasmil.<\/li>\n<li>Asimismo, en la Comandancia General de la Guardia Nacional Bolivariana, queda ratificado el M\/G. El\u00edo Ram\u00f3n Estrada Paredes.<\/li>\n<li>Y al mando de la Milicia Bolivariana, el M\/G Orlando Ram\u00f3n Romero Bol\u00edvar.<\/li>\n<li>Al frente de Direcci\u00f3n General Contrainteligencia Militar (DGCIM) y la Guardia de Honor Presidencial (GHP), el M\/G Javier Marcano T\u00e1bata, en sustituci\u00f3n del M\/G Iv\u00e1n Hern\u00e1ndez Dala<\/li>\n<li>Y al frente del Servicio Bolivariano Inteligencia Nacional (SEBIN), fue designado el M\/G Alexis Rodr\u00edguez Cabello, reemplanzando al G\/J Gustavo Enrique Gonz\u00e1lez L\u00f3pez.<\/li>\n<\/ul>\n","protected":false},"excerpt":{"rendered":"<p>Este lunes, el Comandante en Jefe de la Fuerza Armada Nacional Bolivariana (FANB), Nicol\u00e1s Maduro, orden\u00f3 nuevas actividades a las autoridades militares ratificadas y a los cargos nombrados este lunes al frente de la FANB. \u00abTenemos una Fuerza Armada unida, robusta y sobre todo con una visi\u00f3n clara de lo que es la defensa de [&hellip;]<\/p>\n","protected":false},"author":1,"featured_media":211720,"comment_status":"open","ping_status":"open","sticky":false,"template":"","format":"standard","meta":{"footnotes":""},"categories":[17,8],"tags":[],"class_list":["post-211731","post","type-post","status-publish","format-standard","has-post-thumbnail","hentry","category-destacada","category-nacionales"],"yoast_head":"<!-- This site is optimized with the Yoast SEO plugin v24.4 - https:\/\/yoast.com\/wordpress\/plugins\/seo\/ -->\n<title>Maduro: Tenemos una FANB con una visi\u00f3n clara en la defensa de la patria - Diario La Jornada<\/title>\n<meta name=\"robots\" content=\"index, follow, max-snippet:-1, max-image-preview:large, max-video-preview:-1\" \/>\n<link rel=\"canonical\" href=\"https:\/\/diariolajornada.com\/?p=211731\" \/>\n<meta property=\"og:locale\" content=\"es_ES\" \/>\n<meta property=\"og:type\" content=\"article\" \/>\n<meta property=\"og:title\" content=\"Maduro: Tenemos una FANB con una visi\u00f3n clara en la defensa de la patria - Diario La Jornada\" \/>\n<meta property=\"og:description\" content=\"Este lunes, el Comandante en Jefe de la Fuerza Armada Nacional Bolivariana (FANB), Nicol\u00e1s Maduro, orden\u00f3 nuevas actividades a las autoridades militares ratificadas y a los cargos nombrados este lunes al frente de la FANB. \u00abTenemos una Fuerza Armada unida, robusta y sobre todo con una visi\u00f3n clara de lo que es la defensa de [&hellip;]\" \/>\n<meta property=\"og:url\" content=\"https:\/\/diariolajornada.com\/?p=211731\" \/>\n<meta property=\"og:site_name\" content=\"Diario La Jornada\" \/>\n<meta property=\"article:publisher\" content=\"https:\/\/es-la.facebook.com\/lajornadadeguarico\/\" \/>\n<meta property=\"article:published_time\" content=\"2024-10-15T03:01:57+00:00\" \/>\n<meta property=\"og:image\" content=\"https:\/\/diariolajornada.com\/wp-content\/uploads\/2024\/10\/presidente-maduro-tenemos-una-fanb-con-una-vision-clara-en-la-defensa-de-la-patria-160462.jpg\" \/>\n\t<meta property=\"og:image:width\" content=\"1280\" \/>\n\t<meta property=\"og:image:height\" content=\"720\" \/>\n\t<meta property=\"og:image:type\" content=\"image\/jpeg\" \/>\n<meta name=\"author\" content=\"admin\" \/>\n<meta name=\"twitter:card\" content=\"summary_large_image\" \/>\n<meta name=\"twitter:label1\" content=\"Escrito por\" \/>\n\t<meta name=\"twitter:data1\" content=\"admin\" \/>\n\t<meta name=\"twitter:label2\" content=\"Tiempo de lectura\" \/>\n\t<meta name=\"twitter:data2\" content=\"2 minutos\" \/>\n<script type=\"application\/ld+json\" class=\"yoast-schema-graph\">{\"@context\":\"https:\/\/schema.org\",\"@graph\":[{\"@type\":\"Article\",\"@id\":\"https:\/\/diariolajornada.com\/?p=211731#article\",\"isPartOf\":{\"@id\":\"https:\/\/diariolajornada.com\/?p=211731\"},\"author\":{\"name\":\"admin\",\"@id\":\"https:\/\/diariolajornada.com\/#\/schema\/person\/83fc9ad02376abb532ce4553a399186b\"},\"headline\":\"Maduro: Tenemos una FANB con una visi\u00f3n clara en la defensa de la patria\",\"datePublished\":\"2024-10-15T03:01:57+00:00\",\"mainEntityOfPage\":{\"@id\":\"https:\/\/diariolajornada.com\/?p=211731\"},\"wordCount\":421,\"commentCount\":0,\"publisher\":{\"@id\":\"https:\/\/diariolajornada.com\/#organization\"},\"image\":{\"@id\":\"https:\/\/diariolajornada.com\/?p=211731#primaryimage\"},\"thumbnailUrl\":\"https:\/\/diariolajornada.com\/wp-content\/uploads\/2024\/10\/presidente-maduro-tenemos-una-fanb-con-una-vision-clara-en-la-defensa-de-la-patria-160462.jpg\",\"articleSection\":[\"DESTACADA\",\"Nacionales\"],\"inLanguage\":\"es\",\"potentialAction\":[{\"@type\":\"CommentAction\",\"name\":\"Comment\",\"target\":[\"https:\/\/diariolajornada.com\/?p=211731#respond\"]}]},{\"@type\":\"WebPage\",\"@id\":\"https:\/\/diariolajornada.com\/?p=211731\",\"url\":\"https:\/\/diariolajornada.com\/?p=211731\",\"name\":\"Maduro: Tenemos una FANB con una visi\u00f3n clara en la defensa de la patria - Diario La Jornada\",\"isPartOf\":{\"@id\":\"https:\/\/diariolajornada.com\/#website\"},\"primaryImageOfPage\":{\"@id\":\"https:\/\/diariolajornada.com\/?p=211731#primaryimage\"},\"image\":{\"@id\":\"https:\/\/diariolajornada.com\/?p=211731#primaryimage\"},\"thumbnailUrl\":\"https:\/\/diariolajornada.com\/wp-content\/uploads\/2024\/10\/presidente-maduro-tenemos-una-fanb-con-una-vision-clara-en-la-defensa-de-la-patria-160462.jpg\",\"datePublished\":\"2024-10-15T03:01:57+00:00\",\"breadcrumb\":{\"@id\":\"https:\/\/diariolajornada.com\/?p=211731#breadcrumb\"},\"inLanguage\":\"es\",\"potentialAction\":[{\"@type\":\"ReadAction\",\"target\":[\"https:\/\/diariolajornada.com\/?p=211731\"]}]},{\"@type\":\"ImageObject\",\"inLanguage\":\"es\",\"@id\":\"https:\/\/diariolajornada.com\/?p=211731#primaryimage\",\"url\":\"https:\/\/diariolajornada.com\/wp-content\/uploads\/2024\/10\/presidente-maduro-tenemos-una-fanb-con-una-vision-clara-en-la-defensa-de-la-patria-160462.jpg\",\"contentUrl\":\"https:\/\/diariolajornada.com\/wp-content\/uploads\/2024\/10\/presidente-maduro-tenemos-una-fanb-con-una-vision-clara-en-la-defensa-de-la-patria-160462.jpg\",\"width\":1280,\"height\":720},{\"@type\":\"BreadcrumbList\",\"@id\":\"https:\/\/diariolajornada.com\/?p=211731#breadcrumb\",\"itemListElement\":[{\"@type\":\"ListItem\",\"position\":1,\"name\":\"Portada\",\"item\":\"https:\/\/diariolajornada.com\/\"},{\"@type\":\"ListItem\",\"position\":2,\"name\":\"Maduro: Tenemos una FANB con una visi\u00f3n clara en la defensa de la patria\"}]},{\"@type\":\"WebSite\",\"@id\":\"https:\/\/diariolajornada.com\/#website\",\"url\":\"https:\/\/diariolajornada.com\/\",\"name\":\"Diario La Jornada\",\"description\":\"Noticias Nacionales Regionales e Internacionales\",\"publisher\":{\"@id\":\"https:\/\/diariolajornada.com\/#organization\"},\"potentialAction\":[{\"@type\":\"SearchAction\",\"target\":{\"@type\":\"EntryPoint\",\"urlTemplate\":\"https:\/\/diariolajornada.com\/?s={search_term_string}\"},\"query-input\":{\"@type\":\"PropertyValueSpecification\",\"valueRequired\":true,\"valueName\":\"search_term_string\"}}],\"inLanguage\":\"es\"},{\"@type\":\"Organization\",\"@id\":\"https:\/\/diariolajornada.com\/#organization\",\"name\":\"Diario La Jornada\",\"url\":\"https:\/\/diariolajornada.com\/\",\"logo\":{\"@type\":\"ImageObject\",\"inLanguage\":\"es\",\"@id\":\"https:\/\/diariolajornada.com\/#\/schema\/logo\/image\/\",\"url\":\"https:\/\/diariolajornada.com\/wp-content\/uploads\/2021\/06\/LOGO-JORNADA-SVG-01-02.svg\",\"contentUrl\":\"https:\/\/diariolajornada.com\/wp-content\/uploads\/2021\/06\/LOGO-JORNADA-SVG-01-02.svg\",\"width\":350,\"height\":100,\"caption\":\"Diario La Jornada\"},\"image\":{\"@id\":\"https:\/\/diariolajornada.com\/#\/schema\/logo\/image\/\"},\"sameAs\":[\"https:\/\/es-la.facebook.com\/lajornadadeguarico\/\",\"https:\/\/www.instagram.com\/diariojornada\/?hl=es\"]},{\"@type\":\"Person\",\"@id\":\"https:\/\/diariolajornada.com\/#\/schema\/person\/83fc9ad02376abb532ce4553a399186b\",\"name\":\"admin\",\"image\":{\"@type\":\"ImageObject\",\"inLanguage\":\"es\",\"@id\":\"https:\/\/diariolajornada.com\/#\/schema\/person\/image\/\",\"url\":\"https:\/\/secure.gravatar.com\/avatar\/fdcecb87f300ccb988450328a61211f10a01c8bfedfca54e932145534024045b?s=96&d=mm&r=g\",\"contentUrl\":\"https:\/\/secure.gravatar.com\/avatar\/fdcecb87f300ccb988450328a61211f10a01c8bfedfca54e932145534024045b?s=96&d=mm&r=g\",\"caption\":\"admin\"},\"sameAs\":[\"https:\/\/diariolajornada.com\"],\"url\":\"https:\/\/diariolajornada.com\/?author=1\"}]}<\/script>\n<!-- \/ Yoast SEO plugin. -->","yoast_head_json":{"title":"Maduro: Tenemos una FANB con una visi\u00f3n clara en la defensa de la patria - Diario La Jornada","robots":{"index":"index","follow":"follow","max-snippet":"max-snippet:-1","max-image-preview":"max-image-preview:large","max-video-preview":"max-video-preview:-1"},"canonical":"https:\/\/diariolajornada.com\/?p=211731","og_locale":"es_ES","og_type":"article","og_title":"Maduro: Tenemos una FANB con una visi\u00f3n clara en la defensa de la patria - Diario La Jornada","og_description":"Este lunes, el Comandante en Jefe de la Fuerza Armada Nacional Bolivariana (FANB), Nicol\u00e1s Maduro, orden\u00f3 nuevas actividades a las autoridades militares ratificadas y a los cargos nombrados este lunes al frente de la FANB. \u00abTenemos una Fuerza Armada unida, robusta y sobre todo con una visi\u00f3n clara de lo que es la defensa de [&hellip;]","og_url":"https:\/\/diariolajornada.com\/?p=211731","og_site_name":"Diario La Jornada","article_publisher":"https:\/\/es-la.facebook.com\/lajornadadeguarico\/","article_published_time":"2024-10-15T03:01:57+00:00","og_image":[{"width":1280,"height":720,"url":"https:\/\/diariolajornada.com\/wp-content\/uploads\/2024\/10\/presidente-maduro-tenemos-una-fanb-con-una-vision-clara-en-la-defensa-de-la-patria-160462.jpg","type":"image\/jpeg"}],"author":"admin","twitter_card":"summary_large_image","twitter_misc":{"Escrito por":"admin","Tiempo de lectura":"2 minutos"},"schema":{"@context":"https:\/\/schema.org","@graph":[{"@type":"Article","@id":"https:\/\/diariolajornada.com\/?p=211731#article","isPartOf":{"@id":"https:\/\/diariolajornada.com\/?p=211731"},"author":{"name":"admin","@id":"https:\/\/diariolajornada.com\/#\/schema\/person\/83fc9ad02376abb532ce4553a399186b"},"headline":"Maduro: Tenemos una FANB con una visi\u00f3n clara en la defensa de la patria","datePublished":"2024-10-15T03:01:57+00:00","mainEntityOfPage":{"@id":"https:\/\/diariolajornada.com\/?p=211731"},"wordCount":421,"commentCount":0,"publisher":{"@id":"https:\/\/diariolajornada.com\/#organization"},"image":{"@id":"https:\/\/diariolajornada.com\/?p=211731#primaryimage"},"thumbnailUrl":"https:\/\/diariolajornada.com\/wp-content\/uploads\/2024\/10\/presidente-maduro-tenemos-una-fanb-con-una-vision-clara-en-la-defensa-de-la-patria-160462.jpg","articleSection":["DESTACADA","Nacionales"],"inLanguage":"es","potentialAction":[{"@type":"CommentAction","name":"Comment","target":["https:\/\/diariolajornada.com\/?p=211731#respond"]}]},{"@type":"WebPage","@id":"https:\/\/diariolajornada.com\/?p=211731","url":"https:\/\/diariolajornada.com\/?p=211731","name":"Maduro: Tenemos una FANB con una visi\u00f3n clara en la defensa de la patria - Diario La Jornada","isPartOf":{"@id":"https:\/\/diariolajornada.com\/#website"},"primaryImageOfPage":{"@id":"https:\/\/diariolajornada.com\/?p=211731#primaryimage"},"image":{"@id":"https:\/\/diariolajornada.com\/?p=211731#primaryimage"},"thumbnailUrl":"https:\/\/diariolajornada.com\/wp-content\/uploads\/2024\/10\/presidente-maduro-tenemos-una-fanb-con-una-vision-clara-en-la-defensa-de-la-patria-160462.jpg","datePublished":"2024-10-15T03:01:57+00:00","breadcrumb":{"@id":"https:\/\/diariolajornada.com\/?p=211731#breadcrumb"},"inLanguage":"es","potentialAction":[{"@type":"ReadAction","target":["https:\/\/diariolajornada.com\/?p=211731"]}]},{"@type":"ImageObject","inLanguage":"es","@id":"https:\/\/diariolajornada.com\/?p=211731#primaryimage","url":"https:\/\/diariolajornada.com\/wp-content\/uploads\/2024\/10\/presidente-maduro-tenemos-una-fanb-con-una-vision-clara-en-la-defensa-de-la-patria-160462.jpg","contentUrl":"https:\/\/diariolajornada.com\/wp-content\/uploads\/2024\/10\/presidente-maduro-tenemos-una-fanb-con-una-vision-clara-en-la-defensa-de-la-patria-160462.jpg","width":1280,"height":720},{"@type":"BreadcrumbList","@id":"https:\/\/diariolajornada.com\/?p=211731#breadcrumb","itemListElement":[{"@type":"ListItem","position":1,"name":"Portada","item":"https:\/\/diariolajornada.com\/"},{"@type":"ListItem","position":2,"name":"Maduro: Tenemos una FANB con una visi\u00f3n clara en la defensa de la patria"}]},{"@type":"WebSite","@id":"https:\/\/diariolajornada.com\/#website","url":"https:\/\/diariolajornada.com\/","name":"Diario La Jornada","description":"Noticias Nacionales Regionales e Internacionales","publisher":{"@id":"https:\/\/diariolajornada.com\/#organization"},"potentialAction":[{"@type":"SearchAction","target":{"@type":"EntryPoint","urlTemplate":"https:\/\/diariolajornada.com\/?s={search_term_string}"},"query-input":{"@type":"PropertyValueSpecification","valueRequired":true,"valueName":"search_term_string"}}],"inLanguage":"es"},{"@type":"Organization","@id":"https:\/\/diariolajornada.com\/#organization","name":"Diario La Jornada","url":"https:\/\/diariolajornada.com\/","logo":{"@type":"ImageObject","inLanguage":"es","@id":"https:\/\/diariolajornada.com\/#\/schema\/logo\/image\/","url":"https:\/\/diariolajornada.com\/wp-content\/uploads\/2021\/06\/LOGO-JORNADA-SVG-01-02.svg","contentUrl":"https:\/\/diariolajornada.com\/wp-content\/uploads\/2021\/06\/LOGO-JORNADA-SVG-01-02.svg","width":350,"height":100,"caption":"Diario La Jornada"},"image":{"@id":"https:\/\/diariolajornada.com\/#\/schema\/logo\/image\/"},"sameAs":["https:\/\/es-la.facebook.com\/lajornadadeguarico\/","https:\/\/www.instagram.com\/diariojornada\/?hl=es"]},{"@type":"Person","@id":"https:\/\/diariolajornada.com\/#\/schema\/person\/83fc9ad02376abb532ce4553a399186b","name":"admin","image":{"@type":"ImageObject","inLanguage":"es","@id":"https:\/\/diariolajornada.com\/#\/schema\/person\/image\/","url":"https:\/\/secure.gravatar.com\/avatar\/fdcecb87f300ccb988450328a61211f10a01c8bfedfca54e932145534024045b?s=96&d=mm&r=g","contentUrl":"https:\/\/secure.gravatar.com\/avatar\/fdcecb87f300ccb988450328a61211f10a01c8bfedfca54e932145534024045b?s=96&d=mm&r=g","caption":"admin"},"sameAs":["https:\/\/diariolajornada.com"],"url":"https:\/\/diariolajornada.com\/?author=1"}]}},"_links":{"self":[{"href":"https:\/\/diariolajornada.com\/index.php?rest_route=\/wp\/v2\/posts\/211731","targetHints":{"allow":["GET"]}}],"collection":[{"href":"https:\/\/diariolajornada.com\/index.php?rest_route=\/wp\/v2\/posts"}],"about":[{"href":"https:\/\/diariolajornada.com\/index.php?rest_route=\/wp\/v2\/types\/post"}],"author":[{"embeddable":true,"href":"https:\/\/diariolajornada.com\/index.php?rest_route=\/wp\/v2\/users\/1"}],"replies":[{"embeddable":true,"href":"https:\/\/diariolajornada.com\/index.php?rest_route=%2Fwp%2Fv2%2Fcomments&post=211731"}],"version-history":[{"count":1,"href":"https:\/\/diariolajornada.com\/index.php?rest_route=\/wp\/v2\/posts\/211731\/revisions"}],"predecessor-version":[{"id":211732,"href":"https:\/\/diariolajornada.com\/index.php?rest_route=\/wp\/v2\/posts\/211731\/revisions\/211732"}],"wp:featuredmedia":[{"embeddable":true,"href":"https:\/\/diariolajornada.com\/index.php?rest_route=\/wp\/v2\/media\/211720"}],"wp:attachment":[{"href":"https:\/\/diariolajornada.com\/index.php?rest_route=%2Fwp%2Fv2%2Fmedia&parent=211731"}],"wp:term":[{"taxonomy":"category","embeddable":true,"href":"https:\/\/diariolajornada.com\/index.php?rest_route=%2Fwp%2Fv2%2Fcategories&post=211731"},{"taxonomy":"post_tag","embeddable":true,"href":"https:\/\/diariolajornada.com\/index.php?rest_route=%2Fwp%2Fv2%2Ftags&post=211731"}],"curies":[{"name":"wp","href":"https:\/\/api.w.org\/{rel}","templated":true}]}}