{"id":211733,"date":"2024-10-14T23:03:07","date_gmt":"2024-10-15T03:03:07","guid":{"rendered":"https:\/\/diariolajornada.com\/?p=211733"},"modified":"2024-10-14T23:03:07","modified_gmt":"2024-10-15T03:03:07","slug":"ejecutivo-exhorta-acatar-decision-de-la-sala-constitucional-del-tsj","status":"publish","type":"post","link":"https:\/\/diariolajornada.com\/?p=211733","title":{"rendered":"Ejecutivo exhorta acatar decisi\u00f3n de la Sala Constitucional del TSJ"},"content":{"rendered":"<p>El presidente de la Rep\u00fablica, Nicol\u00e1s Maduro, exhort\u00f3 a todos los sectores pol\u00edticos, sociales y econ\u00f3micos del pa\u00eds \u201cacatar la decisi\u00f3n soberana de la Sala Constitucional\u201d del Tribunal Supremo de Justicia (TSJ) que ratific\u00f3 la sentencia de la Sala Electoral y convalid\u00f3 la victoria popular en las presidenciales del pasado 28 de julio.<\/p>\n<p>Record\u00f3 que el pr\u00f3ximo a\u00f1o habr\u00e1 elecciones de Legislativas y de los cargos Ejecutivos regionales y municipales, al tiempo que destac\u00f3 las reformas \u201cbien interesantes\u201d planteadas por la Asamblea Nacional.<\/p>\n<p>\u201cQue todo el mundo se incorpore al di\u00e1logo en la Asamblea Nacional (\u2026) para las reformas electorales, pol\u00edticas (\u2026) El pr\u00f3ximo a\u00f1o habr\u00e1 elecciones y volveremos a ir a votar en paz\u201d, expres\u00f3, adem\u00e1s, el primer mandatario nacional vaticin\u00f3 que las fuerzas revolucionarias volver\u00e1n a triunfar en el proceso comicial.<\/p>\n<p>\u201cQue siga el camino. Vamos a tener un buen fin de a\u00f1o en lo econ\u00f3mico, en lo social y en lo pol\u00edtico. Hay que respetar y cuidar la paz de la gente, el derecho a la felicidad que tiene el pueblo\u201d, manifest\u00f3 el jefe de Estado este lunes durante la transmisi\u00f3n del programa\u00a0<a href=\"https:\/\/youtu.be\/Is5kQlOHMms\" target=\"_blank\" rel=\"noreferrer noopener\">Con Maduro + N\u00b0 61<\/a>.<\/p>\n<p>Tambi\u00e9n invit\u00f3 al pueblo venezolano a prepararse para tener un inicio de a\u00f1o \u201cfabuloso, bueno, bonito, un 2025 mejor que este en todos los aspectos de la vida cultural, econ\u00f3mica, educativa y social del pa\u00eds\u201d.<\/p>\n<p>El pasado viernes, la Sala Constitucional del TSJ declar\u00f3\u00a0<a href=\"https:\/\/ultimasnoticias.com.ve\/noticias\/politica\/sala-constitucional-valido-la-victoria-de-nicolas-maduro-en-las-presidenciales\/\" target=\"_blank\" rel=\"noreferrer noopener\">inadmisible la solicitud de revisi\u00f3n<\/a>\u00a0realizada por el excandidato presidencial Enrique M\u00e1rquez, sobre los resultados de las elecciones del 28 de julio, que valid\u00f3 la Sala Electoral el pasado 22 de agosto al reconocer como ganador al presidente Nicol\u00e1s Maduro.<\/p>\n<p><iframe title=\"Nicol\u00e1s Maduro | Con Maduro + N\u00b0 61\" width=\"800\" height=\"450\" src=\"https:\/\/www.youtube.com\/embed\/Is5kQlOHMms?feature=oembed\" frameborder=\"0\" allow=\"accelerometer; autoplay; clipboard-write; encrypted-media; gyroscope; picture-in-picture; web-share\" referrerpolicy=\"strict-origin-when-cross-origin\" allowfullscreen><\/iframe><\/p>\n","protected":false},"excerpt":{"rendered":"<p>El presidente de la Rep\u00fablica, Nicol\u00e1s Maduro, exhort\u00f3 a todos los sectores pol\u00edticos, sociales y econ\u00f3micos del pa\u00eds \u201cacatar la decisi\u00f3n soberana de la Sala Constitucional\u201d del Tribunal Supremo de Justicia (TSJ) que ratific\u00f3 la sentencia de la Sala Electoral y convalid\u00f3 la victoria popular en las presidenciales del pasado 28 de julio. Record\u00f3 que [&hellip;]<\/p>\n","protected":false},"author":1,"featured_media":211718,"comment_status":"open","ping_status":"open","sticky":false,"template":"","format":"standard","meta":{"footnotes":""},"categories":[17,8],"tags":[],"class_list":["post-211733","post","type-post","status-publish","format-standard","has-post-thumbnail","hentry","category-destacada","category-nacionales"],"yoast_head":"<!-- This site is optimized with the Yoast SEO plugin v24.4 - https:\/\/yoast.com\/wordpress\/plugins\/seo\/ -->\n<title>Ejecutivo exhorta acatar decisi\u00f3n de la Sala Constitucional del TSJ - Diario La Jornada<\/title>\n<meta name=\"robots\" content=\"index, follow, max-snippet:-1, max-image-preview:large, max-video-preview:-1\" \/>\n<link rel=\"canonical\" href=\"https:\/\/diariolajornada.com\/?p=211733\" \/>\n<meta property=\"og:locale\" content=\"es_ES\" \/>\n<meta property=\"og:type\" content=\"article\" \/>\n<meta property=\"og:title\" content=\"Ejecutivo exhorta acatar decisi\u00f3n de la Sala Constitucional del TSJ - Diario La Jornada\" \/>\n<meta property=\"og:description\" content=\"El presidente de la Rep\u00fablica, Nicol\u00e1s Maduro, exhort\u00f3 a todos los sectores pol\u00edticos, sociales y econ\u00f3micos del pa\u00eds \u201cacatar la decisi\u00f3n soberana de la Sala Constitucional\u201d del Tribunal Supremo de Justicia (TSJ) que ratific\u00f3 la sentencia de la Sala Electoral y convalid\u00f3 la victoria popular en las presidenciales del pasado 28 de julio. Record\u00f3 que [&hellip;]\" \/>\n<meta property=\"og:url\" content=\"https:\/\/diariolajornada.com\/?p=211733\" \/>\n<meta property=\"og:site_name\" content=\"Diario La Jornada\" \/>\n<meta property=\"article:publisher\" content=\"https:\/\/es-la.facebook.com\/lajornadadeguarico\/\" \/>\n<meta property=\"article:published_time\" content=\"2024-10-15T03:03:07+00:00\" \/>\n<meta property=\"og:image\" content=\"https:\/\/diariolajornada.com\/wp-content\/uploads\/2024\/10\/Maduro-exhorta-a-respetar-decision-de-Sala-Constitucional-del-TSJ.jpg\" \/>\n\t<meta property=\"og:image:width\" content=\"645\" \/>\n\t<meta property=\"og:image:height\" content=\"435\" \/>\n\t<meta property=\"og:image:type\" content=\"image\/jpeg\" \/>\n<meta name=\"author\" content=\"admin\" \/>\n<meta name=\"twitter:card\" content=\"summary_large_image\" \/>\n<meta name=\"twitter:label1\" content=\"Escrito por\" \/>\n\t<meta name=\"twitter:data1\" content=\"admin\" \/>\n\t<meta name=\"twitter:label2\" content=\"Tiempo de lectura\" \/>\n\t<meta name=\"twitter:data2\" content=\"1 minuto\" \/>\n<script type=\"application\/ld+json\" class=\"yoast-schema-graph\">{\"@context\":\"https:\/\/schema.org\",\"@graph\":[{\"@type\":\"Article\",\"@id\":\"https:\/\/diariolajornada.com\/?p=211733#article\",\"isPartOf\":{\"@id\":\"https:\/\/diariolajornada.com\/?p=211733\"},\"author\":{\"name\":\"admin\",\"@id\":\"https:\/\/diariolajornada.com\/#\/schema\/person\/83fc9ad02376abb532ce4553a399186b\"},\"headline\":\"Ejecutivo exhorta acatar decisi\u00f3n de la Sala Constitucional del TSJ\",\"datePublished\":\"2024-10-15T03:03:07+00:00\",\"mainEntityOfPage\":{\"@id\":\"https:\/\/diariolajornada.com\/?p=211733\"},\"wordCount\":308,\"commentCount\":0,\"publisher\":{\"@id\":\"https:\/\/diariolajornada.com\/#organization\"},\"image\":{\"@id\":\"https:\/\/diariolajornada.com\/?p=211733#primaryimage\"},\"thumbnailUrl\":\"https:\/\/diariolajornada.com\/wp-content\/uploads\/2024\/10\/Maduro-exhorta-a-respetar-decision-de-Sala-Constitucional-del-TSJ.jpg\",\"articleSection\":[\"DESTACADA\",\"Nacionales\"],\"inLanguage\":\"es\",\"potentialAction\":[{\"@type\":\"CommentAction\",\"name\":\"Comment\",\"target\":[\"https:\/\/diariolajornada.com\/?p=211733#respond\"]}]},{\"@type\":\"WebPage\",\"@id\":\"https:\/\/diariolajornada.com\/?p=211733\",\"url\":\"https:\/\/diariolajornada.com\/?p=211733\",\"name\":\"Ejecutivo exhorta acatar decisi\u00f3n de la Sala Constitucional del TSJ - Diario La Jornada\",\"isPartOf\":{\"@id\":\"https:\/\/diariolajornada.com\/#website\"},\"primaryImageOfPage\":{\"@id\":\"https:\/\/diariolajornada.com\/?p=211733#primaryimage\"},\"image\":{\"@id\":\"https:\/\/diariolajornada.com\/?p=211733#primaryimage\"},\"thumbnailUrl\":\"https:\/\/diariolajornada.com\/wp-content\/uploads\/2024\/10\/Maduro-exhorta-a-respetar-decision-de-Sala-Constitucional-del-TSJ.jpg\",\"datePublished\":\"2024-10-15T03:03:07+00:00\",\"breadcrumb\":{\"@id\":\"https:\/\/diariolajornada.com\/?p=211733#breadcrumb\"},\"inLanguage\":\"es\",\"potentialAction\":[{\"@type\":\"ReadAction\",\"target\":[\"https:\/\/diariolajornada.com\/?p=211733\"]}]},{\"@type\":\"ImageObject\",\"inLanguage\":\"es\",\"@id\":\"https:\/\/diariolajornada.com\/?p=211733#primaryimage\",\"url\":\"https:\/\/diariolajornada.com\/wp-content\/uploads\/2024\/10\/Maduro-exhorta-a-respetar-decision-de-Sala-Constitucional-del-TSJ.jpg\",\"contentUrl\":\"https:\/\/diariolajornada.com\/wp-content\/uploads\/2024\/10\/Maduro-exhorta-a-respetar-decision-de-Sala-Constitucional-del-TSJ.jpg\",\"width\":645,\"height\":435},{\"@type\":\"BreadcrumbList\",\"@id\":\"https:\/\/diariolajornada.com\/?p=211733#breadcrumb\",\"itemListElement\":[{\"@type\":\"ListItem\",\"position\":1,\"name\":\"Portada\",\"item\":\"https:\/\/diariolajornada.com\/\"},{\"@type\":\"ListItem\",\"position\":2,\"name\":\"Ejecutivo exhorta acatar decisi\u00f3n de la Sala Constitucional del TSJ\"}]},{\"@type\":\"WebSite\",\"@id\":\"https:\/\/diariolajornada.com\/#website\",\"url\":\"https:\/\/diariolajornada.com\/\",\"name\":\"Diario La Jornada\",\"description\":\"Noticias Nacionales Regionales e Internacionales\",\"publisher\":{\"@id\":\"https:\/\/diariolajornada.com\/#organization\"},\"potentialAction\":[{\"@type\":\"SearchAction\",\"target\":{\"@type\":\"EntryPoint\",\"urlTemplate\":\"https:\/\/diariolajornada.com\/?s={search_term_string}\"},\"query-input\":{\"@type\":\"PropertyValueSpecification\",\"valueRequired\":true,\"valueName\":\"search_term_string\"}}],\"inLanguage\":\"es\"},{\"@type\":\"Organization\",\"@id\":\"https:\/\/diariolajornada.com\/#organization\",\"name\":\"Diario La Jornada\",\"url\":\"https:\/\/diariolajornada.com\/\",\"logo\":{\"@type\":\"ImageObject\",\"inLanguage\":\"es\",\"@id\":\"https:\/\/diariolajornada.com\/#\/schema\/logo\/image\/\",\"url\":\"https:\/\/diariolajornada.com\/wp-content\/uploads\/2021\/06\/LOGO-JORNADA-SVG-01-02.svg\",\"contentUrl\":\"https:\/\/diariolajornada.com\/wp-content\/uploads\/2021\/06\/LOGO-JORNADA-SVG-01-02.svg\",\"width\":350,\"height\":100,\"caption\":\"Diario La Jornada\"},\"image\":{\"@id\":\"https:\/\/diariolajornada.com\/#\/schema\/logo\/image\/\"},\"sameAs\":[\"https:\/\/es-la.facebook.com\/lajornadadeguarico\/\",\"https:\/\/www.instagram.com\/diariojornada\/?hl=es\"]},{\"@type\":\"Person\",\"@id\":\"https:\/\/diariolajornada.com\/#\/schema\/person\/83fc9ad02376abb532ce4553a399186b\",\"name\":\"admin\",\"image\":{\"@type\":\"ImageObject\",\"inLanguage\":\"es\",\"@id\":\"https:\/\/diariolajornada.com\/#\/schema\/person\/image\/\",\"url\":\"https:\/\/secure.gravatar.com\/avatar\/fdcecb87f300ccb988450328a61211f10a01c8bfedfca54e932145534024045b?s=96&d=mm&r=g\",\"contentUrl\":\"https:\/\/secure.gravatar.com\/avatar\/fdcecb87f300ccb988450328a61211f10a01c8bfedfca54e932145534024045b?s=96&d=mm&r=g\",\"caption\":\"admin\"},\"sameAs\":[\"https:\/\/diariolajornada.com\"],\"url\":\"https:\/\/diariolajornada.com\/?author=1\"}]}<\/script>\n<!-- \/ Yoast SEO plugin. -->","yoast_head_json":{"title":"Ejecutivo exhorta acatar decisi\u00f3n de la Sala Constitucional del TSJ - Diario La Jornada","robots":{"index":"index","follow":"follow","max-snippet":"max-snippet:-1","max-image-preview":"max-image-preview:large","max-video-preview":"max-video-preview:-1"},"canonical":"https:\/\/diariolajornada.com\/?p=211733","og_locale":"es_ES","og_type":"article","og_title":"Ejecutivo exhorta acatar decisi\u00f3n de la Sala Constitucional del TSJ - Diario La Jornada","og_description":"El presidente de la Rep\u00fablica, Nicol\u00e1s Maduro, exhort\u00f3 a todos los sectores pol\u00edticos, sociales y econ\u00f3micos del pa\u00eds \u201cacatar la decisi\u00f3n soberana de la Sala Constitucional\u201d del Tribunal Supremo de Justicia (TSJ) que ratific\u00f3 la sentencia de la Sala Electoral y convalid\u00f3 la victoria popular en las presidenciales del pasado 28 de julio. Record\u00f3 que [&hellip;]","og_url":"https:\/\/diariolajornada.com\/?p=211733","og_site_name":"Diario La Jornada","article_publisher":"https:\/\/es-la.facebook.com\/lajornadadeguarico\/","article_published_time":"2024-10-15T03:03:07+00:00","og_image":[{"width":645,"height":435,"url":"https:\/\/diariolajornada.com\/wp-content\/uploads\/2024\/10\/Maduro-exhorta-a-respetar-decision-de-Sala-Constitucional-del-TSJ.jpg","type":"image\/jpeg"}],"author":"admin","twitter_card":"summary_large_image","twitter_misc":{"Escrito por":"admin","Tiempo de lectura":"1 minuto"},"schema":{"@context":"https:\/\/schema.org","@graph":[{"@type":"Article","@id":"https:\/\/diariolajornada.com\/?p=211733#article","isPartOf":{"@id":"https:\/\/diariolajornada.com\/?p=211733"},"author":{"name":"admin","@id":"https:\/\/diariolajornada.com\/#\/schema\/person\/83fc9ad02376abb532ce4553a399186b"},"headline":"Ejecutivo exhorta acatar decisi\u00f3n de la Sala Constitucional del TSJ","datePublished":"2024-10-15T03:03:07+00:00","mainEntityOfPage":{"@id":"https:\/\/diariolajornada.com\/?p=211733"},"wordCount":308,"commentCount":0,"publisher":{"@id":"https:\/\/diariolajornada.com\/#organization"},"image":{"@id":"https:\/\/diariolajornada.com\/?p=211733#primaryimage"},"thumbnailUrl":"https:\/\/diariolajornada.com\/wp-content\/uploads\/2024\/10\/Maduro-exhorta-a-respetar-decision-de-Sala-Constitucional-del-TSJ.jpg","articleSection":["DESTACADA","Nacionales"],"inLanguage":"es","potentialAction":[{"@type":"CommentAction","name":"Comment","target":["https:\/\/diariolajornada.com\/?p=211733#respond"]}]},{"@type":"WebPage","@id":"https:\/\/diariolajornada.com\/?p=211733","url":"https:\/\/diariolajornada.com\/?p=211733","name":"Ejecutivo exhorta acatar decisi\u00f3n de la Sala Constitucional del TSJ - Diario La Jornada","isPartOf":{"@id":"https:\/\/diariolajornada.com\/#website"},"primaryImageOfPage":{"@id":"https:\/\/diariolajornada.com\/?p=211733#primaryimage"},"image":{"@id":"https:\/\/diariolajornada.com\/?p=211733#primaryimage"},"thumbnailUrl":"https:\/\/diariolajornada.com\/wp-content\/uploads\/2024\/10\/Maduro-exhorta-a-respetar-decision-de-Sala-Constitucional-del-TSJ.jpg","datePublished":"2024-10-15T03:03:07+00:00","breadcrumb":{"@id":"https:\/\/diariolajornada.com\/?p=211733#breadcrumb"},"inLanguage":"es","potentialAction":[{"@type":"ReadAction","target":["https:\/\/diariolajornada.com\/?p=211733"]}]},{"@type":"ImageObject","inLanguage":"es","@id":"https:\/\/diariolajornada.com\/?p=211733#primaryimage","url":"https:\/\/diariolajornada.com\/wp-content\/uploads\/2024\/10\/Maduro-exhorta-a-respetar-decision-de-Sala-Constitucional-del-TSJ.jpg","contentUrl":"https:\/\/diariolajornada.com\/wp-content\/uploads\/2024\/10\/Maduro-exhorta-a-respetar-decision-de-Sala-Constitucional-del-TSJ.jpg","width":645,"height":435},{"@type":"BreadcrumbList","@id":"https:\/\/diariolajornada.com\/?p=211733#breadcrumb","itemListElement":[{"@type":"ListItem","position":1,"name":"Portada","item":"https:\/\/diariolajornada.com\/"},{"@type":"ListItem","position":2,"name":"Ejecutivo exhorta acatar decisi\u00f3n de la Sala Constitucional del TSJ"}]},{"@type":"WebSite","@id":"https:\/\/diariolajornada.com\/#website","url":"https:\/\/diariolajornada.com\/","name":"Diario La Jornada","description":"Noticias Nacionales Regionales e Internacionales","publisher":{"@id":"https:\/\/diariolajornada.com\/#organization"},"potentialAction":[{"@type":"SearchAction","target":{"@type":"EntryPoint","urlTemplate":"https:\/\/diariolajornada.com\/?s={search_term_string}"},"query-input":{"@type":"PropertyValueSpecification","valueRequired":true,"valueName":"search_term_string"}}],"inLanguage":"es"},{"@type":"Organization","@id":"https:\/\/diariolajornada.com\/#organization","name":"Diario La Jornada","url":"https:\/\/diariolajornada.com\/","logo":{"@type":"ImageObject","inLanguage":"es","@id":"https:\/\/diariolajornada.com\/#\/schema\/logo\/image\/","url":"https:\/\/diariolajornada.com\/wp-content\/uploads\/2021\/06\/LOGO-JORNADA-SVG-01-02.svg","contentUrl":"https:\/\/diariolajornada.com\/wp-content\/uploads\/2021\/06\/LOGO-JORNADA-SVG-01-02.svg","width":350,"height":100,"caption":"Diario La Jornada"},"image":{"@id":"https:\/\/diariolajornada.com\/#\/schema\/logo\/image\/"},"sameAs":["https:\/\/es-la.facebook.com\/lajornadadeguarico\/","https:\/\/www.instagram.com\/diariojornada\/?hl=es"]},{"@type":"Person","@id":"https:\/\/diariolajornada.com\/#\/schema\/person\/83fc9ad02376abb532ce4553a399186b","name":"admin","image":{"@type":"ImageObject","inLanguage":"es","@id":"https:\/\/diariolajornada.com\/#\/schema\/person\/image\/","url":"https:\/\/secure.gravatar.com\/avatar\/fdcecb87f300ccb988450328a61211f10a01c8bfedfca54e932145534024045b?s=96&d=mm&r=g","contentUrl":"https:\/\/secure.gravatar.com\/avatar\/fdcecb87f300ccb988450328a61211f10a01c8bfedfca54e932145534024045b?s=96&d=mm&r=g","caption":"admin"},"sameAs":["https:\/\/diariolajornada.com"],"url":"https:\/\/diariolajornada.com\/?author=1"}]}},"_links":{"self":[{"href":"https:\/\/diariolajornada.com\/index.php?rest_route=\/wp\/v2\/posts\/211733","targetHints":{"allow":["GET"]}}],"collection":[{"href":"https:\/\/diariolajornada.com\/index.php?rest_route=\/wp\/v2\/posts"}],"about":[{"href":"https:\/\/diariolajornada.com\/index.php?rest_route=\/wp\/v2\/types\/post"}],"author":[{"embeddable":true,"href":"https:\/\/diariolajornada.com\/index.php?rest_route=\/wp\/v2\/users\/1"}],"replies":[{"embeddable":true,"href":"https:\/\/diariolajornada.com\/index.php?rest_route=%2Fwp%2Fv2%2Fcomments&post=211733"}],"version-history":[{"count":1,"href":"https:\/\/diariolajornada.com\/index.php?rest_route=\/wp\/v2\/posts\/211733\/revisions"}],"predecessor-version":[{"id":211734,"href":"https:\/\/diariolajornada.com\/index.php?rest_route=\/wp\/v2\/posts\/211733\/revisions\/211734"}],"wp:featuredmedia":[{"embeddable":true,"href":"https:\/\/diariolajornada.com\/index.php?rest_route=\/wp\/v2\/media\/211718"}],"wp:attachment":[{"href":"https:\/\/diariolajornada.com\/index.php?rest_route=%2Fwp%2Fv2%2Fmedia&parent=211733"}],"wp:term":[{"taxonomy":"category","embeddable":true,"href":"https:\/\/diariolajornada.com\/index.php?rest_route=%2Fwp%2Fv2%2Fcategories&post=211733"},{"taxonomy":"post_tag","embeddable":true,"href":"https:\/\/diariolajornada.com\/index.php?rest_route=%2Fwp%2Fv2%2Ftags&post=211733"}],"curies":[{"name":"wp","href":"https:\/\/api.w.org\/{rel}","templated":true}]}}