{"id":211739,"date":"2024-10-14T23:26:43","date_gmt":"2024-10-15T03:26:43","guid":{"rendered":"https:\/\/diariolajornada.com\/?p=211739"},"modified":"2024-10-14T23:40:12","modified_gmt":"2024-10-15T03:40:12","slug":"pablo-alvarado-ministerio-publico-es-la-institucion-con-mayor-indice-de-confianza-y-aceptacion-del-pais","status":"publish","type":"post","link":"https:\/\/diariolajornada.com\/?p=211739","title":{"rendered":"Pablo Alvarado: \u201cMinisterio P\u00fablico es la instituci\u00f3n con mayor \u00edndice de confianza y aceptaci\u00f3n del pa\u00eds\u201d"},"content":{"rendered":"<p><strong>@diariojornada<\/strong><\/p>\n<p>El diputado AN y miembro de la direcci\u00f3n nacional del partido Patria Para Todos Pablo Alvarado indic\u00f3 que el Ministerio P\u00fablico actualmente es la instituci\u00f3n con mayor aceptaci\u00f3n y confiabilidad en el pa\u00eds, esto gracias a la excelente labor que desempe\u00f1a el Fiscal General de la Rep\u00fablica Tarek William Saab.<\/p>\n<p>Desde el programa \u201cSin Filtro\u201d trasmitido por VN Radio 104.9 FM conducido por Ricardo Gonz\u00e1lez, Alvarado destac\u00f3 que recientes encuestas revelan que cada 7 de 10 personas tienen una opini\u00f3n favorable acerca de la gesti\u00f3n del Ministerio P\u00fablico, esto ha permitido a la econom\u00eda del pa\u00eds obtener mayor confianza, \u201cUna de las instituciones publicas mas confiables en Venezuela, que aporta esa tranquilidad que nosotros como productores confiamos e invertimos en el pa\u00eds, a pesar de los saboteos del fascismo y del terrorismo, es el Ministerio P\u00fablico, esto gracias a la gesti\u00f3n del Fiscal General de la Rep\u00fablica Tarek William Saab que ha brindado esa confianza en la mayor parte de la ciudadan\u00eda.\u201d<\/p>\n<p><strong>Estabilidad econ\u00f3mica<\/strong><\/p>\n<p>El Diputado AN indic\u00f3 adem\u00e1s que gracias a una inyecci\u00f3n a trav\u00e9s del Banco Central de ciento ochenta millones de d\u00f3lares se logr\u00f3 frenar el aumento indiscriminado del d\u00f3lar paralelo, \u201cEse d\u00f3lar es otra estrategia de la ultra derecha para causar sabotaje econ\u00f3mico en el pa\u00eds, ellos siguen apostando a la guerra econ\u00f3mica, a la desestabilizaci\u00f3n, pero gracias a las pol\u00edticas de nuestro presidente Nicolas Maduro, tendremos navidades felices, navidades seguras, esperando para el pr\u00f3ximo 10 de enero juramentar nuevamente a Nicolas Maduro como presidente de la Rep\u00fablica Bolivariana de Venezuela y as\u00ed dar continuidad al proyecto Socialista del Comandante Ch\u00e1vez y nuestro libertador Sim\u00f3n Bol\u00edvar.<\/p>\n<p><iframe title=\"Dip. AN Pablo Alvarado VN Radio 14\/10\/2024\" width=\"800\" height=\"450\" src=\"https:\/\/www.youtube.com\/embed\/nQaDsEfr408?feature=oembed\" frameborder=\"0\" allow=\"accelerometer; autoplay; clipboard-write; encrypted-media; gyroscope; picture-in-picture; web-share\" referrerpolicy=\"strict-origin-when-cross-origin\" allowfullscreen><\/iframe><\/p>\n","protected":false},"excerpt":{"rendered":"<p>@diariojornada El diputado AN y miembro de la direcci\u00f3n nacional del partido Patria Para Todos Pablo Alvarado indic\u00f3 que el Ministerio P\u00fablico actualmente es la instituci\u00f3n con mayor aceptaci\u00f3n y confiabilidad en el pa\u00eds, esto gracias a la excelente labor que desempe\u00f1a el Fiscal General de la Rep\u00fablica Tarek William Saab. Desde el programa \u201cSin [&hellip;]<\/p>\n","protected":false},"author":1,"featured_media":211740,"comment_status":"open","ping_status":"open","sticky":false,"template":"","format":"standard","meta":{"footnotes":""},"categories":[17,8],"tags":[],"class_list":["post-211739","post","type-post","status-publish","format-standard","has-post-thumbnail","hentry","category-destacada","category-nacionales"],"yoast_head":"<!-- This site is optimized with the Yoast SEO plugin v24.4 - https:\/\/yoast.com\/wordpress\/plugins\/seo\/ -->\n<title>Pablo Alvarado: \u201cMinisterio P\u00fablico es la instituci\u00f3n con mayor \u00edndice de confianza y aceptaci\u00f3n del pa\u00eds\u201d - Diario La Jornada<\/title>\n<meta name=\"description\" content=\"El diputado a la AN y miembro de la direcci\u00f3n nacional de Patria Para Todos Pablo Alvarado indic\u00f3 que el Ministerio P\u00fablico\" \/>\n<meta name=\"robots\" content=\"index, follow, max-snippet:-1, max-image-preview:large, max-video-preview:-1\" \/>\n<link rel=\"canonical\" href=\"https:\/\/diariolajornada.com\/?p=211739\" \/>\n<meta property=\"og:locale\" content=\"es_ES\" \/>\n<meta property=\"og:type\" content=\"article\" \/>\n<meta property=\"og:title\" content=\"Pablo Alvarado: \u201cMinisterio P\u00fablico es la instituci\u00f3n con mayor \u00edndice de confianza y aceptaci\u00f3n del pa\u00eds\u201d - Diario La Jornada\" \/>\n<meta property=\"og:description\" content=\"El diputado a la AN y miembro de la direcci\u00f3n nacional de Patria Para Todos Pablo Alvarado indic\u00f3 que el Ministerio P\u00fablico\" \/>\n<meta property=\"og:url\" content=\"https:\/\/diariolajornada.com\/?p=211739\" \/>\n<meta property=\"og:site_name\" content=\"Diario La Jornada\" \/>\n<meta property=\"article:publisher\" content=\"https:\/\/es-la.facebook.com\/lajornadadeguarico\/\" \/>\n<meta property=\"article:published_time\" content=\"2024-10-15T03:26:43+00:00\" \/>\n<meta property=\"article:modified_time\" content=\"2024-10-15T03:40:12+00:00\" \/>\n<meta property=\"og:image\" content=\"https:\/\/diariolajornada.com\/wp-content\/uploads\/2024\/10\/Captura-de-pantalla-2024-10-14-224811.png\" \/>\n\t<meta property=\"og:image:width\" content=\"1252\" \/>\n\t<meta property=\"og:image:height\" content=\"681\" \/>\n\t<meta property=\"og:image:type\" content=\"image\/png\" \/>\n<meta name=\"author\" content=\"admin\" \/>\n<meta name=\"twitter:card\" content=\"summary_large_image\" \/>\n<meta name=\"twitter:label1\" content=\"Escrito por\" \/>\n\t<meta name=\"twitter:data1\" content=\"admin\" \/>\n\t<meta name=\"twitter:label2\" content=\"Tiempo de lectura\" \/>\n\t<meta name=\"twitter:data2\" content=\"2 minutos\" \/>\n<script type=\"application\/ld+json\" class=\"yoast-schema-graph\">{\"@context\":\"https:\/\/schema.org\",\"@graph\":[{\"@type\":\"Article\",\"@id\":\"https:\/\/diariolajornada.com\/?p=211739#article\",\"isPartOf\":{\"@id\":\"https:\/\/diariolajornada.com\/?p=211739\"},\"author\":{\"name\":\"admin\",\"@id\":\"https:\/\/diariolajornada.com\/#\/schema\/person\/83fc9ad02376abb532ce4553a399186b\"},\"headline\":\"Pablo Alvarado: \u201cMinisterio P\u00fablico es la instituci\u00f3n con mayor \u00edndice de confianza y aceptaci\u00f3n del pa\u00eds\u201d\",\"datePublished\":\"2024-10-15T03:26:43+00:00\",\"dateModified\":\"2024-10-15T03:40:12+00:00\",\"mainEntityOfPage\":{\"@id\":\"https:\/\/diariolajornada.com\/?p=211739\"},\"wordCount\":326,\"commentCount\":0,\"publisher\":{\"@id\":\"https:\/\/diariolajornada.com\/#organization\"},\"image\":{\"@id\":\"https:\/\/diariolajornada.com\/?p=211739#primaryimage\"},\"thumbnailUrl\":\"https:\/\/diariolajornada.com\/wp-content\/uploads\/2024\/10\/Captura-de-pantalla-2024-10-14-224811.png\",\"articleSection\":[\"DESTACADA\",\"Nacionales\"],\"inLanguage\":\"es\",\"potentialAction\":[{\"@type\":\"CommentAction\",\"name\":\"Comment\",\"target\":[\"https:\/\/diariolajornada.com\/?p=211739#respond\"]}]},{\"@type\":\"WebPage\",\"@id\":\"https:\/\/diariolajornada.com\/?p=211739\",\"url\":\"https:\/\/diariolajornada.com\/?p=211739\",\"name\":\"Pablo Alvarado: \u201cMinisterio P\u00fablico es la instituci\u00f3n con mayor \u00edndice de confianza y aceptaci\u00f3n del pa\u00eds\u201d - Diario La Jornada\",\"isPartOf\":{\"@id\":\"https:\/\/diariolajornada.com\/#website\"},\"primaryImageOfPage\":{\"@id\":\"https:\/\/diariolajornada.com\/?p=211739#primaryimage\"},\"image\":{\"@id\":\"https:\/\/diariolajornada.com\/?p=211739#primaryimage\"},\"thumbnailUrl\":\"https:\/\/diariolajornada.com\/wp-content\/uploads\/2024\/10\/Captura-de-pantalla-2024-10-14-224811.png\",\"datePublished\":\"2024-10-15T03:26:43+00:00\",\"dateModified\":\"2024-10-15T03:40:12+00:00\",\"description\":\"El diputado a la AN y miembro de la direcci\u00f3n nacional de Patria Para Todos Pablo Alvarado indic\u00f3 que el Ministerio P\u00fablico\",\"breadcrumb\":{\"@id\":\"https:\/\/diariolajornada.com\/?p=211739#breadcrumb\"},\"inLanguage\":\"es\",\"potentialAction\":[{\"@type\":\"ReadAction\",\"target\":[\"https:\/\/diariolajornada.com\/?p=211739\"]}]},{\"@type\":\"ImageObject\",\"inLanguage\":\"es\",\"@id\":\"https:\/\/diariolajornada.com\/?p=211739#primaryimage\",\"url\":\"https:\/\/diariolajornada.com\/wp-content\/uploads\/2024\/10\/Captura-de-pantalla-2024-10-14-224811.png\",\"contentUrl\":\"https:\/\/diariolajornada.com\/wp-content\/uploads\/2024\/10\/Captura-de-pantalla-2024-10-14-224811.png\",\"width\":1252,\"height\":681},{\"@type\":\"BreadcrumbList\",\"@id\":\"https:\/\/diariolajornada.com\/?p=211739#breadcrumb\",\"itemListElement\":[{\"@type\":\"ListItem\",\"position\":1,\"name\":\"Portada\",\"item\":\"https:\/\/diariolajornada.com\/\"},{\"@type\":\"ListItem\",\"position\":2,\"name\":\"Pablo Alvarado: \u201cMinisterio P\u00fablico es la instituci\u00f3n con mayor \u00edndice de confianza y aceptaci\u00f3n del pa\u00eds\u201d\"}]},{\"@type\":\"WebSite\",\"@id\":\"https:\/\/diariolajornada.com\/#website\",\"url\":\"https:\/\/diariolajornada.com\/\",\"name\":\"Diario La Jornada\",\"description\":\"Noticias Nacionales Regionales e Internacionales\",\"publisher\":{\"@id\":\"https:\/\/diariolajornada.com\/#organization\"},\"potentialAction\":[{\"@type\":\"SearchAction\",\"target\":{\"@type\":\"EntryPoint\",\"urlTemplate\":\"https:\/\/diariolajornada.com\/?s={search_term_string}\"},\"query-input\":{\"@type\":\"PropertyValueSpecification\",\"valueRequired\":true,\"valueName\":\"search_term_string\"}}],\"inLanguage\":\"es\"},{\"@type\":\"Organization\",\"@id\":\"https:\/\/diariolajornada.com\/#organization\",\"name\":\"Diario La Jornada\",\"url\":\"https:\/\/diariolajornada.com\/\",\"logo\":{\"@type\":\"ImageObject\",\"inLanguage\":\"es\",\"@id\":\"https:\/\/diariolajornada.com\/#\/schema\/logo\/image\/\",\"url\":\"https:\/\/diariolajornada.com\/wp-content\/uploads\/2021\/06\/LOGO-JORNADA-SVG-01-02.svg\",\"contentUrl\":\"https:\/\/diariolajornada.com\/wp-content\/uploads\/2021\/06\/LOGO-JORNADA-SVG-01-02.svg\",\"width\":350,\"height\":100,\"caption\":\"Diario La Jornada\"},\"image\":{\"@id\":\"https:\/\/diariolajornada.com\/#\/schema\/logo\/image\/\"},\"sameAs\":[\"https:\/\/es-la.facebook.com\/lajornadadeguarico\/\",\"https:\/\/www.instagram.com\/diariojornada\/?hl=es\"]},{\"@type\":\"Person\",\"@id\":\"https:\/\/diariolajornada.com\/#\/schema\/person\/83fc9ad02376abb532ce4553a399186b\",\"name\":\"admin\",\"image\":{\"@type\":\"ImageObject\",\"inLanguage\":\"es\",\"@id\":\"https:\/\/diariolajornada.com\/#\/schema\/person\/image\/\",\"url\":\"https:\/\/secure.gravatar.com\/avatar\/fdcecb87f300ccb988450328a61211f10a01c8bfedfca54e932145534024045b?s=96&d=mm&r=g\",\"contentUrl\":\"https:\/\/secure.gravatar.com\/avatar\/fdcecb87f300ccb988450328a61211f10a01c8bfedfca54e932145534024045b?s=96&d=mm&r=g\",\"caption\":\"admin\"},\"sameAs\":[\"https:\/\/diariolajornada.com\"],\"url\":\"https:\/\/diariolajornada.com\/?author=1\"}]}<\/script>\n<!-- \/ Yoast SEO plugin. -->","yoast_head_json":{"title":"Pablo Alvarado: \u201cMinisterio P\u00fablico es la instituci\u00f3n con mayor \u00edndice de confianza y aceptaci\u00f3n del pa\u00eds\u201d - Diario La Jornada","description":"El diputado a la AN y miembro de la direcci\u00f3n nacional de Patria Para Todos Pablo Alvarado indic\u00f3 que el Ministerio P\u00fablico","robots":{"index":"index","follow":"follow","max-snippet":"max-snippet:-1","max-image-preview":"max-image-preview:large","max-video-preview":"max-video-preview:-1"},"canonical":"https:\/\/diariolajornada.com\/?p=211739","og_locale":"es_ES","og_type":"article","og_title":"Pablo Alvarado: \u201cMinisterio P\u00fablico es la instituci\u00f3n con mayor \u00edndice de confianza y aceptaci\u00f3n del pa\u00eds\u201d - Diario La Jornada","og_description":"El diputado a la AN y miembro de la direcci\u00f3n nacional de Patria Para Todos Pablo Alvarado indic\u00f3 que el Ministerio P\u00fablico","og_url":"https:\/\/diariolajornada.com\/?p=211739","og_site_name":"Diario La Jornada","article_publisher":"https:\/\/es-la.facebook.com\/lajornadadeguarico\/","article_published_time":"2024-10-15T03:26:43+00:00","article_modified_time":"2024-10-15T03:40:12+00:00","og_image":[{"width":1252,"height":681,"url":"https:\/\/diariolajornada.com\/wp-content\/uploads\/2024\/10\/Captura-de-pantalla-2024-10-14-224811.png","type":"image\/png"}],"author":"admin","twitter_card":"summary_large_image","twitter_misc":{"Escrito por":"admin","Tiempo de lectura":"2 minutos"},"schema":{"@context":"https:\/\/schema.org","@graph":[{"@type":"Article","@id":"https:\/\/diariolajornada.com\/?p=211739#article","isPartOf":{"@id":"https:\/\/diariolajornada.com\/?p=211739"},"author":{"name":"admin","@id":"https:\/\/diariolajornada.com\/#\/schema\/person\/83fc9ad02376abb532ce4553a399186b"},"headline":"Pablo Alvarado: \u201cMinisterio P\u00fablico es la instituci\u00f3n con mayor \u00edndice de confianza y aceptaci\u00f3n del pa\u00eds\u201d","datePublished":"2024-10-15T03:26:43+00:00","dateModified":"2024-10-15T03:40:12+00:00","mainEntityOfPage":{"@id":"https:\/\/diariolajornada.com\/?p=211739"},"wordCount":326,"commentCount":0,"publisher":{"@id":"https:\/\/diariolajornada.com\/#organization"},"image":{"@id":"https:\/\/diariolajornada.com\/?p=211739#primaryimage"},"thumbnailUrl":"https:\/\/diariolajornada.com\/wp-content\/uploads\/2024\/10\/Captura-de-pantalla-2024-10-14-224811.png","articleSection":["DESTACADA","Nacionales"],"inLanguage":"es","potentialAction":[{"@type":"CommentAction","name":"Comment","target":["https:\/\/diariolajornada.com\/?p=211739#respond"]}]},{"@type":"WebPage","@id":"https:\/\/diariolajornada.com\/?p=211739","url":"https:\/\/diariolajornada.com\/?p=211739","name":"Pablo Alvarado: \u201cMinisterio P\u00fablico es la instituci\u00f3n con mayor \u00edndice de confianza y aceptaci\u00f3n del pa\u00eds\u201d - Diario La Jornada","isPartOf":{"@id":"https:\/\/diariolajornada.com\/#website"},"primaryImageOfPage":{"@id":"https:\/\/diariolajornada.com\/?p=211739#primaryimage"},"image":{"@id":"https:\/\/diariolajornada.com\/?p=211739#primaryimage"},"thumbnailUrl":"https:\/\/diariolajornada.com\/wp-content\/uploads\/2024\/10\/Captura-de-pantalla-2024-10-14-224811.png","datePublished":"2024-10-15T03:26:43+00:00","dateModified":"2024-10-15T03:40:12+00:00","description":"El diputado a la AN y miembro de la direcci\u00f3n nacional de Patria Para Todos Pablo Alvarado indic\u00f3 que el Ministerio P\u00fablico","breadcrumb":{"@id":"https:\/\/diariolajornada.com\/?p=211739#breadcrumb"},"inLanguage":"es","potentialAction":[{"@type":"ReadAction","target":["https:\/\/diariolajornada.com\/?p=211739"]}]},{"@type":"ImageObject","inLanguage":"es","@id":"https:\/\/diariolajornada.com\/?p=211739#primaryimage","url":"https:\/\/diariolajornada.com\/wp-content\/uploads\/2024\/10\/Captura-de-pantalla-2024-10-14-224811.png","contentUrl":"https:\/\/diariolajornada.com\/wp-content\/uploads\/2024\/10\/Captura-de-pantalla-2024-10-14-224811.png","width":1252,"height":681},{"@type":"BreadcrumbList","@id":"https:\/\/diariolajornada.com\/?p=211739#breadcrumb","itemListElement":[{"@type":"ListItem","position":1,"name":"Portada","item":"https:\/\/diariolajornada.com\/"},{"@type":"ListItem","position":2,"name":"Pablo Alvarado: \u201cMinisterio P\u00fablico es la instituci\u00f3n con mayor \u00edndice de confianza y aceptaci\u00f3n del pa\u00eds\u201d"}]},{"@type":"WebSite","@id":"https:\/\/diariolajornada.com\/#website","url":"https:\/\/diariolajornada.com\/","name":"Diario La Jornada","description":"Noticias Nacionales Regionales e Internacionales","publisher":{"@id":"https:\/\/diariolajornada.com\/#organization"},"potentialAction":[{"@type":"SearchAction","target":{"@type":"EntryPoint","urlTemplate":"https:\/\/diariolajornada.com\/?s={search_term_string}"},"query-input":{"@type":"PropertyValueSpecification","valueRequired":true,"valueName":"search_term_string"}}],"inLanguage":"es"},{"@type":"Organization","@id":"https:\/\/diariolajornada.com\/#organization","name":"Diario La Jornada","url":"https:\/\/diariolajornada.com\/","logo":{"@type":"ImageObject","inLanguage":"es","@id":"https:\/\/diariolajornada.com\/#\/schema\/logo\/image\/","url":"https:\/\/diariolajornada.com\/wp-content\/uploads\/2021\/06\/LOGO-JORNADA-SVG-01-02.svg","contentUrl":"https:\/\/diariolajornada.com\/wp-content\/uploads\/2021\/06\/LOGO-JORNADA-SVG-01-02.svg","width":350,"height":100,"caption":"Diario La Jornada"},"image":{"@id":"https:\/\/diariolajornada.com\/#\/schema\/logo\/image\/"},"sameAs":["https:\/\/es-la.facebook.com\/lajornadadeguarico\/","https:\/\/www.instagram.com\/diariojornada\/?hl=es"]},{"@type":"Person","@id":"https:\/\/diariolajornada.com\/#\/schema\/person\/83fc9ad02376abb532ce4553a399186b","name":"admin","image":{"@type":"ImageObject","inLanguage":"es","@id":"https:\/\/diariolajornada.com\/#\/schema\/person\/image\/","url":"https:\/\/secure.gravatar.com\/avatar\/fdcecb87f300ccb988450328a61211f10a01c8bfedfca54e932145534024045b?s=96&d=mm&r=g","contentUrl":"https:\/\/secure.gravatar.com\/avatar\/fdcecb87f300ccb988450328a61211f10a01c8bfedfca54e932145534024045b?s=96&d=mm&r=g","caption":"admin"},"sameAs":["https:\/\/diariolajornada.com"],"url":"https:\/\/diariolajornada.com\/?author=1"}]}},"_links":{"self":[{"href":"https:\/\/diariolajornada.com\/index.php?rest_route=\/wp\/v2\/posts\/211739","targetHints":{"allow":["GET"]}}],"collection":[{"href":"https:\/\/diariolajornada.com\/index.php?rest_route=\/wp\/v2\/posts"}],"about":[{"href":"https:\/\/diariolajornada.com\/index.php?rest_route=\/wp\/v2\/types\/post"}],"author":[{"embeddable":true,"href":"https:\/\/diariolajornada.com\/index.php?rest_route=\/wp\/v2\/users\/1"}],"replies":[{"embeddable":true,"href":"https:\/\/diariolajornada.com\/index.php?rest_route=%2Fwp%2Fv2%2Fcomments&post=211739"}],"version-history":[{"count":5,"href":"https:\/\/diariolajornada.com\/index.php?rest_route=\/wp\/v2\/posts\/211739\/revisions"}],"predecessor-version":[{"id":211747,"href":"https:\/\/diariolajornada.com\/index.php?rest_route=\/wp\/v2\/posts\/211739\/revisions\/211747"}],"wp:featuredmedia":[{"embeddable":true,"href":"https:\/\/diariolajornada.com\/index.php?rest_route=\/wp\/v2\/media\/211740"}],"wp:attachment":[{"href":"https:\/\/diariolajornada.com\/index.php?rest_route=%2Fwp%2Fv2%2Fmedia&parent=211739"}],"wp:term":[{"taxonomy":"category","embeddable":true,"href":"https:\/\/diariolajornada.com\/index.php?rest_route=%2Fwp%2Fv2%2Fcategories&post=211739"},{"taxonomy":"post_tag","embeddable":true,"href":"https:\/\/diariolajornada.com\/index.php?rest_route=%2Fwp%2Fv2%2Ftags&post=211739"}],"curies":[{"name":"wp","href":"https:\/\/api.w.org\/{rel}","templated":true}]}}