{"id":213273,"date":"2025-02-01T16:21:49","date_gmt":"2025-02-01T20:21:49","guid":{"rendered":"https:\/\/diariolajornada.com\/?p=213273"},"modified":"2025-02-01T16:21:49","modified_gmt":"2025-02-01T20:21:49","slug":"la-insulina-inhalada-demuestra-ser-segura-y-efectiva-para-la-diabetes-en-ninos-segun-estudio","status":"publish","type":"post","link":"https:\/\/diariolajornada.com\/?p=213273","title":{"rendered":"La insulina inhalada demuestra ser segura y efectiva para la diabetes en ni\u00f1os, seg\u00fan estudio"},"content":{"rendered":"<p class=\"mb-0 text-primary\">Un estudio de fase 3 muestra que la insulina inhalada (Afrezza) es tan efectiva como las inyecciones diarias para controlar la glucosa en ni\u00f1os y adolescentes con diabetes<\/p>\n<div class=\"post__meta\">El estudio INHALE-1 aleatoriz\u00f3 a 230 pacientes con diabetes tipo 1 o tipo 2 a recibir insulina inhalada antes de las comidas o inyecciones diarias de insulina r\u00e1pida, ambas en combinaci\u00f3n con insulina basal. Foto: NY Times<\/div>\n<div class=\"single__content\">\n<p>Mannkind Corporation ha presentado los resultados de su estudio de fase 3\u00a0<strong><a title=\"INHALE-1\" href=\"https:\/\/medicinaysaludpublica.com\/tags\/inhale-1\/55137\">INHALE-1<\/a><\/strong>, en el que evalu\u00f3 la\u00a0<strong><a title=\"insulina\" href=\"https:\/\/medicinaysaludpublica.com\/tags\/insulina\/12644\">insulina<\/a><\/strong>\u00a0humana\u00a0<strong><a title=\"inhalada\" href=\"https:\/\/medicinaysaludpublica.com\/tags\/inhalada\/55138\">inhalada<\/a><\/strong>\u00a0(Afrezza) en\u00a0<strong><a title=\"ni\u00f1os\" href=\"https:\/\/medicinaysaludpublica.com\/tags\/ninos\/12063\">ni\u00f1os<\/a><\/strong>\u00a0y adolescentes de\u00a0<strong>4 a 17 a\u00f1os con\u00a0<a title=\"diabetes\" href=\"https:\/\/medicinaysaludpublica.com\/tags\/diabetes\/12104\">diabetes<\/a>\u00a0tipo 1 y 2.<\/strong><\/p>\n<p>El ensayo cl\u00ednico, realizado durante 26 semanas, compara la\u00a0<strong>insulina<\/strong>\u00a0<strong>inhalada<\/strong>\u00a0antes de las comidas con las tradicionales\u00a0<strong><a title=\"inyecciones\" href=\"https:\/\/medicinaysaludpublica.com\/tags\/inyecciones\/23278\">inyecciones<\/a><\/strong>\u00a0diarias m\u00faltiples de\u00a0<strong>insulina<\/strong>\u00a0r\u00e1pida.<\/p>\n<div class=\"box\">\n<div class=\"post post--row post--small post--small-left px-0\">\n<div class=\"post__description\">\n<div class=\"post__meta\">Seg\u00fan los resultados, la <strong>insulina<\/strong>\u00a0<strong>inhalada<\/strong>\u00a0mostr\u00f3 una eficacia comparable a las\u00a0<strong>inyecciones<\/strong>\u00a0diarias en t\u00e9rminos de control gluc\u00e9mico, con una diferencia media de hemoglobina glucosilada (<strong><a title=\"HbA1c\" href=\"https:\/\/medicinaysaludpublica.com\/tags\/hba1c\/25562\">HbA1c<\/a><\/strong>) de 0,37%.<\/div>\n<\/div>\n<\/div>\n<\/div>\n<p>Este hallazgo sugiere que Afrezza podr\u00eda ser una opci\u00f3n viable para mejorar el tratamiento de la\u00a0<strong>diabetes<\/strong>\u00a0en la poblaci\u00f3n pedi\u00e1trica, que hasta ahora solo ha tenido la opci\u00f3n de\u00a0<strong>insulina<\/strong>\u00a0inyectable.<\/p>\n<h3 dir=\"ltr\"><strong><span style=\"color: #1f497d\">An\u00e1lisis del estudio\u00a0INHALE-1<\/span><\/strong><\/h3>\n<p>El estudio\u00a0<strong>INHALE-1<\/strong>\u00a0aleatoriz\u00f3 a<strong>\u00a0230 pacientes con diabetes tipo 1 o tipo 2<\/strong>\u00a0a recibir\u00a0<strong>insulina<\/strong>\u00a0<strong>inhalada<\/strong>\u00a0antes de las comidas o\u00a0<strong>inyecciones<\/strong>\u00a0diarias de\u00a0<strong>insulina<\/strong>\u00a0r\u00e1pida, ambas en combinaci\u00f3n con\u00a0<strong>insulina<\/strong>\u00a0basal.<\/p>\n<p>El objetivo principal fue demostrar que la\u00a0<strong>insulina<\/strong>\u00a0<strong>inhalada<\/strong>\u00a0no era inferior a las\u00a0<strong>inyecciones<\/strong>\u00a0en cuanto a la reducci\u00f3n de los niveles de\u00a0<strong>HbA1c<\/strong>\u00a0<strong>despu\u00e9s de 26 semanas.<\/strong><\/p>\n<p>En el an\u00e1lisis por intenci\u00f3n de tratar, la diferencia media en los niveles de\u00a0<strong>HbA1c<\/strong>\u00a0entre los dos grupos fue de 0,435%, superando el umbral de no inferioridad del 0,4%.<\/p>\n<p>Sin embargo, este resultado estuvo influenciado por la variabilidad de un \u00fanico paciente que no cumpli\u00f3 con el protocolo del estudio. Al excluir a este paciente, la diferencia se redujo a 0,37%, lo que confirm\u00f3 que la\u00a0<strong>insulina<\/strong>\u00a0<strong>inhalada<\/strong>\u00a0es al menos igualmente efectiva que las\u00a0<strong>inyecciones<\/strong>.<\/p>\n<h3 dir=\"ltr\"><strong><span style=\"color: #1f497d\">Seguridad y tolerancia del tratamiento<\/span><\/strong><\/h3>\n<p>Uno de los aspectos clave del estudio fue la evaluaci\u00f3n de la\u00a0<strong>seguridad<\/strong>\u00a0de la\u00a0<strong>insulina<\/strong>\u00a0<strong>inhalada<\/strong>. No se observaron diferencias significativas en la funci\u00f3n pulmonar entre los grupos, y los par\u00e1metros de la funci\u00f3n respiratoria, como el volumen respiratorio forzado en 1 segundo (FEV1), se mantuvieron estables a lo largo del tratamiento.<\/p>\n<p>Adem\u00e1s, no se reportaron diferencias en los efectos adversos entre los dos\u00a0<strong>tratamientos<\/strong>, incluyendo la hipoglucemia, uno de los riesgos m\u00e1s comunes en el tratamiento de la\u00a0<strong>diabetes<\/strong>.<\/p>\n<p>Mannkind Corporation planea presentar estos resultados a la Administraci\u00f3n de Alimentos y Medicamentos de Estados Unidos (<strong>FDA<\/strong>) como parte de una solicitud para ampliar la indicaci\u00f3n de Afrezza a la poblaci\u00f3n pedi\u00e1trica.<\/p>\n<h3 dir=\"ltr\"><strong><span style=\"color: #1f497d\">Contraindicaciones y advertencias<\/span><\/strong><\/h3>\n<p>A pesar de los resultados positivos, la\u00a0<strong>insulina<\/strong>\u00a0<strong>inhalada<\/strong>\u00a0no est\u00e1 indicada para el tratamiento de la\u00a0<strong>cetoacidosis<\/strong>\u00a0diab\u00e9tica ni para pacientes que sean fumadores o hayan dejado de fumar recientemente. Es importante que los profesionales de la salud consideren estos factores antes de prescribir el tratamiento.<\/p>\n<\/div>\n<p><strong>con informacion del universa{<\/strong><\/p>\n","protected":false},"excerpt":{"rendered":"<p>Un estudio de fase 3 muestra que la insulina inhalada (Afrezza) es tan efectiva como las inyecciones diarias para controlar la glucosa en ni\u00f1os y adolescentes con diabetes El estudio INHALE-1 aleatoriz\u00f3 a 230 pacientes con diabetes tipo 1 o tipo 2 a recibir insulina inhalada antes de las comidas o inyecciones diarias de insulina [&hellip;]<\/p>\n","protected":false},"author":12,"featured_media":213274,"comment_status":"open","ping_status":"open","sticky":false,"template":"","format":"standard","meta":{"footnotes":""},"categories":[13],"tags":[],"class_list":["post-213273","post","type-post","status-publish","format-standard","has-post-thumbnail","hentry","category-salud-y-bienestar"],"yoast_head":"<!-- This site is optimized with the Yoast SEO plugin v24.4 - https:\/\/yoast.com\/wordpress\/plugins\/seo\/ -->\n<title>La insulina inhalada demuestra ser segura y efectiva para la diabetes en ni\u00f1os, seg\u00fan estudio - Diario La Jornada<\/title>\n<meta name=\"robots\" content=\"index, follow, max-snippet:-1, max-image-preview:large, max-video-preview:-1\" \/>\n<link rel=\"canonical\" href=\"https:\/\/diariolajornada.com\/?p=213273\" \/>\n<meta property=\"og:locale\" content=\"es_ES\" \/>\n<meta property=\"og:type\" content=\"article\" \/>\n<meta property=\"og:title\" content=\"La insulina inhalada demuestra ser segura y efectiva para la diabetes en ni\u00f1os, seg\u00fan estudio - Diario La Jornada\" \/>\n<meta property=\"og:description\" content=\"Un estudio de fase 3 muestra que la insulina inhalada (Afrezza) es tan efectiva como las inyecciones diarias para controlar la glucosa en ni\u00f1os y adolescentes con diabetes El estudio INHALE-1 aleatoriz\u00f3 a 230 pacientes con diabetes tipo 1 o tipo 2 a recibir insulina inhalada antes de las comidas o inyecciones diarias de insulina [&hellip;]\" \/>\n<meta property=\"og:url\" content=\"https:\/\/diariolajornada.com\/?p=213273\" \/>\n<meta property=\"og:site_name\" content=\"Diario La Jornada\" \/>\n<meta property=\"article:publisher\" content=\"https:\/\/es-la.facebook.com\/lajornadadeguarico\/\" \/>\n<meta property=\"article:published_time\" content=\"2025-02-01T20:21:49+00:00\" \/>\n<meta property=\"og:image\" content=\"https:\/\/diariolajornada.com\/wp-content\/uploads\/2025\/02\/pepe-8-4d1ecff9-focus-0-0-688-364.jpg\" \/>\n\t<meta property=\"og:image:width\" content=\"688\" \/>\n\t<meta property=\"og:image:height\" content=\"364\" \/>\n\t<meta property=\"og:image:type\" content=\"image\/jpeg\" \/>\n<meta name=\"author\" content=\"Mar\u00eda Jos\u00e9\" \/>\n<meta name=\"twitter:card\" content=\"summary_large_image\" \/>\n<meta name=\"twitter:label1\" content=\"Escrito por\" \/>\n\t<meta name=\"twitter:data1\" content=\"Mar\u00eda Jos\u00e9\" \/>\n\t<meta name=\"twitter:label2\" content=\"Tiempo de lectura\" \/>\n\t<meta name=\"twitter:data2\" content=\"3 minutos\" \/>\n<script type=\"application\/ld+json\" class=\"yoast-schema-graph\">{\"@context\":\"https:\/\/schema.org\",\"@graph\":[{\"@type\":\"Article\",\"@id\":\"https:\/\/diariolajornada.com\/?p=213273#article\",\"isPartOf\":{\"@id\":\"https:\/\/diariolajornada.com\/?p=213273\"},\"author\":{\"name\":\"Mar\u00eda Jos\u00e9\",\"@id\":\"https:\/\/diariolajornada.com\/#\/schema\/person\/90cc0e247997c087cf100c09529d4df3\"},\"headline\":\"La insulina inhalada demuestra ser segura y efectiva para la diabetes en ni\u00f1os, seg\u00fan estudio\",\"datePublished\":\"2025-02-01T20:21:49+00:00\",\"mainEntityOfPage\":{\"@id\":\"https:\/\/diariolajornada.com\/?p=213273\"},\"wordCount\":538,\"commentCount\":0,\"publisher\":{\"@id\":\"https:\/\/diariolajornada.com\/#organization\"},\"image\":{\"@id\":\"https:\/\/diariolajornada.com\/?p=213273#primaryimage\"},\"thumbnailUrl\":\"https:\/\/diariolajornada.com\/wp-content\/uploads\/2025\/02\/pepe-8-4d1ecff9-focus-0-0-688-364.jpg\",\"articleSection\":[\"Salud y Bienestar\"],\"inLanguage\":\"es\",\"potentialAction\":[{\"@type\":\"CommentAction\",\"name\":\"Comment\",\"target\":[\"https:\/\/diariolajornada.com\/?p=213273#respond\"]}]},{\"@type\":\"WebPage\",\"@id\":\"https:\/\/diariolajornada.com\/?p=213273\",\"url\":\"https:\/\/diariolajornada.com\/?p=213273\",\"name\":\"La insulina inhalada demuestra ser segura y efectiva para la diabetes en ni\u00f1os, seg\u00fan estudio - Diario La Jornada\",\"isPartOf\":{\"@id\":\"https:\/\/diariolajornada.com\/#website\"},\"primaryImageOfPage\":{\"@id\":\"https:\/\/diariolajornada.com\/?p=213273#primaryimage\"},\"image\":{\"@id\":\"https:\/\/diariolajornada.com\/?p=213273#primaryimage\"},\"thumbnailUrl\":\"https:\/\/diariolajornada.com\/wp-content\/uploads\/2025\/02\/pepe-8-4d1ecff9-focus-0-0-688-364.jpg\",\"datePublished\":\"2025-02-01T20:21:49+00:00\",\"breadcrumb\":{\"@id\":\"https:\/\/diariolajornada.com\/?p=213273#breadcrumb\"},\"inLanguage\":\"es\",\"potentialAction\":[{\"@type\":\"ReadAction\",\"target\":[\"https:\/\/diariolajornada.com\/?p=213273\"]}]},{\"@type\":\"ImageObject\",\"inLanguage\":\"es\",\"@id\":\"https:\/\/diariolajornada.com\/?p=213273#primaryimage\",\"url\":\"https:\/\/diariolajornada.com\/wp-content\/uploads\/2025\/02\/pepe-8-4d1ecff9-focus-0-0-688-364.jpg\",\"contentUrl\":\"https:\/\/diariolajornada.com\/wp-content\/uploads\/2025\/02\/pepe-8-4d1ecff9-focus-0-0-688-364.jpg\",\"width\":688,\"height\":364},{\"@type\":\"BreadcrumbList\",\"@id\":\"https:\/\/diariolajornada.com\/?p=213273#breadcrumb\",\"itemListElement\":[{\"@type\":\"ListItem\",\"position\":1,\"name\":\"Portada\",\"item\":\"https:\/\/diariolajornada.com\/\"},{\"@type\":\"ListItem\",\"position\":2,\"name\":\"La insulina inhalada demuestra ser segura y efectiva para la diabetes en ni\u00f1os, seg\u00fan estudio\"}]},{\"@type\":\"WebSite\",\"@id\":\"https:\/\/diariolajornada.com\/#website\",\"url\":\"https:\/\/diariolajornada.com\/\",\"name\":\"Diario La Jornada\",\"description\":\"Noticias Nacionales Regionales e Internacionales\",\"publisher\":{\"@id\":\"https:\/\/diariolajornada.com\/#organization\"},\"potentialAction\":[{\"@type\":\"SearchAction\",\"target\":{\"@type\":\"EntryPoint\",\"urlTemplate\":\"https:\/\/diariolajornada.com\/?s={search_term_string}\"},\"query-input\":{\"@type\":\"PropertyValueSpecification\",\"valueRequired\":true,\"valueName\":\"search_term_string\"}}],\"inLanguage\":\"es\"},{\"@type\":\"Organization\",\"@id\":\"https:\/\/diariolajornada.com\/#organization\",\"name\":\"Diario La Jornada\",\"url\":\"https:\/\/diariolajornada.com\/\",\"logo\":{\"@type\":\"ImageObject\",\"inLanguage\":\"es\",\"@id\":\"https:\/\/diariolajornada.com\/#\/schema\/logo\/image\/\",\"url\":\"https:\/\/diariolajornada.com\/wp-content\/uploads\/2021\/06\/LOGO-JORNADA-SVG-01-02.svg\",\"contentUrl\":\"https:\/\/diariolajornada.com\/wp-content\/uploads\/2021\/06\/LOGO-JORNADA-SVG-01-02.svg\",\"width\":350,\"height\":100,\"caption\":\"Diario La Jornada\"},\"image\":{\"@id\":\"https:\/\/diariolajornada.com\/#\/schema\/logo\/image\/\"},\"sameAs\":[\"https:\/\/es-la.facebook.com\/lajornadadeguarico\/\",\"https:\/\/www.instagram.com\/diariojornada\/?hl=es\"]},{\"@type\":\"Person\",\"@id\":\"https:\/\/diariolajornada.com\/#\/schema\/person\/90cc0e247997c087cf100c09529d4df3\",\"name\":\"Mar\u00eda Jos\u00e9\",\"image\":{\"@type\":\"ImageObject\",\"inLanguage\":\"es\",\"@id\":\"https:\/\/diariolajornada.com\/#\/schema\/person\/image\/\",\"url\":\"https:\/\/secure.gravatar.com\/avatar\/0545fc2db60a143160c9808fae73f3d4cfc003e1d4262cc3c489690180d7c291?s=96&d=mm&r=g\",\"contentUrl\":\"https:\/\/secure.gravatar.com\/avatar\/0545fc2db60a143160c9808fae73f3d4cfc003e1d4262cc3c489690180d7c291?s=96&d=mm&r=g\",\"caption\":\"Mar\u00eda Jos\u00e9\"},\"url\":\"https:\/\/diariolajornada.com\/?author=12\"}]}<\/script>\n<!-- \/ Yoast SEO plugin. -->","yoast_head_json":{"title":"La insulina inhalada demuestra ser segura y efectiva para la diabetes en ni\u00f1os, seg\u00fan estudio - Diario La Jornada","robots":{"index":"index","follow":"follow","max-snippet":"max-snippet:-1","max-image-preview":"max-image-preview:large","max-video-preview":"max-video-preview:-1"},"canonical":"https:\/\/diariolajornada.com\/?p=213273","og_locale":"es_ES","og_type":"article","og_title":"La insulina inhalada demuestra ser segura y efectiva para la diabetes en ni\u00f1os, seg\u00fan estudio - Diario La Jornada","og_description":"Un estudio de fase 3 muestra que la insulina inhalada (Afrezza) es tan efectiva como las inyecciones diarias para controlar la glucosa en ni\u00f1os y adolescentes con diabetes El estudio INHALE-1 aleatoriz\u00f3 a 230 pacientes con diabetes tipo 1 o tipo 2 a recibir insulina inhalada antes de las comidas o inyecciones diarias de insulina [&hellip;]","og_url":"https:\/\/diariolajornada.com\/?p=213273","og_site_name":"Diario La Jornada","article_publisher":"https:\/\/es-la.facebook.com\/lajornadadeguarico\/","article_published_time":"2025-02-01T20:21:49+00:00","og_image":[{"width":688,"height":364,"url":"https:\/\/diariolajornada.com\/wp-content\/uploads\/2025\/02\/pepe-8-4d1ecff9-focus-0-0-688-364.jpg","type":"image\/jpeg"}],"author":"Mar\u00eda Jos\u00e9","twitter_card":"summary_large_image","twitter_misc":{"Escrito por":"Mar\u00eda Jos\u00e9","Tiempo de lectura":"3 minutos"},"schema":{"@context":"https:\/\/schema.org","@graph":[{"@type":"Article","@id":"https:\/\/diariolajornada.com\/?p=213273#article","isPartOf":{"@id":"https:\/\/diariolajornada.com\/?p=213273"},"author":{"name":"Mar\u00eda Jos\u00e9","@id":"https:\/\/diariolajornada.com\/#\/schema\/person\/90cc0e247997c087cf100c09529d4df3"},"headline":"La insulina inhalada demuestra ser segura y efectiva para la diabetes en ni\u00f1os, seg\u00fan estudio","datePublished":"2025-02-01T20:21:49+00:00","mainEntityOfPage":{"@id":"https:\/\/diariolajornada.com\/?p=213273"},"wordCount":538,"commentCount":0,"publisher":{"@id":"https:\/\/diariolajornada.com\/#organization"},"image":{"@id":"https:\/\/diariolajornada.com\/?p=213273#primaryimage"},"thumbnailUrl":"https:\/\/diariolajornada.com\/wp-content\/uploads\/2025\/02\/pepe-8-4d1ecff9-focus-0-0-688-364.jpg","articleSection":["Salud y Bienestar"],"inLanguage":"es","potentialAction":[{"@type":"CommentAction","name":"Comment","target":["https:\/\/diariolajornada.com\/?p=213273#respond"]}]},{"@type":"WebPage","@id":"https:\/\/diariolajornada.com\/?p=213273","url":"https:\/\/diariolajornada.com\/?p=213273","name":"La insulina inhalada demuestra ser segura y efectiva para la diabetes en ni\u00f1os, seg\u00fan estudio - Diario La Jornada","isPartOf":{"@id":"https:\/\/diariolajornada.com\/#website"},"primaryImageOfPage":{"@id":"https:\/\/diariolajornada.com\/?p=213273#primaryimage"},"image":{"@id":"https:\/\/diariolajornada.com\/?p=213273#primaryimage"},"thumbnailUrl":"https:\/\/diariolajornada.com\/wp-content\/uploads\/2025\/02\/pepe-8-4d1ecff9-focus-0-0-688-364.jpg","datePublished":"2025-02-01T20:21:49+00:00","breadcrumb":{"@id":"https:\/\/diariolajornada.com\/?p=213273#breadcrumb"},"inLanguage":"es","potentialAction":[{"@type":"ReadAction","target":["https:\/\/diariolajornada.com\/?p=213273"]}]},{"@type":"ImageObject","inLanguage":"es","@id":"https:\/\/diariolajornada.com\/?p=213273#primaryimage","url":"https:\/\/diariolajornada.com\/wp-content\/uploads\/2025\/02\/pepe-8-4d1ecff9-focus-0-0-688-364.jpg","contentUrl":"https:\/\/diariolajornada.com\/wp-content\/uploads\/2025\/02\/pepe-8-4d1ecff9-focus-0-0-688-364.jpg","width":688,"height":364},{"@type":"BreadcrumbList","@id":"https:\/\/diariolajornada.com\/?p=213273#breadcrumb","itemListElement":[{"@type":"ListItem","position":1,"name":"Portada","item":"https:\/\/diariolajornada.com\/"},{"@type":"ListItem","position":2,"name":"La insulina inhalada demuestra ser segura y efectiva para la diabetes en ni\u00f1os, seg\u00fan estudio"}]},{"@type":"WebSite","@id":"https:\/\/diariolajornada.com\/#website","url":"https:\/\/diariolajornada.com\/","name":"Diario La Jornada","description":"Noticias Nacionales Regionales e Internacionales","publisher":{"@id":"https:\/\/diariolajornada.com\/#organization"},"potentialAction":[{"@type":"SearchAction","target":{"@type":"EntryPoint","urlTemplate":"https:\/\/diariolajornada.com\/?s={search_term_string}"},"query-input":{"@type":"PropertyValueSpecification","valueRequired":true,"valueName":"search_term_string"}}],"inLanguage":"es"},{"@type":"Organization","@id":"https:\/\/diariolajornada.com\/#organization","name":"Diario La Jornada","url":"https:\/\/diariolajornada.com\/","logo":{"@type":"ImageObject","inLanguage":"es","@id":"https:\/\/diariolajornada.com\/#\/schema\/logo\/image\/","url":"https:\/\/diariolajornada.com\/wp-content\/uploads\/2021\/06\/LOGO-JORNADA-SVG-01-02.svg","contentUrl":"https:\/\/diariolajornada.com\/wp-content\/uploads\/2021\/06\/LOGO-JORNADA-SVG-01-02.svg","width":350,"height":100,"caption":"Diario La Jornada"},"image":{"@id":"https:\/\/diariolajornada.com\/#\/schema\/logo\/image\/"},"sameAs":["https:\/\/es-la.facebook.com\/lajornadadeguarico\/","https:\/\/www.instagram.com\/diariojornada\/?hl=es"]},{"@type":"Person","@id":"https:\/\/diariolajornada.com\/#\/schema\/person\/90cc0e247997c087cf100c09529d4df3","name":"Mar\u00eda Jos\u00e9","image":{"@type":"ImageObject","inLanguage":"es","@id":"https:\/\/diariolajornada.com\/#\/schema\/person\/image\/","url":"https:\/\/secure.gravatar.com\/avatar\/0545fc2db60a143160c9808fae73f3d4cfc003e1d4262cc3c489690180d7c291?s=96&d=mm&r=g","contentUrl":"https:\/\/secure.gravatar.com\/avatar\/0545fc2db60a143160c9808fae73f3d4cfc003e1d4262cc3c489690180d7c291?s=96&d=mm&r=g","caption":"Mar\u00eda Jos\u00e9"},"url":"https:\/\/diariolajornada.com\/?author=12"}]}},"_links":{"self":[{"href":"https:\/\/diariolajornada.com\/index.php?rest_route=\/wp\/v2\/posts\/213273","targetHints":{"allow":["GET"]}}],"collection":[{"href":"https:\/\/diariolajornada.com\/index.php?rest_route=\/wp\/v2\/posts"}],"about":[{"href":"https:\/\/diariolajornada.com\/index.php?rest_route=\/wp\/v2\/types\/post"}],"author":[{"embeddable":true,"href":"https:\/\/diariolajornada.com\/index.php?rest_route=\/wp\/v2\/users\/12"}],"replies":[{"embeddable":true,"href":"https:\/\/diariolajornada.com\/index.php?rest_route=%2Fwp%2Fv2%2Fcomments&post=213273"}],"version-history":[{"count":1,"href":"https:\/\/diariolajornada.com\/index.php?rest_route=\/wp\/v2\/posts\/213273\/revisions"}],"predecessor-version":[{"id":213275,"href":"https:\/\/diariolajornada.com\/index.php?rest_route=\/wp\/v2\/posts\/213273\/revisions\/213275"}],"wp:featuredmedia":[{"embeddable":true,"href":"https:\/\/diariolajornada.com\/index.php?rest_route=\/wp\/v2\/media\/213274"}],"wp:attachment":[{"href":"https:\/\/diariolajornada.com\/index.php?rest_route=%2Fwp%2Fv2%2Fmedia&parent=213273"}],"wp:term":[{"taxonomy":"category","embeddable":true,"href":"https:\/\/diariolajornada.com\/index.php?rest_route=%2Fwp%2Fv2%2Fcategories&post=213273"},{"taxonomy":"post_tag","embeddable":true,"href":"https:\/\/diariolajornada.com\/index.php?rest_route=%2Fwp%2Fv2%2Ftags&post=213273"}],"curies":[{"name":"wp","href":"https:\/\/api.w.org\/{rel}","templated":true}]}}