{"id":213276,"date":"2025-02-01T16:33:25","date_gmt":"2025-02-01T20:33:25","guid":{"rendered":"https:\/\/diariolajornada.com\/?p=213276"},"modified":"2025-02-01T16:33:25","modified_gmt":"2025-02-01T20:33:25","slug":"como-se-trata-la-gripe-aviar-h5n1-todo-sobre-el-tratamiento-y-la-seguridad-del-consumo-de-pollo-y-huevo","status":"publish","type":"post","link":"https:\/\/diariolajornada.com\/?p=213276","title":{"rendered":"\u00bfC\u00f3mo se trata la gripe aviar H5N1? Todo sobre el tratamiento y la seguridad del consumo de pollo y huevo"},"content":{"rendered":"<p class=\"mb-0 text-primary\">Aunque no existe un tratamiento dise\u00f1ado exclusivamente para este subtipo de influenza, la vigilancia y la r\u00e1pida intervenci\u00f3n m\u00e9dica resultan esenciales para minimizar complicaciones y reducir la mortalidad.<\/p>\n<div class=\"d-xl-flex align-items-end justify-content-between mb-3\">\n<div class=\"left mb-2 mb-xl-0\">Los expertos consideran que el riesgo de infecci\u00f3n en humanos sigue siendo bajo. Foto: Shutterstock.<\/div>\n<\/div>\n<div class=\"single__content\">\n<p>La reciente muerte de un ciudadano en Louisiana, Estados Unidos, por el virus de la influenza H5N1, conocido como\u00a0<strong><a title=\"gripe\" href=\"https:\/\/medicinaysaludpublica.com\/tags\/gripe\/20837\">gripe<\/a><\/strong>\u00a0aviar, ha reavivado el debate sobre su impacto y las posibles amenazas para la salud p\u00fablica.<\/p>\n<p>A lo largo de las \u00faltimas d\u00e9cadas, este virus ha generado preocupaci\u00f3n tanto por su afectaci\u00f3n a la industria av\u00edcola como por su capacidad de propagarse a mam\u00edferos, incluidos los seres humanos.<\/p>\n<p>Aunque el riesgo de contagio para la poblaci\u00f3n general sigue siendo bajo, los expertos insisten en la importancia de la vigilancia epidemiol\u00f3gica y las medidas de bioseguridad.<\/p>\n<h1>Un virus conocido, pero en constante evoluci\u00f3n<\/h1>\n<p>El virus H5N1 pertenece a la familia de los virus de la influenza aviar altamente pat\u00f3gena, identificada desde mediados del siglo XX.<\/p>\n<p>Su presencia es end\u00e9mica en aves acu\u00e1ticas, donde suele circular sin causar enfermedad grave. Sin embargo, en aves de corral y otras especies, ha demostrado ser letal y ha causado\u00a0<strong><a title=\"brotes\" href=\"https:\/\/medicinaysaludpublica.com\/tags\/brotes\/40296\">brotes<\/a><\/strong>\u00a0epid\u00e9micos con consecuencias significativas para la industria ganadera.<\/p>\n<p>La principal preocupaci\u00f3n de la comunidad cient\u00edfica es la capacidad de mutaci\u00f3n de este virus, lo que podr\u00eda aumentar su transmisibilidad entre humanos.<\/p>\n<p>La\u00a0<strong>gripe<\/strong>\u00a0aviar ya ha demostrado su capacidad de infectar a mam\u00edferos como zorros, nutrias, leones marinos e incluso visones, lo que sugiere que su adaptabilidad est\u00e1 en crecimiento.<\/p>\n<p>Un estudio reciente en Science Translational Medicine sugiere que la vacunaci\u00f3n masiva en aves de corral podr\u00eda estar impulsando la evoluci\u00f3n del linaje H5, lo que requiere un monitoreo constante.<\/p>\n<h1>\u00bfLa\u00a0<strong>gripe<\/strong>\u00a0aviar se trata como una\u00a0<strong>gripe<\/strong>\u00a0normal o existen tratamientos?<\/h1>\n<p>Los expertos consideran que el riesgo de infecci\u00f3n en humanos sigue siendo bajo. En Europa y Espa\u00f1a, no se han registrado casos confirmados de contagio directo de aves a personas. Aunque se han detectado rastros del virus en trabajadores de explotaciones agr\u00edcolas, no se han reportado infecciones activas.<\/p>\n<p>Adolfo Garc\u00eda-Sastre, director del Instituto de Salud Global y Pat\u00f3genos Emergentes del Hospital Monte Sina\u00ed de Nueva York, explica que los humanos podr\u00edan tener cierta inmunidad contra el H5N1.<\/p>\n<p>Sin embargo, los casos graves de infecci\u00f3n por el virus H5N1, conocido como\u00a0<strong>gripe<\/strong>\u00a0aviar, han ocurrido principalmente cuando la enfermedad no se ha detectado o tratado a tiempo.<\/p>\n<p>Aunque no existe un tratamiento dise\u00f1ado exclusivamente para este subtipo de influenza, la vigilancia y la r\u00e1pida intervenci\u00f3n m\u00e9dica resultan esenciales para minimizar complicaciones y reducir la mortalidad.<\/p>\n<p>A diferencia de la\u00a0<strong>gripe<\/strong>\u00a0estacional, el H5N1 presenta un comportamiento m\u00e1s agresivo y puede provocar s\u00edntomas severos.<\/p>\n<h2>Antivirales efectivos<\/h2>\n<p>En los casos confirmados, los m\u00e9dicos recurren a antivirales como el oseltamivir (Tamiflu) y el zanamivir, que han demostrado ser efectivos si se administran en las primeras etapas de la infecci\u00f3n. Estos medicamentos ayudan a reducir la replicaci\u00f3n del virus, disminuyendo la gravedad de los s\u00edntomas y acortando la duraci\u00f3n de la enfermedad.<\/p>\n<p>Cuando la enfermedad se agrava, el tratamiento se enfoca en el manejo de s\u00edntomas y soporte vital. Esto incluye la administraci\u00f3n de hidrataci\u00f3n intravenosa con suero, el control de la fiebre mediante antipir\u00e9ticos y, en los casos m\u00e1s severos, asistencia respiratoria en unidades de cuidados intensivos.<\/p>\n<p>Un ejemplo documentado es el caso de una adolescente canadiense de 13 a\u00f1os que contrajo el H5N1 a finales de 2024 y requiri\u00f3 intervenci\u00f3n m\u00e9dica intensiva, seg\u00fan un informe publicado en el New England Journal of Medicine (NEJM).<\/p>\n<h2>Vacunaci\u00f3n contra el H5N1<\/h2>\n<p>En cuanto a la prevenci\u00f3n, actualmente existen tres vacunas desarrolladas espec\u00edficamente contra variantes del linaje H5 de la\u00a0<strong>gripe<\/strong>\u00a0aviar.<\/p>\n<p>En Europa y Estados Unidos, se han almacenado grandes cantidades de viales de la vacuna Seqirus, formulada originalmente contra el H5N8, pero que podr\u00eda ofrecer protecci\u00f3n cruzada contra otras cepas en caso de una pandemia de\u00a0<strong>gripe<\/strong>\u00a0aviar.<\/p>\n<p>La investigaci\u00f3n y el monitoreo constante de la evoluci\u00f3n del virus siguen siendo fundamentales para la preparaci\u00f3n ante posibles\u00a0<strong>brotes<\/strong>\u00a0futuros.<\/p>\n<h2>Seguridad alimentaria: \u00bfEs seguro consumir pollo y\u00a0<strong><a title=\"huevos\" href=\"https:\/\/medicinaysaludpublica.com\/tags\/huevos\/50366\">huevos<\/a><\/strong>?<\/h2>\n<p>Las autoridades sanitarias aseguran que es seguro consumir carne de ave y\u00a0<strong>huevos<\/strong>\u00a0siempre que se sigan medidas de cocci\u00f3n adecuadas. El virus de la\u00a0<strong>gripe<\/strong>\u00a0aviar se inactiva a temperaturas superiores a 74 \u00b0C, por lo que cocinar correctamente los\u00a0<strong><a title=\"alimentos\" href=\"https:\/\/medicinaysaludpublica.com\/tags\/alimentos\/15493\">alimentos<\/a><\/strong>\u00a0elimina cualquier riesgo de infecci\u00f3n.<\/p>\n<p>Es fundamental seguir pr\u00e1cticas de higiene en la manipulaci\u00f3n de\u00a0<strong>alimentos<\/strong>, como el lavado de manos y la limpieza de superficies, para evitar la contaminaci\u00f3n cruzada con otras bacterias o virus presentes en productos crudos.<\/p>\n<h2>Impacto econ\u00f3mico y en la industria av\u00edcola<\/h2>\n<p>La\u00a0<strong>gripe<\/strong>\u00a0aviar ha afectado severamente la producci\u00f3n av\u00edcola en varias regiones del mundo. En Estados Unidos, el Departamento de\u00a0<strong><a title=\"Agricultura\" href=\"https:\/\/medicinaysaludpublica.com\/tags\/agricultura\/55134\">Agricultura<\/a><\/strong>\u00a0(USDA) report\u00f3 la p\u00e9rdida de m\u00e1s de 13 millones de aves de corral en el \u00faltimo mes debido a los\u00a0<strong>brotes<\/strong>\u00a0de H5N1.<\/p>\n<p>Esta situaci\u00f3n ha generado un aumento en los precios de los\u00a0<strong>huevos<\/strong>\u00a0y la carne de ave, lo que tambi\u00e9n podr\u00eda repercutir en el mercado global.<\/p>\n<p>En Espa\u00f1a, los\u00a0<strong>brotes<\/strong>\u00a0registrados en aves migratorias y granjas han llevado a un refuerzo en los controles sanitarios. La Organizaci\u00f3n Mundial de Sanidad Animal (WOAH) ha recomendado intensificar la vigilancia en aves silvestres y reforzar las medidas de bioseguridad en las granjas para prevenir la propagaci\u00f3n del virus.<\/p>\n<p><strong>con informacion del universal<\/strong><\/p>\n<\/div>\n","protected":false},"excerpt":{"rendered":"<p>Aunque no existe un tratamiento dise\u00f1ado exclusivamente para este subtipo de influenza, la vigilancia y la r\u00e1pida intervenci\u00f3n m\u00e9dica resultan esenciales para minimizar complicaciones y reducir la mortalidad. Los expertos consideran que el riesgo de infecci\u00f3n en humanos sigue siendo bajo. Foto: Shutterstock. La reciente muerte de un ciudadano en Louisiana, Estados Unidos, por el [&hellip;]<\/p>\n","protected":false},"author":12,"featured_media":213277,"comment_status":"open","ping_status":"open","sticky":false,"template":"","format":"standard","meta":{"footnotes":""},"categories":[13],"tags":[],"class_list":["post-213276","post","type-post","status-publish","format-standard","has-post-thumbnail","hentry","category-salud-y-bienestar"],"yoast_head":"<!-- This site is optimized with the Yoast SEO plugin v24.4 - https:\/\/yoast.com\/wordpress\/plugins\/seo\/ -->\n<title>\u00bfC\u00f3mo se trata la gripe aviar H5N1? Todo sobre el tratamiento y la seguridad del consumo de pollo y huevo - Diario La Jornada<\/title>\n<meta name=\"robots\" content=\"index, follow, max-snippet:-1, max-image-preview:large, max-video-preview:-1\" \/>\n<link rel=\"canonical\" href=\"https:\/\/diariolajornada.com\/?p=213276\" \/>\n<meta property=\"og:locale\" content=\"es_ES\" \/>\n<meta property=\"og:type\" content=\"article\" \/>\n<meta property=\"og:title\" content=\"\u00bfC\u00f3mo se trata la gripe aviar H5N1? Todo sobre el tratamiento y la seguridad del consumo de pollo y huevo - Diario La Jornada\" \/>\n<meta property=\"og:description\" content=\"Aunque no existe un tratamiento dise\u00f1ado exclusivamente para este subtipo de influenza, la vigilancia y la r\u00e1pida intervenci\u00f3n m\u00e9dica resultan esenciales para minimizar complicaciones y reducir la mortalidad. Los expertos consideran que el riesgo de infecci\u00f3n en humanos sigue siendo bajo. Foto: Shutterstock. La reciente muerte de un ciudadano en Louisiana, Estados Unidos, por el [&hellip;]\" \/>\n<meta property=\"og:url\" content=\"https:\/\/diariolajornada.com\/?p=213276\" \/>\n<meta property=\"og:site_name\" content=\"Diario La Jornada\" \/>\n<meta property=\"article:publisher\" content=\"https:\/\/es-la.facebook.com\/lajornadadeguarico\/\" \/>\n<meta property=\"article:published_time\" content=\"2025-02-01T20:33:25+00:00\" \/>\n<meta property=\"og:image\" content=\"https:\/\/diariolajornada.com\/wp-content\/uploads\/2025\/02\/formato-sacs-2025-01-29t153644729-5a3149bb-focus-0-0-688-364.jpg\" \/>\n\t<meta property=\"og:image:width\" content=\"688\" \/>\n\t<meta property=\"og:image:height\" content=\"364\" \/>\n\t<meta property=\"og:image:type\" content=\"image\/jpeg\" \/>\n<meta name=\"author\" content=\"Mar\u00eda Jos\u00e9\" \/>\n<meta name=\"twitter:card\" content=\"summary_large_image\" \/>\n<meta name=\"twitter:label1\" content=\"Escrito por\" \/>\n\t<meta name=\"twitter:data1\" content=\"Mar\u00eda Jos\u00e9\" \/>\n\t<meta name=\"twitter:label2\" content=\"Tiempo de lectura\" \/>\n\t<meta name=\"twitter:data2\" content=\"5 minutos\" \/>\n<script type=\"application\/ld+json\" class=\"yoast-schema-graph\">{\"@context\":\"https:\/\/schema.org\",\"@graph\":[{\"@type\":\"Article\",\"@id\":\"https:\/\/diariolajornada.com\/?p=213276#article\",\"isPartOf\":{\"@id\":\"https:\/\/diariolajornada.com\/?p=213276\"},\"author\":{\"name\":\"Mar\u00eda Jos\u00e9\",\"@id\":\"https:\/\/diariolajornada.com\/#\/schema\/person\/90cc0e247997c087cf100c09529d4df3\"},\"headline\":\"\u00bfC\u00f3mo se trata la gripe aviar H5N1? Todo sobre el tratamiento y la seguridad del consumo de pollo y huevo\",\"datePublished\":\"2025-02-01T20:33:25+00:00\",\"mainEntityOfPage\":{\"@id\":\"https:\/\/diariolajornada.com\/?p=213276\"},\"wordCount\":999,\"commentCount\":0,\"publisher\":{\"@id\":\"https:\/\/diariolajornada.com\/#organization\"},\"image\":{\"@id\":\"https:\/\/diariolajornada.com\/?p=213276#primaryimage\"},\"thumbnailUrl\":\"https:\/\/diariolajornada.com\/wp-content\/uploads\/2025\/02\/formato-sacs-2025-01-29t153644729-5a3149bb-focus-0-0-688-364.jpg\",\"articleSection\":[\"Salud y Bienestar\"],\"inLanguage\":\"es\",\"potentialAction\":[{\"@type\":\"CommentAction\",\"name\":\"Comment\",\"target\":[\"https:\/\/diariolajornada.com\/?p=213276#respond\"]}]},{\"@type\":\"WebPage\",\"@id\":\"https:\/\/diariolajornada.com\/?p=213276\",\"url\":\"https:\/\/diariolajornada.com\/?p=213276\",\"name\":\"\u00bfC\u00f3mo se trata la gripe aviar H5N1? Todo sobre el tratamiento y la seguridad del consumo de pollo y huevo - Diario La Jornada\",\"isPartOf\":{\"@id\":\"https:\/\/diariolajornada.com\/#website\"},\"primaryImageOfPage\":{\"@id\":\"https:\/\/diariolajornada.com\/?p=213276#primaryimage\"},\"image\":{\"@id\":\"https:\/\/diariolajornada.com\/?p=213276#primaryimage\"},\"thumbnailUrl\":\"https:\/\/diariolajornada.com\/wp-content\/uploads\/2025\/02\/formato-sacs-2025-01-29t153644729-5a3149bb-focus-0-0-688-364.jpg\",\"datePublished\":\"2025-02-01T20:33:25+00:00\",\"breadcrumb\":{\"@id\":\"https:\/\/diariolajornada.com\/?p=213276#breadcrumb\"},\"inLanguage\":\"es\",\"potentialAction\":[{\"@type\":\"ReadAction\",\"target\":[\"https:\/\/diariolajornada.com\/?p=213276\"]}]},{\"@type\":\"ImageObject\",\"inLanguage\":\"es\",\"@id\":\"https:\/\/diariolajornada.com\/?p=213276#primaryimage\",\"url\":\"https:\/\/diariolajornada.com\/wp-content\/uploads\/2025\/02\/formato-sacs-2025-01-29t153644729-5a3149bb-focus-0-0-688-364.jpg\",\"contentUrl\":\"https:\/\/diariolajornada.com\/wp-content\/uploads\/2025\/02\/formato-sacs-2025-01-29t153644729-5a3149bb-focus-0-0-688-364.jpg\",\"width\":688,\"height\":364},{\"@type\":\"BreadcrumbList\",\"@id\":\"https:\/\/diariolajornada.com\/?p=213276#breadcrumb\",\"itemListElement\":[{\"@type\":\"ListItem\",\"position\":1,\"name\":\"Portada\",\"item\":\"https:\/\/diariolajornada.com\/\"},{\"@type\":\"ListItem\",\"position\":2,\"name\":\"\u00bfC\u00f3mo se trata la gripe aviar H5N1? Todo sobre el tratamiento y la seguridad del consumo de pollo y huevo\"}]},{\"@type\":\"WebSite\",\"@id\":\"https:\/\/diariolajornada.com\/#website\",\"url\":\"https:\/\/diariolajornada.com\/\",\"name\":\"Diario La Jornada\",\"description\":\"Noticias Nacionales Regionales e Internacionales\",\"publisher\":{\"@id\":\"https:\/\/diariolajornada.com\/#organization\"},\"potentialAction\":[{\"@type\":\"SearchAction\",\"target\":{\"@type\":\"EntryPoint\",\"urlTemplate\":\"https:\/\/diariolajornada.com\/?s={search_term_string}\"},\"query-input\":{\"@type\":\"PropertyValueSpecification\",\"valueRequired\":true,\"valueName\":\"search_term_string\"}}],\"inLanguage\":\"es\"},{\"@type\":\"Organization\",\"@id\":\"https:\/\/diariolajornada.com\/#organization\",\"name\":\"Diario La Jornada\",\"url\":\"https:\/\/diariolajornada.com\/\",\"logo\":{\"@type\":\"ImageObject\",\"inLanguage\":\"es\",\"@id\":\"https:\/\/diariolajornada.com\/#\/schema\/logo\/image\/\",\"url\":\"https:\/\/diariolajornada.com\/wp-content\/uploads\/2021\/06\/LOGO-JORNADA-SVG-01-02.svg\",\"contentUrl\":\"https:\/\/diariolajornada.com\/wp-content\/uploads\/2021\/06\/LOGO-JORNADA-SVG-01-02.svg\",\"width\":350,\"height\":100,\"caption\":\"Diario La Jornada\"},\"image\":{\"@id\":\"https:\/\/diariolajornada.com\/#\/schema\/logo\/image\/\"},\"sameAs\":[\"https:\/\/es-la.facebook.com\/lajornadadeguarico\/\",\"https:\/\/www.instagram.com\/diariojornada\/?hl=es\"]},{\"@type\":\"Person\",\"@id\":\"https:\/\/diariolajornada.com\/#\/schema\/person\/90cc0e247997c087cf100c09529d4df3\",\"name\":\"Mar\u00eda Jos\u00e9\",\"image\":{\"@type\":\"ImageObject\",\"inLanguage\":\"es\",\"@id\":\"https:\/\/diariolajornada.com\/#\/schema\/person\/image\/\",\"url\":\"https:\/\/secure.gravatar.com\/avatar\/0545fc2db60a143160c9808fae73f3d4cfc003e1d4262cc3c489690180d7c291?s=96&d=mm&r=g\",\"contentUrl\":\"https:\/\/secure.gravatar.com\/avatar\/0545fc2db60a143160c9808fae73f3d4cfc003e1d4262cc3c489690180d7c291?s=96&d=mm&r=g\",\"caption\":\"Mar\u00eda Jos\u00e9\"},\"url\":\"https:\/\/diariolajornada.com\/?author=12\"}]}<\/script>\n<!-- \/ Yoast SEO plugin. -->","yoast_head_json":{"title":"\u00bfC\u00f3mo se trata la gripe aviar H5N1? Todo sobre el tratamiento y la seguridad del consumo de pollo y huevo - Diario La Jornada","robots":{"index":"index","follow":"follow","max-snippet":"max-snippet:-1","max-image-preview":"max-image-preview:large","max-video-preview":"max-video-preview:-1"},"canonical":"https:\/\/diariolajornada.com\/?p=213276","og_locale":"es_ES","og_type":"article","og_title":"\u00bfC\u00f3mo se trata la gripe aviar H5N1? Todo sobre el tratamiento y la seguridad del consumo de pollo y huevo - Diario La Jornada","og_description":"Aunque no existe un tratamiento dise\u00f1ado exclusivamente para este subtipo de influenza, la vigilancia y la r\u00e1pida intervenci\u00f3n m\u00e9dica resultan esenciales para minimizar complicaciones y reducir la mortalidad. Los expertos consideran que el riesgo de infecci\u00f3n en humanos sigue siendo bajo. Foto: Shutterstock. La reciente muerte de un ciudadano en Louisiana, Estados Unidos, por el [&hellip;]","og_url":"https:\/\/diariolajornada.com\/?p=213276","og_site_name":"Diario La Jornada","article_publisher":"https:\/\/es-la.facebook.com\/lajornadadeguarico\/","article_published_time":"2025-02-01T20:33:25+00:00","og_image":[{"width":688,"height":364,"url":"https:\/\/diariolajornada.com\/wp-content\/uploads\/2025\/02\/formato-sacs-2025-01-29t153644729-5a3149bb-focus-0-0-688-364.jpg","type":"image\/jpeg"}],"author":"Mar\u00eda Jos\u00e9","twitter_card":"summary_large_image","twitter_misc":{"Escrito por":"Mar\u00eda Jos\u00e9","Tiempo de lectura":"5 minutos"},"schema":{"@context":"https:\/\/schema.org","@graph":[{"@type":"Article","@id":"https:\/\/diariolajornada.com\/?p=213276#article","isPartOf":{"@id":"https:\/\/diariolajornada.com\/?p=213276"},"author":{"name":"Mar\u00eda Jos\u00e9","@id":"https:\/\/diariolajornada.com\/#\/schema\/person\/90cc0e247997c087cf100c09529d4df3"},"headline":"\u00bfC\u00f3mo se trata la gripe aviar H5N1? Todo sobre el tratamiento y la seguridad del consumo de pollo y huevo","datePublished":"2025-02-01T20:33:25+00:00","mainEntityOfPage":{"@id":"https:\/\/diariolajornada.com\/?p=213276"},"wordCount":999,"commentCount":0,"publisher":{"@id":"https:\/\/diariolajornada.com\/#organization"},"image":{"@id":"https:\/\/diariolajornada.com\/?p=213276#primaryimage"},"thumbnailUrl":"https:\/\/diariolajornada.com\/wp-content\/uploads\/2025\/02\/formato-sacs-2025-01-29t153644729-5a3149bb-focus-0-0-688-364.jpg","articleSection":["Salud y Bienestar"],"inLanguage":"es","potentialAction":[{"@type":"CommentAction","name":"Comment","target":["https:\/\/diariolajornada.com\/?p=213276#respond"]}]},{"@type":"WebPage","@id":"https:\/\/diariolajornada.com\/?p=213276","url":"https:\/\/diariolajornada.com\/?p=213276","name":"\u00bfC\u00f3mo se trata la gripe aviar H5N1? Todo sobre el tratamiento y la seguridad del consumo de pollo y huevo - Diario La Jornada","isPartOf":{"@id":"https:\/\/diariolajornada.com\/#website"},"primaryImageOfPage":{"@id":"https:\/\/diariolajornada.com\/?p=213276#primaryimage"},"image":{"@id":"https:\/\/diariolajornada.com\/?p=213276#primaryimage"},"thumbnailUrl":"https:\/\/diariolajornada.com\/wp-content\/uploads\/2025\/02\/formato-sacs-2025-01-29t153644729-5a3149bb-focus-0-0-688-364.jpg","datePublished":"2025-02-01T20:33:25+00:00","breadcrumb":{"@id":"https:\/\/diariolajornada.com\/?p=213276#breadcrumb"},"inLanguage":"es","potentialAction":[{"@type":"ReadAction","target":["https:\/\/diariolajornada.com\/?p=213276"]}]},{"@type":"ImageObject","inLanguage":"es","@id":"https:\/\/diariolajornada.com\/?p=213276#primaryimage","url":"https:\/\/diariolajornada.com\/wp-content\/uploads\/2025\/02\/formato-sacs-2025-01-29t153644729-5a3149bb-focus-0-0-688-364.jpg","contentUrl":"https:\/\/diariolajornada.com\/wp-content\/uploads\/2025\/02\/formato-sacs-2025-01-29t153644729-5a3149bb-focus-0-0-688-364.jpg","width":688,"height":364},{"@type":"BreadcrumbList","@id":"https:\/\/diariolajornada.com\/?p=213276#breadcrumb","itemListElement":[{"@type":"ListItem","position":1,"name":"Portada","item":"https:\/\/diariolajornada.com\/"},{"@type":"ListItem","position":2,"name":"\u00bfC\u00f3mo se trata la gripe aviar H5N1? Todo sobre el tratamiento y la seguridad del consumo de pollo y huevo"}]},{"@type":"WebSite","@id":"https:\/\/diariolajornada.com\/#website","url":"https:\/\/diariolajornada.com\/","name":"Diario La Jornada","description":"Noticias Nacionales Regionales e Internacionales","publisher":{"@id":"https:\/\/diariolajornada.com\/#organization"},"potentialAction":[{"@type":"SearchAction","target":{"@type":"EntryPoint","urlTemplate":"https:\/\/diariolajornada.com\/?s={search_term_string}"},"query-input":{"@type":"PropertyValueSpecification","valueRequired":true,"valueName":"search_term_string"}}],"inLanguage":"es"},{"@type":"Organization","@id":"https:\/\/diariolajornada.com\/#organization","name":"Diario La Jornada","url":"https:\/\/diariolajornada.com\/","logo":{"@type":"ImageObject","inLanguage":"es","@id":"https:\/\/diariolajornada.com\/#\/schema\/logo\/image\/","url":"https:\/\/diariolajornada.com\/wp-content\/uploads\/2021\/06\/LOGO-JORNADA-SVG-01-02.svg","contentUrl":"https:\/\/diariolajornada.com\/wp-content\/uploads\/2021\/06\/LOGO-JORNADA-SVG-01-02.svg","width":350,"height":100,"caption":"Diario La Jornada"},"image":{"@id":"https:\/\/diariolajornada.com\/#\/schema\/logo\/image\/"},"sameAs":["https:\/\/es-la.facebook.com\/lajornadadeguarico\/","https:\/\/www.instagram.com\/diariojornada\/?hl=es"]},{"@type":"Person","@id":"https:\/\/diariolajornada.com\/#\/schema\/person\/90cc0e247997c087cf100c09529d4df3","name":"Mar\u00eda Jos\u00e9","image":{"@type":"ImageObject","inLanguage":"es","@id":"https:\/\/diariolajornada.com\/#\/schema\/person\/image\/","url":"https:\/\/secure.gravatar.com\/avatar\/0545fc2db60a143160c9808fae73f3d4cfc003e1d4262cc3c489690180d7c291?s=96&d=mm&r=g","contentUrl":"https:\/\/secure.gravatar.com\/avatar\/0545fc2db60a143160c9808fae73f3d4cfc003e1d4262cc3c489690180d7c291?s=96&d=mm&r=g","caption":"Mar\u00eda Jos\u00e9"},"url":"https:\/\/diariolajornada.com\/?author=12"}]}},"_links":{"self":[{"href":"https:\/\/diariolajornada.com\/index.php?rest_route=\/wp\/v2\/posts\/213276","targetHints":{"allow":["GET"]}}],"collection":[{"href":"https:\/\/diariolajornada.com\/index.php?rest_route=\/wp\/v2\/posts"}],"about":[{"href":"https:\/\/diariolajornada.com\/index.php?rest_route=\/wp\/v2\/types\/post"}],"author":[{"embeddable":true,"href":"https:\/\/diariolajornada.com\/index.php?rest_route=\/wp\/v2\/users\/12"}],"replies":[{"embeddable":true,"href":"https:\/\/diariolajornada.com\/index.php?rest_route=%2Fwp%2Fv2%2Fcomments&post=213276"}],"version-history":[{"count":1,"href":"https:\/\/diariolajornada.com\/index.php?rest_route=\/wp\/v2\/posts\/213276\/revisions"}],"predecessor-version":[{"id":213278,"href":"https:\/\/diariolajornada.com\/index.php?rest_route=\/wp\/v2\/posts\/213276\/revisions\/213278"}],"wp:featuredmedia":[{"embeddable":true,"href":"https:\/\/diariolajornada.com\/index.php?rest_route=\/wp\/v2\/media\/213277"}],"wp:attachment":[{"href":"https:\/\/diariolajornada.com\/index.php?rest_route=%2Fwp%2Fv2%2Fmedia&parent=213276"}],"wp:term":[{"taxonomy":"category","embeddable":true,"href":"https:\/\/diariolajornada.com\/index.php?rest_route=%2Fwp%2Fv2%2Fcategories&post=213276"},{"taxonomy":"post_tag","embeddable":true,"href":"https:\/\/diariolajornada.com\/index.php?rest_route=%2Fwp%2Fv2%2Ftags&post=213276"}],"curies":[{"name":"wp","href":"https:\/\/api.w.org\/{rel}","templated":true}]}}