{"id":213283,"date":"2025-02-01T16:45:30","date_gmt":"2025-02-01T20:45:30","guid":{"rendered":"https:\/\/diariolajornada.com\/?p=213283"},"modified":"2025-02-01T16:45:30","modified_gmt":"2025-02-01T20:45:30","slug":"actualizacion-en-comorbilidades-tecnologia-y-tratamiento-farmacologicos-de-la-diabetes","status":"publish","type":"post","link":"https:\/\/diariolajornada.com\/?p=213283","title":{"rendered":"Actualizaci\u00f3n en comorbilidades, tecnolog\u00eda y tratamiento farmacol\u00f3gicos de la diabetes"},"content":{"rendered":"<p class=\"mb-0 text-primary\">La American Diabetes Association (ADA) ha publicado recientemente los Est\u00e1ndares de Cuidado en Diabetes 2025, con actualizaciones que marcan una evoluci\u00f3n significativa en el manejo de la enfermedad.<\/p>\n<div class=\"d-xl-flex align-items-end justify-content-between mb-3\"><\/div>\n<div class=\"post__meta\">Los Est\u00e1ndares de Cuidado en Diabetes 2025 son un reflejo de la evoluci\u00f3n del tratamiento de la diabetes, con un enfoque m\u00e1s hol\u00edstico que toma en cuenta nuevas tecnolog\u00edas, estrategias para el control del peso y nuevos f\u00e1rmacos que buscan mejorar no solo el control gluc\u00e9mico, sino tambi\u00e9n la calidad de vida de los pacientes.<\/div>\n<div><\/div>\n<div><strong>con informacion del universal<\/strong><\/div>\n","protected":false},"excerpt":{"rendered":"<p>La American Diabetes Association (ADA) ha publicado recientemente los Est\u00e1ndares de Cuidado en Diabetes 2025, con actualizaciones que marcan una evoluci\u00f3n significativa en el manejo de la enfermedad. Los Est\u00e1ndares de Cuidado en Diabetes 2025 son un reflejo de la evoluci\u00f3n del tratamiento de la diabetes, con un enfoque m\u00e1s hol\u00edstico que toma en cuenta [&hellip;]<\/p>\n","protected":false},"author":12,"featured_media":213284,"comment_status":"open","ping_status":"open","sticky":false,"template":"","format":"standard","meta":{"footnotes":""},"categories":[13],"tags":[],"class_list":["post-213283","post","type-post","status-publish","format-standard","has-post-thumbnail","hentry","category-salud-y-bienestar"],"yoast_head":"<!-- This site is optimized with the Yoast SEO plugin v24.4 - https:\/\/yoast.com\/wordpress\/plugins\/seo\/ -->\n<title>Actualizaci\u00f3n en comorbilidades, tecnolog\u00eda y tratamiento farmacol\u00f3gicos de la diabetes - Diario La Jornada<\/title>\n<meta name=\"robots\" content=\"index, follow, max-snippet:-1, max-image-preview:large, max-video-preview:-1\" \/>\n<link rel=\"canonical\" href=\"https:\/\/diariolajornada.com\/?p=213283\" \/>\n<meta property=\"og:locale\" content=\"es_ES\" \/>\n<meta property=\"og:type\" content=\"article\" \/>\n<meta property=\"og:title\" content=\"Actualizaci\u00f3n en comorbilidades, tecnolog\u00eda y tratamiento farmacol\u00f3gicos de la diabetes - Diario La Jornada\" \/>\n<meta property=\"og:description\" content=\"La American Diabetes Association (ADA) ha publicado recientemente los Est\u00e1ndares de Cuidado en Diabetes 2025, con actualizaciones que marcan una evoluci\u00f3n significativa en el manejo de la enfermedad. Los Est\u00e1ndares de Cuidado en Diabetes 2025 son un reflejo de la evoluci\u00f3n del tratamiento de la diabetes, con un enfoque m\u00e1s hol\u00edstico que toma en cuenta [&hellip;]\" \/>\n<meta property=\"og:url\" content=\"https:\/\/diariolajornada.com\/?p=213283\" \/>\n<meta property=\"og:site_name\" content=\"Diario La Jornada\" \/>\n<meta property=\"article:publisher\" content=\"https:\/\/es-la.facebook.com\/lajornadadeguarico\/\" \/>\n<meta property=\"article:published_time\" content=\"2025-02-01T20:45:30+00:00\" \/>\n<meta property=\"og:image\" content=\"https:\/\/diariolajornada.com\/wp-content\/uploads\/2025\/02\/sacs-20-150-ac6b0530-focus-0-0-688-364.jpg\" \/>\n\t<meta property=\"og:image:width\" content=\"688\" \/>\n\t<meta property=\"og:image:height\" content=\"364\" \/>\n\t<meta property=\"og:image:type\" content=\"image\/jpeg\" \/>\n<meta name=\"author\" content=\"Mar\u00eda Jos\u00e9\" \/>\n<meta name=\"twitter:card\" content=\"summary_large_image\" \/>\n<meta name=\"twitter:label1\" content=\"Escrito por\" \/>\n\t<meta name=\"twitter:data1\" content=\"Mar\u00eda Jos\u00e9\" \/>\n<script type=\"application\/ld+json\" class=\"yoast-schema-graph\">{\"@context\":\"https:\/\/schema.org\",\"@graph\":[{\"@type\":\"Article\",\"@id\":\"https:\/\/diariolajornada.com\/?p=213283#article\",\"isPartOf\":{\"@id\":\"https:\/\/diariolajornada.com\/?p=213283\"},\"author\":{\"name\":\"Mar\u00eda Jos\u00e9\",\"@id\":\"https:\/\/diariolajornada.com\/#\/schema\/person\/90cc0e247997c087cf100c09529d4df3\"},\"headline\":\"Actualizaci\u00f3n en comorbilidades, tecnolog\u00eda y tratamiento farmacol\u00f3gicos de la diabetes\",\"datePublished\":\"2025-02-01T20:45:30+00:00\",\"mainEntityOfPage\":{\"@id\":\"https:\/\/diariolajornada.com\/?p=213283\"},\"wordCount\":108,\"commentCount\":0,\"publisher\":{\"@id\":\"https:\/\/diariolajornada.com\/#organization\"},\"image\":{\"@id\":\"https:\/\/diariolajornada.com\/?p=213283#primaryimage\"},\"thumbnailUrl\":\"https:\/\/diariolajornada.com\/wp-content\/uploads\/2025\/02\/sacs-20-150-ac6b0530-focus-0-0-688-364.jpg\",\"articleSection\":[\"Salud y Bienestar\"],\"inLanguage\":\"es\",\"potentialAction\":[{\"@type\":\"CommentAction\",\"name\":\"Comment\",\"target\":[\"https:\/\/diariolajornada.com\/?p=213283#respond\"]}]},{\"@type\":\"WebPage\",\"@id\":\"https:\/\/diariolajornada.com\/?p=213283\",\"url\":\"https:\/\/diariolajornada.com\/?p=213283\",\"name\":\"Actualizaci\u00f3n en comorbilidades, tecnolog\u00eda y tratamiento farmacol\u00f3gicos de la diabetes - Diario La Jornada\",\"isPartOf\":{\"@id\":\"https:\/\/diariolajornada.com\/#website\"},\"primaryImageOfPage\":{\"@id\":\"https:\/\/diariolajornada.com\/?p=213283#primaryimage\"},\"image\":{\"@id\":\"https:\/\/diariolajornada.com\/?p=213283#primaryimage\"},\"thumbnailUrl\":\"https:\/\/diariolajornada.com\/wp-content\/uploads\/2025\/02\/sacs-20-150-ac6b0530-focus-0-0-688-364.jpg\",\"datePublished\":\"2025-02-01T20:45:30+00:00\",\"breadcrumb\":{\"@id\":\"https:\/\/diariolajornada.com\/?p=213283#breadcrumb\"},\"inLanguage\":\"es\",\"potentialAction\":[{\"@type\":\"ReadAction\",\"target\":[\"https:\/\/diariolajornada.com\/?p=213283\"]}]},{\"@type\":\"ImageObject\",\"inLanguage\":\"es\",\"@id\":\"https:\/\/diariolajornada.com\/?p=213283#primaryimage\",\"url\":\"https:\/\/diariolajornada.com\/wp-content\/uploads\/2025\/02\/sacs-20-150-ac6b0530-focus-0-0-688-364.jpg\",\"contentUrl\":\"https:\/\/diariolajornada.com\/wp-content\/uploads\/2025\/02\/sacs-20-150-ac6b0530-focus-0-0-688-364.jpg\",\"width\":688,\"height\":364},{\"@type\":\"BreadcrumbList\",\"@id\":\"https:\/\/diariolajornada.com\/?p=213283#breadcrumb\",\"itemListElement\":[{\"@type\":\"ListItem\",\"position\":1,\"name\":\"Portada\",\"item\":\"https:\/\/diariolajornada.com\/\"},{\"@type\":\"ListItem\",\"position\":2,\"name\":\"Actualizaci\u00f3n en comorbilidades, tecnolog\u00eda y tratamiento farmacol\u00f3gicos de la diabetes\"}]},{\"@type\":\"WebSite\",\"@id\":\"https:\/\/diariolajornada.com\/#website\",\"url\":\"https:\/\/diariolajornada.com\/\",\"name\":\"Diario La Jornada\",\"description\":\"Noticias Nacionales Regionales e Internacionales\",\"publisher\":{\"@id\":\"https:\/\/diariolajornada.com\/#organization\"},\"potentialAction\":[{\"@type\":\"SearchAction\",\"target\":{\"@type\":\"EntryPoint\",\"urlTemplate\":\"https:\/\/diariolajornada.com\/?s={search_term_string}\"},\"query-input\":{\"@type\":\"PropertyValueSpecification\",\"valueRequired\":true,\"valueName\":\"search_term_string\"}}],\"inLanguage\":\"es\"},{\"@type\":\"Organization\",\"@id\":\"https:\/\/diariolajornada.com\/#organization\",\"name\":\"Diario La Jornada\",\"url\":\"https:\/\/diariolajornada.com\/\",\"logo\":{\"@type\":\"ImageObject\",\"inLanguage\":\"es\",\"@id\":\"https:\/\/diariolajornada.com\/#\/schema\/logo\/image\/\",\"url\":\"https:\/\/diariolajornada.com\/wp-content\/uploads\/2021\/06\/LOGO-JORNADA-SVG-01-02.svg\",\"contentUrl\":\"https:\/\/diariolajornada.com\/wp-content\/uploads\/2021\/06\/LOGO-JORNADA-SVG-01-02.svg\",\"width\":350,\"height\":100,\"caption\":\"Diario La Jornada\"},\"image\":{\"@id\":\"https:\/\/diariolajornada.com\/#\/schema\/logo\/image\/\"},\"sameAs\":[\"https:\/\/es-la.facebook.com\/lajornadadeguarico\/\",\"https:\/\/www.instagram.com\/diariojornada\/?hl=es\"]},{\"@type\":\"Person\",\"@id\":\"https:\/\/diariolajornada.com\/#\/schema\/person\/90cc0e247997c087cf100c09529d4df3\",\"name\":\"Mar\u00eda Jos\u00e9\",\"image\":{\"@type\":\"ImageObject\",\"inLanguage\":\"es\",\"@id\":\"https:\/\/diariolajornada.com\/#\/schema\/person\/image\/\",\"url\":\"https:\/\/secure.gravatar.com\/avatar\/0545fc2db60a143160c9808fae73f3d4cfc003e1d4262cc3c489690180d7c291?s=96&d=mm&r=g\",\"contentUrl\":\"https:\/\/secure.gravatar.com\/avatar\/0545fc2db60a143160c9808fae73f3d4cfc003e1d4262cc3c489690180d7c291?s=96&d=mm&r=g\",\"caption\":\"Mar\u00eda Jos\u00e9\"},\"url\":\"https:\/\/diariolajornada.com\/?author=12\"}]}<\/script>\n<!-- \/ Yoast SEO plugin. -->","yoast_head_json":{"title":"Actualizaci\u00f3n en comorbilidades, tecnolog\u00eda y tratamiento farmacol\u00f3gicos de la diabetes - Diario La Jornada","robots":{"index":"index","follow":"follow","max-snippet":"max-snippet:-1","max-image-preview":"max-image-preview:large","max-video-preview":"max-video-preview:-1"},"canonical":"https:\/\/diariolajornada.com\/?p=213283","og_locale":"es_ES","og_type":"article","og_title":"Actualizaci\u00f3n en comorbilidades, tecnolog\u00eda y tratamiento farmacol\u00f3gicos de la diabetes - Diario La Jornada","og_description":"La American Diabetes Association (ADA) ha publicado recientemente los Est\u00e1ndares de Cuidado en Diabetes 2025, con actualizaciones que marcan una evoluci\u00f3n significativa en el manejo de la enfermedad. Los Est\u00e1ndares de Cuidado en Diabetes 2025 son un reflejo de la evoluci\u00f3n del tratamiento de la diabetes, con un enfoque m\u00e1s hol\u00edstico que toma en cuenta [&hellip;]","og_url":"https:\/\/diariolajornada.com\/?p=213283","og_site_name":"Diario La Jornada","article_publisher":"https:\/\/es-la.facebook.com\/lajornadadeguarico\/","article_published_time":"2025-02-01T20:45:30+00:00","og_image":[{"width":688,"height":364,"url":"https:\/\/diariolajornada.com\/wp-content\/uploads\/2025\/02\/sacs-20-150-ac6b0530-focus-0-0-688-364.jpg","type":"image\/jpeg"}],"author":"Mar\u00eda Jos\u00e9","twitter_card":"summary_large_image","twitter_misc":{"Escrito por":"Mar\u00eda Jos\u00e9"},"schema":{"@context":"https:\/\/schema.org","@graph":[{"@type":"Article","@id":"https:\/\/diariolajornada.com\/?p=213283#article","isPartOf":{"@id":"https:\/\/diariolajornada.com\/?p=213283"},"author":{"name":"Mar\u00eda Jos\u00e9","@id":"https:\/\/diariolajornada.com\/#\/schema\/person\/90cc0e247997c087cf100c09529d4df3"},"headline":"Actualizaci\u00f3n en comorbilidades, tecnolog\u00eda y tratamiento farmacol\u00f3gicos de la diabetes","datePublished":"2025-02-01T20:45:30+00:00","mainEntityOfPage":{"@id":"https:\/\/diariolajornada.com\/?p=213283"},"wordCount":108,"commentCount":0,"publisher":{"@id":"https:\/\/diariolajornada.com\/#organization"},"image":{"@id":"https:\/\/diariolajornada.com\/?p=213283#primaryimage"},"thumbnailUrl":"https:\/\/diariolajornada.com\/wp-content\/uploads\/2025\/02\/sacs-20-150-ac6b0530-focus-0-0-688-364.jpg","articleSection":["Salud y Bienestar"],"inLanguage":"es","potentialAction":[{"@type":"CommentAction","name":"Comment","target":["https:\/\/diariolajornada.com\/?p=213283#respond"]}]},{"@type":"WebPage","@id":"https:\/\/diariolajornada.com\/?p=213283","url":"https:\/\/diariolajornada.com\/?p=213283","name":"Actualizaci\u00f3n en comorbilidades, tecnolog\u00eda y tratamiento farmacol\u00f3gicos de la diabetes - Diario La Jornada","isPartOf":{"@id":"https:\/\/diariolajornada.com\/#website"},"primaryImageOfPage":{"@id":"https:\/\/diariolajornada.com\/?p=213283#primaryimage"},"image":{"@id":"https:\/\/diariolajornada.com\/?p=213283#primaryimage"},"thumbnailUrl":"https:\/\/diariolajornada.com\/wp-content\/uploads\/2025\/02\/sacs-20-150-ac6b0530-focus-0-0-688-364.jpg","datePublished":"2025-02-01T20:45:30+00:00","breadcrumb":{"@id":"https:\/\/diariolajornada.com\/?p=213283#breadcrumb"},"inLanguage":"es","potentialAction":[{"@type":"ReadAction","target":["https:\/\/diariolajornada.com\/?p=213283"]}]},{"@type":"ImageObject","inLanguage":"es","@id":"https:\/\/diariolajornada.com\/?p=213283#primaryimage","url":"https:\/\/diariolajornada.com\/wp-content\/uploads\/2025\/02\/sacs-20-150-ac6b0530-focus-0-0-688-364.jpg","contentUrl":"https:\/\/diariolajornada.com\/wp-content\/uploads\/2025\/02\/sacs-20-150-ac6b0530-focus-0-0-688-364.jpg","width":688,"height":364},{"@type":"BreadcrumbList","@id":"https:\/\/diariolajornada.com\/?p=213283#breadcrumb","itemListElement":[{"@type":"ListItem","position":1,"name":"Portada","item":"https:\/\/diariolajornada.com\/"},{"@type":"ListItem","position":2,"name":"Actualizaci\u00f3n en comorbilidades, tecnolog\u00eda y tratamiento farmacol\u00f3gicos de la diabetes"}]},{"@type":"WebSite","@id":"https:\/\/diariolajornada.com\/#website","url":"https:\/\/diariolajornada.com\/","name":"Diario La Jornada","description":"Noticias Nacionales Regionales e Internacionales","publisher":{"@id":"https:\/\/diariolajornada.com\/#organization"},"potentialAction":[{"@type":"SearchAction","target":{"@type":"EntryPoint","urlTemplate":"https:\/\/diariolajornada.com\/?s={search_term_string}"},"query-input":{"@type":"PropertyValueSpecification","valueRequired":true,"valueName":"search_term_string"}}],"inLanguage":"es"},{"@type":"Organization","@id":"https:\/\/diariolajornada.com\/#organization","name":"Diario La Jornada","url":"https:\/\/diariolajornada.com\/","logo":{"@type":"ImageObject","inLanguage":"es","@id":"https:\/\/diariolajornada.com\/#\/schema\/logo\/image\/","url":"https:\/\/diariolajornada.com\/wp-content\/uploads\/2021\/06\/LOGO-JORNADA-SVG-01-02.svg","contentUrl":"https:\/\/diariolajornada.com\/wp-content\/uploads\/2021\/06\/LOGO-JORNADA-SVG-01-02.svg","width":350,"height":100,"caption":"Diario La Jornada"},"image":{"@id":"https:\/\/diariolajornada.com\/#\/schema\/logo\/image\/"},"sameAs":["https:\/\/es-la.facebook.com\/lajornadadeguarico\/","https:\/\/www.instagram.com\/diariojornada\/?hl=es"]},{"@type":"Person","@id":"https:\/\/diariolajornada.com\/#\/schema\/person\/90cc0e247997c087cf100c09529d4df3","name":"Mar\u00eda Jos\u00e9","image":{"@type":"ImageObject","inLanguage":"es","@id":"https:\/\/diariolajornada.com\/#\/schema\/person\/image\/","url":"https:\/\/secure.gravatar.com\/avatar\/0545fc2db60a143160c9808fae73f3d4cfc003e1d4262cc3c489690180d7c291?s=96&d=mm&r=g","contentUrl":"https:\/\/secure.gravatar.com\/avatar\/0545fc2db60a143160c9808fae73f3d4cfc003e1d4262cc3c489690180d7c291?s=96&d=mm&r=g","caption":"Mar\u00eda Jos\u00e9"},"url":"https:\/\/diariolajornada.com\/?author=12"}]}},"_links":{"self":[{"href":"https:\/\/diariolajornada.com\/index.php?rest_route=\/wp\/v2\/posts\/213283","targetHints":{"allow":["GET"]}}],"collection":[{"href":"https:\/\/diariolajornada.com\/index.php?rest_route=\/wp\/v2\/posts"}],"about":[{"href":"https:\/\/diariolajornada.com\/index.php?rest_route=\/wp\/v2\/types\/post"}],"author":[{"embeddable":true,"href":"https:\/\/diariolajornada.com\/index.php?rest_route=\/wp\/v2\/users\/12"}],"replies":[{"embeddable":true,"href":"https:\/\/diariolajornada.com\/index.php?rest_route=%2Fwp%2Fv2%2Fcomments&post=213283"}],"version-history":[{"count":1,"href":"https:\/\/diariolajornada.com\/index.php?rest_route=\/wp\/v2\/posts\/213283\/revisions"}],"predecessor-version":[{"id":213285,"href":"https:\/\/diariolajornada.com\/index.php?rest_route=\/wp\/v2\/posts\/213283\/revisions\/213285"}],"wp:featuredmedia":[{"embeddable":true,"href":"https:\/\/diariolajornada.com\/index.php?rest_route=\/wp\/v2\/media\/213284"}],"wp:attachment":[{"href":"https:\/\/diariolajornada.com\/index.php?rest_route=%2Fwp%2Fv2%2Fmedia&parent=213283"}],"wp:term":[{"taxonomy":"category","embeddable":true,"href":"https:\/\/diariolajornada.com\/index.php?rest_route=%2Fwp%2Fv2%2Fcategories&post=213283"},{"taxonomy":"post_tag","embeddable":true,"href":"https:\/\/diariolajornada.com\/index.php?rest_route=%2Fwp%2Fv2%2Ftags&post=213283"}],"curies":[{"name":"wp","href":"https:\/\/api.w.org\/{rel}","templated":true}]}}