{"id":213286,"date":"2025-02-01T16:52:25","date_gmt":"2025-02-01T20:52:25","guid":{"rendered":"https:\/\/diariolajornada.com\/?p=213286"},"modified":"2025-02-01T16:52:25","modified_gmt":"2025-02-01T20:52:25","slug":"desarrollan-un-parche-de-celulas-madre-que-regenera-el-corazon-en-insuficiencia-cardiaca-avanzada","status":"publish","type":"post","link":"https:\/\/diariolajornada.com\/?p=213286","title":{"rendered":"Desarrollan un parche de c\u00e9lulas madre que regenera el coraz\u00f3n en insuficiencia card\u00edaca avanzada"},"content":{"rendered":"<p class=\"mb-0 text-primary\">A diferencia de los intentos previos de regeneraci\u00f3n utilizando c\u00e9lulas madre inyectadas en el miocardio o liberadas a trav\u00e9s de las arterias del coraz\u00f3n, el parche no ha mostrado efectos secundarios graves como arritmias ni procesos tumorales.<\/p>\n<div class=\"post__meta\">Los parches, que contienen hasta 200 millones de c\u00e9lulas madre, ayudan a regenerar el m\u00fasculo card\u00edaco al formar nuevo tejido, un proceso conocido como remuscularizaci\u00f3n. Fotos: infobae.<\/div>\n<div class=\"single__content\">\n<p>Un equipo de investigadores liderado por Wolfram-Hubertus Zimmermann, director del Departamento de Farmacolog\u00eda y Toxicolog\u00eda del Centro M\u00e9dico Universitario de Alemania, ha logrado avanzar en el tratamiento de la\u00a0<strong><a title=\"insuficiencia\" href=\"https:\/\/medicinaysaludpublica.com\/tags\/insuficiencia\/13380\">insuficiencia<\/a><\/strong>\u00a0<strong><a title=\"card\u00edaca\" href=\"https:\/\/medicinaysaludpublica.com\/tags\/cardiaca\/19344\">card\u00edaca<\/a><\/strong>\u00a0avanzada mediante el uso de c\u00e9lulas madre.<\/p>\n<p>En colaboraci\u00f3n con el investigador espa\u00f1ol Ignacio Rodr\u00edguez-Polo, actualmente en el Francis Crick Institute de Londres, han desarrollado un parche compuesto por cardiomiocitos derivados de c\u00e9lulas madre que puede regenerar el m\u00fasculo card\u00edaco y mejorar la funci\u00f3n del coraz\u00f3n en pacientes con\u00a0<strong>insuficiencia<\/strong>\u00a0<strong>card\u00edaca<\/strong>.<\/p>\n<p><strong>con informacion del universa<\/strong><\/p>\n<\/div>\n","protected":false},"excerpt":{"rendered":"<p>A diferencia de los intentos previos de regeneraci\u00f3n utilizando c\u00e9lulas madre inyectadas en el miocardio o liberadas a trav\u00e9s de las arterias del coraz\u00f3n, el parche no ha mostrado efectos secundarios graves como arritmias ni procesos tumorales. Los parches, que contienen hasta 200 millones de c\u00e9lulas madre, ayudan a regenerar el m\u00fasculo card\u00edaco al formar [&hellip;]<\/p>\n","protected":false},"author":12,"featured_media":213287,"comment_status":"open","ping_status":"open","sticky":false,"template":"","format":"standard","meta":{"footnotes":""},"categories":[13],"tags":[],"class_list":["post-213286","post","type-post","status-publish","format-standard","has-post-thumbnail","hentry","category-salud-y-bienestar"],"yoast_head":"<!-- This site is optimized with the Yoast SEO plugin v24.4 - https:\/\/yoast.com\/wordpress\/plugins\/seo\/ -->\n<title>Desarrollan un parche de c\u00e9lulas madre que regenera el coraz\u00f3n en insuficiencia card\u00edaca avanzada - Diario La Jornada<\/title>\n<meta name=\"robots\" content=\"index, follow, max-snippet:-1, max-image-preview:large, max-video-preview:-1\" \/>\n<link rel=\"canonical\" href=\"https:\/\/diariolajornada.com\/?p=213286\" \/>\n<meta property=\"og:locale\" content=\"es_ES\" \/>\n<meta property=\"og:type\" content=\"article\" \/>\n<meta property=\"og:title\" content=\"Desarrollan un parche de c\u00e9lulas madre que regenera el coraz\u00f3n en insuficiencia card\u00edaca avanzada - Diario La Jornada\" \/>\n<meta property=\"og:description\" content=\"A diferencia de los intentos previos de regeneraci\u00f3n utilizando c\u00e9lulas madre inyectadas en el miocardio o liberadas a trav\u00e9s de las arterias del coraz\u00f3n, el parche no ha mostrado efectos secundarios graves como arritmias ni procesos tumorales. Los parches, que contienen hasta 200 millones de c\u00e9lulas madre, ayudan a regenerar el m\u00fasculo card\u00edaco al formar [&hellip;]\" \/>\n<meta property=\"og:url\" content=\"https:\/\/diariolajornada.com\/?p=213286\" \/>\n<meta property=\"og:site_name\" content=\"Diario La Jornada\" \/>\n<meta property=\"article:publisher\" content=\"https:\/\/es-la.facebook.com\/lajornadadeguarico\/\" \/>\n<meta property=\"article:published_time\" content=\"2025-02-01T20:52:25+00:00\" \/>\n<meta property=\"og:image\" content=\"https:\/\/diariolajornada.com\/wp-content\/uploads\/2025\/02\/formato-sacs-2025-01-30t151810841-18de256e-focus-0-0-688-364.jpg\" \/>\n\t<meta property=\"og:image:width\" content=\"688\" \/>\n\t<meta property=\"og:image:height\" content=\"364\" \/>\n\t<meta property=\"og:image:type\" content=\"image\/jpeg\" \/>\n<meta name=\"author\" content=\"Mar\u00eda Jos\u00e9\" \/>\n<meta name=\"twitter:card\" content=\"summary_large_image\" \/>\n<meta name=\"twitter:label1\" content=\"Escrito por\" \/>\n\t<meta name=\"twitter:data1\" content=\"Mar\u00eda Jos\u00e9\" \/>\n\t<meta name=\"twitter:label2\" content=\"Tiempo de lectura\" \/>\n\t<meta name=\"twitter:data2\" content=\"1 minuto\" \/>\n<script type=\"application\/ld+json\" class=\"yoast-schema-graph\">{\"@context\":\"https:\/\/schema.org\",\"@graph\":[{\"@type\":\"Article\",\"@id\":\"https:\/\/diariolajornada.com\/?p=213286#article\",\"isPartOf\":{\"@id\":\"https:\/\/diariolajornada.com\/?p=213286\"},\"author\":{\"name\":\"Mar\u00eda Jos\u00e9\",\"@id\":\"https:\/\/diariolajornada.com\/#\/schema\/person\/90cc0e247997c087cf100c09529d4df3\"},\"headline\":\"Desarrollan un parche de c\u00e9lulas madre que regenera el coraz\u00f3n en insuficiencia card\u00edaca avanzada\",\"datePublished\":\"2025-02-01T20:52:25+00:00\",\"mainEntityOfPage\":{\"@id\":\"https:\/\/diariolajornada.com\/?p=213286\"},\"wordCount\":188,\"commentCount\":0,\"publisher\":{\"@id\":\"https:\/\/diariolajornada.com\/#organization\"},\"image\":{\"@id\":\"https:\/\/diariolajornada.com\/?p=213286#primaryimage\"},\"thumbnailUrl\":\"https:\/\/diariolajornada.com\/wp-content\/uploads\/2025\/02\/formato-sacs-2025-01-30t151810841-18de256e-focus-0-0-688-364.jpg\",\"articleSection\":[\"Salud y Bienestar\"],\"inLanguage\":\"es\",\"potentialAction\":[{\"@type\":\"CommentAction\",\"name\":\"Comment\",\"target\":[\"https:\/\/diariolajornada.com\/?p=213286#respond\"]}]},{\"@type\":\"WebPage\",\"@id\":\"https:\/\/diariolajornada.com\/?p=213286\",\"url\":\"https:\/\/diariolajornada.com\/?p=213286\",\"name\":\"Desarrollan un parche de c\u00e9lulas madre que regenera el coraz\u00f3n en insuficiencia card\u00edaca avanzada - Diario La Jornada\",\"isPartOf\":{\"@id\":\"https:\/\/diariolajornada.com\/#website\"},\"primaryImageOfPage\":{\"@id\":\"https:\/\/diariolajornada.com\/?p=213286#primaryimage\"},\"image\":{\"@id\":\"https:\/\/diariolajornada.com\/?p=213286#primaryimage\"},\"thumbnailUrl\":\"https:\/\/diariolajornada.com\/wp-content\/uploads\/2025\/02\/formato-sacs-2025-01-30t151810841-18de256e-focus-0-0-688-364.jpg\",\"datePublished\":\"2025-02-01T20:52:25+00:00\",\"breadcrumb\":{\"@id\":\"https:\/\/diariolajornada.com\/?p=213286#breadcrumb\"},\"inLanguage\":\"es\",\"potentialAction\":[{\"@type\":\"ReadAction\",\"target\":[\"https:\/\/diariolajornada.com\/?p=213286\"]}]},{\"@type\":\"ImageObject\",\"inLanguage\":\"es\",\"@id\":\"https:\/\/diariolajornada.com\/?p=213286#primaryimage\",\"url\":\"https:\/\/diariolajornada.com\/wp-content\/uploads\/2025\/02\/formato-sacs-2025-01-30t151810841-18de256e-focus-0-0-688-364.jpg\",\"contentUrl\":\"https:\/\/diariolajornada.com\/wp-content\/uploads\/2025\/02\/formato-sacs-2025-01-30t151810841-18de256e-focus-0-0-688-364.jpg\",\"width\":688,\"height\":364},{\"@type\":\"BreadcrumbList\",\"@id\":\"https:\/\/diariolajornada.com\/?p=213286#breadcrumb\",\"itemListElement\":[{\"@type\":\"ListItem\",\"position\":1,\"name\":\"Portada\",\"item\":\"https:\/\/diariolajornada.com\/\"},{\"@type\":\"ListItem\",\"position\":2,\"name\":\"Desarrollan un parche de c\u00e9lulas madre que regenera el coraz\u00f3n en insuficiencia card\u00edaca avanzada\"}]},{\"@type\":\"WebSite\",\"@id\":\"https:\/\/diariolajornada.com\/#website\",\"url\":\"https:\/\/diariolajornada.com\/\",\"name\":\"Diario La Jornada\",\"description\":\"Noticias Nacionales Regionales e Internacionales\",\"publisher\":{\"@id\":\"https:\/\/diariolajornada.com\/#organization\"},\"potentialAction\":[{\"@type\":\"SearchAction\",\"target\":{\"@type\":\"EntryPoint\",\"urlTemplate\":\"https:\/\/diariolajornada.com\/?s={search_term_string}\"},\"query-input\":{\"@type\":\"PropertyValueSpecification\",\"valueRequired\":true,\"valueName\":\"search_term_string\"}}],\"inLanguage\":\"es\"},{\"@type\":\"Organization\",\"@id\":\"https:\/\/diariolajornada.com\/#organization\",\"name\":\"Diario La Jornada\",\"url\":\"https:\/\/diariolajornada.com\/\",\"logo\":{\"@type\":\"ImageObject\",\"inLanguage\":\"es\",\"@id\":\"https:\/\/diariolajornada.com\/#\/schema\/logo\/image\/\",\"url\":\"https:\/\/diariolajornada.com\/wp-content\/uploads\/2021\/06\/LOGO-JORNADA-SVG-01-02.svg\",\"contentUrl\":\"https:\/\/diariolajornada.com\/wp-content\/uploads\/2021\/06\/LOGO-JORNADA-SVG-01-02.svg\",\"width\":350,\"height\":100,\"caption\":\"Diario La Jornada\"},\"image\":{\"@id\":\"https:\/\/diariolajornada.com\/#\/schema\/logo\/image\/\"},\"sameAs\":[\"https:\/\/es-la.facebook.com\/lajornadadeguarico\/\",\"https:\/\/www.instagram.com\/diariojornada\/?hl=es\"]},{\"@type\":\"Person\",\"@id\":\"https:\/\/diariolajornada.com\/#\/schema\/person\/90cc0e247997c087cf100c09529d4df3\",\"name\":\"Mar\u00eda Jos\u00e9\",\"image\":{\"@type\":\"ImageObject\",\"inLanguage\":\"es\",\"@id\":\"https:\/\/diariolajornada.com\/#\/schema\/person\/image\/\",\"url\":\"https:\/\/secure.gravatar.com\/avatar\/0545fc2db60a143160c9808fae73f3d4cfc003e1d4262cc3c489690180d7c291?s=96&d=mm&r=g\",\"contentUrl\":\"https:\/\/secure.gravatar.com\/avatar\/0545fc2db60a143160c9808fae73f3d4cfc003e1d4262cc3c489690180d7c291?s=96&d=mm&r=g\",\"caption\":\"Mar\u00eda Jos\u00e9\"},\"url\":\"https:\/\/diariolajornada.com\/?author=12\"}]}<\/script>\n<!-- \/ Yoast SEO plugin. -->","yoast_head_json":{"title":"Desarrollan un parche de c\u00e9lulas madre que regenera el coraz\u00f3n en insuficiencia card\u00edaca avanzada - Diario La Jornada","robots":{"index":"index","follow":"follow","max-snippet":"max-snippet:-1","max-image-preview":"max-image-preview:large","max-video-preview":"max-video-preview:-1"},"canonical":"https:\/\/diariolajornada.com\/?p=213286","og_locale":"es_ES","og_type":"article","og_title":"Desarrollan un parche de c\u00e9lulas madre que regenera el coraz\u00f3n en insuficiencia card\u00edaca avanzada - Diario La Jornada","og_description":"A diferencia de los intentos previos de regeneraci\u00f3n utilizando c\u00e9lulas madre inyectadas en el miocardio o liberadas a trav\u00e9s de las arterias del coraz\u00f3n, el parche no ha mostrado efectos secundarios graves como arritmias ni procesos tumorales. Los parches, que contienen hasta 200 millones de c\u00e9lulas madre, ayudan a regenerar el m\u00fasculo card\u00edaco al formar [&hellip;]","og_url":"https:\/\/diariolajornada.com\/?p=213286","og_site_name":"Diario La Jornada","article_publisher":"https:\/\/es-la.facebook.com\/lajornadadeguarico\/","article_published_time":"2025-02-01T20:52:25+00:00","og_image":[{"width":688,"height":364,"url":"https:\/\/diariolajornada.com\/wp-content\/uploads\/2025\/02\/formato-sacs-2025-01-30t151810841-18de256e-focus-0-0-688-364.jpg","type":"image\/jpeg"}],"author":"Mar\u00eda Jos\u00e9","twitter_card":"summary_large_image","twitter_misc":{"Escrito por":"Mar\u00eda Jos\u00e9","Tiempo de lectura":"1 minuto"},"schema":{"@context":"https:\/\/schema.org","@graph":[{"@type":"Article","@id":"https:\/\/diariolajornada.com\/?p=213286#article","isPartOf":{"@id":"https:\/\/diariolajornada.com\/?p=213286"},"author":{"name":"Mar\u00eda Jos\u00e9","@id":"https:\/\/diariolajornada.com\/#\/schema\/person\/90cc0e247997c087cf100c09529d4df3"},"headline":"Desarrollan un parche de c\u00e9lulas madre que regenera el coraz\u00f3n en insuficiencia card\u00edaca avanzada","datePublished":"2025-02-01T20:52:25+00:00","mainEntityOfPage":{"@id":"https:\/\/diariolajornada.com\/?p=213286"},"wordCount":188,"commentCount":0,"publisher":{"@id":"https:\/\/diariolajornada.com\/#organization"},"image":{"@id":"https:\/\/diariolajornada.com\/?p=213286#primaryimage"},"thumbnailUrl":"https:\/\/diariolajornada.com\/wp-content\/uploads\/2025\/02\/formato-sacs-2025-01-30t151810841-18de256e-focus-0-0-688-364.jpg","articleSection":["Salud y Bienestar"],"inLanguage":"es","potentialAction":[{"@type":"CommentAction","name":"Comment","target":["https:\/\/diariolajornada.com\/?p=213286#respond"]}]},{"@type":"WebPage","@id":"https:\/\/diariolajornada.com\/?p=213286","url":"https:\/\/diariolajornada.com\/?p=213286","name":"Desarrollan un parche de c\u00e9lulas madre que regenera el coraz\u00f3n en insuficiencia card\u00edaca avanzada - Diario La Jornada","isPartOf":{"@id":"https:\/\/diariolajornada.com\/#website"},"primaryImageOfPage":{"@id":"https:\/\/diariolajornada.com\/?p=213286#primaryimage"},"image":{"@id":"https:\/\/diariolajornada.com\/?p=213286#primaryimage"},"thumbnailUrl":"https:\/\/diariolajornada.com\/wp-content\/uploads\/2025\/02\/formato-sacs-2025-01-30t151810841-18de256e-focus-0-0-688-364.jpg","datePublished":"2025-02-01T20:52:25+00:00","breadcrumb":{"@id":"https:\/\/diariolajornada.com\/?p=213286#breadcrumb"},"inLanguage":"es","potentialAction":[{"@type":"ReadAction","target":["https:\/\/diariolajornada.com\/?p=213286"]}]},{"@type":"ImageObject","inLanguage":"es","@id":"https:\/\/diariolajornada.com\/?p=213286#primaryimage","url":"https:\/\/diariolajornada.com\/wp-content\/uploads\/2025\/02\/formato-sacs-2025-01-30t151810841-18de256e-focus-0-0-688-364.jpg","contentUrl":"https:\/\/diariolajornada.com\/wp-content\/uploads\/2025\/02\/formato-sacs-2025-01-30t151810841-18de256e-focus-0-0-688-364.jpg","width":688,"height":364},{"@type":"BreadcrumbList","@id":"https:\/\/diariolajornada.com\/?p=213286#breadcrumb","itemListElement":[{"@type":"ListItem","position":1,"name":"Portada","item":"https:\/\/diariolajornada.com\/"},{"@type":"ListItem","position":2,"name":"Desarrollan un parche de c\u00e9lulas madre que regenera el coraz\u00f3n en insuficiencia card\u00edaca avanzada"}]},{"@type":"WebSite","@id":"https:\/\/diariolajornada.com\/#website","url":"https:\/\/diariolajornada.com\/","name":"Diario La Jornada","description":"Noticias Nacionales Regionales e Internacionales","publisher":{"@id":"https:\/\/diariolajornada.com\/#organization"},"potentialAction":[{"@type":"SearchAction","target":{"@type":"EntryPoint","urlTemplate":"https:\/\/diariolajornada.com\/?s={search_term_string}"},"query-input":{"@type":"PropertyValueSpecification","valueRequired":true,"valueName":"search_term_string"}}],"inLanguage":"es"},{"@type":"Organization","@id":"https:\/\/diariolajornada.com\/#organization","name":"Diario La Jornada","url":"https:\/\/diariolajornada.com\/","logo":{"@type":"ImageObject","inLanguage":"es","@id":"https:\/\/diariolajornada.com\/#\/schema\/logo\/image\/","url":"https:\/\/diariolajornada.com\/wp-content\/uploads\/2021\/06\/LOGO-JORNADA-SVG-01-02.svg","contentUrl":"https:\/\/diariolajornada.com\/wp-content\/uploads\/2021\/06\/LOGO-JORNADA-SVG-01-02.svg","width":350,"height":100,"caption":"Diario La Jornada"},"image":{"@id":"https:\/\/diariolajornada.com\/#\/schema\/logo\/image\/"},"sameAs":["https:\/\/es-la.facebook.com\/lajornadadeguarico\/","https:\/\/www.instagram.com\/diariojornada\/?hl=es"]},{"@type":"Person","@id":"https:\/\/diariolajornada.com\/#\/schema\/person\/90cc0e247997c087cf100c09529d4df3","name":"Mar\u00eda Jos\u00e9","image":{"@type":"ImageObject","inLanguage":"es","@id":"https:\/\/diariolajornada.com\/#\/schema\/person\/image\/","url":"https:\/\/secure.gravatar.com\/avatar\/0545fc2db60a143160c9808fae73f3d4cfc003e1d4262cc3c489690180d7c291?s=96&d=mm&r=g","contentUrl":"https:\/\/secure.gravatar.com\/avatar\/0545fc2db60a143160c9808fae73f3d4cfc003e1d4262cc3c489690180d7c291?s=96&d=mm&r=g","caption":"Mar\u00eda Jos\u00e9"},"url":"https:\/\/diariolajornada.com\/?author=12"}]}},"_links":{"self":[{"href":"https:\/\/diariolajornada.com\/index.php?rest_route=\/wp\/v2\/posts\/213286","targetHints":{"allow":["GET"]}}],"collection":[{"href":"https:\/\/diariolajornada.com\/index.php?rest_route=\/wp\/v2\/posts"}],"about":[{"href":"https:\/\/diariolajornada.com\/index.php?rest_route=\/wp\/v2\/types\/post"}],"author":[{"embeddable":true,"href":"https:\/\/diariolajornada.com\/index.php?rest_route=\/wp\/v2\/users\/12"}],"replies":[{"embeddable":true,"href":"https:\/\/diariolajornada.com\/index.php?rest_route=%2Fwp%2Fv2%2Fcomments&post=213286"}],"version-history":[{"count":1,"href":"https:\/\/diariolajornada.com\/index.php?rest_route=\/wp\/v2\/posts\/213286\/revisions"}],"predecessor-version":[{"id":213288,"href":"https:\/\/diariolajornada.com\/index.php?rest_route=\/wp\/v2\/posts\/213286\/revisions\/213288"}],"wp:featuredmedia":[{"embeddable":true,"href":"https:\/\/diariolajornada.com\/index.php?rest_route=\/wp\/v2\/media\/213287"}],"wp:attachment":[{"href":"https:\/\/diariolajornada.com\/index.php?rest_route=%2Fwp%2Fv2%2Fmedia&parent=213286"}],"wp:term":[{"taxonomy":"category","embeddable":true,"href":"https:\/\/diariolajornada.com\/index.php?rest_route=%2Fwp%2Fv2%2Fcategories&post=213286"},{"taxonomy":"post_tag","embeddable":true,"href":"https:\/\/diariolajornada.com\/index.php?rest_route=%2Fwp%2Fv2%2Ftags&post=213286"}],"curies":[{"name":"wp","href":"https:\/\/api.w.org\/{rel}","templated":true}]}}