{"id":213289,"date":"2025-02-01T16:58:48","date_gmt":"2025-02-01T20:58:48","guid":{"rendered":"https:\/\/diariolajornada.com\/?p=213289"},"modified":"2025-02-01T16:59:06","modified_gmt":"2025-02-01T20:59:06","slug":"estudio-revela-que-antidepresivos-superan-al-placebo-al-tratar-el-trastorno-de-ansiedad-generalizada","status":"publish","type":"post","link":"https:\/\/diariolajornada.com\/?p=213289","title":{"rendered":"Estudio revela que antidepresivos superan al placebo al tratar el trastorno de ansiedad generalizada"},"content":{"rendered":"<p class=\"mb-0 text-primary\">Una investigaci\u00f3n confirma que los antidepresivos son eficaces para reducir los s\u00edntomas del trastorno de ansiedad generalizada (TAG) en ensayos cl\u00ednicos controlados.<\/p>\n<div class=\"post__meta\">Los antidepresivos son eficaces para tratar el trastorno de ansiedad generalizada, especialmente en aquellos pacientes que no responden bien a las terapias no farmacol\u00f3gicas. Foto: ABC, Infobae.<\/div>\n<div class=\"single__content\">\n<p>Una nueva\u00a0<strong><a title=\"revisi\u00f3n\" href=\"https:\/\/medicinaysaludpublica.com\/tags\/revision\/29250\">revisi\u00f3n<\/a><\/strong>\u00a0<strong><a title=\"Cochrane\" href=\"https:\/\/medicinaysaludpublica.com\/tags\/cochrane\/24035\">Cochrane<\/a><\/strong>\u00a0realizada por la Facultad de Medicina y Odontolog\u00eda Schulich de la Universidad Western, en Canad\u00e1, afirma la eficacia de los\u00a0<strong><a title=\"antidepresivos\" href=\"https:\/\/medicinaysaludpublica.com\/tags\/antidepresivos\/45847\">antidepresivos<\/a><\/strong>\u00a0para tratar los\u00a0<strong>s\u00edntomas de ansiedad generalizada.<\/strong><\/p>\n<p>Ahora bien, el\u00a0<strong><a title=\"trastorno de ansiedad generalizada\" href=\"https:\/\/medicinaysaludpublica.com\/tags\/trastorno-de-ansiedad-generalizada\/55158\">trastorno de ansiedad generalizada<\/a><\/strong>\u00a0afecta a millones de personas en todo el mundo y se caracteriza por una preocupaci\u00f3n excesiva e incontrolable sobre situaciones cotidianas.<\/p>\n<p><strong>con informacion del universal<\/strong><\/p>\n<\/div>\n","protected":false},"excerpt":{"rendered":"<p>Una investigaci\u00f3n confirma que los antidepresivos son eficaces para reducir los s\u00edntomas del trastorno de ansiedad generalizada (TAG) en ensayos cl\u00ednicos controlados. Los antidepresivos son eficaces para tratar el trastorno de ansiedad generalizada, especialmente en aquellos pacientes que no responden bien a las terapias no farmacol\u00f3gicas. Foto: ABC, Infobae. Una nueva\u00a0revisi\u00f3n\u00a0Cochrane\u00a0realizada por la Facultad de [&hellip;]<\/p>\n","protected":false},"author":12,"featured_media":213290,"comment_status":"open","ping_status":"open","sticky":false,"template":"","format":"standard","meta":{"footnotes":""},"categories":[13],"tags":[],"class_list":["post-213289","post","type-post","status-publish","format-standard","has-post-thumbnail","hentry","category-salud-y-bienestar"],"yoast_head":"<!-- This site is optimized with the Yoast SEO plugin v24.4 - https:\/\/yoast.com\/wordpress\/plugins\/seo\/ -->\n<title>Estudio revela que antidepresivos superan al placebo al tratar el trastorno de ansiedad generalizada - Diario La Jornada<\/title>\n<meta name=\"robots\" content=\"index, follow, max-snippet:-1, max-image-preview:large, max-video-preview:-1\" \/>\n<link rel=\"canonical\" href=\"https:\/\/diariolajornada.com\/?p=213289\" \/>\n<meta property=\"og:locale\" content=\"es_ES\" \/>\n<meta property=\"og:type\" content=\"article\" \/>\n<meta property=\"og:title\" content=\"Estudio revela que antidepresivos superan al placebo al tratar el trastorno de ansiedad generalizada - Diario La Jornada\" \/>\n<meta property=\"og:description\" content=\"Una investigaci\u00f3n confirma que los antidepresivos son eficaces para reducir los s\u00edntomas del trastorno de ansiedad generalizada (TAG) en ensayos cl\u00ednicos controlados. Los antidepresivos son eficaces para tratar el trastorno de ansiedad generalizada, especialmente en aquellos pacientes que no responden bien a las terapias no farmacol\u00f3gicas. Foto: ABC, Infobae. Una nueva\u00a0revisi\u00f3n\u00a0Cochrane\u00a0realizada por la Facultad de [&hellip;]\" \/>\n<meta property=\"og:url\" content=\"https:\/\/diariolajornada.com\/?p=213289\" \/>\n<meta property=\"og:site_name\" content=\"Diario La Jornada\" \/>\n<meta property=\"article:publisher\" content=\"https:\/\/es-la.facebook.com\/lajornadadeguarico\/\" \/>\n<meta property=\"article:published_time\" content=\"2025-02-01T20:58:48+00:00\" \/>\n<meta property=\"article:modified_time\" content=\"2025-02-01T20:59:06+00:00\" \/>\n<meta property=\"og:image\" content=\"https:\/\/diariolajornada.com\/wp-content\/uploads\/2025\/02\/sacs-20-152-4569faef-focus-0-0-688-364.jpg\" \/>\n\t<meta property=\"og:image:width\" content=\"688\" \/>\n\t<meta property=\"og:image:height\" content=\"364\" \/>\n\t<meta property=\"og:image:type\" content=\"image\/jpeg\" \/>\n<meta name=\"author\" content=\"Mar\u00eda Jos\u00e9\" \/>\n<meta name=\"twitter:card\" content=\"summary_large_image\" \/>\n<meta name=\"twitter:label1\" content=\"Escrito por\" \/>\n\t<meta name=\"twitter:data1\" content=\"Mar\u00eda Jos\u00e9\" \/>\n\t<meta name=\"twitter:label2\" content=\"Tiempo de lectura\" \/>\n\t<meta name=\"twitter:data2\" content=\"1 minuto\" \/>\n<script type=\"application\/ld+json\" class=\"yoast-schema-graph\">{\"@context\":\"https:\/\/schema.org\",\"@graph\":[{\"@type\":\"Article\",\"@id\":\"https:\/\/diariolajornada.com\/?p=213289#article\",\"isPartOf\":{\"@id\":\"https:\/\/diariolajornada.com\/?p=213289\"},\"author\":{\"name\":\"Mar\u00eda Jos\u00e9\",\"@id\":\"https:\/\/diariolajornada.com\/#\/schema\/person\/90cc0e247997c087cf100c09529d4df3\"},\"headline\":\"Estudio revela que antidepresivos superan al placebo al tratar el trastorno de ansiedad generalizada\",\"datePublished\":\"2025-02-01T20:58:48+00:00\",\"dateModified\":\"2025-02-01T20:59:06+00:00\",\"mainEntityOfPage\":{\"@id\":\"https:\/\/diariolajornada.com\/?p=213289\"},\"wordCount\":135,\"commentCount\":0,\"publisher\":{\"@id\":\"https:\/\/diariolajornada.com\/#organization\"},\"image\":{\"@id\":\"https:\/\/diariolajornada.com\/?p=213289#primaryimage\"},\"thumbnailUrl\":\"https:\/\/diariolajornada.com\/wp-content\/uploads\/2025\/02\/sacs-20-152-4569faef-focus-0-0-688-364.jpg\",\"articleSection\":[\"Salud y Bienestar\"],\"inLanguage\":\"es\",\"potentialAction\":[{\"@type\":\"CommentAction\",\"name\":\"Comment\",\"target\":[\"https:\/\/diariolajornada.com\/?p=213289#respond\"]}]},{\"@type\":\"WebPage\",\"@id\":\"https:\/\/diariolajornada.com\/?p=213289\",\"url\":\"https:\/\/diariolajornada.com\/?p=213289\",\"name\":\"Estudio revela que antidepresivos superan al placebo al tratar el trastorno de ansiedad generalizada - Diario La Jornada\",\"isPartOf\":{\"@id\":\"https:\/\/diariolajornada.com\/#website\"},\"primaryImageOfPage\":{\"@id\":\"https:\/\/diariolajornada.com\/?p=213289#primaryimage\"},\"image\":{\"@id\":\"https:\/\/diariolajornada.com\/?p=213289#primaryimage\"},\"thumbnailUrl\":\"https:\/\/diariolajornada.com\/wp-content\/uploads\/2025\/02\/sacs-20-152-4569faef-focus-0-0-688-364.jpg\",\"datePublished\":\"2025-02-01T20:58:48+00:00\",\"dateModified\":\"2025-02-01T20:59:06+00:00\",\"breadcrumb\":{\"@id\":\"https:\/\/diariolajornada.com\/?p=213289#breadcrumb\"},\"inLanguage\":\"es\",\"potentialAction\":[{\"@type\":\"ReadAction\",\"target\":[\"https:\/\/diariolajornada.com\/?p=213289\"]}]},{\"@type\":\"ImageObject\",\"inLanguage\":\"es\",\"@id\":\"https:\/\/diariolajornada.com\/?p=213289#primaryimage\",\"url\":\"https:\/\/diariolajornada.com\/wp-content\/uploads\/2025\/02\/sacs-20-152-4569faef-focus-0-0-688-364.jpg\",\"contentUrl\":\"https:\/\/diariolajornada.com\/wp-content\/uploads\/2025\/02\/sacs-20-152-4569faef-focus-0-0-688-364.jpg\",\"width\":688,\"height\":364},{\"@type\":\"BreadcrumbList\",\"@id\":\"https:\/\/diariolajornada.com\/?p=213289#breadcrumb\",\"itemListElement\":[{\"@type\":\"ListItem\",\"position\":1,\"name\":\"Portada\",\"item\":\"https:\/\/diariolajornada.com\/\"},{\"@type\":\"ListItem\",\"position\":2,\"name\":\"Estudio revela que antidepresivos superan al placebo al tratar el trastorno de ansiedad generalizada\"}]},{\"@type\":\"WebSite\",\"@id\":\"https:\/\/diariolajornada.com\/#website\",\"url\":\"https:\/\/diariolajornada.com\/\",\"name\":\"Diario La Jornada\",\"description\":\"Noticias Nacionales Regionales e Internacionales\",\"publisher\":{\"@id\":\"https:\/\/diariolajornada.com\/#organization\"},\"potentialAction\":[{\"@type\":\"SearchAction\",\"target\":{\"@type\":\"EntryPoint\",\"urlTemplate\":\"https:\/\/diariolajornada.com\/?s={search_term_string}\"},\"query-input\":{\"@type\":\"PropertyValueSpecification\",\"valueRequired\":true,\"valueName\":\"search_term_string\"}}],\"inLanguage\":\"es\"},{\"@type\":\"Organization\",\"@id\":\"https:\/\/diariolajornada.com\/#organization\",\"name\":\"Diario La Jornada\",\"url\":\"https:\/\/diariolajornada.com\/\",\"logo\":{\"@type\":\"ImageObject\",\"inLanguage\":\"es\",\"@id\":\"https:\/\/diariolajornada.com\/#\/schema\/logo\/image\/\",\"url\":\"https:\/\/diariolajornada.com\/wp-content\/uploads\/2021\/06\/LOGO-JORNADA-SVG-01-02.svg\",\"contentUrl\":\"https:\/\/diariolajornada.com\/wp-content\/uploads\/2021\/06\/LOGO-JORNADA-SVG-01-02.svg\",\"width\":350,\"height\":100,\"caption\":\"Diario La Jornada\"},\"image\":{\"@id\":\"https:\/\/diariolajornada.com\/#\/schema\/logo\/image\/\"},\"sameAs\":[\"https:\/\/es-la.facebook.com\/lajornadadeguarico\/\",\"https:\/\/www.instagram.com\/diariojornada\/?hl=es\"]},{\"@type\":\"Person\",\"@id\":\"https:\/\/diariolajornada.com\/#\/schema\/person\/90cc0e247997c087cf100c09529d4df3\",\"name\":\"Mar\u00eda Jos\u00e9\",\"image\":{\"@type\":\"ImageObject\",\"inLanguage\":\"es\",\"@id\":\"https:\/\/diariolajornada.com\/#\/schema\/person\/image\/\",\"url\":\"https:\/\/secure.gravatar.com\/avatar\/0545fc2db60a143160c9808fae73f3d4cfc003e1d4262cc3c489690180d7c291?s=96&d=mm&r=g\",\"contentUrl\":\"https:\/\/secure.gravatar.com\/avatar\/0545fc2db60a143160c9808fae73f3d4cfc003e1d4262cc3c489690180d7c291?s=96&d=mm&r=g\",\"caption\":\"Mar\u00eda Jos\u00e9\"},\"url\":\"https:\/\/diariolajornada.com\/?author=12\"}]}<\/script>\n<!-- \/ Yoast SEO plugin. -->","yoast_head_json":{"title":"Estudio revela que antidepresivos superan al placebo al tratar el trastorno de ansiedad generalizada - Diario La Jornada","robots":{"index":"index","follow":"follow","max-snippet":"max-snippet:-1","max-image-preview":"max-image-preview:large","max-video-preview":"max-video-preview:-1"},"canonical":"https:\/\/diariolajornada.com\/?p=213289","og_locale":"es_ES","og_type":"article","og_title":"Estudio revela que antidepresivos superan al placebo al tratar el trastorno de ansiedad generalizada - Diario La Jornada","og_description":"Una investigaci\u00f3n confirma que los antidepresivos son eficaces para reducir los s\u00edntomas del trastorno de ansiedad generalizada (TAG) en ensayos cl\u00ednicos controlados. Los antidepresivos son eficaces para tratar el trastorno de ansiedad generalizada, especialmente en aquellos pacientes que no responden bien a las terapias no farmacol\u00f3gicas. Foto: ABC, Infobae. Una nueva\u00a0revisi\u00f3n\u00a0Cochrane\u00a0realizada por la Facultad de [&hellip;]","og_url":"https:\/\/diariolajornada.com\/?p=213289","og_site_name":"Diario La Jornada","article_publisher":"https:\/\/es-la.facebook.com\/lajornadadeguarico\/","article_published_time":"2025-02-01T20:58:48+00:00","article_modified_time":"2025-02-01T20:59:06+00:00","og_image":[{"width":688,"height":364,"url":"https:\/\/diariolajornada.com\/wp-content\/uploads\/2025\/02\/sacs-20-152-4569faef-focus-0-0-688-364.jpg","type":"image\/jpeg"}],"author":"Mar\u00eda Jos\u00e9","twitter_card":"summary_large_image","twitter_misc":{"Escrito por":"Mar\u00eda Jos\u00e9","Tiempo de lectura":"1 minuto"},"schema":{"@context":"https:\/\/schema.org","@graph":[{"@type":"Article","@id":"https:\/\/diariolajornada.com\/?p=213289#article","isPartOf":{"@id":"https:\/\/diariolajornada.com\/?p=213289"},"author":{"name":"Mar\u00eda Jos\u00e9","@id":"https:\/\/diariolajornada.com\/#\/schema\/person\/90cc0e247997c087cf100c09529d4df3"},"headline":"Estudio revela que antidepresivos superan al placebo al tratar el trastorno de ansiedad generalizada","datePublished":"2025-02-01T20:58:48+00:00","dateModified":"2025-02-01T20:59:06+00:00","mainEntityOfPage":{"@id":"https:\/\/diariolajornada.com\/?p=213289"},"wordCount":135,"commentCount":0,"publisher":{"@id":"https:\/\/diariolajornada.com\/#organization"},"image":{"@id":"https:\/\/diariolajornada.com\/?p=213289#primaryimage"},"thumbnailUrl":"https:\/\/diariolajornada.com\/wp-content\/uploads\/2025\/02\/sacs-20-152-4569faef-focus-0-0-688-364.jpg","articleSection":["Salud y Bienestar"],"inLanguage":"es","potentialAction":[{"@type":"CommentAction","name":"Comment","target":["https:\/\/diariolajornada.com\/?p=213289#respond"]}]},{"@type":"WebPage","@id":"https:\/\/diariolajornada.com\/?p=213289","url":"https:\/\/diariolajornada.com\/?p=213289","name":"Estudio revela que antidepresivos superan al placebo al tratar el trastorno de ansiedad generalizada - Diario La Jornada","isPartOf":{"@id":"https:\/\/diariolajornada.com\/#website"},"primaryImageOfPage":{"@id":"https:\/\/diariolajornada.com\/?p=213289#primaryimage"},"image":{"@id":"https:\/\/diariolajornada.com\/?p=213289#primaryimage"},"thumbnailUrl":"https:\/\/diariolajornada.com\/wp-content\/uploads\/2025\/02\/sacs-20-152-4569faef-focus-0-0-688-364.jpg","datePublished":"2025-02-01T20:58:48+00:00","dateModified":"2025-02-01T20:59:06+00:00","breadcrumb":{"@id":"https:\/\/diariolajornada.com\/?p=213289#breadcrumb"},"inLanguage":"es","potentialAction":[{"@type":"ReadAction","target":["https:\/\/diariolajornada.com\/?p=213289"]}]},{"@type":"ImageObject","inLanguage":"es","@id":"https:\/\/diariolajornada.com\/?p=213289#primaryimage","url":"https:\/\/diariolajornada.com\/wp-content\/uploads\/2025\/02\/sacs-20-152-4569faef-focus-0-0-688-364.jpg","contentUrl":"https:\/\/diariolajornada.com\/wp-content\/uploads\/2025\/02\/sacs-20-152-4569faef-focus-0-0-688-364.jpg","width":688,"height":364},{"@type":"BreadcrumbList","@id":"https:\/\/diariolajornada.com\/?p=213289#breadcrumb","itemListElement":[{"@type":"ListItem","position":1,"name":"Portada","item":"https:\/\/diariolajornada.com\/"},{"@type":"ListItem","position":2,"name":"Estudio revela que antidepresivos superan al placebo al tratar el trastorno de ansiedad generalizada"}]},{"@type":"WebSite","@id":"https:\/\/diariolajornada.com\/#website","url":"https:\/\/diariolajornada.com\/","name":"Diario La Jornada","description":"Noticias Nacionales Regionales e Internacionales","publisher":{"@id":"https:\/\/diariolajornada.com\/#organization"},"potentialAction":[{"@type":"SearchAction","target":{"@type":"EntryPoint","urlTemplate":"https:\/\/diariolajornada.com\/?s={search_term_string}"},"query-input":{"@type":"PropertyValueSpecification","valueRequired":true,"valueName":"search_term_string"}}],"inLanguage":"es"},{"@type":"Organization","@id":"https:\/\/diariolajornada.com\/#organization","name":"Diario La Jornada","url":"https:\/\/diariolajornada.com\/","logo":{"@type":"ImageObject","inLanguage":"es","@id":"https:\/\/diariolajornada.com\/#\/schema\/logo\/image\/","url":"https:\/\/diariolajornada.com\/wp-content\/uploads\/2021\/06\/LOGO-JORNADA-SVG-01-02.svg","contentUrl":"https:\/\/diariolajornada.com\/wp-content\/uploads\/2021\/06\/LOGO-JORNADA-SVG-01-02.svg","width":350,"height":100,"caption":"Diario La Jornada"},"image":{"@id":"https:\/\/diariolajornada.com\/#\/schema\/logo\/image\/"},"sameAs":["https:\/\/es-la.facebook.com\/lajornadadeguarico\/","https:\/\/www.instagram.com\/diariojornada\/?hl=es"]},{"@type":"Person","@id":"https:\/\/diariolajornada.com\/#\/schema\/person\/90cc0e247997c087cf100c09529d4df3","name":"Mar\u00eda Jos\u00e9","image":{"@type":"ImageObject","inLanguage":"es","@id":"https:\/\/diariolajornada.com\/#\/schema\/person\/image\/","url":"https:\/\/secure.gravatar.com\/avatar\/0545fc2db60a143160c9808fae73f3d4cfc003e1d4262cc3c489690180d7c291?s=96&d=mm&r=g","contentUrl":"https:\/\/secure.gravatar.com\/avatar\/0545fc2db60a143160c9808fae73f3d4cfc003e1d4262cc3c489690180d7c291?s=96&d=mm&r=g","caption":"Mar\u00eda Jos\u00e9"},"url":"https:\/\/diariolajornada.com\/?author=12"}]}},"_links":{"self":[{"href":"https:\/\/diariolajornada.com\/index.php?rest_route=\/wp\/v2\/posts\/213289","targetHints":{"allow":["GET"]}}],"collection":[{"href":"https:\/\/diariolajornada.com\/index.php?rest_route=\/wp\/v2\/posts"}],"about":[{"href":"https:\/\/diariolajornada.com\/index.php?rest_route=\/wp\/v2\/types\/post"}],"author":[{"embeddable":true,"href":"https:\/\/diariolajornada.com\/index.php?rest_route=\/wp\/v2\/users\/12"}],"replies":[{"embeddable":true,"href":"https:\/\/diariolajornada.com\/index.php?rest_route=%2Fwp%2Fv2%2Fcomments&post=213289"}],"version-history":[{"count":2,"href":"https:\/\/diariolajornada.com\/index.php?rest_route=\/wp\/v2\/posts\/213289\/revisions"}],"predecessor-version":[{"id":213292,"href":"https:\/\/diariolajornada.com\/index.php?rest_route=\/wp\/v2\/posts\/213289\/revisions\/213292"}],"wp:featuredmedia":[{"embeddable":true,"href":"https:\/\/diariolajornada.com\/index.php?rest_route=\/wp\/v2\/media\/213290"}],"wp:attachment":[{"href":"https:\/\/diariolajornada.com\/index.php?rest_route=%2Fwp%2Fv2%2Fmedia&parent=213289"}],"wp:term":[{"taxonomy":"category","embeddable":true,"href":"https:\/\/diariolajornada.com\/index.php?rest_route=%2Fwp%2Fv2%2Fcategories&post=213289"},{"taxonomy":"post_tag","embeddable":true,"href":"https:\/\/diariolajornada.com\/index.php?rest_route=%2Fwp%2Fv2%2Ftags&post=213289"}],"curies":[{"name":"wp","href":"https:\/\/api.w.org\/{rel}","templated":true}]}}