{"id":213293,"date":"2025-02-01T17:07:32","date_gmt":"2025-02-01T21:07:32","guid":{"rendered":"https:\/\/diariolajornada.com\/?p=213293"},"modified":"2025-02-01T17:08:14","modified_gmt":"2025-02-01T21:08:14","slug":"cardenales-de-lara-ante-la-historia-seran-capaces-de-traer-el-noveno-titulo-para-venezuela-en-la-serie-del-caribe","status":"publish","type":"post","link":"https:\/\/diariolajornada.com\/?p=213293","title":{"rendered":"\u00a1Cardenales de Lara ante la historia! \u00bfSer\u00e1n capaces de traer el noveno t\u00edtulo para Venezuela en la Serie del Caribe?"},"content":{"rendered":"<div class=\"item is-12\">\n<div class=\"articulo__intro\">\n<p>La sorpresa es Jap\u00f3n, que debutar\u00e1 en el torneo con un equipo de exhibici\u00f3n llamado Japan Breeze<\/p>\n<\/div>\n<div class=\"articulo__autorfecha\">\n<div class=\"autor\">El <strong>b\u00e9isbol venezolano<\/strong>\u00a0est\u00e1 de fiesta, pero la gran interrogante es:\u00a0<strong>\u00bfPodr\u00e1 Cardenales de Lara romper la mala racha y consagrarse en la Serie del Caribe?<\/strong>\u00a0Tras la\u00a0<strong>haza\u00f1a de Tiburones de La Guaira en 2024<\/strong>, la presi\u00f3n sobre los\u00a0<strong>crepusculares<\/strong>\u00a0es m\u00e1s grande que nunca.<\/div>\n<\/div>\n<\/div>\n<div class=\"item is-body\">\n<article class=\"articulo\" data-id=\"679d1cdf9c6db30014996ce9\">\n<div class=\"articulo__container\">\n<div class=\"articulo__body\">\n<div class=\"articulo__cuerpo\">\n<div class=\"relacionadas\"><\/div>\n<p><strong>Carlos Miguel Oropeza<\/strong>, gerente del equipo, fue contundente:\u00a0<em>\u00abLa misi\u00f3n es traernos la Serie del Caribe y ojal\u00e1 podamos darle esa alegr\u00eda a Venezuela\u00bb<\/em>. Pero, \u00bfes suficiente el optimismo para vencer a las\u00a0<strong>potencias del torneo?<\/strong><\/p>\n<div class=\"container-spot\" data-tipo=\"tipo_desktop\" data-pos=\"AMP_P1_cuerpo\">\n<div id=\"flat2_n\">\n<div class=\"ngb_box\">\n<div id=\"ngb_si4468\" class=\"ngb_ad ngb_si\" data-id=\"4468\" data-google-query-id=\"CIPOr42vo4sDFYcXigMdUUErOg\">\n<div id=\"google_ads_iframe_\/22095326493\/meridiano_flat2_0__container__\">Un reto may\u00fasculo para Cardenales<\/div>\n<\/div>\n<\/div>\n<\/div>\n<\/div>\n<p><strong>Rep\u00fablica Dominicana<\/strong>\u00a0sigue siendo el\u00a0<strong>due\u00f1o del Caribe<\/strong>\u00a0con\u00a0<strong>22 t\u00edtulos<\/strong>. Su representante,\u00a0<strong>Leones del Escogido<\/strong>, ha sido\u00a0<strong>cuatro veces campe\u00f3n<\/strong>\u00a0y llega dirigido por la\u00a0<strong>leyenda Albert Pujols<\/strong>.<\/p>\n<div id=\"carodaOutstream563999Container\" class=\"carodaContainer\">\n<div id=\"carodaOutstream563999\" class=\"carodaOutstream\"><strong>Puerto Rico<\/strong>\u00a0tambi\u00e9n tiene historia.\u00a0<strong>Indios de Mayagez<\/strong>, con\u00a0<strong>dos trofeos<\/strong>\u00a0en su haber, buscar\u00e1 seguir ampliando los\u00a0<strong>16 campeonatos<\/strong>\u00a0de la isla.<\/div>\n<\/div>\n<div class=\"container-spot\" data-tipo=\"tipo_desktop\" data-pos=\"AMP_P2_cuerpo\">\n<div id=\"flat3_n\">\n<div class=\"ngb_box\">\n<div id=\"ngb_si4473\" class=\"ngb_ad ngb_si\" data-id=\"4473\" data-google-query-id=\"CILOr42vo4sDFYcXigMdUUErOg\">\n<div id=\"google_ads_iframe_\/22095326493\/meridiano_flat3_0__container__\">Vive la emoci\u00f3n de la Serie del Caribe al m\u00e1ximo con <a class=\"link\" href=\"https:\/\/sellatuparley.com\/\" target=\"_blank\" rel=\"noopener\">Sellatuparley.com<\/a>. Haz tus pron\u00f3sticos, apuesta por los Cardenales de Lara y demuestra que tu pasi\u00f3n por el b\u00e9isbol tambi\u00e9n puede darte grandes ganancias.<\/div>\n<\/div>\n<\/div>\n<\/div>\n<\/div>\n<p>La sorpresa es\u00a0<strong>Jap\u00f3n<\/strong>, que debutar\u00e1 en el torneo con un equipo de exhibici\u00f3n llamado\u00a0<strong>Japan Breeze<\/strong>. Integrado por jugadores de\u00a0<strong>tres ligas<\/strong>, promete ser un rival diferente.<\/p>\n<p><strong>con informacion del universal<\/strong><\/p>\n<\/div>\n<\/div>\n<\/div>\n<\/article>\n<\/div>\n","protected":false},"excerpt":{"rendered":"<p>La sorpresa es Jap\u00f3n, que debutar\u00e1 en el torneo con un equipo de exhibici\u00f3n llamado Japan Breeze El b\u00e9isbol venezolano\u00a0est\u00e1 de fiesta, pero la gran interrogante es:\u00a0\u00bfPodr\u00e1 Cardenales de Lara romper la mala racha y consagrarse en la Serie del Caribe?\u00a0Tras la\u00a0haza\u00f1a de Tiburones de La Guaira en 2024, la presi\u00f3n sobre los\u00a0crepusculares\u00a0es m\u00e1s grande [&hellip;]<\/p>\n","protected":false},"author":12,"featured_media":213295,"comment_status":"open","ping_status":"open","sticky":false,"template":"","format":"standard","meta":{"footnotes":""},"categories":[11],"tags":[],"class_list":["post-213293","post","type-post","status-publish","format-standard","has-post-thumbnail","hentry","category-deportes"],"yoast_head":"<!-- This site is optimized with the Yoast SEO plugin v24.4 - https:\/\/yoast.com\/wordpress\/plugins\/seo\/ -->\n<title>\u00a1Cardenales de Lara ante la historia! \u00bfSer\u00e1n capaces de traer el noveno t\u00edtulo para Venezuela en la Serie del Caribe? - Diario La Jornada<\/title>\n<meta name=\"robots\" content=\"index, follow, max-snippet:-1, max-image-preview:large, max-video-preview:-1\" \/>\n<link rel=\"canonical\" href=\"https:\/\/diariolajornada.com\/?p=213293\" \/>\n<meta property=\"og:locale\" content=\"es_ES\" \/>\n<meta property=\"og:type\" content=\"article\" \/>\n<meta property=\"og:title\" content=\"\u00a1Cardenales de Lara ante la historia! \u00bfSer\u00e1n capaces de traer el noveno t\u00edtulo para Venezuela en la Serie del Caribe? - Diario La Jornada\" \/>\n<meta property=\"og:description\" content=\"La sorpresa es Jap\u00f3n, que debutar\u00e1 en el torneo con un equipo de exhibici\u00f3n llamado Japan Breeze El b\u00e9isbol venezolano\u00a0est\u00e1 de fiesta, pero la gran interrogante es:\u00a0\u00bfPodr\u00e1 Cardenales de Lara romper la mala racha y consagrarse en la Serie del Caribe?\u00a0Tras la\u00a0haza\u00f1a de Tiburones de La Guaira en 2024, la presi\u00f3n sobre los\u00a0crepusculares\u00a0es m\u00e1s grande [&hellip;]\" \/>\n<meta property=\"og:url\" content=\"https:\/\/diariolajornada.com\/?p=213293\" \/>\n<meta property=\"og:site_name\" content=\"Diario La Jornada\" \/>\n<meta property=\"article:publisher\" content=\"https:\/\/es-la.facebook.com\/lajornadadeguarico\/\" \/>\n<meta property=\"article:published_time\" content=\"2025-02-01T21:07:32+00:00\" \/>\n<meta property=\"article:modified_time\" content=\"2025-02-01T21:08:14+00:00\" \/>\n<meta property=\"og:image\" content=\"https:\/\/diariolajornada.com\/wp-content\/uploads\/2025\/02\/1738349950647.png\" \/>\n\t<meta property=\"og:image:width\" content=\"1155\" \/>\n\t<meta property=\"og:image:height\" content=\"650\" \/>\n\t<meta property=\"og:image:type\" content=\"image\/png\" \/>\n<meta name=\"author\" content=\"Mar\u00eda Jos\u00e9\" \/>\n<meta name=\"twitter:card\" content=\"summary_large_image\" \/>\n<meta name=\"twitter:label1\" content=\"Escrito por\" \/>\n\t<meta name=\"twitter:data1\" content=\"Mar\u00eda Jos\u00e9\" \/>\n\t<meta name=\"twitter:label2\" content=\"Tiempo de lectura\" \/>\n\t<meta name=\"twitter:data2\" content=\"1 minuto\" \/>\n<script type=\"application\/ld+json\" class=\"yoast-schema-graph\">{\"@context\":\"https:\/\/schema.org\",\"@graph\":[{\"@type\":\"Article\",\"@id\":\"https:\/\/diariolajornada.com\/?p=213293#article\",\"isPartOf\":{\"@id\":\"https:\/\/diariolajornada.com\/?p=213293\"},\"author\":{\"name\":\"Mar\u00eda Jos\u00e9\",\"@id\":\"https:\/\/diariolajornada.com\/#\/schema\/person\/90cc0e247997c087cf100c09529d4df3\"},\"headline\":\"\u00a1Cardenales de Lara ante la historia! \u00bfSer\u00e1n capaces de traer el noveno t\u00edtulo para Venezuela en la Serie del Caribe?\",\"datePublished\":\"2025-02-01T21:07:32+00:00\",\"dateModified\":\"2025-02-01T21:08:14+00:00\",\"mainEntityOfPage\":{\"@id\":\"https:\/\/diariolajornada.com\/?p=213293\"},\"wordCount\":264,\"commentCount\":0,\"publisher\":{\"@id\":\"https:\/\/diariolajornada.com\/#organization\"},\"image\":{\"@id\":\"https:\/\/diariolajornada.com\/?p=213293#primaryimage\"},\"thumbnailUrl\":\"https:\/\/diariolajornada.com\/wp-content\/uploads\/2025\/02\/1738349950647.png\",\"articleSection\":[\"Deportes\"],\"inLanguage\":\"es\",\"potentialAction\":[{\"@type\":\"CommentAction\",\"name\":\"Comment\",\"target\":[\"https:\/\/diariolajornada.com\/?p=213293#respond\"]}]},{\"@type\":\"WebPage\",\"@id\":\"https:\/\/diariolajornada.com\/?p=213293\",\"url\":\"https:\/\/diariolajornada.com\/?p=213293\",\"name\":\"\u00a1Cardenales de Lara ante la historia! \u00bfSer\u00e1n capaces de traer el noveno t\u00edtulo para Venezuela en la Serie del Caribe? - Diario La Jornada\",\"isPartOf\":{\"@id\":\"https:\/\/diariolajornada.com\/#website\"},\"primaryImageOfPage\":{\"@id\":\"https:\/\/diariolajornada.com\/?p=213293#primaryimage\"},\"image\":{\"@id\":\"https:\/\/diariolajornada.com\/?p=213293#primaryimage\"},\"thumbnailUrl\":\"https:\/\/diariolajornada.com\/wp-content\/uploads\/2025\/02\/1738349950647.png\",\"datePublished\":\"2025-02-01T21:07:32+00:00\",\"dateModified\":\"2025-02-01T21:08:14+00:00\",\"breadcrumb\":{\"@id\":\"https:\/\/diariolajornada.com\/?p=213293#breadcrumb\"},\"inLanguage\":\"es\",\"potentialAction\":[{\"@type\":\"ReadAction\",\"target\":[\"https:\/\/diariolajornada.com\/?p=213293\"]}]},{\"@type\":\"ImageObject\",\"inLanguage\":\"es\",\"@id\":\"https:\/\/diariolajornada.com\/?p=213293#primaryimage\",\"url\":\"https:\/\/diariolajornada.com\/wp-content\/uploads\/2025\/02\/1738349950647.png\",\"contentUrl\":\"https:\/\/diariolajornada.com\/wp-content\/uploads\/2025\/02\/1738349950647.png\",\"width\":1155,\"height\":650},{\"@type\":\"BreadcrumbList\",\"@id\":\"https:\/\/diariolajornada.com\/?p=213293#breadcrumb\",\"itemListElement\":[{\"@type\":\"ListItem\",\"position\":1,\"name\":\"Portada\",\"item\":\"https:\/\/diariolajornada.com\/\"},{\"@type\":\"ListItem\",\"position\":2,\"name\":\"\u00a1Cardenales de Lara ante la historia! \u00bfSer\u00e1n capaces de traer el noveno t\u00edtulo para Venezuela en la Serie del Caribe?\"}]},{\"@type\":\"WebSite\",\"@id\":\"https:\/\/diariolajornada.com\/#website\",\"url\":\"https:\/\/diariolajornada.com\/\",\"name\":\"Diario La Jornada\",\"description\":\"Noticias Nacionales Regionales e Internacionales\",\"publisher\":{\"@id\":\"https:\/\/diariolajornada.com\/#organization\"},\"potentialAction\":[{\"@type\":\"SearchAction\",\"target\":{\"@type\":\"EntryPoint\",\"urlTemplate\":\"https:\/\/diariolajornada.com\/?s={search_term_string}\"},\"query-input\":{\"@type\":\"PropertyValueSpecification\",\"valueRequired\":true,\"valueName\":\"search_term_string\"}}],\"inLanguage\":\"es\"},{\"@type\":\"Organization\",\"@id\":\"https:\/\/diariolajornada.com\/#organization\",\"name\":\"Diario La Jornada\",\"url\":\"https:\/\/diariolajornada.com\/\",\"logo\":{\"@type\":\"ImageObject\",\"inLanguage\":\"es\",\"@id\":\"https:\/\/diariolajornada.com\/#\/schema\/logo\/image\/\",\"url\":\"https:\/\/diariolajornada.com\/wp-content\/uploads\/2021\/06\/LOGO-JORNADA-SVG-01-02.svg\",\"contentUrl\":\"https:\/\/diariolajornada.com\/wp-content\/uploads\/2021\/06\/LOGO-JORNADA-SVG-01-02.svg\",\"width\":350,\"height\":100,\"caption\":\"Diario La Jornada\"},\"image\":{\"@id\":\"https:\/\/diariolajornada.com\/#\/schema\/logo\/image\/\"},\"sameAs\":[\"https:\/\/es-la.facebook.com\/lajornadadeguarico\/\",\"https:\/\/www.instagram.com\/diariojornada\/?hl=es\"]},{\"@type\":\"Person\",\"@id\":\"https:\/\/diariolajornada.com\/#\/schema\/person\/90cc0e247997c087cf100c09529d4df3\",\"name\":\"Mar\u00eda Jos\u00e9\",\"image\":{\"@type\":\"ImageObject\",\"inLanguage\":\"es\",\"@id\":\"https:\/\/diariolajornada.com\/#\/schema\/person\/image\/\",\"url\":\"https:\/\/secure.gravatar.com\/avatar\/0545fc2db60a143160c9808fae73f3d4cfc003e1d4262cc3c489690180d7c291?s=96&d=mm&r=g\",\"contentUrl\":\"https:\/\/secure.gravatar.com\/avatar\/0545fc2db60a143160c9808fae73f3d4cfc003e1d4262cc3c489690180d7c291?s=96&d=mm&r=g\",\"caption\":\"Mar\u00eda Jos\u00e9\"},\"url\":\"https:\/\/diariolajornada.com\/?author=12\"}]}<\/script>\n<!-- \/ Yoast SEO plugin. -->","yoast_head_json":{"title":"\u00a1Cardenales de Lara ante la historia! \u00bfSer\u00e1n capaces de traer el noveno t\u00edtulo para Venezuela en la Serie del Caribe? - Diario La Jornada","robots":{"index":"index","follow":"follow","max-snippet":"max-snippet:-1","max-image-preview":"max-image-preview:large","max-video-preview":"max-video-preview:-1"},"canonical":"https:\/\/diariolajornada.com\/?p=213293","og_locale":"es_ES","og_type":"article","og_title":"\u00a1Cardenales de Lara ante la historia! \u00bfSer\u00e1n capaces de traer el noveno t\u00edtulo para Venezuela en la Serie del Caribe? - Diario La Jornada","og_description":"La sorpresa es Jap\u00f3n, que debutar\u00e1 en el torneo con un equipo de exhibici\u00f3n llamado Japan Breeze El b\u00e9isbol venezolano\u00a0est\u00e1 de fiesta, pero la gran interrogante es:\u00a0\u00bfPodr\u00e1 Cardenales de Lara romper la mala racha y consagrarse en la Serie del Caribe?\u00a0Tras la\u00a0haza\u00f1a de Tiburones de La Guaira en 2024, la presi\u00f3n sobre los\u00a0crepusculares\u00a0es m\u00e1s grande [&hellip;]","og_url":"https:\/\/diariolajornada.com\/?p=213293","og_site_name":"Diario La Jornada","article_publisher":"https:\/\/es-la.facebook.com\/lajornadadeguarico\/","article_published_time":"2025-02-01T21:07:32+00:00","article_modified_time":"2025-02-01T21:08:14+00:00","og_image":[{"width":1155,"height":650,"url":"https:\/\/diariolajornada.com\/wp-content\/uploads\/2025\/02\/1738349950647.png","type":"image\/png"}],"author":"Mar\u00eda Jos\u00e9","twitter_card":"summary_large_image","twitter_misc":{"Escrito por":"Mar\u00eda Jos\u00e9","Tiempo de lectura":"1 minuto"},"schema":{"@context":"https:\/\/schema.org","@graph":[{"@type":"Article","@id":"https:\/\/diariolajornada.com\/?p=213293#article","isPartOf":{"@id":"https:\/\/diariolajornada.com\/?p=213293"},"author":{"name":"Mar\u00eda Jos\u00e9","@id":"https:\/\/diariolajornada.com\/#\/schema\/person\/90cc0e247997c087cf100c09529d4df3"},"headline":"\u00a1Cardenales de Lara ante la historia! \u00bfSer\u00e1n capaces de traer el noveno t\u00edtulo para Venezuela en la Serie del Caribe?","datePublished":"2025-02-01T21:07:32+00:00","dateModified":"2025-02-01T21:08:14+00:00","mainEntityOfPage":{"@id":"https:\/\/diariolajornada.com\/?p=213293"},"wordCount":264,"commentCount":0,"publisher":{"@id":"https:\/\/diariolajornada.com\/#organization"},"image":{"@id":"https:\/\/diariolajornada.com\/?p=213293#primaryimage"},"thumbnailUrl":"https:\/\/diariolajornada.com\/wp-content\/uploads\/2025\/02\/1738349950647.png","articleSection":["Deportes"],"inLanguage":"es","potentialAction":[{"@type":"CommentAction","name":"Comment","target":["https:\/\/diariolajornada.com\/?p=213293#respond"]}]},{"@type":"WebPage","@id":"https:\/\/diariolajornada.com\/?p=213293","url":"https:\/\/diariolajornada.com\/?p=213293","name":"\u00a1Cardenales de Lara ante la historia! \u00bfSer\u00e1n capaces de traer el noveno t\u00edtulo para Venezuela en la Serie del Caribe? - Diario La Jornada","isPartOf":{"@id":"https:\/\/diariolajornada.com\/#website"},"primaryImageOfPage":{"@id":"https:\/\/diariolajornada.com\/?p=213293#primaryimage"},"image":{"@id":"https:\/\/diariolajornada.com\/?p=213293#primaryimage"},"thumbnailUrl":"https:\/\/diariolajornada.com\/wp-content\/uploads\/2025\/02\/1738349950647.png","datePublished":"2025-02-01T21:07:32+00:00","dateModified":"2025-02-01T21:08:14+00:00","breadcrumb":{"@id":"https:\/\/diariolajornada.com\/?p=213293#breadcrumb"},"inLanguage":"es","potentialAction":[{"@type":"ReadAction","target":["https:\/\/diariolajornada.com\/?p=213293"]}]},{"@type":"ImageObject","inLanguage":"es","@id":"https:\/\/diariolajornada.com\/?p=213293#primaryimage","url":"https:\/\/diariolajornada.com\/wp-content\/uploads\/2025\/02\/1738349950647.png","contentUrl":"https:\/\/diariolajornada.com\/wp-content\/uploads\/2025\/02\/1738349950647.png","width":1155,"height":650},{"@type":"BreadcrumbList","@id":"https:\/\/diariolajornada.com\/?p=213293#breadcrumb","itemListElement":[{"@type":"ListItem","position":1,"name":"Portada","item":"https:\/\/diariolajornada.com\/"},{"@type":"ListItem","position":2,"name":"\u00a1Cardenales de Lara ante la historia! \u00bfSer\u00e1n capaces de traer el noveno t\u00edtulo para Venezuela en la Serie del Caribe?"}]},{"@type":"WebSite","@id":"https:\/\/diariolajornada.com\/#website","url":"https:\/\/diariolajornada.com\/","name":"Diario La Jornada","description":"Noticias Nacionales Regionales e Internacionales","publisher":{"@id":"https:\/\/diariolajornada.com\/#organization"},"potentialAction":[{"@type":"SearchAction","target":{"@type":"EntryPoint","urlTemplate":"https:\/\/diariolajornada.com\/?s={search_term_string}"},"query-input":{"@type":"PropertyValueSpecification","valueRequired":true,"valueName":"search_term_string"}}],"inLanguage":"es"},{"@type":"Organization","@id":"https:\/\/diariolajornada.com\/#organization","name":"Diario La Jornada","url":"https:\/\/diariolajornada.com\/","logo":{"@type":"ImageObject","inLanguage":"es","@id":"https:\/\/diariolajornada.com\/#\/schema\/logo\/image\/","url":"https:\/\/diariolajornada.com\/wp-content\/uploads\/2021\/06\/LOGO-JORNADA-SVG-01-02.svg","contentUrl":"https:\/\/diariolajornada.com\/wp-content\/uploads\/2021\/06\/LOGO-JORNADA-SVG-01-02.svg","width":350,"height":100,"caption":"Diario La Jornada"},"image":{"@id":"https:\/\/diariolajornada.com\/#\/schema\/logo\/image\/"},"sameAs":["https:\/\/es-la.facebook.com\/lajornadadeguarico\/","https:\/\/www.instagram.com\/diariojornada\/?hl=es"]},{"@type":"Person","@id":"https:\/\/diariolajornada.com\/#\/schema\/person\/90cc0e247997c087cf100c09529d4df3","name":"Mar\u00eda Jos\u00e9","image":{"@type":"ImageObject","inLanguage":"es","@id":"https:\/\/diariolajornada.com\/#\/schema\/person\/image\/","url":"https:\/\/secure.gravatar.com\/avatar\/0545fc2db60a143160c9808fae73f3d4cfc003e1d4262cc3c489690180d7c291?s=96&d=mm&r=g","contentUrl":"https:\/\/secure.gravatar.com\/avatar\/0545fc2db60a143160c9808fae73f3d4cfc003e1d4262cc3c489690180d7c291?s=96&d=mm&r=g","caption":"Mar\u00eda Jos\u00e9"},"url":"https:\/\/diariolajornada.com\/?author=12"}]}},"_links":{"self":[{"href":"https:\/\/diariolajornada.com\/index.php?rest_route=\/wp\/v2\/posts\/213293","targetHints":{"allow":["GET"]}}],"collection":[{"href":"https:\/\/diariolajornada.com\/index.php?rest_route=\/wp\/v2\/posts"}],"about":[{"href":"https:\/\/diariolajornada.com\/index.php?rest_route=\/wp\/v2\/types\/post"}],"author":[{"embeddable":true,"href":"https:\/\/diariolajornada.com\/index.php?rest_route=\/wp\/v2\/users\/12"}],"replies":[{"embeddable":true,"href":"https:\/\/diariolajornada.com\/index.php?rest_route=%2Fwp%2Fv2%2Fcomments&post=213293"}],"version-history":[{"count":2,"href":"https:\/\/diariolajornada.com\/index.php?rest_route=\/wp\/v2\/posts\/213293\/revisions"}],"predecessor-version":[{"id":213297,"href":"https:\/\/diariolajornada.com\/index.php?rest_route=\/wp\/v2\/posts\/213293\/revisions\/213297"}],"wp:featuredmedia":[{"embeddable":true,"href":"https:\/\/diariolajornada.com\/index.php?rest_route=\/wp\/v2\/media\/213295"}],"wp:attachment":[{"href":"https:\/\/diariolajornada.com\/index.php?rest_route=%2Fwp%2Fv2%2Fmedia&parent=213293"}],"wp:term":[{"taxonomy":"category","embeddable":true,"href":"https:\/\/diariolajornada.com\/index.php?rest_route=%2Fwp%2Fv2%2Fcategories&post=213293"},{"taxonomy":"post_tag","embeddable":true,"href":"https:\/\/diariolajornada.com\/index.php?rest_route=%2Fwp%2Fv2%2Ftags&post=213293"}],"curies":[{"name":"wp","href":"https:\/\/api.w.org\/{rel}","templated":true}]}}