{"id":213298,"date":"2025-02-01T17:19:29","date_gmt":"2025-02-01T21:19:29","guid":{"rendered":"https:\/\/diariolajornada.com\/?p=213298"},"modified":"2025-02-01T17:19:29","modified_gmt":"2025-02-01T21:19:29","slug":"datosun-8-de-cada-10-creen-que-cardenales-sera-campeon-de-la-serie-del-caribe","status":"publish","type":"post","link":"https:\/\/diariolajornada.com\/?p=213298","title":{"rendered":"DatosUN: 8 de cada 10 creen que Cardenales ser\u00e1 campe\u00f3n de la Serie del Caribe"},"content":{"rendered":"<div class=\"td_block_wrap tdb_single_subtitle tdi_101 td-pb-border-top td_block_template_1\" data-td-block-uid=\"tdi_101\">\n<div class=\"tdb-block-inner td-fix-index\">\n<h2>Para el 60,9% el poder con el madero ser\u00e1 determinante para obtener victorias.<\/h2>\n<\/div>\n<\/div>\n<div class=\"vc_row_inner tdi_103  vc_row vc_inner wpb_row td-pb-row\">\n<div class=\"vc_column_inner tdi_105  wpb_column vc_column_container tdc-inner-column td-pb-span6\">\n<div class=\"vc_column-inner\">\n<div class=\"wpb_wrapper\">\n<div class=\"td_block_wrap tdb_single_author tdi_106 td-pb-border-top td_block_template_1 tdb-post-meta\" data-td-block-uid=\"tdi_106\">\n<div class=\"tdb-block-inner td-fix-index\">\n<div class=\"tdb-author-name-wrap\">Luego de la \u00e9pica remontada de <a href=\"https:\/\/www.liderendeportes.com\/noticias\/baseball\/campeones-cardenales-de-lara-se-aduena-de-su-septimo-titulo\/\">Cardenales de Lara<\/a>\u00a0en la final de la Liga Venezolana de B\u00e9isbol Profesional (LVBP) ante Bravos de Margarita para conseguir su s\u00e9ptimo t\u00edtulo dentro de su historia en el torneo, los crepusculares, a partir del 31 de enero, tendr\u00e1n que representar al pa\u00eds en la Serie del Caribe que se realizar\u00e1 en Mexicali, M\u00e9xico, hasta el 7 de febrero.<\/div>\n<\/div>\n<\/div>\n<\/div>\n<\/div>\n<\/div>\n<\/div>\n<div class=\"td_block_wrap tdb_single_content tdi_111 td-pb-border-top td_block_template_1 td-post-content tagdiv-type\" data-td-block-uid=\"tdi_111\">\n<div class=\"tdb-block-inner td-fix-index\">\n<p>El torneo continental fue Inaugurado en\u00a01949\u00a0en La Habana, Cuba, aunque la misma tuvo su g\u00e9nesis en una denominada Serie Interamericana celebrada en\u00a0Caracas, en\u00a0octubre\u00a0de\u00a01946, entre los equipos, Sultanes de Monterrey (M\u00e9xico), All Cubans (Cuba), Bushwicks (Estados Unidos) y Cervecer\u00eda Caracas (Venezuela).<\/p>\n<p>Dos a\u00f1os despu\u00e9s la idea de crear la Serie del Caribe toma forma, cuando los venezolanos Oscar Prieto y Pablo Morales presentaron el proyecto en\u00a0Miami, Estados Unidos,\u00a0ante la Convenci\u00f3n de la Confederaci\u00f3n de la Serie del Caribe, integrada en esa \u00e9poca por Cuba, Puerto Rico,\u00a0Panam\u00e1\u00a0y Venezuela.<\/p>\n<p>Es por ello que en el primer torneo participaron los cuatro equipos campeones de los pa\u00edses miembros de la Confederaci\u00f3n de B\u00e9isbol del Caribe en ese momento:\u00a0Alacranes de Almendares\u00a0(Cuba),\u00a0Spurs Cola Colonites\u00a0(Panam\u00e1),\u00a0Indios de Mayag\u00fcez\u00a0(Puerto Rico) y\u00a0Cervecer\u00eda Caracas\u00a0(Venezuela). Los cubanos se convertir\u00edan en los primeros campeones del certamen.<\/p>\n<p>En una primera fase, que llegar\u00eda hasta 1960, los campeones de los cuatro pa\u00edses antes mencionados ser\u00edan quienes jugar\u00edan el torneo. All\u00ed se interrumpe 10 a\u00f1os y en 1970 se realiz\u00f3 la primera edici\u00f3n donde s\u00f3lo se enfrentaron los campeones de Rep\u00fablica Dominicana, Puerto Rico y Venezuela.<\/p>\n<p>Al parecer esta edici\u00f3n no fue tan vistosa y un a\u00f1o despu\u00e9s fue incorporado M\u00e9xico, dando el formato actual. \u00a0La incorporaci\u00f3n de equipos invitados se produjo hace 10 a\u00f1os.<\/p>\n<p>Actualmente el equipo m\u00e1s ganador de la justa continental son los dominicanos Tigres de Licey con 11 t\u00edtulos, siendo el \u00faltimo en la edici\u00f3n del 2023 cuando vencieron a los Leones del Caracas en Venezuela.<\/p>\n<h2 class=\"wp-block-heading\"><strong>Edici\u00f3n 67<\/strong><\/h2>\n<p>En 2025, la sede de la edici\u00f3n 67 de este importante torneo del b\u00e9isbol regional ser\u00e1 el estadio de los Caballeros \u00c1guilas de Mexicali, donde los crepusculares tendr\u00e1n que verse la cara contra Leones del Escogido (Rep\u00fablica Dominicana), Indios de Mayag\u00fcez (Puerto Rico), Charros de Jalisco (M\u00e9xico) y el invitado especial Japan Breeze (Jap\u00f3n), pa\u00eds que por primera vez estar\u00e1 en el torneo.<\/p>\n<p>El calendario que se realizar\u00e1 en el \u201cNido de los \u00c1guilas\u201d comenzar\u00e1 con una primera ronda de todos contra todos, en la que los equipos se ver\u00e1n las caras una vez y los cuatro mejores pasar\u00e1n a la semifinal.<\/p>\n<p>La definici\u00f3n del tercer lugar ser\u00e1 entre los perdedores de la semifinal y se jugar\u00e1 el 6 de febrero, mientras que los vencedores se medir\u00e1n el 7 de febrero para definir al monarca del Caribe.<\/p>\n<p>Vale recordar que el actual campe\u00f3n son los Tiburones de La Guaira, novena que lo conseguir\u00eda por primera vez y haza\u00f1a que esperan repetir los\u00a0<a href=\"https:\/\/www.liderendeportes.com\/noticias\/baseball\/lvbp\/cardenales-ya-tiene-roster-para-partir-a-mexicali\/\">dirigidos por Henry Blanco<\/a>\u00a0para darle al pa\u00eds su noveno t\u00edtulo.<\/p>\n<p>Por Venezuela s\u00f3lo tres equipos han logrado coronarse campe\u00f3n del Caribe en dos ocasiones: Navegantes del Magallanes (1970-1979), Leones de Caracas (1982-2006) y \u00c1guilas del Zulia (1984-1989). El otro t\u00edtulo fue obtenido en 2009 por Tigres de Aragua.<\/p>\n<p>Vale destacar que en 2026 el torneo continental tendr\u00e1 como\u00a0<a href=\"https:\/\/www.liderendeportes.com\/noticias\/baseball\/venezuela-recibira-la-serie-del-caribe-en-2026\/\">sede a Venezuela<\/a>, debido a un convenio con Puerto Rico, pa\u00eds que acoger\u00e1 dos partidos del Cl\u00e1sico Mundial de B\u00e9isbol.<\/p>\n<p>En\u00a0<a href=\"https:\/\/ultimasnoticias.com.ve\/seccion\/datos-un\/\">DatosUN<\/a>\u00a0no quer\u00edamos dejar pasar por alto la opini\u00f3n de nuestros lectores respecto a la actuaci\u00f3n de Venezuela en la Serie del Caribe, es por ello que realizamos una encuesta desde el lunes 27 al jueves 30 de enero en nuestra p\u00e1gina web y plataformas digitales.<\/p>\n<p>En la misma participaron 962 de usuarios y estos fueron los resultados.<\/p>\n<h2 class=\"wp-block-heading\"><strong>La ofensiva ser\u00e1 la clave<\/strong><\/h2>\n<p>As\u00ed como en la\u00a0<a href=\"https:\/\/ultimasnoticias.com.ve\/noticias\/datos-un\/datosun-3-de-cada-4-dan-campeon-a-bravos-y-que-la-final-se-decidira-en-5-o-6-juegos\/\">\u00faltima pregunta de la encuesta<\/a>\u00a0realizada del 20 al 22 de enero, el apoyo de nuestros encuestados hacia la actuaci\u00f3n de Cardenales de Lara en la Serie del Caribe se mantuvo. Esto qued\u00f3 evidenciado en la primera pregunta donde las opciones \u201cMuy Buena\u201d y \u201cBuena\u201d sumaron 87%.<\/p>\n<p>Mientras que la opci\u00f3n \u201cRegular\u201d fue de 8,6% y s\u00f3lo 4,3% de los consultados piensa que ser\u00e1 \u201cMala\u201d o \u201cMuy Mala\u201d.<\/p>\n<p><strong>con informacion universal<\/strong><\/p>\n<\/div>\n<\/div>\n","protected":false},"excerpt":{"rendered":"<p>Para el 60,9% el poder con el madero ser\u00e1 determinante para obtener victorias. Luego de la \u00e9pica remontada de Cardenales de Lara\u00a0en la final de la Liga Venezolana de B\u00e9isbol Profesional (LVBP) ante Bravos de Margarita para conseguir su s\u00e9ptimo t\u00edtulo dentro de su historia en el torneo, los crepusculares, a partir del 31 de [&hellip;]<\/p>\n","protected":false},"author":12,"featured_media":213299,"comment_status":"open","ping_status":"open","sticky":false,"template":"","format":"standard","meta":{"footnotes":""},"categories":[11],"tags":[],"class_list":["post-213298","post","type-post","status-publish","format-standard","has-post-thumbnail","hentry","category-deportes"],"yoast_head":"<!-- This site is optimized with the Yoast SEO plugin v24.4 - https:\/\/yoast.com\/wordpress\/plugins\/seo\/ -->\n<title>DatosUN: 8 de cada 10 creen que Cardenales ser\u00e1 campe\u00f3n de la Serie del Caribe - Diario La Jornada<\/title>\n<meta name=\"robots\" content=\"index, follow, max-snippet:-1, max-image-preview:large, max-video-preview:-1\" \/>\n<link rel=\"canonical\" href=\"https:\/\/diariolajornada.com\/?p=213298\" \/>\n<meta property=\"og:locale\" content=\"es_ES\" \/>\n<meta property=\"og:type\" content=\"article\" \/>\n<meta property=\"og:title\" content=\"DatosUN: 8 de cada 10 creen que Cardenales ser\u00e1 campe\u00f3n de la Serie del Caribe - Diario La Jornada\" \/>\n<meta property=\"og:description\" content=\"Para el 60,9% el poder con el madero ser\u00e1 determinante para obtener victorias. Luego de la \u00e9pica remontada de Cardenales de Lara\u00a0en la final de la Liga Venezolana de B\u00e9isbol Profesional (LVBP) ante Bravos de Margarita para conseguir su s\u00e9ptimo t\u00edtulo dentro de su historia en el torneo, los crepusculares, a partir del 31 de [&hellip;]\" \/>\n<meta property=\"og:url\" content=\"https:\/\/diariolajornada.com\/?p=213298\" \/>\n<meta property=\"og:site_name\" content=\"Diario La Jornada\" \/>\n<meta property=\"article:publisher\" content=\"https:\/\/es-la.facebook.com\/lajornadadeguarico\/\" \/>\n<meta property=\"article:published_time\" content=\"2025-02-01T21:19:29+00:00\" \/>\n<meta property=\"og:image\" content=\"https:\/\/diariolajornada.com\/wp-content\/uploads\/2025\/02\/SERIE-DEL-CARIBE-DATOS-UN-696x519-1.jpg\" \/>\n\t<meta property=\"og:image:width\" content=\"696\" \/>\n\t<meta property=\"og:image:height\" content=\"519\" \/>\n\t<meta property=\"og:image:type\" content=\"image\/jpeg\" \/>\n<meta name=\"author\" content=\"Mar\u00eda Jos\u00e9\" \/>\n<meta name=\"twitter:card\" content=\"summary_large_image\" \/>\n<meta name=\"twitter:label1\" content=\"Escrito por\" \/>\n\t<meta name=\"twitter:data1\" content=\"Mar\u00eda Jos\u00e9\" \/>\n\t<meta name=\"twitter:label2\" content=\"Tiempo de lectura\" \/>\n\t<meta name=\"twitter:data2\" content=\"4 minutos\" \/>\n<script type=\"application\/ld+json\" class=\"yoast-schema-graph\">{\"@context\":\"https:\/\/schema.org\",\"@graph\":[{\"@type\":\"Article\",\"@id\":\"https:\/\/diariolajornada.com\/?p=213298#article\",\"isPartOf\":{\"@id\":\"https:\/\/diariolajornada.com\/?p=213298\"},\"author\":{\"name\":\"Mar\u00eda Jos\u00e9\",\"@id\":\"https:\/\/diariolajornada.com\/#\/schema\/person\/90cc0e247997c087cf100c09529d4df3\"},\"headline\":\"DatosUN: 8 de cada 10 creen que Cardenales ser\u00e1 campe\u00f3n de la Serie del Caribe\",\"datePublished\":\"2025-02-01T21:19:29+00:00\",\"mainEntityOfPage\":{\"@id\":\"https:\/\/diariolajornada.com\/?p=213298\"},\"wordCount\":776,\"commentCount\":0,\"publisher\":{\"@id\":\"https:\/\/diariolajornada.com\/#organization\"},\"image\":{\"@id\":\"https:\/\/diariolajornada.com\/?p=213298#primaryimage\"},\"thumbnailUrl\":\"https:\/\/diariolajornada.com\/wp-content\/uploads\/2025\/02\/SERIE-DEL-CARIBE-DATOS-UN-696x519-1.jpg\",\"articleSection\":[\"Deportes\"],\"inLanguage\":\"es\",\"potentialAction\":[{\"@type\":\"CommentAction\",\"name\":\"Comment\",\"target\":[\"https:\/\/diariolajornada.com\/?p=213298#respond\"]}]},{\"@type\":\"WebPage\",\"@id\":\"https:\/\/diariolajornada.com\/?p=213298\",\"url\":\"https:\/\/diariolajornada.com\/?p=213298\",\"name\":\"DatosUN: 8 de cada 10 creen que Cardenales ser\u00e1 campe\u00f3n de la Serie del Caribe - Diario La Jornada\",\"isPartOf\":{\"@id\":\"https:\/\/diariolajornada.com\/#website\"},\"primaryImageOfPage\":{\"@id\":\"https:\/\/diariolajornada.com\/?p=213298#primaryimage\"},\"image\":{\"@id\":\"https:\/\/diariolajornada.com\/?p=213298#primaryimage\"},\"thumbnailUrl\":\"https:\/\/diariolajornada.com\/wp-content\/uploads\/2025\/02\/SERIE-DEL-CARIBE-DATOS-UN-696x519-1.jpg\",\"datePublished\":\"2025-02-01T21:19:29+00:00\",\"breadcrumb\":{\"@id\":\"https:\/\/diariolajornada.com\/?p=213298#breadcrumb\"},\"inLanguage\":\"es\",\"potentialAction\":[{\"@type\":\"ReadAction\",\"target\":[\"https:\/\/diariolajornada.com\/?p=213298\"]}]},{\"@type\":\"ImageObject\",\"inLanguage\":\"es\",\"@id\":\"https:\/\/diariolajornada.com\/?p=213298#primaryimage\",\"url\":\"https:\/\/diariolajornada.com\/wp-content\/uploads\/2025\/02\/SERIE-DEL-CARIBE-DATOS-UN-696x519-1.jpg\",\"contentUrl\":\"https:\/\/diariolajornada.com\/wp-content\/uploads\/2025\/02\/SERIE-DEL-CARIBE-DATOS-UN-696x519-1.jpg\",\"width\":696,\"height\":519},{\"@type\":\"BreadcrumbList\",\"@id\":\"https:\/\/diariolajornada.com\/?p=213298#breadcrumb\",\"itemListElement\":[{\"@type\":\"ListItem\",\"position\":1,\"name\":\"Portada\",\"item\":\"https:\/\/diariolajornada.com\/\"},{\"@type\":\"ListItem\",\"position\":2,\"name\":\"DatosUN: 8 de cada 10 creen que Cardenales ser\u00e1 campe\u00f3n de la Serie del Caribe\"}]},{\"@type\":\"WebSite\",\"@id\":\"https:\/\/diariolajornada.com\/#website\",\"url\":\"https:\/\/diariolajornada.com\/\",\"name\":\"Diario La Jornada\",\"description\":\"Noticias Nacionales Regionales e Internacionales\",\"publisher\":{\"@id\":\"https:\/\/diariolajornada.com\/#organization\"},\"potentialAction\":[{\"@type\":\"SearchAction\",\"target\":{\"@type\":\"EntryPoint\",\"urlTemplate\":\"https:\/\/diariolajornada.com\/?s={search_term_string}\"},\"query-input\":{\"@type\":\"PropertyValueSpecification\",\"valueRequired\":true,\"valueName\":\"search_term_string\"}}],\"inLanguage\":\"es\"},{\"@type\":\"Organization\",\"@id\":\"https:\/\/diariolajornada.com\/#organization\",\"name\":\"Diario La Jornada\",\"url\":\"https:\/\/diariolajornada.com\/\",\"logo\":{\"@type\":\"ImageObject\",\"inLanguage\":\"es\",\"@id\":\"https:\/\/diariolajornada.com\/#\/schema\/logo\/image\/\",\"url\":\"https:\/\/diariolajornada.com\/wp-content\/uploads\/2021\/06\/LOGO-JORNADA-SVG-01-02.svg\",\"contentUrl\":\"https:\/\/diariolajornada.com\/wp-content\/uploads\/2021\/06\/LOGO-JORNADA-SVG-01-02.svg\",\"width\":350,\"height\":100,\"caption\":\"Diario La Jornada\"},\"image\":{\"@id\":\"https:\/\/diariolajornada.com\/#\/schema\/logo\/image\/\"},\"sameAs\":[\"https:\/\/es-la.facebook.com\/lajornadadeguarico\/\",\"https:\/\/www.instagram.com\/diariojornada\/?hl=es\"]},{\"@type\":\"Person\",\"@id\":\"https:\/\/diariolajornada.com\/#\/schema\/person\/90cc0e247997c087cf100c09529d4df3\",\"name\":\"Mar\u00eda Jos\u00e9\",\"image\":{\"@type\":\"ImageObject\",\"inLanguage\":\"es\",\"@id\":\"https:\/\/diariolajornada.com\/#\/schema\/person\/image\/\",\"url\":\"https:\/\/secure.gravatar.com\/avatar\/0545fc2db60a143160c9808fae73f3d4cfc003e1d4262cc3c489690180d7c291?s=96&d=mm&r=g\",\"contentUrl\":\"https:\/\/secure.gravatar.com\/avatar\/0545fc2db60a143160c9808fae73f3d4cfc003e1d4262cc3c489690180d7c291?s=96&d=mm&r=g\",\"caption\":\"Mar\u00eda Jos\u00e9\"},\"url\":\"https:\/\/diariolajornada.com\/?author=12\"}]}<\/script>\n<!-- \/ Yoast SEO plugin. -->","yoast_head_json":{"title":"DatosUN: 8 de cada 10 creen que Cardenales ser\u00e1 campe\u00f3n de la Serie del Caribe - Diario La Jornada","robots":{"index":"index","follow":"follow","max-snippet":"max-snippet:-1","max-image-preview":"max-image-preview:large","max-video-preview":"max-video-preview:-1"},"canonical":"https:\/\/diariolajornada.com\/?p=213298","og_locale":"es_ES","og_type":"article","og_title":"DatosUN: 8 de cada 10 creen que Cardenales ser\u00e1 campe\u00f3n de la Serie del Caribe - Diario La Jornada","og_description":"Para el 60,9% el poder con el madero ser\u00e1 determinante para obtener victorias. Luego de la \u00e9pica remontada de Cardenales de Lara\u00a0en la final de la Liga Venezolana de B\u00e9isbol Profesional (LVBP) ante Bravos de Margarita para conseguir su s\u00e9ptimo t\u00edtulo dentro de su historia en el torneo, los crepusculares, a partir del 31 de [&hellip;]","og_url":"https:\/\/diariolajornada.com\/?p=213298","og_site_name":"Diario La Jornada","article_publisher":"https:\/\/es-la.facebook.com\/lajornadadeguarico\/","article_published_time":"2025-02-01T21:19:29+00:00","og_image":[{"width":696,"height":519,"url":"https:\/\/diariolajornada.com\/wp-content\/uploads\/2025\/02\/SERIE-DEL-CARIBE-DATOS-UN-696x519-1.jpg","type":"image\/jpeg"}],"author":"Mar\u00eda Jos\u00e9","twitter_card":"summary_large_image","twitter_misc":{"Escrito por":"Mar\u00eda Jos\u00e9","Tiempo de lectura":"4 minutos"},"schema":{"@context":"https:\/\/schema.org","@graph":[{"@type":"Article","@id":"https:\/\/diariolajornada.com\/?p=213298#article","isPartOf":{"@id":"https:\/\/diariolajornada.com\/?p=213298"},"author":{"name":"Mar\u00eda Jos\u00e9","@id":"https:\/\/diariolajornada.com\/#\/schema\/person\/90cc0e247997c087cf100c09529d4df3"},"headline":"DatosUN: 8 de cada 10 creen que Cardenales ser\u00e1 campe\u00f3n de la Serie del Caribe","datePublished":"2025-02-01T21:19:29+00:00","mainEntityOfPage":{"@id":"https:\/\/diariolajornada.com\/?p=213298"},"wordCount":776,"commentCount":0,"publisher":{"@id":"https:\/\/diariolajornada.com\/#organization"},"image":{"@id":"https:\/\/diariolajornada.com\/?p=213298#primaryimage"},"thumbnailUrl":"https:\/\/diariolajornada.com\/wp-content\/uploads\/2025\/02\/SERIE-DEL-CARIBE-DATOS-UN-696x519-1.jpg","articleSection":["Deportes"],"inLanguage":"es","potentialAction":[{"@type":"CommentAction","name":"Comment","target":["https:\/\/diariolajornada.com\/?p=213298#respond"]}]},{"@type":"WebPage","@id":"https:\/\/diariolajornada.com\/?p=213298","url":"https:\/\/diariolajornada.com\/?p=213298","name":"DatosUN: 8 de cada 10 creen que Cardenales ser\u00e1 campe\u00f3n de la Serie del Caribe - Diario La Jornada","isPartOf":{"@id":"https:\/\/diariolajornada.com\/#website"},"primaryImageOfPage":{"@id":"https:\/\/diariolajornada.com\/?p=213298#primaryimage"},"image":{"@id":"https:\/\/diariolajornada.com\/?p=213298#primaryimage"},"thumbnailUrl":"https:\/\/diariolajornada.com\/wp-content\/uploads\/2025\/02\/SERIE-DEL-CARIBE-DATOS-UN-696x519-1.jpg","datePublished":"2025-02-01T21:19:29+00:00","breadcrumb":{"@id":"https:\/\/diariolajornada.com\/?p=213298#breadcrumb"},"inLanguage":"es","potentialAction":[{"@type":"ReadAction","target":["https:\/\/diariolajornada.com\/?p=213298"]}]},{"@type":"ImageObject","inLanguage":"es","@id":"https:\/\/diariolajornada.com\/?p=213298#primaryimage","url":"https:\/\/diariolajornada.com\/wp-content\/uploads\/2025\/02\/SERIE-DEL-CARIBE-DATOS-UN-696x519-1.jpg","contentUrl":"https:\/\/diariolajornada.com\/wp-content\/uploads\/2025\/02\/SERIE-DEL-CARIBE-DATOS-UN-696x519-1.jpg","width":696,"height":519},{"@type":"BreadcrumbList","@id":"https:\/\/diariolajornada.com\/?p=213298#breadcrumb","itemListElement":[{"@type":"ListItem","position":1,"name":"Portada","item":"https:\/\/diariolajornada.com\/"},{"@type":"ListItem","position":2,"name":"DatosUN: 8 de cada 10 creen que Cardenales ser\u00e1 campe\u00f3n de la Serie del Caribe"}]},{"@type":"WebSite","@id":"https:\/\/diariolajornada.com\/#website","url":"https:\/\/diariolajornada.com\/","name":"Diario La Jornada","description":"Noticias Nacionales Regionales e Internacionales","publisher":{"@id":"https:\/\/diariolajornada.com\/#organization"},"potentialAction":[{"@type":"SearchAction","target":{"@type":"EntryPoint","urlTemplate":"https:\/\/diariolajornada.com\/?s={search_term_string}"},"query-input":{"@type":"PropertyValueSpecification","valueRequired":true,"valueName":"search_term_string"}}],"inLanguage":"es"},{"@type":"Organization","@id":"https:\/\/diariolajornada.com\/#organization","name":"Diario La Jornada","url":"https:\/\/diariolajornada.com\/","logo":{"@type":"ImageObject","inLanguage":"es","@id":"https:\/\/diariolajornada.com\/#\/schema\/logo\/image\/","url":"https:\/\/diariolajornada.com\/wp-content\/uploads\/2021\/06\/LOGO-JORNADA-SVG-01-02.svg","contentUrl":"https:\/\/diariolajornada.com\/wp-content\/uploads\/2021\/06\/LOGO-JORNADA-SVG-01-02.svg","width":350,"height":100,"caption":"Diario La Jornada"},"image":{"@id":"https:\/\/diariolajornada.com\/#\/schema\/logo\/image\/"},"sameAs":["https:\/\/es-la.facebook.com\/lajornadadeguarico\/","https:\/\/www.instagram.com\/diariojornada\/?hl=es"]},{"@type":"Person","@id":"https:\/\/diariolajornada.com\/#\/schema\/person\/90cc0e247997c087cf100c09529d4df3","name":"Mar\u00eda Jos\u00e9","image":{"@type":"ImageObject","inLanguage":"es","@id":"https:\/\/diariolajornada.com\/#\/schema\/person\/image\/","url":"https:\/\/secure.gravatar.com\/avatar\/0545fc2db60a143160c9808fae73f3d4cfc003e1d4262cc3c489690180d7c291?s=96&d=mm&r=g","contentUrl":"https:\/\/secure.gravatar.com\/avatar\/0545fc2db60a143160c9808fae73f3d4cfc003e1d4262cc3c489690180d7c291?s=96&d=mm&r=g","caption":"Mar\u00eda Jos\u00e9"},"url":"https:\/\/diariolajornada.com\/?author=12"}]}},"_links":{"self":[{"href":"https:\/\/diariolajornada.com\/index.php?rest_route=\/wp\/v2\/posts\/213298","targetHints":{"allow":["GET"]}}],"collection":[{"href":"https:\/\/diariolajornada.com\/index.php?rest_route=\/wp\/v2\/posts"}],"about":[{"href":"https:\/\/diariolajornada.com\/index.php?rest_route=\/wp\/v2\/types\/post"}],"author":[{"embeddable":true,"href":"https:\/\/diariolajornada.com\/index.php?rest_route=\/wp\/v2\/users\/12"}],"replies":[{"embeddable":true,"href":"https:\/\/diariolajornada.com\/index.php?rest_route=%2Fwp%2Fv2%2Fcomments&post=213298"}],"version-history":[{"count":1,"href":"https:\/\/diariolajornada.com\/index.php?rest_route=\/wp\/v2\/posts\/213298\/revisions"}],"predecessor-version":[{"id":213300,"href":"https:\/\/diariolajornada.com\/index.php?rest_route=\/wp\/v2\/posts\/213298\/revisions\/213300"}],"wp:featuredmedia":[{"embeddable":true,"href":"https:\/\/diariolajornada.com\/index.php?rest_route=\/wp\/v2\/media\/213299"}],"wp:attachment":[{"href":"https:\/\/diariolajornada.com\/index.php?rest_route=%2Fwp%2Fv2%2Fmedia&parent=213298"}],"wp:term":[{"taxonomy":"category","embeddable":true,"href":"https:\/\/diariolajornada.com\/index.php?rest_route=%2Fwp%2Fv2%2Fcategories&post=213298"},{"taxonomy":"post_tag","embeddable":true,"href":"https:\/\/diariolajornada.com\/index.php?rest_route=%2Fwp%2Fv2%2Ftags&post=213298"}],"curies":[{"name":"wp","href":"https:\/\/api.w.org\/{rel}","templated":true}]}}