{"id":213314,"date":"2025-02-01T21:22:33","date_gmt":"2025-02-02T01:22:33","guid":{"rendered":"https:\/\/diariolajornada.com\/?p=213314"},"modified":"2025-02-01T21:22:33","modified_gmt":"2025-02-02T01:22:33","slug":"fiscal-general-gobierno-garantizo-trato-digno-a-seis-estadounidenses-que-regresan-a-su-pais","status":"publish","type":"post","link":"https:\/\/diariolajornada.com\/?p=213314","title":{"rendered":"Fiscal General: Gobierno garantiz\u00f3 trato digno a seis estadounidenses que regresan a su pa\u00eds"},"content":{"rendered":"<p>El fiscal general de la Rep\u00fablica, Tarek William Saab, revel\u00f3 durante una entrevista en el programa \u00abA Pulso\u00bb de Venezolana de Televisi\u00f3n (VTV), que se revisaron las medidas de seis ciudadanos estadounidenses privados de libertad en el pa\u00eds, otorg\u00e1ndoles la liberaci\u00f3n.<\/p>\n<p>Saab destac\u00f3 que, tras la visita del enviado especial del Gobierno de los Estados Unidos, Richard Grenell, se difundieron informaciones e im\u00e1genes que evidencian que estos ciudadanos se encuentran en perfecto estado de salud. \u00abAgradecen no solo la liberaci\u00f3n, sino que fueron tratados de manera digna como corresponde a cualquier ciudadano\u00bb, expres\u00f3 el fiscal.<\/p>\n<p>El fiscal manifest\u00f3 que, en medio de las conversaciones, se revisaron las medidas preventivas de estos seis ciudadanos estadounidenses, lo que desmiente el discurso de la extrema derecha. Adem\u00e1s, refiri\u00f3 que las conversaciones entre el presidente de la Rep\u00fablica Bolivariana de Venezuela, Nicol\u00e1s Maduro, y el enviado especial de Estados Unidos, demuestran el reconocimiento de la investidura de Maduro como jefe de Estado y de Gobierno y Comandante en Jefe de las Fuerzas Armadas Nacionales Bolivarianas.<\/p>\n<p>\u00abSi viene el enviado especial del presidente de los Estados Unidos, Donald Trump, para tratar los temas diplom\u00e1ticos de Venezuela y le piden una audiencia al Presidente, quien termina recibi\u00e9ndolo en el despacho del Palacio de Miraflores (\u2026) \u00bfqu\u00e9 implica eso en lo formal, en lo diplom\u00e1tico, en lo p\u00fablico y comunicacional? Es un reconocimiento de que el presidente de la Rep\u00fablica Bolivariana de Venezuela se llama Nicol\u00e1s Maduro\u00bb, expres\u00f3 Saab.<\/p>\n<p>El fiscal tambi\u00e9n resalt\u00f3 que \u00abes un triunfo de la diplomacia bolivariana venezolana que traz\u00f3 el comandante Hugo Ch\u00e1vez, quien fue el que fund\u00f3 este tipo de diplomacia y que continu\u00f3 el presidente Maduro, como su mejor disc\u00edpulo, la manera de esa diplomacia directa, de respeto, de llegar a acuerdos que se cumplen\u00bb.\u00a0Asimismo, afirm\u00f3 que cuando Venezuela firma un acuerdo bilateral con otro pa\u00eds, mantiene su palabra y la cumple.<\/p>\n<div>\nSaab asegur\u00f3 que estas relaciones diplom\u00e1ticas entre Estados Unidos y Venezuela dejan mal parada a la ultraderecha. \u00ab\u00bfC\u00f3mo quedan ante la opini\u00f3n p\u00fablica, a nivel mundial?\u00bb, se pregunt\u00f3, y se refiri\u00f3 al pr\u00f3fugo Edmundo Gonz\u00e1lez, quien le \u00abenvi\u00f3 una carta y luego se fue huyendo del pa\u00eds, ahora es el burlesco, el payaso de la extrema derecha\u00bb, dijo.<\/div>\n<div><\/div>\n<div>Con informaci\u00f3n de VTV<\/div>\n","protected":false},"excerpt":{"rendered":"<p>El fiscal general de la Rep\u00fablica, Tarek William Saab, revel\u00f3 durante una entrevista en el programa \u00abA Pulso\u00bb de Venezolana de Televisi\u00f3n (VTV), que se revisaron las medidas de seis ciudadanos estadounidenses privados de libertad en el pa\u00eds, otorg\u00e1ndoles la liberaci\u00f3n. Saab destac\u00f3 que, tras la visita del enviado especial del Gobierno de los Estados [&hellip;]<\/p>\n","protected":false},"author":1,"featured_media":213310,"comment_status":"open","ping_status":"open","sticky":false,"template":"","format":"standard","meta":{"footnotes":""},"categories":[17,8],"tags":[],"class_list":["post-213314","post","type-post","status-publish","format-standard","has-post-thumbnail","hentry","category-destacada","category-nacionales"],"yoast_head":"<!-- This site is optimized with the Yoast SEO plugin v24.4 - https:\/\/yoast.com\/wordpress\/plugins\/seo\/ -->\n<title>Fiscal General: Gobierno garantiz\u00f3 trato digno a seis estadounidenses que regresan a su pa\u00eds - Diario La Jornada<\/title>\n<meta name=\"robots\" content=\"index, follow, max-snippet:-1, max-image-preview:large, max-video-preview:-1\" \/>\n<link rel=\"canonical\" href=\"https:\/\/diariolajornada.com\/?p=213314\" \/>\n<meta property=\"og:locale\" content=\"es_ES\" \/>\n<meta property=\"og:type\" content=\"article\" \/>\n<meta property=\"og:title\" content=\"Fiscal General: Gobierno garantiz\u00f3 trato digno a seis estadounidenses que regresan a su pa\u00eds - Diario La Jornada\" \/>\n<meta property=\"og:description\" content=\"El fiscal general de la Rep\u00fablica, Tarek William Saab, revel\u00f3 durante una entrevista en el programa \u00abA Pulso\u00bb de Venezolana de Televisi\u00f3n (VTV), que se revisaron las medidas de seis ciudadanos estadounidenses privados de libertad en el pa\u00eds, otorg\u00e1ndoles la liberaci\u00f3n. Saab destac\u00f3 que, tras la visita del enviado especial del Gobierno de los Estados [&hellip;]\" \/>\n<meta property=\"og:url\" content=\"https:\/\/diariolajornada.com\/?p=213314\" \/>\n<meta property=\"og:site_name\" content=\"Diario La Jornada\" \/>\n<meta property=\"article:publisher\" content=\"https:\/\/es-la.facebook.com\/lajornadadeguarico\/\" \/>\n<meta property=\"article:published_time\" content=\"2025-02-02T01:22:33+00:00\" \/>\n<meta property=\"og:image\" content=\"https:\/\/diariolajornada.com\/wp-content\/uploads\/2025\/02\/fiscal-general-gobierno-garantizo-trato-digno-a-seis-estadounidenses-que-regresan-a-su-pais-167621.jpg\" \/>\n\t<meta property=\"og:image:width\" content=\"1042\" \/>\n\t<meta property=\"og:image:height\" content=\"585\" \/>\n\t<meta property=\"og:image:type\" content=\"image\/jpeg\" \/>\n<meta name=\"author\" content=\"admin\" \/>\n<meta name=\"twitter:card\" content=\"summary_large_image\" \/>\n<meta name=\"twitter:label1\" content=\"Escrito por\" \/>\n\t<meta name=\"twitter:data1\" content=\"admin\" \/>\n\t<meta name=\"twitter:label2\" content=\"Tiempo de lectura\" \/>\n\t<meta name=\"twitter:data2\" content=\"2 minutos\" \/>\n<script type=\"application\/ld+json\" class=\"yoast-schema-graph\">{\"@context\":\"https:\/\/schema.org\",\"@graph\":[{\"@type\":\"Article\",\"@id\":\"https:\/\/diariolajornada.com\/?p=213314#article\",\"isPartOf\":{\"@id\":\"https:\/\/diariolajornada.com\/?p=213314\"},\"author\":{\"name\":\"admin\",\"@id\":\"https:\/\/diariolajornada.com\/#\/schema\/person\/83fc9ad02376abb532ce4553a399186b\"},\"headline\":\"Fiscal General: Gobierno garantiz\u00f3 trato digno a seis estadounidenses que regresan a su pa\u00eds\",\"datePublished\":\"2025-02-02T01:22:33+00:00\",\"mainEntityOfPage\":{\"@id\":\"https:\/\/diariolajornada.com\/?p=213314\"},\"wordCount\":417,\"commentCount\":0,\"publisher\":{\"@id\":\"https:\/\/diariolajornada.com\/#organization\"},\"image\":{\"@id\":\"https:\/\/diariolajornada.com\/?p=213314#primaryimage\"},\"thumbnailUrl\":\"https:\/\/diariolajornada.com\/wp-content\/uploads\/2025\/02\/fiscal-general-gobierno-garantizo-trato-digno-a-seis-estadounidenses-que-regresan-a-su-pais-167621.jpg\",\"articleSection\":[\"DESTACADA\",\"Nacionales\"],\"inLanguage\":\"es\",\"potentialAction\":[{\"@type\":\"CommentAction\",\"name\":\"Comment\",\"target\":[\"https:\/\/diariolajornada.com\/?p=213314#respond\"]}]},{\"@type\":\"WebPage\",\"@id\":\"https:\/\/diariolajornada.com\/?p=213314\",\"url\":\"https:\/\/diariolajornada.com\/?p=213314\",\"name\":\"Fiscal General: Gobierno garantiz\u00f3 trato digno a seis estadounidenses que regresan a su pa\u00eds - Diario La Jornada\",\"isPartOf\":{\"@id\":\"https:\/\/diariolajornada.com\/#website\"},\"primaryImageOfPage\":{\"@id\":\"https:\/\/diariolajornada.com\/?p=213314#primaryimage\"},\"image\":{\"@id\":\"https:\/\/diariolajornada.com\/?p=213314#primaryimage\"},\"thumbnailUrl\":\"https:\/\/diariolajornada.com\/wp-content\/uploads\/2025\/02\/fiscal-general-gobierno-garantizo-trato-digno-a-seis-estadounidenses-que-regresan-a-su-pais-167621.jpg\",\"datePublished\":\"2025-02-02T01:22:33+00:00\",\"breadcrumb\":{\"@id\":\"https:\/\/diariolajornada.com\/?p=213314#breadcrumb\"},\"inLanguage\":\"es\",\"potentialAction\":[{\"@type\":\"ReadAction\",\"target\":[\"https:\/\/diariolajornada.com\/?p=213314\"]}]},{\"@type\":\"ImageObject\",\"inLanguage\":\"es\",\"@id\":\"https:\/\/diariolajornada.com\/?p=213314#primaryimage\",\"url\":\"https:\/\/diariolajornada.com\/wp-content\/uploads\/2025\/02\/fiscal-general-gobierno-garantizo-trato-digno-a-seis-estadounidenses-que-regresan-a-su-pais-167621.jpg\",\"contentUrl\":\"https:\/\/diariolajornada.com\/wp-content\/uploads\/2025\/02\/fiscal-general-gobierno-garantizo-trato-digno-a-seis-estadounidenses-que-regresan-a-su-pais-167621.jpg\",\"width\":1042,\"height\":585},{\"@type\":\"BreadcrumbList\",\"@id\":\"https:\/\/diariolajornada.com\/?p=213314#breadcrumb\",\"itemListElement\":[{\"@type\":\"ListItem\",\"position\":1,\"name\":\"Portada\",\"item\":\"https:\/\/diariolajornada.com\/\"},{\"@type\":\"ListItem\",\"position\":2,\"name\":\"Fiscal General: Gobierno garantiz\u00f3 trato digno a seis estadounidenses que regresan a su pa\u00eds\"}]},{\"@type\":\"WebSite\",\"@id\":\"https:\/\/diariolajornada.com\/#website\",\"url\":\"https:\/\/diariolajornada.com\/\",\"name\":\"Diario La Jornada\",\"description\":\"Noticias Nacionales Regionales e Internacionales\",\"publisher\":{\"@id\":\"https:\/\/diariolajornada.com\/#organization\"},\"potentialAction\":[{\"@type\":\"SearchAction\",\"target\":{\"@type\":\"EntryPoint\",\"urlTemplate\":\"https:\/\/diariolajornada.com\/?s={search_term_string}\"},\"query-input\":{\"@type\":\"PropertyValueSpecification\",\"valueRequired\":true,\"valueName\":\"search_term_string\"}}],\"inLanguage\":\"es\"},{\"@type\":\"Organization\",\"@id\":\"https:\/\/diariolajornada.com\/#organization\",\"name\":\"Diario La Jornada\",\"url\":\"https:\/\/diariolajornada.com\/\",\"logo\":{\"@type\":\"ImageObject\",\"inLanguage\":\"es\",\"@id\":\"https:\/\/diariolajornada.com\/#\/schema\/logo\/image\/\",\"url\":\"https:\/\/diariolajornada.com\/wp-content\/uploads\/2021\/06\/LOGO-JORNADA-SVG-01-02.svg\",\"contentUrl\":\"https:\/\/diariolajornada.com\/wp-content\/uploads\/2021\/06\/LOGO-JORNADA-SVG-01-02.svg\",\"width\":350,\"height\":100,\"caption\":\"Diario La Jornada\"},\"image\":{\"@id\":\"https:\/\/diariolajornada.com\/#\/schema\/logo\/image\/\"},\"sameAs\":[\"https:\/\/es-la.facebook.com\/lajornadadeguarico\/\",\"https:\/\/www.instagram.com\/diariojornada\/?hl=es\"]},{\"@type\":\"Person\",\"@id\":\"https:\/\/diariolajornada.com\/#\/schema\/person\/83fc9ad02376abb532ce4553a399186b\",\"name\":\"admin\",\"image\":{\"@type\":\"ImageObject\",\"inLanguage\":\"es\",\"@id\":\"https:\/\/diariolajornada.com\/#\/schema\/person\/image\/\",\"url\":\"https:\/\/secure.gravatar.com\/avatar\/fdcecb87f300ccb988450328a61211f10a01c8bfedfca54e932145534024045b?s=96&d=mm&r=g\",\"contentUrl\":\"https:\/\/secure.gravatar.com\/avatar\/fdcecb87f300ccb988450328a61211f10a01c8bfedfca54e932145534024045b?s=96&d=mm&r=g\",\"caption\":\"admin\"},\"sameAs\":[\"https:\/\/diariolajornada.com\"],\"url\":\"https:\/\/diariolajornada.com\/?author=1\"}]}<\/script>\n<!-- \/ Yoast SEO plugin. -->","yoast_head_json":{"title":"Fiscal General: Gobierno garantiz\u00f3 trato digno a seis estadounidenses que regresan a su pa\u00eds - Diario La Jornada","robots":{"index":"index","follow":"follow","max-snippet":"max-snippet:-1","max-image-preview":"max-image-preview:large","max-video-preview":"max-video-preview:-1"},"canonical":"https:\/\/diariolajornada.com\/?p=213314","og_locale":"es_ES","og_type":"article","og_title":"Fiscal General: Gobierno garantiz\u00f3 trato digno a seis estadounidenses que regresan a su pa\u00eds - Diario La Jornada","og_description":"El fiscal general de la Rep\u00fablica, Tarek William Saab, revel\u00f3 durante una entrevista en el programa \u00abA Pulso\u00bb de Venezolana de Televisi\u00f3n (VTV), que se revisaron las medidas de seis ciudadanos estadounidenses privados de libertad en el pa\u00eds, otorg\u00e1ndoles la liberaci\u00f3n. Saab destac\u00f3 que, tras la visita del enviado especial del Gobierno de los Estados [&hellip;]","og_url":"https:\/\/diariolajornada.com\/?p=213314","og_site_name":"Diario La Jornada","article_publisher":"https:\/\/es-la.facebook.com\/lajornadadeguarico\/","article_published_time":"2025-02-02T01:22:33+00:00","og_image":[{"width":1042,"height":585,"url":"https:\/\/diariolajornada.com\/wp-content\/uploads\/2025\/02\/fiscal-general-gobierno-garantizo-trato-digno-a-seis-estadounidenses-que-regresan-a-su-pais-167621.jpg","type":"image\/jpeg"}],"author":"admin","twitter_card":"summary_large_image","twitter_misc":{"Escrito por":"admin","Tiempo de lectura":"2 minutos"},"schema":{"@context":"https:\/\/schema.org","@graph":[{"@type":"Article","@id":"https:\/\/diariolajornada.com\/?p=213314#article","isPartOf":{"@id":"https:\/\/diariolajornada.com\/?p=213314"},"author":{"name":"admin","@id":"https:\/\/diariolajornada.com\/#\/schema\/person\/83fc9ad02376abb532ce4553a399186b"},"headline":"Fiscal General: Gobierno garantiz\u00f3 trato digno a seis estadounidenses que regresan a su pa\u00eds","datePublished":"2025-02-02T01:22:33+00:00","mainEntityOfPage":{"@id":"https:\/\/diariolajornada.com\/?p=213314"},"wordCount":417,"commentCount":0,"publisher":{"@id":"https:\/\/diariolajornada.com\/#organization"},"image":{"@id":"https:\/\/diariolajornada.com\/?p=213314#primaryimage"},"thumbnailUrl":"https:\/\/diariolajornada.com\/wp-content\/uploads\/2025\/02\/fiscal-general-gobierno-garantizo-trato-digno-a-seis-estadounidenses-que-regresan-a-su-pais-167621.jpg","articleSection":["DESTACADA","Nacionales"],"inLanguage":"es","potentialAction":[{"@type":"CommentAction","name":"Comment","target":["https:\/\/diariolajornada.com\/?p=213314#respond"]}]},{"@type":"WebPage","@id":"https:\/\/diariolajornada.com\/?p=213314","url":"https:\/\/diariolajornada.com\/?p=213314","name":"Fiscal General: Gobierno garantiz\u00f3 trato digno a seis estadounidenses que regresan a su pa\u00eds - Diario La Jornada","isPartOf":{"@id":"https:\/\/diariolajornada.com\/#website"},"primaryImageOfPage":{"@id":"https:\/\/diariolajornada.com\/?p=213314#primaryimage"},"image":{"@id":"https:\/\/diariolajornada.com\/?p=213314#primaryimage"},"thumbnailUrl":"https:\/\/diariolajornada.com\/wp-content\/uploads\/2025\/02\/fiscal-general-gobierno-garantizo-trato-digno-a-seis-estadounidenses-que-regresan-a-su-pais-167621.jpg","datePublished":"2025-02-02T01:22:33+00:00","breadcrumb":{"@id":"https:\/\/diariolajornada.com\/?p=213314#breadcrumb"},"inLanguage":"es","potentialAction":[{"@type":"ReadAction","target":["https:\/\/diariolajornada.com\/?p=213314"]}]},{"@type":"ImageObject","inLanguage":"es","@id":"https:\/\/diariolajornada.com\/?p=213314#primaryimage","url":"https:\/\/diariolajornada.com\/wp-content\/uploads\/2025\/02\/fiscal-general-gobierno-garantizo-trato-digno-a-seis-estadounidenses-que-regresan-a-su-pais-167621.jpg","contentUrl":"https:\/\/diariolajornada.com\/wp-content\/uploads\/2025\/02\/fiscal-general-gobierno-garantizo-trato-digno-a-seis-estadounidenses-que-regresan-a-su-pais-167621.jpg","width":1042,"height":585},{"@type":"BreadcrumbList","@id":"https:\/\/diariolajornada.com\/?p=213314#breadcrumb","itemListElement":[{"@type":"ListItem","position":1,"name":"Portada","item":"https:\/\/diariolajornada.com\/"},{"@type":"ListItem","position":2,"name":"Fiscal General: Gobierno garantiz\u00f3 trato digno a seis estadounidenses que regresan a su pa\u00eds"}]},{"@type":"WebSite","@id":"https:\/\/diariolajornada.com\/#website","url":"https:\/\/diariolajornada.com\/","name":"Diario La Jornada","description":"Noticias Nacionales Regionales e Internacionales","publisher":{"@id":"https:\/\/diariolajornada.com\/#organization"},"potentialAction":[{"@type":"SearchAction","target":{"@type":"EntryPoint","urlTemplate":"https:\/\/diariolajornada.com\/?s={search_term_string}"},"query-input":{"@type":"PropertyValueSpecification","valueRequired":true,"valueName":"search_term_string"}}],"inLanguage":"es"},{"@type":"Organization","@id":"https:\/\/diariolajornada.com\/#organization","name":"Diario La Jornada","url":"https:\/\/diariolajornada.com\/","logo":{"@type":"ImageObject","inLanguage":"es","@id":"https:\/\/diariolajornada.com\/#\/schema\/logo\/image\/","url":"https:\/\/diariolajornada.com\/wp-content\/uploads\/2021\/06\/LOGO-JORNADA-SVG-01-02.svg","contentUrl":"https:\/\/diariolajornada.com\/wp-content\/uploads\/2021\/06\/LOGO-JORNADA-SVG-01-02.svg","width":350,"height":100,"caption":"Diario La Jornada"},"image":{"@id":"https:\/\/diariolajornada.com\/#\/schema\/logo\/image\/"},"sameAs":["https:\/\/es-la.facebook.com\/lajornadadeguarico\/","https:\/\/www.instagram.com\/diariojornada\/?hl=es"]},{"@type":"Person","@id":"https:\/\/diariolajornada.com\/#\/schema\/person\/83fc9ad02376abb532ce4553a399186b","name":"admin","image":{"@type":"ImageObject","inLanguage":"es","@id":"https:\/\/diariolajornada.com\/#\/schema\/person\/image\/","url":"https:\/\/secure.gravatar.com\/avatar\/fdcecb87f300ccb988450328a61211f10a01c8bfedfca54e932145534024045b?s=96&d=mm&r=g","contentUrl":"https:\/\/secure.gravatar.com\/avatar\/fdcecb87f300ccb988450328a61211f10a01c8bfedfca54e932145534024045b?s=96&d=mm&r=g","caption":"admin"},"sameAs":["https:\/\/diariolajornada.com"],"url":"https:\/\/diariolajornada.com\/?author=1"}]}},"_links":{"self":[{"href":"https:\/\/diariolajornada.com\/index.php?rest_route=\/wp\/v2\/posts\/213314","targetHints":{"allow":["GET"]}}],"collection":[{"href":"https:\/\/diariolajornada.com\/index.php?rest_route=\/wp\/v2\/posts"}],"about":[{"href":"https:\/\/diariolajornada.com\/index.php?rest_route=\/wp\/v2\/types\/post"}],"author":[{"embeddable":true,"href":"https:\/\/diariolajornada.com\/index.php?rest_route=\/wp\/v2\/users\/1"}],"replies":[{"embeddable":true,"href":"https:\/\/diariolajornada.com\/index.php?rest_route=%2Fwp%2Fv2%2Fcomments&post=213314"}],"version-history":[{"count":1,"href":"https:\/\/diariolajornada.com\/index.php?rest_route=\/wp\/v2\/posts\/213314\/revisions"}],"predecessor-version":[{"id":213315,"href":"https:\/\/diariolajornada.com\/index.php?rest_route=\/wp\/v2\/posts\/213314\/revisions\/213315"}],"wp:featuredmedia":[{"embeddable":true,"href":"https:\/\/diariolajornada.com\/index.php?rest_route=\/wp\/v2\/media\/213310"}],"wp:attachment":[{"href":"https:\/\/diariolajornada.com\/index.php?rest_route=%2Fwp%2Fv2%2Fmedia&parent=213314"}],"wp:term":[{"taxonomy":"category","embeddable":true,"href":"https:\/\/diariolajornada.com\/index.php?rest_route=%2Fwp%2Fv2%2Fcategories&post=213314"},{"taxonomy":"post_tag","embeddable":true,"href":"https:\/\/diariolajornada.com\/index.php?rest_route=%2Fwp%2Fv2%2Ftags&post=213314"}],"curies":[{"name":"wp","href":"https:\/\/api.w.org\/{rel}","templated":true}]}}