{"id":213316,"date":"2025-02-01T21:23:08","date_gmt":"2025-02-02T01:23:08","guid":{"rendered":"https:\/\/diariolajornada.com\/?p=213316"},"modified":"2025-02-01T21:23:08","modified_gmt":"2025-02-02T01:23:08","slug":"fiscal-general-eeuu-ratifica-a-nicolas-maduro-como-presidente-legitimo-de-venezuela-con-visita-de-richard-grenell","status":"publish","type":"post","link":"https:\/\/diariolajornada.com\/?p=213316","title":{"rendered":"Fiscal General: EEUU ratifica a Nicol\u00e1s Maduro como presidente leg\u00edtimo de Venezuela con visita de Richard Grenell"},"content":{"rendered":"<p>El Fiscal General de la Rep\u00fablica, Tarek William Saab, resalt\u00f3 el pasado viernes 31 de enero, que el Gobierno de los Estados Unidos ratifica al Nicol\u00e1s Maduro como el presidente leg\u00edtimo de Venezuela.<\/p>\n<p>Esta aseveraci\u00f3n la realiz\u00f3 durante una entrevista al canal del Estado, donde recalc\u00f3 la visita del enviado especial de la administraci\u00f3n de Donald Trump, Richard Grenell para abordar ciertos temas de inter\u00e9s para ambas naciones.<\/p>\n<div><\/div>\n<div>Es de resaltar que, ante esta visita, el presidente Nicol\u00e1s Maduro expres\u00f3 que \u00abVenezuela siempre ha practicado la diplomacia bolivariana de paz y que el que quiere hablar, siempre hablaremos y el que toque la puerta, siempre la abriremos\u00bb. Adem\u00e1s, que durante la reuni\u00f3n plante\u00f3 la \u00abAgenda Cero\u00bb, para dar \u00abun nuevo inicio de relaciones hist\u00f3ricas\u00bb.<\/p>\n<p>Incluso a\u00f1adi\u00f3 que \u00abentre Estados Unidos y Venezuela tiene que haber paz, respeto y entendimiento, y ojal\u00e1 podamos lograrlo por el camino de la palabra verdadera, de la buena voluntad y la diplomacia de paz y de la Venezuela libre\u00bb.<\/p>\n<p>El jefe de Estado recalc\u00f3 que \u00abNosotros no somos estadounidenses ni hemos sido jam\u00e1s estadounidenses; nosotros somos antiimperialistas, que es diferente. Queremos un mundo sin imperio, sin hegemon\u00eda; queremos un mundo de iguales donde los peque\u00f1os valgan tanto como los grandes pa\u00edses\u00bb.<\/p><\/div>\n","protected":false},"excerpt":{"rendered":"<p>El Fiscal General de la Rep\u00fablica, Tarek William Saab, resalt\u00f3 el pasado viernes 31 de enero, que el Gobierno de los Estados Unidos ratifica al Nicol\u00e1s Maduro como el presidente leg\u00edtimo de Venezuela. Esta aseveraci\u00f3n la realiz\u00f3 durante una entrevista al canal del Estado, donde recalc\u00f3 la visita del enviado especial de la administraci\u00f3n de [&hellip;]<\/p>\n","protected":false},"author":1,"featured_media":213311,"comment_status":"open","ping_status":"open","sticky":false,"template":"","format":"standard","meta":{"footnotes":""},"categories":[17,8],"tags":[],"class_list":["post-213316","post","type-post","status-publish","format-standard","has-post-thumbnail","hentry","category-destacada","category-nacionales"],"yoast_head":"<!-- This site is optimized with the Yoast SEO plugin v24.4 - https:\/\/yoast.com\/wordpress\/plugins\/seo\/ -->\n<title>Fiscal General: EEUU ratifica a Nicol\u00e1s Maduro como presidente leg\u00edtimo de Venezuela con visita de Richard Grenell - Diario La Jornada<\/title>\n<meta name=\"robots\" content=\"index, follow, max-snippet:-1, max-image-preview:large, max-video-preview:-1\" \/>\n<link rel=\"canonical\" href=\"https:\/\/diariolajornada.com\/?p=213316\" \/>\n<meta property=\"og:locale\" content=\"es_ES\" \/>\n<meta property=\"og:type\" content=\"article\" \/>\n<meta property=\"og:title\" content=\"Fiscal General: EEUU ratifica a Nicol\u00e1s Maduro como presidente leg\u00edtimo de Venezuela con visita de Richard Grenell - Diario La Jornada\" \/>\n<meta property=\"og:description\" content=\"El Fiscal General de la Rep\u00fablica, Tarek William Saab, resalt\u00f3 el pasado viernes 31 de enero, que el Gobierno de los Estados Unidos ratifica al Nicol\u00e1s Maduro como el presidente leg\u00edtimo de Venezuela. Esta aseveraci\u00f3n la realiz\u00f3 durante una entrevista al canal del Estado, donde recalc\u00f3 la visita del enviado especial de la administraci\u00f3n de [&hellip;]\" \/>\n<meta property=\"og:url\" content=\"https:\/\/diariolajornada.com\/?p=213316\" \/>\n<meta property=\"og:site_name\" content=\"Diario La Jornada\" \/>\n<meta property=\"article:publisher\" content=\"https:\/\/es-la.facebook.com\/lajornadadeguarico\/\" \/>\n<meta property=\"article:published_time\" content=\"2025-02-02T01:23:08+00:00\" \/>\n<meta property=\"og:image\" content=\"https:\/\/diariolajornada.com\/wp-content\/uploads\/2025\/02\/nicolas-maduro-como-presidente-legitimo-de-venezuela-167680.jpg\" \/>\n\t<meta property=\"og:image:width\" content=\"1242\" \/>\n\t<meta property=\"og:image:height\" content=\"699\" \/>\n\t<meta property=\"og:image:type\" content=\"image\/jpeg\" \/>\n<meta name=\"author\" content=\"admin\" \/>\n<meta name=\"twitter:card\" content=\"summary_large_image\" \/>\n<meta name=\"twitter:label1\" content=\"Escrito por\" \/>\n\t<meta name=\"twitter:data1\" content=\"admin\" \/>\n\t<meta name=\"twitter:label2\" content=\"Tiempo de lectura\" \/>\n\t<meta name=\"twitter:data2\" content=\"1 minuto\" \/>\n<script type=\"application\/ld+json\" class=\"yoast-schema-graph\">{\"@context\":\"https:\/\/schema.org\",\"@graph\":[{\"@type\":\"Article\",\"@id\":\"https:\/\/diariolajornada.com\/?p=213316#article\",\"isPartOf\":{\"@id\":\"https:\/\/diariolajornada.com\/?p=213316\"},\"author\":{\"name\":\"admin\",\"@id\":\"https:\/\/diariolajornada.com\/#\/schema\/person\/83fc9ad02376abb532ce4553a399186b\"},\"headline\":\"Fiscal General: EEUU ratifica a Nicol\u00e1s Maduro como presidente leg\u00edtimo de Venezuela con visita de Richard Grenell\",\"datePublished\":\"2025-02-02T01:23:08+00:00\",\"mainEntityOfPage\":{\"@id\":\"https:\/\/diariolajornada.com\/?p=213316\"},\"wordCount\":239,\"commentCount\":0,\"publisher\":{\"@id\":\"https:\/\/diariolajornada.com\/#organization\"},\"image\":{\"@id\":\"https:\/\/diariolajornada.com\/?p=213316#primaryimage\"},\"thumbnailUrl\":\"https:\/\/diariolajornada.com\/wp-content\/uploads\/2025\/02\/nicolas-maduro-como-presidente-legitimo-de-venezuela-167680.jpg\",\"articleSection\":[\"DESTACADA\",\"Nacionales\"],\"inLanguage\":\"es\",\"potentialAction\":[{\"@type\":\"CommentAction\",\"name\":\"Comment\",\"target\":[\"https:\/\/diariolajornada.com\/?p=213316#respond\"]}]},{\"@type\":\"WebPage\",\"@id\":\"https:\/\/diariolajornada.com\/?p=213316\",\"url\":\"https:\/\/diariolajornada.com\/?p=213316\",\"name\":\"Fiscal General: EEUU ratifica a Nicol\u00e1s Maduro como presidente leg\u00edtimo de Venezuela con visita de Richard Grenell - Diario La Jornada\",\"isPartOf\":{\"@id\":\"https:\/\/diariolajornada.com\/#website\"},\"primaryImageOfPage\":{\"@id\":\"https:\/\/diariolajornada.com\/?p=213316#primaryimage\"},\"image\":{\"@id\":\"https:\/\/diariolajornada.com\/?p=213316#primaryimage\"},\"thumbnailUrl\":\"https:\/\/diariolajornada.com\/wp-content\/uploads\/2025\/02\/nicolas-maduro-como-presidente-legitimo-de-venezuela-167680.jpg\",\"datePublished\":\"2025-02-02T01:23:08+00:00\",\"breadcrumb\":{\"@id\":\"https:\/\/diariolajornada.com\/?p=213316#breadcrumb\"},\"inLanguage\":\"es\",\"potentialAction\":[{\"@type\":\"ReadAction\",\"target\":[\"https:\/\/diariolajornada.com\/?p=213316\"]}]},{\"@type\":\"ImageObject\",\"inLanguage\":\"es\",\"@id\":\"https:\/\/diariolajornada.com\/?p=213316#primaryimage\",\"url\":\"https:\/\/diariolajornada.com\/wp-content\/uploads\/2025\/02\/nicolas-maduro-como-presidente-legitimo-de-venezuela-167680.jpg\",\"contentUrl\":\"https:\/\/diariolajornada.com\/wp-content\/uploads\/2025\/02\/nicolas-maduro-como-presidente-legitimo-de-venezuela-167680.jpg\",\"width\":1242,\"height\":699},{\"@type\":\"BreadcrumbList\",\"@id\":\"https:\/\/diariolajornada.com\/?p=213316#breadcrumb\",\"itemListElement\":[{\"@type\":\"ListItem\",\"position\":1,\"name\":\"Portada\",\"item\":\"https:\/\/diariolajornada.com\/\"},{\"@type\":\"ListItem\",\"position\":2,\"name\":\"Fiscal General: EEUU ratifica a Nicol\u00e1s Maduro como presidente leg\u00edtimo de Venezuela con visita de Richard Grenell\"}]},{\"@type\":\"WebSite\",\"@id\":\"https:\/\/diariolajornada.com\/#website\",\"url\":\"https:\/\/diariolajornada.com\/\",\"name\":\"Diario La Jornada\",\"description\":\"Noticias Nacionales Regionales e Internacionales\",\"publisher\":{\"@id\":\"https:\/\/diariolajornada.com\/#organization\"},\"potentialAction\":[{\"@type\":\"SearchAction\",\"target\":{\"@type\":\"EntryPoint\",\"urlTemplate\":\"https:\/\/diariolajornada.com\/?s={search_term_string}\"},\"query-input\":{\"@type\":\"PropertyValueSpecification\",\"valueRequired\":true,\"valueName\":\"search_term_string\"}}],\"inLanguage\":\"es\"},{\"@type\":\"Organization\",\"@id\":\"https:\/\/diariolajornada.com\/#organization\",\"name\":\"Diario La Jornada\",\"url\":\"https:\/\/diariolajornada.com\/\",\"logo\":{\"@type\":\"ImageObject\",\"inLanguage\":\"es\",\"@id\":\"https:\/\/diariolajornada.com\/#\/schema\/logo\/image\/\",\"url\":\"https:\/\/diariolajornada.com\/wp-content\/uploads\/2021\/06\/LOGO-JORNADA-SVG-01-02.svg\",\"contentUrl\":\"https:\/\/diariolajornada.com\/wp-content\/uploads\/2021\/06\/LOGO-JORNADA-SVG-01-02.svg\",\"width\":350,\"height\":100,\"caption\":\"Diario La Jornada\"},\"image\":{\"@id\":\"https:\/\/diariolajornada.com\/#\/schema\/logo\/image\/\"},\"sameAs\":[\"https:\/\/es-la.facebook.com\/lajornadadeguarico\/\",\"https:\/\/www.instagram.com\/diariojornada\/?hl=es\"]},{\"@type\":\"Person\",\"@id\":\"https:\/\/diariolajornada.com\/#\/schema\/person\/83fc9ad02376abb532ce4553a399186b\",\"name\":\"admin\",\"image\":{\"@type\":\"ImageObject\",\"inLanguage\":\"es\",\"@id\":\"https:\/\/diariolajornada.com\/#\/schema\/person\/image\/\",\"url\":\"https:\/\/secure.gravatar.com\/avatar\/fdcecb87f300ccb988450328a61211f10a01c8bfedfca54e932145534024045b?s=96&d=mm&r=g\",\"contentUrl\":\"https:\/\/secure.gravatar.com\/avatar\/fdcecb87f300ccb988450328a61211f10a01c8bfedfca54e932145534024045b?s=96&d=mm&r=g\",\"caption\":\"admin\"},\"sameAs\":[\"https:\/\/diariolajornada.com\"],\"url\":\"https:\/\/diariolajornada.com\/?author=1\"}]}<\/script>\n<!-- \/ Yoast SEO plugin. -->","yoast_head_json":{"title":"Fiscal General: EEUU ratifica a Nicol\u00e1s Maduro como presidente leg\u00edtimo de Venezuela con visita de Richard Grenell - Diario La Jornada","robots":{"index":"index","follow":"follow","max-snippet":"max-snippet:-1","max-image-preview":"max-image-preview:large","max-video-preview":"max-video-preview:-1"},"canonical":"https:\/\/diariolajornada.com\/?p=213316","og_locale":"es_ES","og_type":"article","og_title":"Fiscal General: EEUU ratifica a Nicol\u00e1s Maduro como presidente leg\u00edtimo de Venezuela con visita de Richard Grenell - Diario La Jornada","og_description":"El Fiscal General de la Rep\u00fablica, Tarek William Saab, resalt\u00f3 el pasado viernes 31 de enero, que el Gobierno de los Estados Unidos ratifica al Nicol\u00e1s Maduro como el presidente leg\u00edtimo de Venezuela. Esta aseveraci\u00f3n la realiz\u00f3 durante una entrevista al canal del Estado, donde recalc\u00f3 la visita del enviado especial de la administraci\u00f3n de [&hellip;]","og_url":"https:\/\/diariolajornada.com\/?p=213316","og_site_name":"Diario La Jornada","article_publisher":"https:\/\/es-la.facebook.com\/lajornadadeguarico\/","article_published_time":"2025-02-02T01:23:08+00:00","og_image":[{"width":1242,"height":699,"url":"https:\/\/diariolajornada.com\/wp-content\/uploads\/2025\/02\/nicolas-maduro-como-presidente-legitimo-de-venezuela-167680.jpg","type":"image\/jpeg"}],"author":"admin","twitter_card":"summary_large_image","twitter_misc":{"Escrito por":"admin","Tiempo de lectura":"1 minuto"},"schema":{"@context":"https:\/\/schema.org","@graph":[{"@type":"Article","@id":"https:\/\/diariolajornada.com\/?p=213316#article","isPartOf":{"@id":"https:\/\/diariolajornada.com\/?p=213316"},"author":{"name":"admin","@id":"https:\/\/diariolajornada.com\/#\/schema\/person\/83fc9ad02376abb532ce4553a399186b"},"headline":"Fiscal General: EEUU ratifica a Nicol\u00e1s Maduro como presidente leg\u00edtimo de Venezuela con visita de Richard Grenell","datePublished":"2025-02-02T01:23:08+00:00","mainEntityOfPage":{"@id":"https:\/\/diariolajornada.com\/?p=213316"},"wordCount":239,"commentCount":0,"publisher":{"@id":"https:\/\/diariolajornada.com\/#organization"},"image":{"@id":"https:\/\/diariolajornada.com\/?p=213316#primaryimage"},"thumbnailUrl":"https:\/\/diariolajornada.com\/wp-content\/uploads\/2025\/02\/nicolas-maduro-como-presidente-legitimo-de-venezuela-167680.jpg","articleSection":["DESTACADA","Nacionales"],"inLanguage":"es","potentialAction":[{"@type":"CommentAction","name":"Comment","target":["https:\/\/diariolajornada.com\/?p=213316#respond"]}]},{"@type":"WebPage","@id":"https:\/\/diariolajornada.com\/?p=213316","url":"https:\/\/diariolajornada.com\/?p=213316","name":"Fiscal General: EEUU ratifica a Nicol\u00e1s Maduro como presidente leg\u00edtimo de Venezuela con visita de Richard Grenell - Diario La Jornada","isPartOf":{"@id":"https:\/\/diariolajornada.com\/#website"},"primaryImageOfPage":{"@id":"https:\/\/diariolajornada.com\/?p=213316#primaryimage"},"image":{"@id":"https:\/\/diariolajornada.com\/?p=213316#primaryimage"},"thumbnailUrl":"https:\/\/diariolajornada.com\/wp-content\/uploads\/2025\/02\/nicolas-maduro-como-presidente-legitimo-de-venezuela-167680.jpg","datePublished":"2025-02-02T01:23:08+00:00","breadcrumb":{"@id":"https:\/\/diariolajornada.com\/?p=213316#breadcrumb"},"inLanguage":"es","potentialAction":[{"@type":"ReadAction","target":["https:\/\/diariolajornada.com\/?p=213316"]}]},{"@type":"ImageObject","inLanguage":"es","@id":"https:\/\/diariolajornada.com\/?p=213316#primaryimage","url":"https:\/\/diariolajornada.com\/wp-content\/uploads\/2025\/02\/nicolas-maduro-como-presidente-legitimo-de-venezuela-167680.jpg","contentUrl":"https:\/\/diariolajornada.com\/wp-content\/uploads\/2025\/02\/nicolas-maduro-como-presidente-legitimo-de-venezuela-167680.jpg","width":1242,"height":699},{"@type":"BreadcrumbList","@id":"https:\/\/diariolajornada.com\/?p=213316#breadcrumb","itemListElement":[{"@type":"ListItem","position":1,"name":"Portada","item":"https:\/\/diariolajornada.com\/"},{"@type":"ListItem","position":2,"name":"Fiscal General: EEUU ratifica a Nicol\u00e1s Maduro como presidente leg\u00edtimo de Venezuela con visita de Richard Grenell"}]},{"@type":"WebSite","@id":"https:\/\/diariolajornada.com\/#website","url":"https:\/\/diariolajornada.com\/","name":"Diario La Jornada","description":"Noticias Nacionales Regionales e Internacionales","publisher":{"@id":"https:\/\/diariolajornada.com\/#organization"},"potentialAction":[{"@type":"SearchAction","target":{"@type":"EntryPoint","urlTemplate":"https:\/\/diariolajornada.com\/?s={search_term_string}"},"query-input":{"@type":"PropertyValueSpecification","valueRequired":true,"valueName":"search_term_string"}}],"inLanguage":"es"},{"@type":"Organization","@id":"https:\/\/diariolajornada.com\/#organization","name":"Diario La Jornada","url":"https:\/\/diariolajornada.com\/","logo":{"@type":"ImageObject","inLanguage":"es","@id":"https:\/\/diariolajornada.com\/#\/schema\/logo\/image\/","url":"https:\/\/diariolajornada.com\/wp-content\/uploads\/2021\/06\/LOGO-JORNADA-SVG-01-02.svg","contentUrl":"https:\/\/diariolajornada.com\/wp-content\/uploads\/2021\/06\/LOGO-JORNADA-SVG-01-02.svg","width":350,"height":100,"caption":"Diario La Jornada"},"image":{"@id":"https:\/\/diariolajornada.com\/#\/schema\/logo\/image\/"},"sameAs":["https:\/\/es-la.facebook.com\/lajornadadeguarico\/","https:\/\/www.instagram.com\/diariojornada\/?hl=es"]},{"@type":"Person","@id":"https:\/\/diariolajornada.com\/#\/schema\/person\/83fc9ad02376abb532ce4553a399186b","name":"admin","image":{"@type":"ImageObject","inLanguage":"es","@id":"https:\/\/diariolajornada.com\/#\/schema\/person\/image\/","url":"https:\/\/secure.gravatar.com\/avatar\/fdcecb87f300ccb988450328a61211f10a01c8bfedfca54e932145534024045b?s=96&d=mm&r=g","contentUrl":"https:\/\/secure.gravatar.com\/avatar\/fdcecb87f300ccb988450328a61211f10a01c8bfedfca54e932145534024045b?s=96&d=mm&r=g","caption":"admin"},"sameAs":["https:\/\/diariolajornada.com"],"url":"https:\/\/diariolajornada.com\/?author=1"}]}},"_links":{"self":[{"href":"https:\/\/diariolajornada.com\/index.php?rest_route=\/wp\/v2\/posts\/213316","targetHints":{"allow":["GET"]}}],"collection":[{"href":"https:\/\/diariolajornada.com\/index.php?rest_route=\/wp\/v2\/posts"}],"about":[{"href":"https:\/\/diariolajornada.com\/index.php?rest_route=\/wp\/v2\/types\/post"}],"author":[{"embeddable":true,"href":"https:\/\/diariolajornada.com\/index.php?rest_route=\/wp\/v2\/users\/1"}],"replies":[{"embeddable":true,"href":"https:\/\/diariolajornada.com\/index.php?rest_route=%2Fwp%2Fv2%2Fcomments&post=213316"}],"version-history":[{"count":1,"href":"https:\/\/diariolajornada.com\/index.php?rest_route=\/wp\/v2\/posts\/213316\/revisions"}],"predecessor-version":[{"id":213317,"href":"https:\/\/diariolajornada.com\/index.php?rest_route=\/wp\/v2\/posts\/213316\/revisions\/213317"}],"wp:featuredmedia":[{"embeddable":true,"href":"https:\/\/diariolajornada.com\/index.php?rest_route=\/wp\/v2\/media\/213311"}],"wp:attachment":[{"href":"https:\/\/diariolajornada.com\/index.php?rest_route=%2Fwp%2Fv2%2Fmedia&parent=213316"}],"wp:term":[{"taxonomy":"category","embeddable":true,"href":"https:\/\/diariolajornada.com\/index.php?rest_route=%2Fwp%2Fv2%2Fcategories&post=213316"},{"taxonomy":"post_tag","embeddable":true,"href":"https:\/\/diariolajornada.com\/index.php?rest_route=%2Fwp%2Fv2%2Ftags&post=213316"}],"curies":[{"name":"wp","href":"https:\/\/api.w.org\/{rel}","templated":true}]}}