{"id":213320,"date":"2025-02-01T21:24:26","date_gmt":"2025-02-02T01:24:26","guid":{"rendered":"https:\/\/diariolajornada.com\/?p=213320"},"modified":"2025-02-01T21:24:26","modified_gmt":"2025-02-02T01:24:26","slug":"sera-imputada-subdirectora-de-liceo-juan-escalona-por-casos-de-agresiones","status":"publish","type":"post","link":"https:\/\/diariolajornada.com\/?p=213320","title":{"rendered":"Ser\u00e1 imputada subdirectora de liceo Juan Escalona por casos de agresiones"},"content":{"rendered":"<p>El fiscal general de la Rep\u00fablica, Tarek William Saab, inform\u00f3 que la subdirectora del Liceo Juan Escalona de El Hatillo, ser\u00e1 imputada por\u00a0<a href=\"https:\/\/ultimasnoticias.com.ve\/noticias\/sucesos\/detenidas-jovenes-agresoras-de-una-escolar-de-13-anos-en-el-hatillo\/\">omisi\u00f3n en el caso de la adolescente que fue agredida f\u00edsica, psicol\u00f3gica y verbalmente<\/a>\u00a0por otras estudiantes de la instituci\u00f3n.<\/p>\n<p>Saab indic\u00f3 -en entrevista a VTV- que en menos de un a\u00f1o ocurrieron dos hechos delicados en ese centro educativo, por lo cual hay privados de libertad, los cuales reciben las correcciones de acuerdo a la responsabilidad penal de Venezuela.<\/p>\n<p>Resalt\u00f3 que la subdirectora ser\u00e1 imputada \u201cpor omisi\u00f3n, ya que ella recibi\u00f3 las denuncias y no hizo nada\u201d.<\/p>\n<p>Saab se\u00f1al\u00f3 que en el pa\u00eds existe la responsabilidad penal del adolescente a partir de los 14 a\u00f1os. \u201cLas ni\u00f1as que aparecen no solo amenazando de muerte con picar a la menor agredida de trece a\u00f1os, sino que la paliza que le dan es bestial, las amenazas verbales, lo m\u00e1s triste (\u2026) Ya a ella le hemos prestado asistencia psicol\u00f3gica, yo me entrevist\u00e9 con ella, hemos atendido a sus familiares. Hab\u00eda sido dos veces golpeada, las agresoras le ten\u00edan un odio, no s\u00e9 si por envidia, por rencilla, pero el odio es totalmente injustificado\u201d.<\/p>\n<p>Asimismo, indic\u00f3 que todas las adolescentes que participaron y grabaron est\u00e1n detenidas; dos tienen 15 a\u00f1os, las cuales se encuentran en un centro de rehabilitaci\u00f3n de menores de edad; las restantes tienen 12 y 13 a\u00f1os, fueron presentadas al Consejo de Protecci\u00f3n, sus padres junto a ellas firmaron una serie de compromisos porque no pueden ser privadas de libertad, pero est\u00e1n obligadas a tener una conducta preventiva de calidad, tanto educativa como familiar.<\/p>\n<p>El fiscal hizo \u00e9nfasis, adem\u00e1s, en un segundo caso con alumnos de esa misma instituci\u00f3n, donde<a href=\"https:\/\/ultimasnoticias.com.ve\/noticias\/sucesos\/detenido-joven-que-lanzo-a-estudiante-del-liceo-juan-jose-de-escalona-por-un-barranco\/\">\u00a0lanzaron a un adolescente por un barranco<\/a>. Los agresores est\u00e1n detenidos por este lamentable hecho. \u201cEsa no es la idiosincrasia de nuestra juventud; a nuestra juventud le gusta estudiar, le gusta hacer deporte, le gusta la alegr\u00eda, le gusta sentirse bien, le gusta compartir con su familia, en los d\u00edas libres ir a la playa, hacer las cosas buenas\u201d.<\/p>\n<p>Saab hizo un llamado a denunciar cualquier tipo de hecho de violencia y en especial en contra de los ni\u00f1os y adolescentes.<\/p>\n","protected":false},"excerpt":{"rendered":"<p>El fiscal general de la Rep\u00fablica, Tarek William Saab, inform\u00f3 que la subdirectora del Liceo Juan Escalona de El Hatillo, ser\u00e1 imputada por\u00a0omisi\u00f3n en el caso de la adolescente que fue agredida f\u00edsica, psicol\u00f3gica y verbalmente\u00a0por otras estudiantes de la instituci\u00f3n. Saab indic\u00f3 -en entrevista a VTV- que en menos de un a\u00f1o ocurrieron dos [&hellip;]<\/p>\n","protected":false},"author":1,"featured_media":213306,"comment_status":"open","ping_status":"open","sticky":false,"template":"","format":"standard","meta":{"footnotes":""},"categories":[17,8],"tags":[],"class_list":["post-213320","post","type-post","status-publish","format-standard","has-post-thumbnail","hentry","category-destacada","category-nacionales"],"yoast_head":"<!-- This site is optimized with the Yoast SEO plugin v24.4 - https:\/\/yoast.com\/wordpress\/plugins\/seo\/ -->\n<title>Ser\u00e1 imputada subdirectora de liceo Juan Escalona por casos de agresiones - Diario La Jornada<\/title>\n<meta name=\"robots\" content=\"index, follow, max-snippet:-1, max-image-preview:large, max-video-preview:-1\" \/>\n<link rel=\"canonical\" href=\"https:\/\/diariolajornada.com\/?p=213320\" \/>\n<meta property=\"og:locale\" content=\"es_ES\" \/>\n<meta property=\"og:type\" content=\"article\" \/>\n<meta property=\"og:title\" content=\"Ser\u00e1 imputada subdirectora de liceo Juan Escalona por casos de agresiones - Diario La Jornada\" \/>\n<meta property=\"og:description\" content=\"El fiscal general de la Rep\u00fablica, Tarek William Saab, inform\u00f3 que la subdirectora del Liceo Juan Escalona de El Hatillo, ser\u00e1 imputada por\u00a0omisi\u00f3n en el caso de la adolescente que fue agredida f\u00edsica, psicol\u00f3gica y verbalmente\u00a0por otras estudiantes de la instituci\u00f3n. Saab indic\u00f3 -en entrevista a VTV- que en menos de un a\u00f1o ocurrieron dos [&hellip;]\" \/>\n<meta property=\"og:url\" content=\"https:\/\/diariolajornada.com\/?p=213320\" \/>\n<meta property=\"og:site_name\" content=\"Diario La Jornada\" \/>\n<meta property=\"article:publisher\" content=\"https:\/\/es-la.facebook.com\/lajornadadeguarico\/\" \/>\n<meta property=\"article:published_time\" content=\"2025-02-02T01:24:26+00:00\" \/>\n<meta property=\"og:image\" content=\"https:\/\/diariolajornada.com\/wp-content\/uploads\/2025\/02\/WhatsApp-Image-2024-08-01-at-8.20.30-PM-e1723742498835-696x591-1.jpeg\" \/>\n\t<meta property=\"og:image:width\" content=\"696\" \/>\n\t<meta property=\"og:image:height\" content=\"460\" \/>\n\t<meta property=\"og:image:type\" content=\"image\/jpeg\" \/>\n<meta name=\"author\" content=\"admin\" \/>\n<meta name=\"twitter:card\" content=\"summary_large_image\" \/>\n<meta name=\"twitter:label1\" content=\"Escrito por\" \/>\n\t<meta name=\"twitter:data1\" content=\"admin\" \/>\n\t<meta name=\"twitter:label2\" content=\"Tiempo de lectura\" \/>\n\t<meta name=\"twitter:data2\" content=\"2 minutos\" \/>\n<script type=\"application\/ld+json\" class=\"yoast-schema-graph\">{\"@context\":\"https:\/\/schema.org\",\"@graph\":[{\"@type\":\"Article\",\"@id\":\"https:\/\/diariolajornada.com\/?p=213320#article\",\"isPartOf\":{\"@id\":\"https:\/\/diariolajornada.com\/?p=213320\"},\"author\":{\"name\":\"admin\",\"@id\":\"https:\/\/diariolajornada.com\/#\/schema\/person\/83fc9ad02376abb532ce4553a399186b\"},\"headline\":\"Ser\u00e1 imputada subdirectora de liceo Juan Escalona por casos de agresiones\",\"datePublished\":\"2025-02-02T01:24:26+00:00\",\"mainEntityOfPage\":{\"@id\":\"https:\/\/diariolajornada.com\/?p=213320\"},\"wordCount\":399,\"commentCount\":0,\"publisher\":{\"@id\":\"https:\/\/diariolajornada.com\/#organization\"},\"image\":{\"@id\":\"https:\/\/diariolajornada.com\/?p=213320#primaryimage\"},\"thumbnailUrl\":\"https:\/\/diariolajornada.com\/wp-content\/uploads\/2025\/02\/WhatsApp-Image-2024-08-01-at-8.20.30-PM-e1723742498835-696x591-1.jpeg\",\"articleSection\":[\"DESTACADA\",\"Nacionales\"],\"inLanguage\":\"es\",\"potentialAction\":[{\"@type\":\"CommentAction\",\"name\":\"Comment\",\"target\":[\"https:\/\/diariolajornada.com\/?p=213320#respond\"]}]},{\"@type\":\"WebPage\",\"@id\":\"https:\/\/diariolajornada.com\/?p=213320\",\"url\":\"https:\/\/diariolajornada.com\/?p=213320\",\"name\":\"Ser\u00e1 imputada subdirectora de liceo Juan Escalona por casos de agresiones - Diario La Jornada\",\"isPartOf\":{\"@id\":\"https:\/\/diariolajornada.com\/#website\"},\"primaryImageOfPage\":{\"@id\":\"https:\/\/diariolajornada.com\/?p=213320#primaryimage\"},\"image\":{\"@id\":\"https:\/\/diariolajornada.com\/?p=213320#primaryimage\"},\"thumbnailUrl\":\"https:\/\/diariolajornada.com\/wp-content\/uploads\/2025\/02\/WhatsApp-Image-2024-08-01-at-8.20.30-PM-e1723742498835-696x591-1.jpeg\",\"datePublished\":\"2025-02-02T01:24:26+00:00\",\"breadcrumb\":{\"@id\":\"https:\/\/diariolajornada.com\/?p=213320#breadcrumb\"},\"inLanguage\":\"es\",\"potentialAction\":[{\"@type\":\"ReadAction\",\"target\":[\"https:\/\/diariolajornada.com\/?p=213320\"]}]},{\"@type\":\"ImageObject\",\"inLanguage\":\"es\",\"@id\":\"https:\/\/diariolajornada.com\/?p=213320#primaryimage\",\"url\":\"https:\/\/diariolajornada.com\/wp-content\/uploads\/2025\/02\/WhatsApp-Image-2024-08-01-at-8.20.30-PM-e1723742498835-696x591-1.jpeg\",\"contentUrl\":\"https:\/\/diariolajornada.com\/wp-content\/uploads\/2025\/02\/WhatsApp-Image-2024-08-01-at-8.20.30-PM-e1723742498835-696x591-1.jpeg\",\"width\":696,\"height\":460},{\"@type\":\"BreadcrumbList\",\"@id\":\"https:\/\/diariolajornada.com\/?p=213320#breadcrumb\",\"itemListElement\":[{\"@type\":\"ListItem\",\"position\":1,\"name\":\"Portada\",\"item\":\"https:\/\/diariolajornada.com\/\"},{\"@type\":\"ListItem\",\"position\":2,\"name\":\"Ser\u00e1 imputada subdirectora de liceo Juan Escalona por casos de agresiones\"}]},{\"@type\":\"WebSite\",\"@id\":\"https:\/\/diariolajornada.com\/#website\",\"url\":\"https:\/\/diariolajornada.com\/\",\"name\":\"Diario La Jornada\",\"description\":\"Noticias Nacionales Regionales e Internacionales\",\"publisher\":{\"@id\":\"https:\/\/diariolajornada.com\/#organization\"},\"potentialAction\":[{\"@type\":\"SearchAction\",\"target\":{\"@type\":\"EntryPoint\",\"urlTemplate\":\"https:\/\/diariolajornada.com\/?s={search_term_string}\"},\"query-input\":{\"@type\":\"PropertyValueSpecification\",\"valueRequired\":true,\"valueName\":\"search_term_string\"}}],\"inLanguage\":\"es\"},{\"@type\":\"Organization\",\"@id\":\"https:\/\/diariolajornada.com\/#organization\",\"name\":\"Diario La Jornada\",\"url\":\"https:\/\/diariolajornada.com\/\",\"logo\":{\"@type\":\"ImageObject\",\"inLanguage\":\"es\",\"@id\":\"https:\/\/diariolajornada.com\/#\/schema\/logo\/image\/\",\"url\":\"https:\/\/diariolajornada.com\/wp-content\/uploads\/2021\/06\/LOGO-JORNADA-SVG-01-02.svg\",\"contentUrl\":\"https:\/\/diariolajornada.com\/wp-content\/uploads\/2021\/06\/LOGO-JORNADA-SVG-01-02.svg\",\"width\":350,\"height\":100,\"caption\":\"Diario La Jornada\"},\"image\":{\"@id\":\"https:\/\/diariolajornada.com\/#\/schema\/logo\/image\/\"},\"sameAs\":[\"https:\/\/es-la.facebook.com\/lajornadadeguarico\/\",\"https:\/\/www.instagram.com\/diariojornada\/?hl=es\"]},{\"@type\":\"Person\",\"@id\":\"https:\/\/diariolajornada.com\/#\/schema\/person\/83fc9ad02376abb532ce4553a399186b\",\"name\":\"admin\",\"image\":{\"@type\":\"ImageObject\",\"inLanguage\":\"es\",\"@id\":\"https:\/\/diariolajornada.com\/#\/schema\/person\/image\/\",\"url\":\"https:\/\/secure.gravatar.com\/avatar\/fdcecb87f300ccb988450328a61211f10a01c8bfedfca54e932145534024045b?s=96&d=mm&r=g\",\"contentUrl\":\"https:\/\/secure.gravatar.com\/avatar\/fdcecb87f300ccb988450328a61211f10a01c8bfedfca54e932145534024045b?s=96&d=mm&r=g\",\"caption\":\"admin\"},\"sameAs\":[\"https:\/\/diariolajornada.com\"],\"url\":\"https:\/\/diariolajornada.com\/?author=1\"}]}<\/script>\n<!-- \/ Yoast SEO plugin. -->","yoast_head_json":{"title":"Ser\u00e1 imputada subdirectora de liceo Juan Escalona por casos de agresiones - Diario La Jornada","robots":{"index":"index","follow":"follow","max-snippet":"max-snippet:-1","max-image-preview":"max-image-preview:large","max-video-preview":"max-video-preview:-1"},"canonical":"https:\/\/diariolajornada.com\/?p=213320","og_locale":"es_ES","og_type":"article","og_title":"Ser\u00e1 imputada subdirectora de liceo Juan Escalona por casos de agresiones - Diario La Jornada","og_description":"El fiscal general de la Rep\u00fablica, Tarek William Saab, inform\u00f3 que la subdirectora del Liceo Juan Escalona de El Hatillo, ser\u00e1 imputada por\u00a0omisi\u00f3n en el caso de la adolescente que fue agredida f\u00edsica, psicol\u00f3gica y verbalmente\u00a0por otras estudiantes de la instituci\u00f3n. Saab indic\u00f3 -en entrevista a VTV- que en menos de un a\u00f1o ocurrieron dos [&hellip;]","og_url":"https:\/\/diariolajornada.com\/?p=213320","og_site_name":"Diario La Jornada","article_publisher":"https:\/\/es-la.facebook.com\/lajornadadeguarico\/","article_published_time":"2025-02-02T01:24:26+00:00","og_image":[{"width":696,"height":460,"url":"https:\/\/diariolajornada.com\/wp-content\/uploads\/2025\/02\/WhatsApp-Image-2024-08-01-at-8.20.30-PM-e1723742498835-696x591-1.jpeg","type":"image\/jpeg"}],"author":"admin","twitter_card":"summary_large_image","twitter_misc":{"Escrito por":"admin","Tiempo de lectura":"2 minutos"},"schema":{"@context":"https:\/\/schema.org","@graph":[{"@type":"Article","@id":"https:\/\/diariolajornada.com\/?p=213320#article","isPartOf":{"@id":"https:\/\/diariolajornada.com\/?p=213320"},"author":{"name":"admin","@id":"https:\/\/diariolajornada.com\/#\/schema\/person\/83fc9ad02376abb532ce4553a399186b"},"headline":"Ser\u00e1 imputada subdirectora de liceo Juan Escalona por casos de agresiones","datePublished":"2025-02-02T01:24:26+00:00","mainEntityOfPage":{"@id":"https:\/\/diariolajornada.com\/?p=213320"},"wordCount":399,"commentCount":0,"publisher":{"@id":"https:\/\/diariolajornada.com\/#organization"},"image":{"@id":"https:\/\/diariolajornada.com\/?p=213320#primaryimage"},"thumbnailUrl":"https:\/\/diariolajornada.com\/wp-content\/uploads\/2025\/02\/WhatsApp-Image-2024-08-01-at-8.20.30-PM-e1723742498835-696x591-1.jpeg","articleSection":["DESTACADA","Nacionales"],"inLanguage":"es","potentialAction":[{"@type":"CommentAction","name":"Comment","target":["https:\/\/diariolajornada.com\/?p=213320#respond"]}]},{"@type":"WebPage","@id":"https:\/\/diariolajornada.com\/?p=213320","url":"https:\/\/diariolajornada.com\/?p=213320","name":"Ser\u00e1 imputada subdirectora de liceo Juan Escalona por casos de agresiones - Diario La Jornada","isPartOf":{"@id":"https:\/\/diariolajornada.com\/#website"},"primaryImageOfPage":{"@id":"https:\/\/diariolajornada.com\/?p=213320#primaryimage"},"image":{"@id":"https:\/\/diariolajornada.com\/?p=213320#primaryimage"},"thumbnailUrl":"https:\/\/diariolajornada.com\/wp-content\/uploads\/2025\/02\/WhatsApp-Image-2024-08-01-at-8.20.30-PM-e1723742498835-696x591-1.jpeg","datePublished":"2025-02-02T01:24:26+00:00","breadcrumb":{"@id":"https:\/\/diariolajornada.com\/?p=213320#breadcrumb"},"inLanguage":"es","potentialAction":[{"@type":"ReadAction","target":["https:\/\/diariolajornada.com\/?p=213320"]}]},{"@type":"ImageObject","inLanguage":"es","@id":"https:\/\/diariolajornada.com\/?p=213320#primaryimage","url":"https:\/\/diariolajornada.com\/wp-content\/uploads\/2025\/02\/WhatsApp-Image-2024-08-01-at-8.20.30-PM-e1723742498835-696x591-1.jpeg","contentUrl":"https:\/\/diariolajornada.com\/wp-content\/uploads\/2025\/02\/WhatsApp-Image-2024-08-01-at-8.20.30-PM-e1723742498835-696x591-1.jpeg","width":696,"height":460},{"@type":"BreadcrumbList","@id":"https:\/\/diariolajornada.com\/?p=213320#breadcrumb","itemListElement":[{"@type":"ListItem","position":1,"name":"Portada","item":"https:\/\/diariolajornada.com\/"},{"@type":"ListItem","position":2,"name":"Ser\u00e1 imputada subdirectora de liceo Juan Escalona por casos de agresiones"}]},{"@type":"WebSite","@id":"https:\/\/diariolajornada.com\/#website","url":"https:\/\/diariolajornada.com\/","name":"Diario La Jornada","description":"Noticias Nacionales Regionales e Internacionales","publisher":{"@id":"https:\/\/diariolajornada.com\/#organization"},"potentialAction":[{"@type":"SearchAction","target":{"@type":"EntryPoint","urlTemplate":"https:\/\/diariolajornada.com\/?s={search_term_string}"},"query-input":{"@type":"PropertyValueSpecification","valueRequired":true,"valueName":"search_term_string"}}],"inLanguage":"es"},{"@type":"Organization","@id":"https:\/\/diariolajornada.com\/#organization","name":"Diario La Jornada","url":"https:\/\/diariolajornada.com\/","logo":{"@type":"ImageObject","inLanguage":"es","@id":"https:\/\/diariolajornada.com\/#\/schema\/logo\/image\/","url":"https:\/\/diariolajornada.com\/wp-content\/uploads\/2021\/06\/LOGO-JORNADA-SVG-01-02.svg","contentUrl":"https:\/\/diariolajornada.com\/wp-content\/uploads\/2021\/06\/LOGO-JORNADA-SVG-01-02.svg","width":350,"height":100,"caption":"Diario La Jornada"},"image":{"@id":"https:\/\/diariolajornada.com\/#\/schema\/logo\/image\/"},"sameAs":["https:\/\/es-la.facebook.com\/lajornadadeguarico\/","https:\/\/www.instagram.com\/diariojornada\/?hl=es"]},{"@type":"Person","@id":"https:\/\/diariolajornada.com\/#\/schema\/person\/83fc9ad02376abb532ce4553a399186b","name":"admin","image":{"@type":"ImageObject","inLanguage":"es","@id":"https:\/\/diariolajornada.com\/#\/schema\/person\/image\/","url":"https:\/\/secure.gravatar.com\/avatar\/fdcecb87f300ccb988450328a61211f10a01c8bfedfca54e932145534024045b?s=96&d=mm&r=g","contentUrl":"https:\/\/secure.gravatar.com\/avatar\/fdcecb87f300ccb988450328a61211f10a01c8bfedfca54e932145534024045b?s=96&d=mm&r=g","caption":"admin"},"sameAs":["https:\/\/diariolajornada.com"],"url":"https:\/\/diariolajornada.com\/?author=1"}]}},"_links":{"self":[{"href":"https:\/\/diariolajornada.com\/index.php?rest_route=\/wp\/v2\/posts\/213320","targetHints":{"allow":["GET"]}}],"collection":[{"href":"https:\/\/diariolajornada.com\/index.php?rest_route=\/wp\/v2\/posts"}],"about":[{"href":"https:\/\/diariolajornada.com\/index.php?rest_route=\/wp\/v2\/types\/post"}],"author":[{"embeddable":true,"href":"https:\/\/diariolajornada.com\/index.php?rest_route=\/wp\/v2\/users\/1"}],"replies":[{"embeddable":true,"href":"https:\/\/diariolajornada.com\/index.php?rest_route=%2Fwp%2Fv2%2Fcomments&post=213320"}],"version-history":[{"count":1,"href":"https:\/\/diariolajornada.com\/index.php?rest_route=\/wp\/v2\/posts\/213320\/revisions"}],"predecessor-version":[{"id":213321,"href":"https:\/\/diariolajornada.com\/index.php?rest_route=\/wp\/v2\/posts\/213320\/revisions\/213321"}],"wp:featuredmedia":[{"embeddable":true,"href":"https:\/\/diariolajornada.com\/index.php?rest_route=\/wp\/v2\/media\/213306"}],"wp:attachment":[{"href":"https:\/\/diariolajornada.com\/index.php?rest_route=%2Fwp%2Fv2%2Fmedia&parent=213320"}],"wp:term":[{"taxonomy":"category","embeddable":true,"href":"https:\/\/diariolajornada.com\/index.php?rest_route=%2Fwp%2Fv2%2Fcategories&post=213320"},{"taxonomy":"post_tag","embeddable":true,"href":"https:\/\/diariolajornada.com\/index.php?rest_route=%2Fwp%2Fv2%2Ftags&post=213320"}],"curies":[{"name":"wp","href":"https:\/\/api.w.org\/{rel}","templated":true}]}}