{"id":213324,"date":"2025-02-01T21:10:53","date_gmt":"2025-02-02T01:10:53","guid":{"rendered":"https:\/\/diariolajornada.com\/?p=213324"},"modified":"2025-02-01T21:27:45","modified_gmt":"2025-02-02T01:27:45","slug":"estados-arabes-declaran-derecho-de-autoridad-palestina-de-controlar-gaza","status":"publish","type":"post","link":"https:\/\/diariolajornada.com\/?p=213324","title":{"rendered":"Estados \u00e1rabes declaran derecho de Autoridad Palestina de controlar Gaza"},"content":{"rendered":"<p data-pm-slice=\"1 1 []\">La\u00a0<strong>Autoridad Palestina tiene derecho a tomar el control de la Franja de Gaza<\/strong>\u00a0como parte del territorio palestino, aseguraron los\u00a0<strong>ministros de Exteriores de Jordania, Egipto, Emiratos \u00c1rabes Unidos, Arabia Saudita y Catar, as\u00ed como el secretario general de la Liga \u00c1rabe<\/strong>\u00a0en una declaraci\u00f3n conjunta tras una reuni\u00f3n en El Cairo.<\/p>\n<p>\u00abLos participantes de la reuni\u00f3n acordaron seguir su labor para garantizar que la Autoridad Palestina pueda asumir sus responsabilidades en la Franja de Gaza como parte del Territorio Palestino Ocupado, junto con Cisjordania y Jerusal\u00e9n Este, lo que permitir\u00e1 a la comunidad internacional abordar la cat\u00e1strofe humanitaria que enfrenta el enclave debido a la agresi\u00f3n israel\u00ed\u00bb, indica el comunicado.<\/p>\n<p>Los cancilleres de los cinco pa\u00edses \u00e1rabes rechazaron adem\u00e1s las violaciones de los derechos de los palestinos, incluidas las anexiones o el desalojo de los territorios palestinos.<\/p>\n<p>El documento lleg\u00f3 tras 470 d\u00edas de hostilidades que dejaron m\u00e1s de 46 mil 700 muertos, entre ellos m\u00e1s de 17 mil 800 ni\u00f1os y 12 mil 300 mujeres, y m\u00e1s de 110 mil 200 heridos por el lado palestino, adem\u00e1s de unos mil 200 fallecidos y alrededor de 5 mil 500 heridos por el israel\u00ed.<\/p>\n<h4>Tregua<\/h4>\n<p>El pasado 15 de enero, el Gobierno israel\u00ed y Ham\u00e1s acordaron un alto el fuego por 42 d\u00edas con la mediaci\u00f3n de Catar, Egipto y EE.UU., este \u00faltimo aliado de Israel. La tregua entr\u00f3 en vigor el 19 de enero.<\/p>\n<p>La primera fase del pacto prev\u00e9 el canje de 33 israel\u00edes retenidos por Ham\u00e1s por unos mil prisioneros palestinos. Las fuerzas israel\u00edes deber\u00e1n replegarse hasta las fronteras de la Franja de Gaza, aunque permanecer\u00e1n dentro de sus l\u00edmites por ahora.<\/p>\n<p>Seg\u00fan el Ministerio de Asuntos Exteriores de Catar, est\u00e1 previsto que las negociaciones sobre la segunda fase de un acuerdo de alto el fuego en la Franja de Gaza comiencen el 3 de febrero, pero el<em>\u00a0diario The Jerusalem Post<\/em>\u00a0afirm\u00f3 que Ham\u00e1s no aceptar\u00e1 un acuerdo ni liberar\u00e1 a los israel\u00edes restantes a menos que el gobierno de Netanyahu garantice el cese de las hostilidades en el enclave palestino.<\/p>\n<p>Fuente: Sputnik<\/p>\n","protected":false},"excerpt":{"rendered":"<p>La\u00a0Autoridad Palestina tiene derecho a tomar el control de la Franja de Gaza\u00a0como parte del territorio palestino, aseguraron los\u00a0ministros de Exteriores de Jordania, Egipto, Emiratos \u00c1rabes Unidos, Arabia Saudita y Catar, as\u00ed como el secretario general de la Liga \u00c1rabe\u00a0en una declaraci\u00f3n conjunta tras una reuni\u00f3n en El Cairo. \u00abLos participantes de la reuni\u00f3n acordaron [&hellip;]<\/p>\n","protected":false},"author":1,"featured_media":213326,"comment_status":"open","ping_status":"open","sticky":false,"template":"","format":"standard","meta":{"footnotes":""},"categories":[17,10],"tags":[],"class_list":["post-213324","post","type-post","status-publish","format-standard","has-post-thumbnail","hentry","category-destacada","category-internacionales"],"yoast_head":"<!-- This site is optimized with the Yoast SEO plugin v24.4 - https:\/\/yoast.com\/wordpress\/plugins\/seo\/ -->\n<title>Estados \u00e1rabes declaran derecho de Autoridad Palestina de controlar Gaza - Diario La Jornada<\/title>\n<meta name=\"robots\" content=\"index, follow, max-snippet:-1, max-image-preview:large, max-video-preview:-1\" \/>\n<link rel=\"canonical\" href=\"https:\/\/diariolajornada.com\/?p=213324\" \/>\n<meta property=\"og:locale\" content=\"es_ES\" \/>\n<meta property=\"og:type\" content=\"article\" \/>\n<meta property=\"og:title\" content=\"Estados \u00e1rabes declaran derecho de Autoridad Palestina de controlar Gaza - Diario La Jornada\" \/>\n<meta property=\"og:description\" content=\"La\u00a0Autoridad Palestina tiene derecho a tomar el control de la Franja de Gaza\u00a0como parte del territorio palestino, aseguraron los\u00a0ministros de Exteriores de Jordania, Egipto, Emiratos \u00c1rabes Unidos, Arabia Saudita y Catar, as\u00ed como el secretario general de la Liga \u00c1rabe\u00a0en una declaraci\u00f3n conjunta tras una reuni\u00f3n en El Cairo. \u00abLos participantes de la reuni\u00f3n acordaron [&hellip;]\" \/>\n<meta property=\"og:url\" content=\"https:\/\/diariolajornada.com\/?p=213324\" \/>\n<meta property=\"og:site_name\" content=\"Diario La Jornada\" \/>\n<meta property=\"article:publisher\" content=\"https:\/\/es-la.facebook.com\/lajornadadeguarico\/\" \/>\n<meta property=\"article:published_time\" content=\"2025-02-02T01:10:53+00:00\" \/>\n<meta property=\"article:modified_time\" content=\"2025-02-02T01:27:45+00:00\" \/>\n<meta property=\"og:image\" content=\"https:\/\/diariolajornada.com\/wp-content\/uploads\/2025\/02\/gaza.jpg\" \/>\n\t<meta property=\"og:image:width\" content=\"800\" \/>\n\t<meta property=\"og:image:height\" content=\"445\" \/>\n\t<meta property=\"og:image:type\" content=\"image\/jpeg\" \/>\n<meta name=\"author\" content=\"admin\" \/>\n<meta name=\"twitter:card\" content=\"summary_large_image\" \/>\n<meta name=\"twitter:label1\" content=\"Escrito por\" \/>\n\t<meta name=\"twitter:data1\" content=\"admin\" \/>\n\t<meta name=\"twitter:label2\" content=\"Tiempo de lectura\" \/>\n\t<meta name=\"twitter:data2\" content=\"2 minutos\" \/>\n<script type=\"application\/ld+json\" class=\"yoast-schema-graph\">{\"@context\":\"https:\/\/schema.org\",\"@graph\":[{\"@type\":\"Article\",\"@id\":\"https:\/\/diariolajornada.com\/?p=213324#article\",\"isPartOf\":{\"@id\":\"https:\/\/diariolajornada.com\/?p=213324\"},\"author\":{\"name\":\"admin\",\"@id\":\"https:\/\/diariolajornada.com\/#\/schema\/person\/83fc9ad02376abb532ce4553a399186b\"},\"headline\":\"Estados \u00e1rabes declaran derecho de Autoridad Palestina de controlar Gaza\",\"datePublished\":\"2025-02-02T01:10:53+00:00\",\"dateModified\":\"2025-02-02T01:27:45+00:00\",\"mainEntityOfPage\":{\"@id\":\"https:\/\/diariolajornada.com\/?p=213324\"},\"wordCount\":368,\"commentCount\":0,\"publisher\":{\"@id\":\"https:\/\/diariolajornada.com\/#organization\"},\"image\":{\"@id\":\"https:\/\/diariolajornada.com\/?p=213324#primaryimage\"},\"thumbnailUrl\":\"https:\/\/diariolajornada.com\/wp-content\/uploads\/2025\/02\/gaza.jpg\",\"articleSection\":[\"DESTACADA\",\"Internacionales\"],\"inLanguage\":\"es\",\"potentialAction\":[{\"@type\":\"CommentAction\",\"name\":\"Comment\",\"target\":[\"https:\/\/diariolajornada.com\/?p=213324#respond\"]}]},{\"@type\":\"WebPage\",\"@id\":\"https:\/\/diariolajornada.com\/?p=213324\",\"url\":\"https:\/\/diariolajornada.com\/?p=213324\",\"name\":\"Estados \u00e1rabes declaran derecho de Autoridad Palestina de controlar Gaza - Diario La Jornada\",\"isPartOf\":{\"@id\":\"https:\/\/diariolajornada.com\/#website\"},\"primaryImageOfPage\":{\"@id\":\"https:\/\/diariolajornada.com\/?p=213324#primaryimage\"},\"image\":{\"@id\":\"https:\/\/diariolajornada.com\/?p=213324#primaryimage\"},\"thumbnailUrl\":\"https:\/\/diariolajornada.com\/wp-content\/uploads\/2025\/02\/gaza.jpg\",\"datePublished\":\"2025-02-02T01:10:53+00:00\",\"dateModified\":\"2025-02-02T01:27:45+00:00\",\"breadcrumb\":{\"@id\":\"https:\/\/diariolajornada.com\/?p=213324#breadcrumb\"},\"inLanguage\":\"es\",\"potentialAction\":[{\"@type\":\"ReadAction\",\"target\":[\"https:\/\/diariolajornada.com\/?p=213324\"]}]},{\"@type\":\"ImageObject\",\"inLanguage\":\"es\",\"@id\":\"https:\/\/diariolajornada.com\/?p=213324#primaryimage\",\"url\":\"https:\/\/diariolajornada.com\/wp-content\/uploads\/2025\/02\/gaza.jpg\",\"contentUrl\":\"https:\/\/diariolajornada.com\/wp-content\/uploads\/2025\/02\/gaza.jpg\",\"width\":800,\"height\":445},{\"@type\":\"BreadcrumbList\",\"@id\":\"https:\/\/diariolajornada.com\/?p=213324#breadcrumb\",\"itemListElement\":[{\"@type\":\"ListItem\",\"position\":1,\"name\":\"Portada\",\"item\":\"https:\/\/diariolajornada.com\/\"},{\"@type\":\"ListItem\",\"position\":2,\"name\":\"Estados \u00e1rabes declaran derecho de Autoridad Palestina de controlar Gaza\"}]},{\"@type\":\"WebSite\",\"@id\":\"https:\/\/diariolajornada.com\/#website\",\"url\":\"https:\/\/diariolajornada.com\/\",\"name\":\"Diario La Jornada\",\"description\":\"Noticias Nacionales Regionales e Internacionales\",\"publisher\":{\"@id\":\"https:\/\/diariolajornada.com\/#organization\"},\"potentialAction\":[{\"@type\":\"SearchAction\",\"target\":{\"@type\":\"EntryPoint\",\"urlTemplate\":\"https:\/\/diariolajornada.com\/?s={search_term_string}\"},\"query-input\":{\"@type\":\"PropertyValueSpecification\",\"valueRequired\":true,\"valueName\":\"search_term_string\"}}],\"inLanguage\":\"es\"},{\"@type\":\"Organization\",\"@id\":\"https:\/\/diariolajornada.com\/#organization\",\"name\":\"Diario La Jornada\",\"url\":\"https:\/\/diariolajornada.com\/\",\"logo\":{\"@type\":\"ImageObject\",\"inLanguage\":\"es\",\"@id\":\"https:\/\/diariolajornada.com\/#\/schema\/logo\/image\/\",\"url\":\"https:\/\/diariolajornada.com\/wp-content\/uploads\/2021\/06\/LOGO-JORNADA-SVG-01-02.svg\",\"contentUrl\":\"https:\/\/diariolajornada.com\/wp-content\/uploads\/2021\/06\/LOGO-JORNADA-SVG-01-02.svg\",\"width\":350,\"height\":100,\"caption\":\"Diario La Jornada\"},\"image\":{\"@id\":\"https:\/\/diariolajornada.com\/#\/schema\/logo\/image\/\"},\"sameAs\":[\"https:\/\/es-la.facebook.com\/lajornadadeguarico\/\",\"https:\/\/www.instagram.com\/diariojornada\/?hl=es\"]},{\"@type\":\"Person\",\"@id\":\"https:\/\/diariolajornada.com\/#\/schema\/person\/83fc9ad02376abb532ce4553a399186b\",\"name\":\"admin\",\"image\":{\"@type\":\"ImageObject\",\"inLanguage\":\"es\",\"@id\":\"https:\/\/diariolajornada.com\/#\/schema\/person\/image\/\",\"url\":\"https:\/\/secure.gravatar.com\/avatar\/fdcecb87f300ccb988450328a61211f10a01c8bfedfca54e932145534024045b?s=96&d=mm&r=g\",\"contentUrl\":\"https:\/\/secure.gravatar.com\/avatar\/fdcecb87f300ccb988450328a61211f10a01c8bfedfca54e932145534024045b?s=96&d=mm&r=g\",\"caption\":\"admin\"},\"sameAs\":[\"https:\/\/diariolajornada.com\"],\"url\":\"https:\/\/diariolajornada.com\/?author=1\"}]}<\/script>\n<!-- \/ Yoast SEO plugin. -->","yoast_head_json":{"title":"Estados \u00e1rabes declaran derecho de Autoridad Palestina de controlar Gaza - Diario La Jornada","robots":{"index":"index","follow":"follow","max-snippet":"max-snippet:-1","max-image-preview":"max-image-preview:large","max-video-preview":"max-video-preview:-1"},"canonical":"https:\/\/diariolajornada.com\/?p=213324","og_locale":"es_ES","og_type":"article","og_title":"Estados \u00e1rabes declaran derecho de Autoridad Palestina de controlar Gaza - Diario La Jornada","og_description":"La\u00a0Autoridad Palestina tiene derecho a tomar el control de la Franja de Gaza\u00a0como parte del territorio palestino, aseguraron los\u00a0ministros de Exteriores de Jordania, Egipto, Emiratos \u00c1rabes Unidos, Arabia Saudita y Catar, as\u00ed como el secretario general de la Liga \u00c1rabe\u00a0en una declaraci\u00f3n conjunta tras una reuni\u00f3n en El Cairo. \u00abLos participantes de la reuni\u00f3n acordaron [&hellip;]","og_url":"https:\/\/diariolajornada.com\/?p=213324","og_site_name":"Diario La Jornada","article_publisher":"https:\/\/es-la.facebook.com\/lajornadadeguarico\/","article_published_time":"2025-02-02T01:10:53+00:00","article_modified_time":"2025-02-02T01:27:45+00:00","og_image":[{"width":800,"height":445,"url":"https:\/\/diariolajornada.com\/wp-content\/uploads\/2025\/02\/gaza.jpg","type":"image\/jpeg"}],"author":"admin","twitter_card":"summary_large_image","twitter_misc":{"Escrito por":"admin","Tiempo de lectura":"2 minutos"},"schema":{"@context":"https:\/\/schema.org","@graph":[{"@type":"Article","@id":"https:\/\/diariolajornada.com\/?p=213324#article","isPartOf":{"@id":"https:\/\/diariolajornada.com\/?p=213324"},"author":{"name":"admin","@id":"https:\/\/diariolajornada.com\/#\/schema\/person\/83fc9ad02376abb532ce4553a399186b"},"headline":"Estados \u00e1rabes declaran derecho de Autoridad Palestina de controlar Gaza","datePublished":"2025-02-02T01:10:53+00:00","dateModified":"2025-02-02T01:27:45+00:00","mainEntityOfPage":{"@id":"https:\/\/diariolajornada.com\/?p=213324"},"wordCount":368,"commentCount":0,"publisher":{"@id":"https:\/\/diariolajornada.com\/#organization"},"image":{"@id":"https:\/\/diariolajornada.com\/?p=213324#primaryimage"},"thumbnailUrl":"https:\/\/diariolajornada.com\/wp-content\/uploads\/2025\/02\/gaza.jpg","articleSection":["DESTACADA","Internacionales"],"inLanguage":"es","potentialAction":[{"@type":"CommentAction","name":"Comment","target":["https:\/\/diariolajornada.com\/?p=213324#respond"]}]},{"@type":"WebPage","@id":"https:\/\/diariolajornada.com\/?p=213324","url":"https:\/\/diariolajornada.com\/?p=213324","name":"Estados \u00e1rabes declaran derecho de Autoridad Palestina de controlar Gaza - Diario La Jornada","isPartOf":{"@id":"https:\/\/diariolajornada.com\/#website"},"primaryImageOfPage":{"@id":"https:\/\/diariolajornada.com\/?p=213324#primaryimage"},"image":{"@id":"https:\/\/diariolajornada.com\/?p=213324#primaryimage"},"thumbnailUrl":"https:\/\/diariolajornada.com\/wp-content\/uploads\/2025\/02\/gaza.jpg","datePublished":"2025-02-02T01:10:53+00:00","dateModified":"2025-02-02T01:27:45+00:00","breadcrumb":{"@id":"https:\/\/diariolajornada.com\/?p=213324#breadcrumb"},"inLanguage":"es","potentialAction":[{"@type":"ReadAction","target":["https:\/\/diariolajornada.com\/?p=213324"]}]},{"@type":"ImageObject","inLanguage":"es","@id":"https:\/\/diariolajornada.com\/?p=213324#primaryimage","url":"https:\/\/diariolajornada.com\/wp-content\/uploads\/2025\/02\/gaza.jpg","contentUrl":"https:\/\/diariolajornada.com\/wp-content\/uploads\/2025\/02\/gaza.jpg","width":800,"height":445},{"@type":"BreadcrumbList","@id":"https:\/\/diariolajornada.com\/?p=213324#breadcrumb","itemListElement":[{"@type":"ListItem","position":1,"name":"Portada","item":"https:\/\/diariolajornada.com\/"},{"@type":"ListItem","position":2,"name":"Estados \u00e1rabes declaran derecho de Autoridad Palestina de controlar Gaza"}]},{"@type":"WebSite","@id":"https:\/\/diariolajornada.com\/#website","url":"https:\/\/diariolajornada.com\/","name":"Diario La Jornada","description":"Noticias Nacionales Regionales e Internacionales","publisher":{"@id":"https:\/\/diariolajornada.com\/#organization"},"potentialAction":[{"@type":"SearchAction","target":{"@type":"EntryPoint","urlTemplate":"https:\/\/diariolajornada.com\/?s={search_term_string}"},"query-input":{"@type":"PropertyValueSpecification","valueRequired":true,"valueName":"search_term_string"}}],"inLanguage":"es"},{"@type":"Organization","@id":"https:\/\/diariolajornada.com\/#organization","name":"Diario La Jornada","url":"https:\/\/diariolajornada.com\/","logo":{"@type":"ImageObject","inLanguage":"es","@id":"https:\/\/diariolajornada.com\/#\/schema\/logo\/image\/","url":"https:\/\/diariolajornada.com\/wp-content\/uploads\/2021\/06\/LOGO-JORNADA-SVG-01-02.svg","contentUrl":"https:\/\/diariolajornada.com\/wp-content\/uploads\/2021\/06\/LOGO-JORNADA-SVG-01-02.svg","width":350,"height":100,"caption":"Diario La Jornada"},"image":{"@id":"https:\/\/diariolajornada.com\/#\/schema\/logo\/image\/"},"sameAs":["https:\/\/es-la.facebook.com\/lajornadadeguarico\/","https:\/\/www.instagram.com\/diariojornada\/?hl=es"]},{"@type":"Person","@id":"https:\/\/diariolajornada.com\/#\/schema\/person\/83fc9ad02376abb532ce4553a399186b","name":"admin","image":{"@type":"ImageObject","inLanguage":"es","@id":"https:\/\/diariolajornada.com\/#\/schema\/person\/image\/","url":"https:\/\/secure.gravatar.com\/avatar\/fdcecb87f300ccb988450328a61211f10a01c8bfedfca54e932145534024045b?s=96&d=mm&r=g","contentUrl":"https:\/\/secure.gravatar.com\/avatar\/fdcecb87f300ccb988450328a61211f10a01c8bfedfca54e932145534024045b?s=96&d=mm&r=g","caption":"admin"},"sameAs":["https:\/\/diariolajornada.com"],"url":"https:\/\/diariolajornada.com\/?author=1"}]}},"_links":{"self":[{"href":"https:\/\/diariolajornada.com\/index.php?rest_route=\/wp\/v2\/posts\/213324","targetHints":{"allow":["GET"]}}],"collection":[{"href":"https:\/\/diariolajornada.com\/index.php?rest_route=\/wp\/v2\/posts"}],"about":[{"href":"https:\/\/diariolajornada.com\/index.php?rest_route=\/wp\/v2\/types\/post"}],"author":[{"embeddable":true,"href":"https:\/\/diariolajornada.com\/index.php?rest_route=\/wp\/v2\/users\/1"}],"replies":[{"embeddable":true,"href":"https:\/\/diariolajornada.com\/index.php?rest_route=%2Fwp%2Fv2%2Fcomments&post=213324"}],"version-history":[{"count":1,"href":"https:\/\/diariolajornada.com\/index.php?rest_route=\/wp\/v2\/posts\/213324\/revisions"}],"predecessor-version":[{"id":213325,"href":"https:\/\/diariolajornada.com\/index.php?rest_route=\/wp\/v2\/posts\/213324\/revisions\/213325"}],"wp:featuredmedia":[{"embeddable":true,"href":"https:\/\/diariolajornada.com\/index.php?rest_route=\/wp\/v2\/media\/213326"}],"wp:attachment":[{"href":"https:\/\/diariolajornada.com\/index.php?rest_route=%2Fwp%2Fv2%2Fmedia&parent=213324"}],"wp:term":[{"taxonomy":"category","embeddable":true,"href":"https:\/\/diariolajornada.com\/index.php?rest_route=%2Fwp%2Fv2%2Fcategories&post=213324"},{"taxonomy":"post_tag","embeddable":true,"href":"https:\/\/diariolajornada.com\/index.php?rest_route=%2Fwp%2Fv2%2Ftags&post=213324"}],"curies":[{"name":"wp","href":"https:\/\/api.w.org\/{rel}","templated":true}]}}