{"id":216043,"date":"2025-06-11T23:12:57","date_gmt":"2025-06-12T03:12:57","guid":{"rendered":"https:\/\/diariolajornada.com\/?p=216043"},"modified":"2025-06-11T23:12:57","modified_gmt":"2025-06-12T03:12:57","slug":"ecuador-y-brasil-sellan-su-clasificacion-al-mundial-2026","status":"publish","type":"post","link":"https:\/\/diariolajornada.com\/?p=216043","title":{"rendered":"Ecuador y Brasil sellan su clasificaci\u00f3n al Mundial 2026"},"content":{"rendered":"<p>Este martes, la decimosexta jornada de las Eliminatorias Sudamericanas dej\u00f3 definiciones claves rumbo al Mundial de f\u00fatbol de 2026. Ecuador asegur\u00f3 su clasificaci\u00f3n tras empatar 0-0 frente a Per\u00fa en Lima, resultado que arroj\u00f3 a la \u00abBlanquirroja\u00bb a la novena posici\u00f3n, fuera de toda opci\u00f3n de repechaje.<\/p>\n<div><\/div>\n<div>Brasil tambi\u00e9n sell\u00f3 su pasaje al m\u00e1ximo torneo del balompi\u00e9 a nivel de selecciones tras imponerse 1-0 a Paraguay con gol de Vin\u00edcius J\u00fanior, en el debut de Carlo Ancelotti como seleccionador.<\/div>\n<div><\/div>\n<div>Chile, por su parte, qued\u00f3 eliminado tras caer 2-0 ante Bolivia en El Alto. La \u2018Verde\u2019, gracias a los tantos de Miguel Terceros y Enzo Monteiro, mantiene vivas sus aspiraciones al repechaje, ubic\u00e1ndose en el octavo lugar con 17 puntos.<\/div>\n<div><\/div>\n<div>Argentina, ya clasificada, igual\u00f3 1-1 con Colombia en Buenos Aires. Luis D\u00edaz abri\u00f3 el marcador para los \u00abcafeteros\u00bb y Thiago Almada lo empat\u00f3 al minuto 80, en un duelo que vio la expulsi\u00f3n del argentino Enzo Fern\u00e1ndez. Con el empate, Colombia contin\u00faa sexta con 22 unidades, cuatro por encima de Venezuela, que a\u00fan ocupa el puesto de repechaje.<\/div>\n<div><\/div>\n<div>Uruguay, en tanto, se impuso con autoridad 2-0 a Venezuela en Montevideo, con goles de Rodrigo Aguirre y Giorgian De Arrascaeta. Con este triunfo, la \u00abCeleste\u00bb qued\u00f3 virtualmente clasificada al Mundial, acumulando 24 puntos.<\/div>\n<div><\/div>\n<div>A dos jornadas del final, el panorama se aclara: Argentina, Brasil y Ecuador ya est\u00e1n dentro; Uruguay casi lo consigue; mientras que selecciones como Bolivia y Venezuela se aferran a las \u00faltimas esperanzas. La pr\u00f3xima fecha, a disputarse en septiembre, promete emociones decisivas.<\/div>\n<div><\/div>\n<div><b>Con informaci\u00f3n de TeleSur\u00a0<\/b><\/div>\n","protected":false},"excerpt":{"rendered":"<p>Este martes, la decimosexta jornada de las Eliminatorias Sudamericanas dej\u00f3 definiciones claves rumbo al Mundial de f\u00fatbol de 2026. Ecuador asegur\u00f3 su clasificaci\u00f3n tras empatar 0-0 frente a Per\u00fa en Lima, resultado que arroj\u00f3 a la \u00abBlanquirroja\u00bb a la novena posici\u00f3n, fuera de toda opci\u00f3n de repechaje. Brasil tambi\u00e9n sell\u00f3 su pasaje al m\u00e1ximo torneo [&hellip;]<\/p>\n","protected":false},"author":1,"featured_media":216044,"comment_status":"open","ping_status":"open","sticky":false,"template":"","format":"standard","meta":{"footnotes":""},"categories":[11,17],"tags":[],"class_list":["post-216043","post","type-post","status-publish","format-standard","has-post-thumbnail","hentry","category-deportes","category-destacada"],"yoast_head":"<!-- This site is optimized with the Yoast SEO plugin v24.4 - https:\/\/yoast.com\/wordpress\/plugins\/seo\/ -->\n<title>Ecuador y Brasil sellan su clasificaci\u00f3n al Mundial 2026 - Diario La Jornada<\/title>\n<meta name=\"robots\" content=\"index, follow, max-snippet:-1, max-image-preview:large, max-video-preview:-1\" \/>\n<link rel=\"canonical\" href=\"https:\/\/diariolajornada.com\/?p=216043\" \/>\n<meta property=\"og:locale\" content=\"es_ES\" \/>\n<meta property=\"og:type\" content=\"article\" \/>\n<meta property=\"og:title\" content=\"Ecuador y Brasil sellan su clasificaci\u00f3n al Mundial 2026 - Diario La Jornada\" \/>\n<meta property=\"og:description\" content=\"Este martes, la decimosexta jornada de las Eliminatorias Sudamericanas dej\u00f3 definiciones claves rumbo al Mundial de f\u00fatbol de 2026. Ecuador asegur\u00f3 su clasificaci\u00f3n tras empatar 0-0 frente a Per\u00fa en Lima, resultado que arroj\u00f3 a la \u00abBlanquirroja\u00bb a la novena posici\u00f3n, fuera de toda opci\u00f3n de repechaje. Brasil tambi\u00e9n sell\u00f3 su pasaje al m\u00e1ximo torneo [&hellip;]\" \/>\n<meta property=\"og:url\" content=\"https:\/\/diariolajornada.com\/?p=216043\" \/>\n<meta property=\"og:site_name\" content=\"Diario La Jornada\" \/>\n<meta property=\"article:publisher\" content=\"https:\/\/es-la.facebook.com\/lajornadadeguarico\/\" \/>\n<meta property=\"article:published_time\" content=\"2025-06-12T03:12:57+00:00\" \/>\n<meta property=\"og:image\" content=\"https:\/\/diariolajornada.com\/wp-content\/uploads\/2025\/06\/ecuador-y-brasil-sellan-su-clasificacion-al-mundial-2026-chile-y-peru-quedan-eliminados-177579.jpg\" \/>\n\t<meta property=\"og:image:width\" content=\"1242\" \/>\n\t<meta property=\"og:image:height\" content=\"699\" \/>\n\t<meta property=\"og:image:type\" content=\"image\/jpeg\" \/>\n<meta name=\"author\" content=\"admin\" \/>\n<meta name=\"twitter:card\" content=\"summary_large_image\" \/>\n<meta name=\"twitter:label1\" content=\"Escrito por\" \/>\n\t<meta name=\"twitter:data1\" content=\"admin\" \/>\n\t<meta name=\"twitter:label2\" content=\"Tiempo de lectura\" \/>\n\t<meta name=\"twitter:data2\" content=\"1 minuto\" \/>\n<script type=\"application\/ld+json\" class=\"yoast-schema-graph\">{\"@context\":\"https:\/\/schema.org\",\"@graph\":[{\"@type\":\"Article\",\"@id\":\"https:\/\/diariolajornada.com\/?p=216043#article\",\"isPartOf\":{\"@id\":\"https:\/\/diariolajornada.com\/?p=216043\"},\"author\":{\"name\":\"admin\",\"@id\":\"https:\/\/diariolajornada.com\/#\/schema\/person\/83fc9ad02376abb532ce4553a399186b\"},\"headline\":\"Ecuador y Brasil sellan su clasificaci\u00f3n al Mundial 2026\",\"datePublished\":\"2025-06-12T03:12:57+00:00\",\"mainEntityOfPage\":{\"@id\":\"https:\/\/diariolajornada.com\/?p=216043\"},\"wordCount\":279,\"commentCount\":0,\"publisher\":{\"@id\":\"https:\/\/diariolajornada.com\/#organization\"},\"image\":{\"@id\":\"https:\/\/diariolajornada.com\/?p=216043#primaryimage\"},\"thumbnailUrl\":\"https:\/\/diariolajornada.com\/wp-content\/uploads\/2025\/06\/ecuador-y-brasil-sellan-su-clasificacion-al-mundial-2026-chile-y-peru-quedan-eliminados-177579.jpg\",\"articleSection\":[\"Deportes\",\"DESTACADA\"],\"inLanguage\":\"es\",\"potentialAction\":[{\"@type\":\"CommentAction\",\"name\":\"Comment\",\"target\":[\"https:\/\/diariolajornada.com\/?p=216043#respond\"]}]},{\"@type\":\"WebPage\",\"@id\":\"https:\/\/diariolajornada.com\/?p=216043\",\"url\":\"https:\/\/diariolajornada.com\/?p=216043\",\"name\":\"Ecuador y Brasil sellan su clasificaci\u00f3n al Mundial 2026 - Diario La Jornada\",\"isPartOf\":{\"@id\":\"https:\/\/diariolajornada.com\/#website\"},\"primaryImageOfPage\":{\"@id\":\"https:\/\/diariolajornada.com\/?p=216043#primaryimage\"},\"image\":{\"@id\":\"https:\/\/diariolajornada.com\/?p=216043#primaryimage\"},\"thumbnailUrl\":\"https:\/\/diariolajornada.com\/wp-content\/uploads\/2025\/06\/ecuador-y-brasil-sellan-su-clasificacion-al-mundial-2026-chile-y-peru-quedan-eliminados-177579.jpg\",\"datePublished\":\"2025-06-12T03:12:57+00:00\",\"breadcrumb\":{\"@id\":\"https:\/\/diariolajornada.com\/?p=216043#breadcrumb\"},\"inLanguage\":\"es\",\"potentialAction\":[{\"@type\":\"ReadAction\",\"target\":[\"https:\/\/diariolajornada.com\/?p=216043\"]}]},{\"@type\":\"ImageObject\",\"inLanguage\":\"es\",\"@id\":\"https:\/\/diariolajornada.com\/?p=216043#primaryimage\",\"url\":\"https:\/\/diariolajornada.com\/wp-content\/uploads\/2025\/06\/ecuador-y-brasil-sellan-su-clasificacion-al-mundial-2026-chile-y-peru-quedan-eliminados-177579.jpg\",\"contentUrl\":\"https:\/\/diariolajornada.com\/wp-content\/uploads\/2025\/06\/ecuador-y-brasil-sellan-su-clasificacion-al-mundial-2026-chile-y-peru-quedan-eliminados-177579.jpg\",\"width\":1242,\"height\":699},{\"@type\":\"BreadcrumbList\",\"@id\":\"https:\/\/diariolajornada.com\/?p=216043#breadcrumb\",\"itemListElement\":[{\"@type\":\"ListItem\",\"position\":1,\"name\":\"Portada\",\"item\":\"https:\/\/diariolajornada.com\/\"},{\"@type\":\"ListItem\",\"position\":2,\"name\":\"Ecuador y Brasil sellan su clasificaci\u00f3n al Mundial 2026\"}]},{\"@type\":\"WebSite\",\"@id\":\"https:\/\/diariolajornada.com\/#website\",\"url\":\"https:\/\/diariolajornada.com\/\",\"name\":\"Diario La Jornada\",\"description\":\"Noticias Nacionales Regionales e Internacionales\",\"publisher\":{\"@id\":\"https:\/\/diariolajornada.com\/#organization\"},\"potentialAction\":[{\"@type\":\"SearchAction\",\"target\":{\"@type\":\"EntryPoint\",\"urlTemplate\":\"https:\/\/diariolajornada.com\/?s={search_term_string}\"},\"query-input\":{\"@type\":\"PropertyValueSpecification\",\"valueRequired\":true,\"valueName\":\"search_term_string\"}}],\"inLanguage\":\"es\"},{\"@type\":\"Organization\",\"@id\":\"https:\/\/diariolajornada.com\/#organization\",\"name\":\"Diario La Jornada\",\"url\":\"https:\/\/diariolajornada.com\/\",\"logo\":{\"@type\":\"ImageObject\",\"inLanguage\":\"es\",\"@id\":\"https:\/\/diariolajornada.com\/#\/schema\/logo\/image\/\",\"url\":\"https:\/\/diariolajornada.com\/wp-content\/uploads\/2021\/06\/LOGO-JORNADA-SVG-01-02.svg\",\"contentUrl\":\"https:\/\/diariolajornada.com\/wp-content\/uploads\/2021\/06\/LOGO-JORNADA-SVG-01-02.svg\",\"width\":350,\"height\":100,\"caption\":\"Diario La Jornada\"},\"image\":{\"@id\":\"https:\/\/diariolajornada.com\/#\/schema\/logo\/image\/\"},\"sameAs\":[\"https:\/\/es-la.facebook.com\/lajornadadeguarico\/\",\"https:\/\/www.instagram.com\/diariojornada\/?hl=es\"]},{\"@type\":\"Person\",\"@id\":\"https:\/\/diariolajornada.com\/#\/schema\/person\/83fc9ad02376abb532ce4553a399186b\",\"name\":\"admin\",\"image\":{\"@type\":\"ImageObject\",\"inLanguage\":\"es\",\"@id\":\"https:\/\/diariolajornada.com\/#\/schema\/person\/image\/\",\"url\":\"https:\/\/secure.gravatar.com\/avatar\/fdcecb87f300ccb988450328a61211f10a01c8bfedfca54e932145534024045b?s=96&d=mm&r=g\",\"contentUrl\":\"https:\/\/secure.gravatar.com\/avatar\/fdcecb87f300ccb988450328a61211f10a01c8bfedfca54e932145534024045b?s=96&d=mm&r=g\",\"caption\":\"admin\"},\"sameAs\":[\"https:\/\/diariolajornada.com\"],\"url\":\"https:\/\/diariolajornada.com\/?author=1\"}]}<\/script>\n<!-- \/ Yoast SEO plugin. -->","yoast_head_json":{"title":"Ecuador y Brasil sellan su clasificaci\u00f3n al Mundial 2026 - Diario La Jornada","robots":{"index":"index","follow":"follow","max-snippet":"max-snippet:-1","max-image-preview":"max-image-preview:large","max-video-preview":"max-video-preview:-1"},"canonical":"https:\/\/diariolajornada.com\/?p=216043","og_locale":"es_ES","og_type":"article","og_title":"Ecuador y Brasil sellan su clasificaci\u00f3n al Mundial 2026 - Diario La Jornada","og_description":"Este martes, la decimosexta jornada de las Eliminatorias Sudamericanas dej\u00f3 definiciones claves rumbo al Mundial de f\u00fatbol de 2026. Ecuador asegur\u00f3 su clasificaci\u00f3n tras empatar 0-0 frente a Per\u00fa en Lima, resultado que arroj\u00f3 a la \u00abBlanquirroja\u00bb a la novena posici\u00f3n, fuera de toda opci\u00f3n de repechaje. Brasil tambi\u00e9n sell\u00f3 su pasaje al m\u00e1ximo torneo [&hellip;]","og_url":"https:\/\/diariolajornada.com\/?p=216043","og_site_name":"Diario La Jornada","article_publisher":"https:\/\/es-la.facebook.com\/lajornadadeguarico\/","article_published_time":"2025-06-12T03:12:57+00:00","og_image":[{"width":1242,"height":699,"url":"https:\/\/diariolajornada.com\/wp-content\/uploads\/2025\/06\/ecuador-y-brasil-sellan-su-clasificacion-al-mundial-2026-chile-y-peru-quedan-eliminados-177579.jpg","type":"image\/jpeg"}],"author":"admin","twitter_card":"summary_large_image","twitter_misc":{"Escrito por":"admin","Tiempo de lectura":"1 minuto"},"schema":{"@context":"https:\/\/schema.org","@graph":[{"@type":"Article","@id":"https:\/\/diariolajornada.com\/?p=216043#article","isPartOf":{"@id":"https:\/\/diariolajornada.com\/?p=216043"},"author":{"name":"admin","@id":"https:\/\/diariolajornada.com\/#\/schema\/person\/83fc9ad02376abb532ce4553a399186b"},"headline":"Ecuador y Brasil sellan su clasificaci\u00f3n al Mundial 2026","datePublished":"2025-06-12T03:12:57+00:00","mainEntityOfPage":{"@id":"https:\/\/diariolajornada.com\/?p=216043"},"wordCount":279,"commentCount":0,"publisher":{"@id":"https:\/\/diariolajornada.com\/#organization"},"image":{"@id":"https:\/\/diariolajornada.com\/?p=216043#primaryimage"},"thumbnailUrl":"https:\/\/diariolajornada.com\/wp-content\/uploads\/2025\/06\/ecuador-y-brasil-sellan-su-clasificacion-al-mundial-2026-chile-y-peru-quedan-eliminados-177579.jpg","articleSection":["Deportes","DESTACADA"],"inLanguage":"es","potentialAction":[{"@type":"CommentAction","name":"Comment","target":["https:\/\/diariolajornada.com\/?p=216043#respond"]}]},{"@type":"WebPage","@id":"https:\/\/diariolajornada.com\/?p=216043","url":"https:\/\/diariolajornada.com\/?p=216043","name":"Ecuador y Brasil sellan su clasificaci\u00f3n al Mundial 2026 - Diario La Jornada","isPartOf":{"@id":"https:\/\/diariolajornada.com\/#website"},"primaryImageOfPage":{"@id":"https:\/\/diariolajornada.com\/?p=216043#primaryimage"},"image":{"@id":"https:\/\/diariolajornada.com\/?p=216043#primaryimage"},"thumbnailUrl":"https:\/\/diariolajornada.com\/wp-content\/uploads\/2025\/06\/ecuador-y-brasil-sellan-su-clasificacion-al-mundial-2026-chile-y-peru-quedan-eliminados-177579.jpg","datePublished":"2025-06-12T03:12:57+00:00","breadcrumb":{"@id":"https:\/\/diariolajornada.com\/?p=216043#breadcrumb"},"inLanguage":"es","potentialAction":[{"@type":"ReadAction","target":["https:\/\/diariolajornada.com\/?p=216043"]}]},{"@type":"ImageObject","inLanguage":"es","@id":"https:\/\/diariolajornada.com\/?p=216043#primaryimage","url":"https:\/\/diariolajornada.com\/wp-content\/uploads\/2025\/06\/ecuador-y-brasil-sellan-su-clasificacion-al-mundial-2026-chile-y-peru-quedan-eliminados-177579.jpg","contentUrl":"https:\/\/diariolajornada.com\/wp-content\/uploads\/2025\/06\/ecuador-y-brasil-sellan-su-clasificacion-al-mundial-2026-chile-y-peru-quedan-eliminados-177579.jpg","width":1242,"height":699},{"@type":"BreadcrumbList","@id":"https:\/\/diariolajornada.com\/?p=216043#breadcrumb","itemListElement":[{"@type":"ListItem","position":1,"name":"Portada","item":"https:\/\/diariolajornada.com\/"},{"@type":"ListItem","position":2,"name":"Ecuador y Brasil sellan su clasificaci\u00f3n al Mundial 2026"}]},{"@type":"WebSite","@id":"https:\/\/diariolajornada.com\/#website","url":"https:\/\/diariolajornada.com\/","name":"Diario La Jornada","description":"Noticias Nacionales Regionales e Internacionales","publisher":{"@id":"https:\/\/diariolajornada.com\/#organization"},"potentialAction":[{"@type":"SearchAction","target":{"@type":"EntryPoint","urlTemplate":"https:\/\/diariolajornada.com\/?s={search_term_string}"},"query-input":{"@type":"PropertyValueSpecification","valueRequired":true,"valueName":"search_term_string"}}],"inLanguage":"es"},{"@type":"Organization","@id":"https:\/\/diariolajornada.com\/#organization","name":"Diario La Jornada","url":"https:\/\/diariolajornada.com\/","logo":{"@type":"ImageObject","inLanguage":"es","@id":"https:\/\/diariolajornada.com\/#\/schema\/logo\/image\/","url":"https:\/\/diariolajornada.com\/wp-content\/uploads\/2021\/06\/LOGO-JORNADA-SVG-01-02.svg","contentUrl":"https:\/\/diariolajornada.com\/wp-content\/uploads\/2021\/06\/LOGO-JORNADA-SVG-01-02.svg","width":350,"height":100,"caption":"Diario La Jornada"},"image":{"@id":"https:\/\/diariolajornada.com\/#\/schema\/logo\/image\/"},"sameAs":["https:\/\/es-la.facebook.com\/lajornadadeguarico\/","https:\/\/www.instagram.com\/diariojornada\/?hl=es"]},{"@type":"Person","@id":"https:\/\/diariolajornada.com\/#\/schema\/person\/83fc9ad02376abb532ce4553a399186b","name":"admin","image":{"@type":"ImageObject","inLanguage":"es","@id":"https:\/\/diariolajornada.com\/#\/schema\/person\/image\/","url":"https:\/\/secure.gravatar.com\/avatar\/fdcecb87f300ccb988450328a61211f10a01c8bfedfca54e932145534024045b?s=96&d=mm&r=g","contentUrl":"https:\/\/secure.gravatar.com\/avatar\/fdcecb87f300ccb988450328a61211f10a01c8bfedfca54e932145534024045b?s=96&d=mm&r=g","caption":"admin"},"sameAs":["https:\/\/diariolajornada.com"],"url":"https:\/\/diariolajornada.com\/?author=1"}]}},"_links":{"self":[{"href":"https:\/\/diariolajornada.com\/index.php?rest_route=\/wp\/v2\/posts\/216043","targetHints":{"allow":["GET"]}}],"collection":[{"href":"https:\/\/diariolajornada.com\/index.php?rest_route=\/wp\/v2\/posts"}],"about":[{"href":"https:\/\/diariolajornada.com\/index.php?rest_route=\/wp\/v2\/types\/post"}],"author":[{"embeddable":true,"href":"https:\/\/diariolajornada.com\/index.php?rest_route=\/wp\/v2\/users\/1"}],"replies":[{"embeddable":true,"href":"https:\/\/diariolajornada.com\/index.php?rest_route=%2Fwp%2Fv2%2Fcomments&post=216043"}],"version-history":[{"count":1,"href":"https:\/\/diariolajornada.com\/index.php?rest_route=\/wp\/v2\/posts\/216043\/revisions"}],"predecessor-version":[{"id":216052,"href":"https:\/\/diariolajornada.com\/index.php?rest_route=\/wp\/v2\/posts\/216043\/revisions\/216052"}],"wp:featuredmedia":[{"embeddable":true,"href":"https:\/\/diariolajornada.com\/index.php?rest_route=\/wp\/v2\/media\/216044"}],"wp:attachment":[{"href":"https:\/\/diariolajornada.com\/index.php?rest_route=%2Fwp%2Fv2%2Fmedia&parent=216043"}],"wp:term":[{"taxonomy":"category","embeddable":true,"href":"https:\/\/diariolajornada.com\/index.php?rest_route=%2Fwp%2Fv2%2Fcategories&post=216043"},{"taxonomy":"post_tag","embeddable":true,"href":"https:\/\/diariolajornada.com\/index.php?rest_route=%2Fwp%2Fv2%2Ftags&post=216043"}],"curies":[{"name":"wp","href":"https:\/\/api.w.org\/{rel}","templated":true}]}}