{"id":216053,"date":"2025-06-11T23:13:37","date_gmt":"2025-06-12T03:13:37","guid":{"rendered":"https:\/\/diariolajornada.com\/?p=216053"},"modified":"2025-06-11T23:13:37","modified_gmt":"2025-06-12T03:13:37","slug":"trump-no-descarta-reconciliacion-con-elon-musk","status":"publish","type":"post","link":"https:\/\/diariolajornada.com\/?p=216053","title":{"rendered":"Trump no descarta reconciliaci\u00f3n con Elon Musk"},"content":{"rendered":"<p>La maltrecha relaci\u00f3n del presidente de Estados Unidos, Donald Trump, con el empresario Elon Musk \u00abpodr\u00eda\u00bb arreglarse, aunque el mandatario aclar\u00f3 que una reconciliaci\u00f3n no es una prioridad en este momento, informa New York Post.<\/p>\n<p>En una entrevista con la columnista Miranda Devine, Trump sostuvo que no culpa al magnate por el distanciamiento, pero s\u00ed expres\u00f3 cierta decepci\u00f3n. \u00abMe sorprendi\u00f3 mucho que eso sucediera [\u2026] Creo que se siente muy mal por haber dicho eso, la verdad\u00bb, dijo, en referencia a las cr\u00edticas de Musk a una legislaci\u00f3n republicana.<\/p>\n<div><\/div>\n<div>El desencuentro entre ambos se profundiz\u00f3 tras la oposici\u00f3n p\u00fablica de Musk a la ley de presupuesto promovida por Trump como &#8216;un gran y hermoso proyecto de ley&#8217; (&#8216;One Big Beautiful Bill Act&#8217;), la cual, seg\u00fan la Oficina de Presupuesto del Congreso, podr\u00eda aumentar la deuda nacional en tres billones de d\u00f3lares en la pr\u00f3xima d\u00e9cada.<\/p>\n<p>Trump, por su parte, respondi\u00f3: \u00abSupongo que podr\u00eda [arreglarlo], pero tenemos que enderezar el pa\u00eds\u2026 Mi \u00fanica funci\u00f3n ahora es que este pa\u00eds vuelva a un nivel superior al que ha tenido nunca\u00bb.<\/p>\n<p>Anteriormente, Trump hab\u00eda acusado a Musk de volverse \u00abloco\u00bb y evalu\u00f3 p\u00fablicamente cortar contratos federales con sus empresas. A pesar del conflicto, Trump mantiene una postura abierta, aunque su enfoque principal, asegura, sigue siendo el rumbo econ\u00f3mico del pa\u00eds.<\/p>\n<p>Este mi\u00e9rcoles Musk admiti\u00f3 que se arrepiente de algunos de sus posts en las redes sociales sobre Donald Trump, que fueron publicados la semana pasada. \u00abHan ido demasiado lejos\u00bb, sostuvo el multimillonario.<\/p><\/div>\n<div><\/div>\n<div>Fuente: Actualidad RT<\/div>\n","protected":false},"excerpt":{"rendered":"<p>La maltrecha relaci\u00f3n del presidente de Estados Unidos, Donald Trump, con el empresario Elon Musk \u00abpodr\u00eda\u00bb arreglarse, aunque el mandatario aclar\u00f3 que una reconciliaci\u00f3n no es una prioridad en este momento, informa New York Post. En una entrevista con la columnista Miranda Devine, Trump sostuvo que no culpa al magnate por el distanciamiento, pero s\u00ed [&hellip;]<\/p>\n","protected":false},"author":1,"featured_media":216051,"comment_status":"open","ping_status":"open","sticky":false,"template":"","format":"standard","meta":{"footnotes":""},"categories":[17,10],"tags":[],"class_list":["post-216053","post","type-post","status-publish","format-standard","has-post-thumbnail","hentry","category-destacada","category-internacionales"],"yoast_head":"<!-- This site is optimized with the Yoast SEO plugin v24.4 - https:\/\/yoast.com\/wordpress\/plugins\/seo\/ -->\n<title>Trump no descarta reconciliaci\u00f3n con Elon Musk - Diario La Jornada<\/title>\n<meta name=\"robots\" content=\"index, follow, max-snippet:-1, max-image-preview:large, max-video-preview:-1\" \/>\n<link rel=\"canonical\" href=\"https:\/\/diariolajornada.com\/?p=216053\" \/>\n<meta property=\"og:locale\" content=\"es_ES\" \/>\n<meta property=\"og:type\" content=\"article\" \/>\n<meta property=\"og:title\" content=\"Trump no descarta reconciliaci\u00f3n con Elon Musk - Diario La Jornada\" \/>\n<meta property=\"og:description\" content=\"La maltrecha relaci\u00f3n del presidente de Estados Unidos, Donald Trump, con el empresario Elon Musk \u00abpodr\u00eda\u00bb arreglarse, aunque el mandatario aclar\u00f3 que una reconciliaci\u00f3n no es una prioridad en este momento, informa New York Post. En una entrevista con la columnista Miranda Devine, Trump sostuvo que no culpa al magnate por el distanciamiento, pero s\u00ed [&hellip;]\" \/>\n<meta property=\"og:url\" content=\"https:\/\/diariolajornada.com\/?p=216053\" \/>\n<meta property=\"og:site_name\" content=\"Diario La Jornada\" \/>\n<meta property=\"article:publisher\" content=\"https:\/\/es-la.facebook.com\/lajornadadeguarico\/\" \/>\n<meta property=\"article:published_time\" content=\"2025-06-12T03:13:37+00:00\" \/>\n<meta property=\"og:image\" content=\"https:\/\/diariolajornada.com\/wp-content\/uploads\/2025\/06\/trump-no-descarta-reconciliacion-con-elon-musk-177587.jpg\" \/>\n\t<meta property=\"og:image:width\" content=\"1242\" \/>\n\t<meta property=\"og:image:height\" content=\"699\" \/>\n\t<meta property=\"og:image:type\" content=\"image\/jpeg\" \/>\n<meta name=\"author\" content=\"admin\" \/>\n<meta name=\"twitter:card\" content=\"summary_large_image\" \/>\n<meta name=\"twitter:label1\" content=\"Escrito por\" \/>\n\t<meta name=\"twitter:data1\" content=\"admin\" \/>\n\t<meta name=\"twitter:label2\" content=\"Tiempo de lectura\" \/>\n\t<meta name=\"twitter:data2\" content=\"1 minuto\" \/>\n<script type=\"application\/ld+json\" class=\"yoast-schema-graph\">{\"@context\":\"https:\/\/schema.org\",\"@graph\":[{\"@type\":\"Article\",\"@id\":\"https:\/\/diariolajornada.com\/?p=216053#article\",\"isPartOf\":{\"@id\":\"https:\/\/diariolajornada.com\/?p=216053\"},\"author\":{\"name\":\"admin\",\"@id\":\"https:\/\/diariolajornada.com\/#\/schema\/person\/83fc9ad02376abb532ce4553a399186b\"},\"headline\":\"Trump no descarta reconciliaci\u00f3n con Elon Musk\",\"datePublished\":\"2025-06-12T03:13:37+00:00\",\"mainEntityOfPage\":{\"@id\":\"https:\/\/diariolajornada.com\/?p=216053\"},\"wordCount\":281,\"commentCount\":0,\"publisher\":{\"@id\":\"https:\/\/diariolajornada.com\/#organization\"},\"image\":{\"@id\":\"https:\/\/diariolajornada.com\/?p=216053#primaryimage\"},\"thumbnailUrl\":\"https:\/\/diariolajornada.com\/wp-content\/uploads\/2025\/06\/trump-no-descarta-reconciliacion-con-elon-musk-177587.jpg\",\"articleSection\":[\"DESTACADA\",\"Internacionales\"],\"inLanguage\":\"es\",\"potentialAction\":[{\"@type\":\"CommentAction\",\"name\":\"Comment\",\"target\":[\"https:\/\/diariolajornada.com\/?p=216053#respond\"]}]},{\"@type\":\"WebPage\",\"@id\":\"https:\/\/diariolajornada.com\/?p=216053\",\"url\":\"https:\/\/diariolajornada.com\/?p=216053\",\"name\":\"Trump no descarta reconciliaci\u00f3n con Elon Musk - Diario La Jornada\",\"isPartOf\":{\"@id\":\"https:\/\/diariolajornada.com\/#website\"},\"primaryImageOfPage\":{\"@id\":\"https:\/\/diariolajornada.com\/?p=216053#primaryimage\"},\"image\":{\"@id\":\"https:\/\/diariolajornada.com\/?p=216053#primaryimage\"},\"thumbnailUrl\":\"https:\/\/diariolajornada.com\/wp-content\/uploads\/2025\/06\/trump-no-descarta-reconciliacion-con-elon-musk-177587.jpg\",\"datePublished\":\"2025-06-12T03:13:37+00:00\",\"breadcrumb\":{\"@id\":\"https:\/\/diariolajornada.com\/?p=216053#breadcrumb\"},\"inLanguage\":\"es\",\"potentialAction\":[{\"@type\":\"ReadAction\",\"target\":[\"https:\/\/diariolajornada.com\/?p=216053\"]}]},{\"@type\":\"ImageObject\",\"inLanguage\":\"es\",\"@id\":\"https:\/\/diariolajornada.com\/?p=216053#primaryimage\",\"url\":\"https:\/\/diariolajornada.com\/wp-content\/uploads\/2025\/06\/trump-no-descarta-reconciliacion-con-elon-musk-177587.jpg\",\"contentUrl\":\"https:\/\/diariolajornada.com\/wp-content\/uploads\/2025\/06\/trump-no-descarta-reconciliacion-con-elon-musk-177587.jpg\",\"width\":1242,\"height\":699},{\"@type\":\"BreadcrumbList\",\"@id\":\"https:\/\/diariolajornada.com\/?p=216053#breadcrumb\",\"itemListElement\":[{\"@type\":\"ListItem\",\"position\":1,\"name\":\"Portada\",\"item\":\"https:\/\/diariolajornada.com\/\"},{\"@type\":\"ListItem\",\"position\":2,\"name\":\"Trump no descarta reconciliaci\u00f3n con Elon Musk\"}]},{\"@type\":\"WebSite\",\"@id\":\"https:\/\/diariolajornada.com\/#website\",\"url\":\"https:\/\/diariolajornada.com\/\",\"name\":\"Diario La Jornada\",\"description\":\"Noticias Nacionales Regionales e Internacionales\",\"publisher\":{\"@id\":\"https:\/\/diariolajornada.com\/#organization\"},\"potentialAction\":[{\"@type\":\"SearchAction\",\"target\":{\"@type\":\"EntryPoint\",\"urlTemplate\":\"https:\/\/diariolajornada.com\/?s={search_term_string}\"},\"query-input\":{\"@type\":\"PropertyValueSpecification\",\"valueRequired\":true,\"valueName\":\"search_term_string\"}}],\"inLanguage\":\"es\"},{\"@type\":\"Organization\",\"@id\":\"https:\/\/diariolajornada.com\/#organization\",\"name\":\"Diario La Jornada\",\"url\":\"https:\/\/diariolajornada.com\/\",\"logo\":{\"@type\":\"ImageObject\",\"inLanguage\":\"es\",\"@id\":\"https:\/\/diariolajornada.com\/#\/schema\/logo\/image\/\",\"url\":\"https:\/\/diariolajornada.com\/wp-content\/uploads\/2021\/06\/LOGO-JORNADA-SVG-01-02.svg\",\"contentUrl\":\"https:\/\/diariolajornada.com\/wp-content\/uploads\/2021\/06\/LOGO-JORNADA-SVG-01-02.svg\",\"width\":350,\"height\":100,\"caption\":\"Diario La Jornada\"},\"image\":{\"@id\":\"https:\/\/diariolajornada.com\/#\/schema\/logo\/image\/\"},\"sameAs\":[\"https:\/\/es-la.facebook.com\/lajornadadeguarico\/\",\"https:\/\/www.instagram.com\/diariojornada\/?hl=es\"]},{\"@type\":\"Person\",\"@id\":\"https:\/\/diariolajornada.com\/#\/schema\/person\/83fc9ad02376abb532ce4553a399186b\",\"name\":\"admin\",\"image\":{\"@type\":\"ImageObject\",\"inLanguage\":\"es\",\"@id\":\"https:\/\/diariolajornada.com\/#\/schema\/person\/image\/\",\"url\":\"https:\/\/secure.gravatar.com\/avatar\/fdcecb87f300ccb988450328a61211f10a01c8bfedfca54e932145534024045b?s=96&d=mm&r=g\",\"contentUrl\":\"https:\/\/secure.gravatar.com\/avatar\/fdcecb87f300ccb988450328a61211f10a01c8bfedfca54e932145534024045b?s=96&d=mm&r=g\",\"caption\":\"admin\"},\"sameAs\":[\"https:\/\/diariolajornada.com\"],\"url\":\"https:\/\/diariolajornada.com\/?author=1\"}]}<\/script>\n<!-- \/ Yoast SEO plugin. -->","yoast_head_json":{"title":"Trump no descarta reconciliaci\u00f3n con Elon Musk - Diario La Jornada","robots":{"index":"index","follow":"follow","max-snippet":"max-snippet:-1","max-image-preview":"max-image-preview:large","max-video-preview":"max-video-preview:-1"},"canonical":"https:\/\/diariolajornada.com\/?p=216053","og_locale":"es_ES","og_type":"article","og_title":"Trump no descarta reconciliaci\u00f3n con Elon Musk - Diario La Jornada","og_description":"La maltrecha relaci\u00f3n del presidente de Estados Unidos, Donald Trump, con el empresario Elon Musk \u00abpodr\u00eda\u00bb arreglarse, aunque el mandatario aclar\u00f3 que una reconciliaci\u00f3n no es una prioridad en este momento, informa New York Post. En una entrevista con la columnista Miranda Devine, Trump sostuvo que no culpa al magnate por el distanciamiento, pero s\u00ed [&hellip;]","og_url":"https:\/\/diariolajornada.com\/?p=216053","og_site_name":"Diario La Jornada","article_publisher":"https:\/\/es-la.facebook.com\/lajornadadeguarico\/","article_published_time":"2025-06-12T03:13:37+00:00","og_image":[{"width":1242,"height":699,"url":"https:\/\/diariolajornada.com\/wp-content\/uploads\/2025\/06\/trump-no-descarta-reconciliacion-con-elon-musk-177587.jpg","type":"image\/jpeg"}],"author":"admin","twitter_card":"summary_large_image","twitter_misc":{"Escrito por":"admin","Tiempo de lectura":"1 minuto"},"schema":{"@context":"https:\/\/schema.org","@graph":[{"@type":"Article","@id":"https:\/\/diariolajornada.com\/?p=216053#article","isPartOf":{"@id":"https:\/\/diariolajornada.com\/?p=216053"},"author":{"name":"admin","@id":"https:\/\/diariolajornada.com\/#\/schema\/person\/83fc9ad02376abb532ce4553a399186b"},"headline":"Trump no descarta reconciliaci\u00f3n con Elon Musk","datePublished":"2025-06-12T03:13:37+00:00","mainEntityOfPage":{"@id":"https:\/\/diariolajornada.com\/?p=216053"},"wordCount":281,"commentCount":0,"publisher":{"@id":"https:\/\/diariolajornada.com\/#organization"},"image":{"@id":"https:\/\/diariolajornada.com\/?p=216053#primaryimage"},"thumbnailUrl":"https:\/\/diariolajornada.com\/wp-content\/uploads\/2025\/06\/trump-no-descarta-reconciliacion-con-elon-musk-177587.jpg","articleSection":["DESTACADA","Internacionales"],"inLanguage":"es","potentialAction":[{"@type":"CommentAction","name":"Comment","target":["https:\/\/diariolajornada.com\/?p=216053#respond"]}]},{"@type":"WebPage","@id":"https:\/\/diariolajornada.com\/?p=216053","url":"https:\/\/diariolajornada.com\/?p=216053","name":"Trump no descarta reconciliaci\u00f3n con Elon Musk - Diario La Jornada","isPartOf":{"@id":"https:\/\/diariolajornada.com\/#website"},"primaryImageOfPage":{"@id":"https:\/\/diariolajornada.com\/?p=216053#primaryimage"},"image":{"@id":"https:\/\/diariolajornada.com\/?p=216053#primaryimage"},"thumbnailUrl":"https:\/\/diariolajornada.com\/wp-content\/uploads\/2025\/06\/trump-no-descarta-reconciliacion-con-elon-musk-177587.jpg","datePublished":"2025-06-12T03:13:37+00:00","breadcrumb":{"@id":"https:\/\/diariolajornada.com\/?p=216053#breadcrumb"},"inLanguage":"es","potentialAction":[{"@type":"ReadAction","target":["https:\/\/diariolajornada.com\/?p=216053"]}]},{"@type":"ImageObject","inLanguage":"es","@id":"https:\/\/diariolajornada.com\/?p=216053#primaryimage","url":"https:\/\/diariolajornada.com\/wp-content\/uploads\/2025\/06\/trump-no-descarta-reconciliacion-con-elon-musk-177587.jpg","contentUrl":"https:\/\/diariolajornada.com\/wp-content\/uploads\/2025\/06\/trump-no-descarta-reconciliacion-con-elon-musk-177587.jpg","width":1242,"height":699},{"@type":"BreadcrumbList","@id":"https:\/\/diariolajornada.com\/?p=216053#breadcrumb","itemListElement":[{"@type":"ListItem","position":1,"name":"Portada","item":"https:\/\/diariolajornada.com\/"},{"@type":"ListItem","position":2,"name":"Trump no descarta reconciliaci\u00f3n con Elon Musk"}]},{"@type":"WebSite","@id":"https:\/\/diariolajornada.com\/#website","url":"https:\/\/diariolajornada.com\/","name":"Diario La Jornada","description":"Noticias Nacionales Regionales e Internacionales","publisher":{"@id":"https:\/\/diariolajornada.com\/#organization"},"potentialAction":[{"@type":"SearchAction","target":{"@type":"EntryPoint","urlTemplate":"https:\/\/diariolajornada.com\/?s={search_term_string}"},"query-input":{"@type":"PropertyValueSpecification","valueRequired":true,"valueName":"search_term_string"}}],"inLanguage":"es"},{"@type":"Organization","@id":"https:\/\/diariolajornada.com\/#organization","name":"Diario La Jornada","url":"https:\/\/diariolajornada.com\/","logo":{"@type":"ImageObject","inLanguage":"es","@id":"https:\/\/diariolajornada.com\/#\/schema\/logo\/image\/","url":"https:\/\/diariolajornada.com\/wp-content\/uploads\/2021\/06\/LOGO-JORNADA-SVG-01-02.svg","contentUrl":"https:\/\/diariolajornada.com\/wp-content\/uploads\/2021\/06\/LOGO-JORNADA-SVG-01-02.svg","width":350,"height":100,"caption":"Diario La Jornada"},"image":{"@id":"https:\/\/diariolajornada.com\/#\/schema\/logo\/image\/"},"sameAs":["https:\/\/es-la.facebook.com\/lajornadadeguarico\/","https:\/\/www.instagram.com\/diariojornada\/?hl=es"]},{"@type":"Person","@id":"https:\/\/diariolajornada.com\/#\/schema\/person\/83fc9ad02376abb532ce4553a399186b","name":"admin","image":{"@type":"ImageObject","inLanguage":"es","@id":"https:\/\/diariolajornada.com\/#\/schema\/person\/image\/","url":"https:\/\/secure.gravatar.com\/avatar\/fdcecb87f300ccb988450328a61211f10a01c8bfedfca54e932145534024045b?s=96&d=mm&r=g","contentUrl":"https:\/\/secure.gravatar.com\/avatar\/fdcecb87f300ccb988450328a61211f10a01c8bfedfca54e932145534024045b?s=96&d=mm&r=g","caption":"admin"},"sameAs":["https:\/\/diariolajornada.com"],"url":"https:\/\/diariolajornada.com\/?author=1"}]}},"_links":{"self":[{"href":"https:\/\/diariolajornada.com\/index.php?rest_route=\/wp\/v2\/posts\/216053","targetHints":{"allow":["GET"]}}],"collection":[{"href":"https:\/\/diariolajornada.com\/index.php?rest_route=\/wp\/v2\/posts"}],"about":[{"href":"https:\/\/diariolajornada.com\/index.php?rest_route=\/wp\/v2\/types\/post"}],"author":[{"embeddable":true,"href":"https:\/\/diariolajornada.com\/index.php?rest_route=\/wp\/v2\/users\/1"}],"replies":[{"embeddable":true,"href":"https:\/\/diariolajornada.com\/index.php?rest_route=%2Fwp%2Fv2%2Fcomments&post=216053"}],"version-history":[{"count":1,"href":"https:\/\/diariolajornada.com\/index.php?rest_route=\/wp\/v2\/posts\/216053\/revisions"}],"predecessor-version":[{"id":216054,"href":"https:\/\/diariolajornada.com\/index.php?rest_route=\/wp\/v2\/posts\/216053\/revisions\/216054"}],"wp:featuredmedia":[{"embeddable":true,"href":"https:\/\/diariolajornada.com\/index.php?rest_route=\/wp\/v2\/media\/216051"}],"wp:attachment":[{"href":"https:\/\/diariolajornada.com\/index.php?rest_route=%2Fwp%2Fv2%2Fmedia&parent=216053"}],"wp:term":[{"taxonomy":"category","embeddable":true,"href":"https:\/\/diariolajornada.com\/index.php?rest_route=%2Fwp%2Fv2%2Fcategories&post=216053"},{"taxonomy":"post_tag","embeddable":true,"href":"https:\/\/diariolajornada.com\/index.php?rest_route=%2Fwp%2Fv2%2Ftags&post=216053"}],"curies":[{"name":"wp","href":"https:\/\/api.w.org\/{rel}","templated":true}]}}