{"id":216055,"date":"2025-06-11T23:14:49","date_gmt":"2025-06-12T03:14:49","guid":{"rendered":"https:\/\/diariolajornada.com\/?p=216055"},"modified":"2025-06-11T23:14:49","modified_gmt":"2025-06-12T03:14:49","slug":"fiscal-tarek-william-saab-58-personas-han-sido-detenidas-por-mafias-relacionadas-al-uso-del-dolar-paralelo","status":"publish","type":"post","link":"https:\/\/diariolajornada.com\/?p=216055","title":{"rendered":"Fiscal Tarek William Saab: 58 personas han sido detenidas por mafias relacionadas al uso del d\u00f3lar paralelo"},"content":{"rendered":"<div>El fiscal general de la Rep\u00fablica, Tarek William Saab, anunci\u00f3 este mi\u00e9rcoles que un total de 58 personas han sido detenidas, por estar relacionadas a mafias que usan el d\u00f3lar paralelo en el pa\u00eds.<\/div>\n<div><\/div>\n<p>\u00abEn medio de esa importante lucha que estamos teniendo contra las mafias que han pretendido llenar de zozobra a la poblaci\u00f3n venezolana, usando de manera indebida, plataformas medi\u00e1ticas para hacer guerra econ\u00f3mica. Pudi\u00e9ramos decir que en estos momentos tenemos 58 personas detenidas en\u00a0 raz\u00f3n de la acci\u00f3n del Ministerio P\u00fablico y los \u00f3rganos auxiliares de justicia para lograr el objetivo de neutralizar estas mafias\u00bb, indic\u00f3 Saab durante una jornada del Ministerio P\u00fablico va a tu Comunidad.<\/p>\n<div><\/div>\n<div>De igual manera, detall\u00f3 que dichas mafias operaban desde varios estados de Venezuela, en donde fueron puesto bajo la orden de las autoridades.<\/p>\n<div><\/div>\n<div>\u00abParticularmente quiero destacar que en los estados Aragua, Barinas, Lara, Zulia, La Guaira, Distrito Capital y Yaracuy, es donde hemos tenido el mayor n\u00famero de estos detenidos\u00bb, sostuvo el fiscal y agreg\u00f3 que un total de 12 p\u00e1ginas han sido cerradas por funcionar ilegalmente.<\/div>\n<\/div>\n","protected":false},"excerpt":{"rendered":"<p>El fiscal general de la Rep\u00fablica, Tarek William Saab, anunci\u00f3 este mi\u00e9rcoles que un total de 58 personas han sido detenidas, por estar relacionadas a mafias que usan el d\u00f3lar paralelo en el pa\u00eds. \u00abEn medio de esa importante lucha que estamos teniendo contra las mafias que han pretendido llenar de zozobra a la poblaci\u00f3n [&hellip;]<\/p>\n","protected":false},"author":1,"featured_media":216045,"comment_status":"open","ping_status":"open","sticky":false,"template":"","format":"standard","meta":{"footnotes":""},"categories":[17,8],"tags":[],"class_list":["post-216055","post","type-post","status-publish","format-standard","has-post-thumbnail","hentry","category-destacada","category-nacionales"],"yoast_head":"<!-- This site is optimized with the Yoast SEO plugin v24.4 - https:\/\/yoast.com\/wordpress\/plugins\/seo\/ -->\n<title>Fiscal Tarek William Saab: 58 personas han sido detenidas por mafias relacionadas al uso del d\u00f3lar paralelo - Diario La Jornada<\/title>\n<meta name=\"robots\" content=\"index, follow, max-snippet:-1, max-image-preview:large, max-video-preview:-1\" \/>\n<link rel=\"canonical\" href=\"https:\/\/diariolajornada.com\/?p=216055\" \/>\n<meta property=\"og:locale\" content=\"es_ES\" \/>\n<meta property=\"og:type\" content=\"article\" \/>\n<meta property=\"og:title\" content=\"Fiscal Tarek William Saab: 58 personas han sido detenidas por mafias relacionadas al uso del d\u00f3lar paralelo - Diario La Jornada\" \/>\n<meta property=\"og:description\" content=\"El fiscal general de la Rep\u00fablica, Tarek William Saab, anunci\u00f3 este mi\u00e9rcoles que un total de 58 personas han sido detenidas, por estar relacionadas a mafias que usan el d\u00f3lar paralelo en el pa\u00eds. \u00abEn medio de esa importante lucha que estamos teniendo contra las mafias que han pretendido llenar de zozobra a la poblaci\u00f3n [&hellip;]\" \/>\n<meta property=\"og:url\" content=\"https:\/\/diariolajornada.com\/?p=216055\" \/>\n<meta property=\"og:site_name\" content=\"Diario La Jornada\" \/>\n<meta property=\"article:publisher\" content=\"https:\/\/es-la.facebook.com\/lajornadadeguarico\/\" \/>\n<meta property=\"article:published_time\" content=\"2025-06-12T03:14:49+00:00\" \/>\n<meta property=\"og:image\" content=\"https:\/\/diariolajornada.com\/wp-content\/uploads\/2025\/06\/fiscal-general-tarek-william-saab-denuncia-al-presidente-de-el-salvador-por-trata-de-personas-174247.jpg\" \/>\n\t<meta property=\"og:image:width\" content=\"1242\" \/>\n\t<meta property=\"og:image:height\" content=\"699\" \/>\n\t<meta property=\"og:image:type\" content=\"image\/jpeg\" \/>\n<meta name=\"author\" content=\"admin\" \/>\n<meta name=\"twitter:card\" content=\"summary_large_image\" \/>\n<meta name=\"twitter:label1\" content=\"Escrito por\" \/>\n\t<meta name=\"twitter:data1\" content=\"admin\" \/>\n\t<meta name=\"twitter:label2\" content=\"Tiempo de lectura\" \/>\n\t<meta name=\"twitter:data2\" content=\"1 minuto\" \/>\n<script type=\"application\/ld+json\" class=\"yoast-schema-graph\">{\"@context\":\"https:\/\/schema.org\",\"@graph\":[{\"@type\":\"Article\",\"@id\":\"https:\/\/diariolajornada.com\/?p=216055#article\",\"isPartOf\":{\"@id\":\"https:\/\/diariolajornada.com\/?p=216055\"},\"author\":{\"name\":\"admin\",\"@id\":\"https:\/\/diariolajornada.com\/#\/schema\/person\/83fc9ad02376abb532ce4553a399186b\"},\"headline\":\"Fiscal Tarek William Saab: 58 personas han sido detenidas por mafias relacionadas al uso del d\u00f3lar paralelo\",\"datePublished\":\"2025-06-12T03:14:49+00:00\",\"mainEntityOfPage\":{\"@id\":\"https:\/\/diariolajornada.com\/?p=216055\"},\"wordCount\":205,\"commentCount\":0,\"publisher\":{\"@id\":\"https:\/\/diariolajornada.com\/#organization\"},\"image\":{\"@id\":\"https:\/\/diariolajornada.com\/?p=216055#primaryimage\"},\"thumbnailUrl\":\"https:\/\/diariolajornada.com\/wp-content\/uploads\/2025\/06\/fiscal-general-tarek-william-saab-denuncia-al-presidente-de-el-salvador-por-trata-de-personas-174247.jpg\",\"articleSection\":[\"DESTACADA\",\"Nacionales\"],\"inLanguage\":\"es\",\"potentialAction\":[{\"@type\":\"CommentAction\",\"name\":\"Comment\",\"target\":[\"https:\/\/diariolajornada.com\/?p=216055#respond\"]}]},{\"@type\":\"WebPage\",\"@id\":\"https:\/\/diariolajornada.com\/?p=216055\",\"url\":\"https:\/\/diariolajornada.com\/?p=216055\",\"name\":\"Fiscal Tarek William Saab: 58 personas han sido detenidas por mafias relacionadas al uso del d\u00f3lar paralelo - Diario La Jornada\",\"isPartOf\":{\"@id\":\"https:\/\/diariolajornada.com\/#website\"},\"primaryImageOfPage\":{\"@id\":\"https:\/\/diariolajornada.com\/?p=216055#primaryimage\"},\"image\":{\"@id\":\"https:\/\/diariolajornada.com\/?p=216055#primaryimage\"},\"thumbnailUrl\":\"https:\/\/diariolajornada.com\/wp-content\/uploads\/2025\/06\/fiscal-general-tarek-william-saab-denuncia-al-presidente-de-el-salvador-por-trata-de-personas-174247.jpg\",\"datePublished\":\"2025-06-12T03:14:49+00:00\",\"breadcrumb\":{\"@id\":\"https:\/\/diariolajornada.com\/?p=216055#breadcrumb\"},\"inLanguage\":\"es\",\"potentialAction\":[{\"@type\":\"ReadAction\",\"target\":[\"https:\/\/diariolajornada.com\/?p=216055\"]}]},{\"@type\":\"ImageObject\",\"inLanguage\":\"es\",\"@id\":\"https:\/\/diariolajornada.com\/?p=216055#primaryimage\",\"url\":\"https:\/\/diariolajornada.com\/wp-content\/uploads\/2025\/06\/fiscal-general-tarek-william-saab-denuncia-al-presidente-de-el-salvador-por-trata-de-personas-174247.jpg\",\"contentUrl\":\"https:\/\/diariolajornada.com\/wp-content\/uploads\/2025\/06\/fiscal-general-tarek-william-saab-denuncia-al-presidente-de-el-salvador-por-trata-de-personas-174247.jpg\",\"width\":1242,\"height\":699},{\"@type\":\"BreadcrumbList\",\"@id\":\"https:\/\/diariolajornada.com\/?p=216055#breadcrumb\",\"itemListElement\":[{\"@type\":\"ListItem\",\"position\":1,\"name\":\"Portada\",\"item\":\"https:\/\/diariolajornada.com\/\"},{\"@type\":\"ListItem\",\"position\":2,\"name\":\"Fiscal Tarek William Saab: 58 personas han sido detenidas por mafias relacionadas al uso del d\u00f3lar paralelo\"}]},{\"@type\":\"WebSite\",\"@id\":\"https:\/\/diariolajornada.com\/#website\",\"url\":\"https:\/\/diariolajornada.com\/\",\"name\":\"Diario La Jornada\",\"description\":\"Noticias Nacionales Regionales e Internacionales\",\"publisher\":{\"@id\":\"https:\/\/diariolajornada.com\/#organization\"},\"potentialAction\":[{\"@type\":\"SearchAction\",\"target\":{\"@type\":\"EntryPoint\",\"urlTemplate\":\"https:\/\/diariolajornada.com\/?s={search_term_string}\"},\"query-input\":{\"@type\":\"PropertyValueSpecification\",\"valueRequired\":true,\"valueName\":\"search_term_string\"}}],\"inLanguage\":\"es\"},{\"@type\":\"Organization\",\"@id\":\"https:\/\/diariolajornada.com\/#organization\",\"name\":\"Diario La Jornada\",\"url\":\"https:\/\/diariolajornada.com\/\",\"logo\":{\"@type\":\"ImageObject\",\"inLanguage\":\"es\",\"@id\":\"https:\/\/diariolajornada.com\/#\/schema\/logo\/image\/\",\"url\":\"https:\/\/diariolajornada.com\/wp-content\/uploads\/2021\/06\/LOGO-JORNADA-SVG-01-02.svg\",\"contentUrl\":\"https:\/\/diariolajornada.com\/wp-content\/uploads\/2021\/06\/LOGO-JORNADA-SVG-01-02.svg\",\"width\":350,\"height\":100,\"caption\":\"Diario La Jornada\"},\"image\":{\"@id\":\"https:\/\/diariolajornada.com\/#\/schema\/logo\/image\/\"},\"sameAs\":[\"https:\/\/es-la.facebook.com\/lajornadadeguarico\/\",\"https:\/\/www.instagram.com\/diariojornada\/?hl=es\"]},{\"@type\":\"Person\",\"@id\":\"https:\/\/diariolajornada.com\/#\/schema\/person\/83fc9ad02376abb532ce4553a399186b\",\"name\":\"admin\",\"image\":{\"@type\":\"ImageObject\",\"inLanguage\":\"es\",\"@id\":\"https:\/\/diariolajornada.com\/#\/schema\/person\/image\/\",\"url\":\"https:\/\/secure.gravatar.com\/avatar\/fdcecb87f300ccb988450328a61211f10a01c8bfedfca54e932145534024045b?s=96&d=mm&r=g\",\"contentUrl\":\"https:\/\/secure.gravatar.com\/avatar\/fdcecb87f300ccb988450328a61211f10a01c8bfedfca54e932145534024045b?s=96&d=mm&r=g\",\"caption\":\"admin\"},\"sameAs\":[\"https:\/\/diariolajornada.com\"],\"url\":\"https:\/\/diariolajornada.com\/?author=1\"}]}<\/script>\n<!-- \/ Yoast SEO plugin. -->","yoast_head_json":{"title":"Fiscal Tarek William Saab: 58 personas han sido detenidas por mafias relacionadas al uso del d\u00f3lar paralelo - Diario La Jornada","robots":{"index":"index","follow":"follow","max-snippet":"max-snippet:-1","max-image-preview":"max-image-preview:large","max-video-preview":"max-video-preview:-1"},"canonical":"https:\/\/diariolajornada.com\/?p=216055","og_locale":"es_ES","og_type":"article","og_title":"Fiscal Tarek William Saab: 58 personas han sido detenidas por mafias relacionadas al uso del d\u00f3lar paralelo - Diario La Jornada","og_description":"El fiscal general de la Rep\u00fablica, Tarek William Saab, anunci\u00f3 este mi\u00e9rcoles que un total de 58 personas han sido detenidas, por estar relacionadas a mafias que usan el d\u00f3lar paralelo en el pa\u00eds. \u00abEn medio de esa importante lucha que estamos teniendo contra las mafias que han pretendido llenar de zozobra a la poblaci\u00f3n [&hellip;]","og_url":"https:\/\/diariolajornada.com\/?p=216055","og_site_name":"Diario La Jornada","article_publisher":"https:\/\/es-la.facebook.com\/lajornadadeguarico\/","article_published_time":"2025-06-12T03:14:49+00:00","og_image":[{"width":1242,"height":699,"url":"https:\/\/diariolajornada.com\/wp-content\/uploads\/2025\/06\/fiscal-general-tarek-william-saab-denuncia-al-presidente-de-el-salvador-por-trata-de-personas-174247.jpg","type":"image\/jpeg"}],"author":"admin","twitter_card":"summary_large_image","twitter_misc":{"Escrito por":"admin","Tiempo de lectura":"1 minuto"},"schema":{"@context":"https:\/\/schema.org","@graph":[{"@type":"Article","@id":"https:\/\/diariolajornada.com\/?p=216055#article","isPartOf":{"@id":"https:\/\/diariolajornada.com\/?p=216055"},"author":{"name":"admin","@id":"https:\/\/diariolajornada.com\/#\/schema\/person\/83fc9ad02376abb532ce4553a399186b"},"headline":"Fiscal Tarek William Saab: 58 personas han sido detenidas por mafias relacionadas al uso del d\u00f3lar paralelo","datePublished":"2025-06-12T03:14:49+00:00","mainEntityOfPage":{"@id":"https:\/\/diariolajornada.com\/?p=216055"},"wordCount":205,"commentCount":0,"publisher":{"@id":"https:\/\/diariolajornada.com\/#organization"},"image":{"@id":"https:\/\/diariolajornada.com\/?p=216055#primaryimage"},"thumbnailUrl":"https:\/\/diariolajornada.com\/wp-content\/uploads\/2025\/06\/fiscal-general-tarek-william-saab-denuncia-al-presidente-de-el-salvador-por-trata-de-personas-174247.jpg","articleSection":["DESTACADA","Nacionales"],"inLanguage":"es","potentialAction":[{"@type":"CommentAction","name":"Comment","target":["https:\/\/diariolajornada.com\/?p=216055#respond"]}]},{"@type":"WebPage","@id":"https:\/\/diariolajornada.com\/?p=216055","url":"https:\/\/diariolajornada.com\/?p=216055","name":"Fiscal Tarek William Saab: 58 personas han sido detenidas por mafias relacionadas al uso del d\u00f3lar paralelo - Diario La Jornada","isPartOf":{"@id":"https:\/\/diariolajornada.com\/#website"},"primaryImageOfPage":{"@id":"https:\/\/diariolajornada.com\/?p=216055#primaryimage"},"image":{"@id":"https:\/\/diariolajornada.com\/?p=216055#primaryimage"},"thumbnailUrl":"https:\/\/diariolajornada.com\/wp-content\/uploads\/2025\/06\/fiscal-general-tarek-william-saab-denuncia-al-presidente-de-el-salvador-por-trata-de-personas-174247.jpg","datePublished":"2025-06-12T03:14:49+00:00","breadcrumb":{"@id":"https:\/\/diariolajornada.com\/?p=216055#breadcrumb"},"inLanguage":"es","potentialAction":[{"@type":"ReadAction","target":["https:\/\/diariolajornada.com\/?p=216055"]}]},{"@type":"ImageObject","inLanguage":"es","@id":"https:\/\/diariolajornada.com\/?p=216055#primaryimage","url":"https:\/\/diariolajornada.com\/wp-content\/uploads\/2025\/06\/fiscal-general-tarek-william-saab-denuncia-al-presidente-de-el-salvador-por-trata-de-personas-174247.jpg","contentUrl":"https:\/\/diariolajornada.com\/wp-content\/uploads\/2025\/06\/fiscal-general-tarek-william-saab-denuncia-al-presidente-de-el-salvador-por-trata-de-personas-174247.jpg","width":1242,"height":699},{"@type":"BreadcrumbList","@id":"https:\/\/diariolajornada.com\/?p=216055#breadcrumb","itemListElement":[{"@type":"ListItem","position":1,"name":"Portada","item":"https:\/\/diariolajornada.com\/"},{"@type":"ListItem","position":2,"name":"Fiscal Tarek William Saab: 58 personas han sido detenidas por mafias relacionadas al uso del d\u00f3lar paralelo"}]},{"@type":"WebSite","@id":"https:\/\/diariolajornada.com\/#website","url":"https:\/\/diariolajornada.com\/","name":"Diario La Jornada","description":"Noticias Nacionales Regionales e Internacionales","publisher":{"@id":"https:\/\/diariolajornada.com\/#organization"},"potentialAction":[{"@type":"SearchAction","target":{"@type":"EntryPoint","urlTemplate":"https:\/\/diariolajornada.com\/?s={search_term_string}"},"query-input":{"@type":"PropertyValueSpecification","valueRequired":true,"valueName":"search_term_string"}}],"inLanguage":"es"},{"@type":"Organization","@id":"https:\/\/diariolajornada.com\/#organization","name":"Diario La Jornada","url":"https:\/\/diariolajornada.com\/","logo":{"@type":"ImageObject","inLanguage":"es","@id":"https:\/\/diariolajornada.com\/#\/schema\/logo\/image\/","url":"https:\/\/diariolajornada.com\/wp-content\/uploads\/2021\/06\/LOGO-JORNADA-SVG-01-02.svg","contentUrl":"https:\/\/diariolajornada.com\/wp-content\/uploads\/2021\/06\/LOGO-JORNADA-SVG-01-02.svg","width":350,"height":100,"caption":"Diario La Jornada"},"image":{"@id":"https:\/\/diariolajornada.com\/#\/schema\/logo\/image\/"},"sameAs":["https:\/\/es-la.facebook.com\/lajornadadeguarico\/","https:\/\/www.instagram.com\/diariojornada\/?hl=es"]},{"@type":"Person","@id":"https:\/\/diariolajornada.com\/#\/schema\/person\/83fc9ad02376abb532ce4553a399186b","name":"admin","image":{"@type":"ImageObject","inLanguage":"es","@id":"https:\/\/diariolajornada.com\/#\/schema\/person\/image\/","url":"https:\/\/secure.gravatar.com\/avatar\/fdcecb87f300ccb988450328a61211f10a01c8bfedfca54e932145534024045b?s=96&d=mm&r=g","contentUrl":"https:\/\/secure.gravatar.com\/avatar\/fdcecb87f300ccb988450328a61211f10a01c8bfedfca54e932145534024045b?s=96&d=mm&r=g","caption":"admin"},"sameAs":["https:\/\/diariolajornada.com"],"url":"https:\/\/diariolajornada.com\/?author=1"}]}},"_links":{"self":[{"href":"https:\/\/diariolajornada.com\/index.php?rest_route=\/wp\/v2\/posts\/216055","targetHints":{"allow":["GET"]}}],"collection":[{"href":"https:\/\/diariolajornada.com\/index.php?rest_route=\/wp\/v2\/posts"}],"about":[{"href":"https:\/\/diariolajornada.com\/index.php?rest_route=\/wp\/v2\/types\/post"}],"author":[{"embeddable":true,"href":"https:\/\/diariolajornada.com\/index.php?rest_route=\/wp\/v2\/users\/1"}],"replies":[{"embeddable":true,"href":"https:\/\/diariolajornada.com\/index.php?rest_route=%2Fwp%2Fv2%2Fcomments&post=216055"}],"version-history":[{"count":1,"href":"https:\/\/diariolajornada.com\/index.php?rest_route=\/wp\/v2\/posts\/216055\/revisions"}],"predecessor-version":[{"id":216056,"href":"https:\/\/diariolajornada.com\/index.php?rest_route=\/wp\/v2\/posts\/216055\/revisions\/216056"}],"wp:featuredmedia":[{"embeddable":true,"href":"https:\/\/diariolajornada.com\/index.php?rest_route=\/wp\/v2\/media\/216045"}],"wp:attachment":[{"href":"https:\/\/diariolajornada.com\/index.php?rest_route=%2Fwp%2Fv2%2Fmedia&parent=216055"}],"wp:term":[{"taxonomy":"category","embeddable":true,"href":"https:\/\/diariolajornada.com\/index.php?rest_route=%2Fwp%2Fv2%2Fcategories&post=216055"},{"taxonomy":"post_tag","embeddable":true,"href":"https:\/\/diariolajornada.com\/index.php?rest_route=%2Fwp%2Fv2%2Ftags&post=216055"}],"curies":[{"name":"wp","href":"https:\/\/api.w.org\/{rel}","templated":true}]}}