{"id":216061,"date":"2025-06-11T23:29:02","date_gmt":"2025-06-12T03:29:02","guid":{"rendered":"https:\/\/diariolajornada.com\/?p=216061"},"modified":"2025-06-11T23:29:02","modified_gmt":"2025-06-12T03:29:02","slug":"ministro-julio-leon-heredia-visito-coposa-para-impulsar-la-produccion-nacional-de-girasol","status":"publish","type":"post","link":"https:\/\/diariolajornada.com\/?p=216061","title":{"rendered":"Ministro Julio Le\u00f3n Heredia visit\u00f3 Coposa para Impulsar la Producci\u00f3n Nacional de Girasol"},"content":{"rendered":"<p><strong>Acarigua, Portuguesa <\/strong>\u2014 La reactivaci\u00f3n de la l\u00ednea de extracci\u00f3n de aceite de girasol en la planta de Coposa, ubicada en Acarigua, estado Portuguesa, marca un avance significativo para la producci\u00f3n agr\u00edcola e industrial de Venezuela. Este logro es el resultado de la colaboraci\u00f3n entre diversos actores del sector, incluyendo esfuerzos de investigaci\u00f3n y desarrollo de Diproagro, C.A, el trabajo de productores agr\u00edcolas y la inversi\u00f3n en la infraestructura industrial, sentando las bases para el reimpulso del cultivo de girasol en el pa\u00eds.<\/p>\n<p>El proceso de reactivaci\u00f3n del cultivo de girasol ha sido el fruto de a\u00f1os de trabajo enfocado en la investigaci\u00f3n agr\u00edcola. Se han llevado a cabo <strong>d\u00edas de campo \u201cEl Girasol Regresa para Quedarse\u201d <\/strong>de la reconocida empresa Diproagro para compartir y aplicar avances tecnol\u00f3gicos en el cultivo, destacando el uso de <strong>semillas, fertilizantes y herbicidas de alta calidad<\/strong> que han demostrado resultados positivos en los rendimientos. Este esfuerzo conjunto con los <strong>productores agr\u00edcolas<\/strong> y la integraci\u00f3n de la <strong>cadena de valor a trav\u00e9s de Coposa<\/strong> han sido fundamentales para este reimpulso.<\/p>\n<p><img fetchpriority=\"high\" decoding=\"async\" class=\"alignnone size-full wp-image-216064\" src=\"https:\/\/diariolajornada.com\/wp-content\/uploads\/2025\/06\/IMG_1256.jpg\" alt=\"\" width=\"1234\" height=\"823\" \/><\/p>\n<h4><strong>Ministro Julio Le\u00f3n Heredia Destaca la Recuperaci\u00f3n Productiva<\/strong><\/h4>\n<p><strong>\u00a0<\/strong>Durante su visita a la planta de Coposa, el <strong>Ministro del Poder Popular para la Agricultura Productiva y Tierras, Julio Le\u00f3n Heredia<\/strong>, subray\u00f3 la importancia de esta reactivaci\u00f3n para la econom\u00eda del pa\u00eds. \u00abNos encontramos en la planta de Coposa, espec\u00edficamente en la parte para la extracci\u00f3n de aceite de la semilla de girasol\u00bb, afirm\u00f3 el Ministro. \u00abEs importante destacar lo que es nuestra <strong>econom\u00eda en positivo<\/strong>. Esta era una planta que ten\u00eda <strong>nueve a\u00f1os paralizada<\/strong> y se ha llevado a un proceso de reestructuraci\u00f3n que permiti\u00f3, hoy en d\u00eda, modernizar y tener una planta que va a producir\u00bb.<\/p>\n<p><img decoding=\"async\" class=\"alignnone size-full wp-image-216067\" src=\"https:\/\/diariolajornada.com\/wp-content\/uploads\/2025\/06\/IMG_1503.jpg\" alt=\"\" width=\"1018\" height=\"679\" \/><\/p>\n<h4><strong>Capacidad Operativa y Proyecciones de la Industria<\/strong><\/h4>\n<p><strong>\u00a0<\/strong><strong>Luis Armando Sequera, Jefe de Producci\u00f3n de la planta de extracci\u00f3n de aceite Coposa<\/strong>, ofreci\u00f3 detalles sobre la capacidad de procesamiento de la instalaci\u00f3n. \u00abTenemos una capacidad para procesar <strong>400 toneladas de girasol al d\u00eda<\/strong>. Eso significa que estar\u00edamos procesando al mes unas <strong>12.000 toneladas<\/strong> y al a\u00f1o <strong>120.000 toneladas<\/strong>\u00ab, explic\u00f3 Sequera, resaltando el potencial de la planta para contribuir a la producci\u00f3n nacional de aceite.<\/p>\n<p>El Ministro Le\u00f3n Heredia enfatiz\u00f3 la conexi\u00f3n vital entre la producci\u00f3n agr\u00edcola y la capacidad industrial: \u00abDe aqu\u00ed debemos llegar y se\u00f1alar y decir: esta es la gran industria, pero la <strong>base fundamental de esto est\u00e1 en el campo, la producci\u00f3n de la materia prima<\/strong>\u00ab.<\/p>\n<p><img decoding=\"async\" class=\"alignnone size-full wp-image-216065\" src=\"https:\/\/diariolajornada.com\/wp-content\/uploads\/2025\/06\/IMG_1332.jpg\" alt=\"\" width=\"1234\" height=\"823\" \/><\/p>\n<h4><strong>Proyecciones para el Aumento de Hect\u00e1reas Cultivadas<\/strong><\/h4>\n<p><strong>\u00a0<\/strong>Al ser consultado sobre las oportunidades que representa esta apertura, <strong>Francisco Fern\u00e1ndez Gonz\u00e1lez, presidente de DIPROAGRO, C.A.<\/strong>, comparti\u00f3 las proyecciones para el aumento de la superficie cultivada. \u00abPodemos apoyar a los productores ac\u00e1 de Portuguesa y de otros estados vecinos como Barinas, Yaracuy, Cojedes, y proyectar f\u00e1cilmente <strong>100 mil hect\u00e1reas al a\u00f1o<\/strong>, a un promedio de <strong>1.200 kilos por hect\u00e1rea<\/strong>\u00ab.<\/p>\n<p>Fern\u00e1ndez Gonz\u00e1lez tambi\u00e9n se\u00f1al\u00f3 un crecimiento significativo en las proyecciones de siembra. \u00abDebemos destacar que nosotros el a\u00f1o pasado tuvimos una siembra de <strong>1.900 hect\u00e1reas<\/strong>, pero ya para este a\u00f1o tenemos una proyecci\u00f3n, tenemos capacidad y los productores est\u00e1n preparados para unas <strong>30 mil hect\u00e1reas<\/strong>\u00ab, indic\u00f3.<\/p>\n<p>El Ministro Julio Le\u00f3n Heredia concluy\u00f3, destacando el impacto de este crecimiento a nivel nacional. \u00abBien, es el crecimiento de <strong>1.900 a 30.000 hect\u00e1reas<\/strong>, con la capacidad de procesamiento ac\u00e1 en Venezuela y con la proyecci\u00f3n de poder llegar a <strong>100 mil hect\u00e1reas de girasol<\/strong> en todo lo que tiene que ver con nuestro territorio nacional\u00bb.<\/p>\n<p>Esta iniciativa conjunta entre el sector agr\u00edcola y la industria procesadora representa un paso importante hacia el fortalecimiento de la producci\u00f3n de oleaginosas en Venezuela, contribuyendo al desarrollo econ\u00f3mico y la soberan\u00eda alimentaria del pa\u00eds.<\/p>\n<div id='gallery-1' class='gallery galleryid-216061 gallery-columns-1 gallery-size-large'><figure class='gallery-item'>\n\t\t\t<div class='gallery-icon landscape'>\n\t\t\t\t<a href='https:\/\/diariolajornada.com\/?attachment_id=216068'><img loading=\"lazy\" decoding=\"async\" width=\"800\" height=\"533\" src=\"https:\/\/diariolajornada.com\/wp-content\/uploads\/2025\/06\/IMG_1538.jpg\" class=\"attachment-large size-large\" alt=\"\" \/><\/a>\n\t\t\t<\/div><\/figure><figure class='gallery-item'>\n\t\t\t<div class='gallery-icon landscape'>\n\t\t\t\t<a href='https:\/\/diariolajornada.com\/?attachment_id=216066'><img loading=\"lazy\" decoding=\"async\" width=\"800\" height=\"534\" src=\"https:\/\/diariolajornada.com\/wp-content\/uploads\/2025\/06\/IMG_1471.jpg\" class=\"attachment-large size-large\" alt=\"\" \/><\/a>\n\t\t\t<\/div><\/figure><figure class='gallery-item'>\n\t\t\t<div class='gallery-icon landscape'>\n\t\t\t\t<a href='https:\/\/diariolajornada.com\/?attachment_id=216062'><img loading=\"lazy\" decoding=\"async\" width=\"800\" height=\"532\" src=\"https:\/\/diariolajornada.com\/wp-content\/uploads\/2025\/06\/DSC_0164.jpg\" class=\"attachment-large size-large\" alt=\"\" \/><\/a>\n\t\t\t<\/div><\/figure>\n\t\t<\/div>\n\n","protected":false},"excerpt":{"rendered":"<p>Acarigua, Portuguesa \u2014 La reactivaci\u00f3n de la l\u00ednea de extracci\u00f3n de aceite de girasol en la planta de Coposa, ubicada en Acarigua, estado Portuguesa, marca un avance significativo para la producci\u00f3n agr\u00edcola e industrial de Venezuela. Este logro es el resultado de la colaboraci\u00f3n entre diversos actores del sector, incluyendo esfuerzos de investigaci\u00f3n y desarrollo [&hellip;]<\/p>\n","protected":false},"author":1,"featured_media":216063,"comment_status":"open","ping_status":"open","sticky":false,"template":"","format":"standard","meta":{"footnotes":""},"categories":[17,8],"tags":[],"class_list":["post-216061","post","type-post","status-publish","format-standard","has-post-thumbnail","hentry","category-destacada","category-nacionales"],"yoast_head":"<!-- This site is optimized with the Yoast SEO plugin v24.4 - https:\/\/yoast.com\/wordpress\/plugins\/seo\/ -->\n<title>Ministro Julio Le\u00f3n Heredia visit\u00f3 Coposa para Impulsar la Producci\u00f3n Nacional de Girasol - Diario La Jornada<\/title>\n<meta name=\"description\" content=\"La reactivaci\u00f3n de la l\u00ednea de extracci\u00f3n de aceite de girasol en la planta de Coposa, ubicada en Acarigua, estado Portuguesa\" \/>\n<meta name=\"robots\" content=\"index, follow, max-snippet:-1, max-image-preview:large, max-video-preview:-1\" \/>\n<link rel=\"canonical\" href=\"https:\/\/diariolajornada.com\/?p=216061\" \/>\n<meta property=\"og:locale\" content=\"es_ES\" \/>\n<meta property=\"og:type\" content=\"article\" \/>\n<meta property=\"og:title\" content=\"Ministro Julio Le\u00f3n Heredia visit\u00f3 Coposa para Impulsar la Producci\u00f3n Nacional de Girasol - Diario La Jornada\" \/>\n<meta property=\"og:description\" content=\"La reactivaci\u00f3n de la l\u00ednea de extracci\u00f3n de aceite de girasol en la planta de Coposa, ubicada en Acarigua, estado Portuguesa\" \/>\n<meta property=\"og:url\" content=\"https:\/\/diariolajornada.com\/?p=216061\" \/>\n<meta property=\"og:site_name\" content=\"Diario La Jornada\" \/>\n<meta property=\"article:publisher\" content=\"https:\/\/es-la.facebook.com\/lajornadadeguarico\/\" \/>\n<meta property=\"article:published_time\" content=\"2025-06-12T03:29:02+00:00\" \/>\n<meta property=\"og:image\" content=\"https:\/\/diariolajornada.com\/wp-content\/uploads\/2025\/06\/IMG_1189.jpg\" \/>\n\t<meta property=\"og:image:width\" content=\"1234\" \/>\n\t<meta property=\"og:image:height\" content=\"823\" \/>\n\t<meta property=\"og:image:type\" content=\"image\/jpeg\" \/>\n<meta name=\"author\" content=\"admin\" \/>\n<meta name=\"twitter:card\" content=\"summary_large_image\" \/>\n<meta name=\"twitter:label1\" content=\"Escrito por\" \/>\n\t<meta name=\"twitter:data1\" content=\"admin\" \/>\n\t<meta name=\"twitter:label2\" content=\"Tiempo de lectura\" \/>\n\t<meta name=\"twitter:data2\" content=\"3 minutos\" \/>\n<script type=\"application\/ld+json\" class=\"yoast-schema-graph\">{\"@context\":\"https:\/\/schema.org\",\"@graph\":[{\"@type\":\"Article\",\"@id\":\"https:\/\/diariolajornada.com\/?p=216061#article\",\"isPartOf\":{\"@id\":\"https:\/\/diariolajornada.com\/?p=216061\"},\"author\":{\"name\":\"admin\",\"@id\":\"https:\/\/diariolajornada.com\/#\/schema\/person\/83fc9ad02376abb532ce4553a399186b\"},\"headline\":\"Ministro Julio Le\u00f3n Heredia visit\u00f3 Coposa para Impulsar la Producci\u00f3n Nacional de Girasol\",\"datePublished\":\"2025-06-12T03:29:02+00:00\",\"mainEntityOfPage\":{\"@id\":\"https:\/\/diariolajornada.com\/?p=216061\"},\"wordCount\":686,\"commentCount\":0,\"publisher\":{\"@id\":\"https:\/\/diariolajornada.com\/#organization\"},\"image\":{\"@id\":\"https:\/\/diariolajornada.com\/?p=216061#primaryimage\"},\"thumbnailUrl\":\"https:\/\/diariolajornada.com\/wp-content\/uploads\/2025\/06\/IMG_1189.jpg\",\"articleSection\":[\"DESTACADA\",\"Nacionales\"],\"inLanguage\":\"es\",\"potentialAction\":[{\"@type\":\"CommentAction\",\"name\":\"Comment\",\"target\":[\"https:\/\/diariolajornada.com\/?p=216061#respond\"]}]},{\"@type\":\"WebPage\",\"@id\":\"https:\/\/diariolajornada.com\/?p=216061\",\"url\":\"https:\/\/diariolajornada.com\/?p=216061\",\"name\":\"Ministro Julio Le\u00f3n Heredia visit\u00f3 Coposa para Impulsar la Producci\u00f3n Nacional de Girasol - Diario La Jornada\",\"isPartOf\":{\"@id\":\"https:\/\/diariolajornada.com\/#website\"},\"primaryImageOfPage\":{\"@id\":\"https:\/\/diariolajornada.com\/?p=216061#primaryimage\"},\"image\":{\"@id\":\"https:\/\/diariolajornada.com\/?p=216061#primaryimage\"},\"thumbnailUrl\":\"https:\/\/diariolajornada.com\/wp-content\/uploads\/2025\/06\/IMG_1189.jpg\",\"datePublished\":\"2025-06-12T03:29:02+00:00\",\"description\":\"La reactivaci\u00f3n de la l\u00ednea de extracci\u00f3n de aceite de girasol en la planta de Coposa, ubicada en Acarigua, estado Portuguesa\",\"breadcrumb\":{\"@id\":\"https:\/\/diariolajornada.com\/?p=216061#breadcrumb\"},\"inLanguage\":\"es\",\"potentialAction\":[{\"@type\":\"ReadAction\",\"target\":[\"https:\/\/diariolajornada.com\/?p=216061\"]}]},{\"@type\":\"ImageObject\",\"inLanguage\":\"es\",\"@id\":\"https:\/\/diariolajornada.com\/?p=216061#primaryimage\",\"url\":\"https:\/\/diariolajornada.com\/wp-content\/uploads\/2025\/06\/IMG_1189.jpg\",\"contentUrl\":\"https:\/\/diariolajornada.com\/wp-content\/uploads\/2025\/06\/IMG_1189.jpg\",\"width\":1234,\"height\":823},{\"@type\":\"BreadcrumbList\",\"@id\":\"https:\/\/diariolajornada.com\/?p=216061#breadcrumb\",\"itemListElement\":[{\"@type\":\"ListItem\",\"position\":1,\"name\":\"Portada\",\"item\":\"https:\/\/diariolajornada.com\/\"},{\"@type\":\"ListItem\",\"position\":2,\"name\":\"Ministro Julio Le\u00f3n Heredia visit\u00f3 Coposa para Impulsar la Producci\u00f3n Nacional de Girasol\"}]},{\"@type\":\"WebSite\",\"@id\":\"https:\/\/diariolajornada.com\/#website\",\"url\":\"https:\/\/diariolajornada.com\/\",\"name\":\"Diario La Jornada\",\"description\":\"Noticias Nacionales Regionales e Internacionales\",\"publisher\":{\"@id\":\"https:\/\/diariolajornada.com\/#organization\"},\"potentialAction\":[{\"@type\":\"SearchAction\",\"target\":{\"@type\":\"EntryPoint\",\"urlTemplate\":\"https:\/\/diariolajornada.com\/?s={search_term_string}\"},\"query-input\":{\"@type\":\"PropertyValueSpecification\",\"valueRequired\":true,\"valueName\":\"search_term_string\"}}],\"inLanguage\":\"es\"},{\"@type\":\"Organization\",\"@id\":\"https:\/\/diariolajornada.com\/#organization\",\"name\":\"Diario La Jornada\",\"url\":\"https:\/\/diariolajornada.com\/\",\"logo\":{\"@type\":\"ImageObject\",\"inLanguage\":\"es\",\"@id\":\"https:\/\/diariolajornada.com\/#\/schema\/logo\/image\/\",\"url\":\"https:\/\/diariolajornada.com\/wp-content\/uploads\/2021\/06\/LOGO-JORNADA-SVG-01-02.svg\",\"contentUrl\":\"https:\/\/diariolajornada.com\/wp-content\/uploads\/2021\/06\/LOGO-JORNADA-SVG-01-02.svg\",\"width\":350,\"height\":100,\"caption\":\"Diario La Jornada\"},\"image\":{\"@id\":\"https:\/\/diariolajornada.com\/#\/schema\/logo\/image\/\"},\"sameAs\":[\"https:\/\/es-la.facebook.com\/lajornadadeguarico\/\",\"https:\/\/www.instagram.com\/diariojornada\/?hl=es\"]},{\"@type\":\"Person\",\"@id\":\"https:\/\/diariolajornada.com\/#\/schema\/person\/83fc9ad02376abb532ce4553a399186b\",\"name\":\"admin\",\"image\":{\"@type\":\"ImageObject\",\"inLanguage\":\"es\",\"@id\":\"https:\/\/diariolajornada.com\/#\/schema\/person\/image\/\",\"url\":\"https:\/\/secure.gravatar.com\/avatar\/fdcecb87f300ccb988450328a61211f10a01c8bfedfca54e932145534024045b?s=96&d=mm&r=g\",\"contentUrl\":\"https:\/\/secure.gravatar.com\/avatar\/fdcecb87f300ccb988450328a61211f10a01c8bfedfca54e932145534024045b?s=96&d=mm&r=g\",\"caption\":\"admin\"},\"sameAs\":[\"https:\/\/diariolajornada.com\"],\"url\":\"https:\/\/diariolajornada.com\/?author=1\"}]}<\/script>\n<!-- \/ Yoast SEO plugin. -->","yoast_head_json":{"title":"Ministro Julio Le\u00f3n Heredia visit\u00f3 Coposa para Impulsar la Producci\u00f3n Nacional de Girasol - Diario La Jornada","description":"La reactivaci\u00f3n de la l\u00ednea de extracci\u00f3n de aceite de girasol en la planta de Coposa, ubicada en Acarigua, estado Portuguesa","robots":{"index":"index","follow":"follow","max-snippet":"max-snippet:-1","max-image-preview":"max-image-preview:large","max-video-preview":"max-video-preview:-1"},"canonical":"https:\/\/diariolajornada.com\/?p=216061","og_locale":"es_ES","og_type":"article","og_title":"Ministro Julio Le\u00f3n Heredia visit\u00f3 Coposa para Impulsar la Producci\u00f3n Nacional de Girasol - Diario La Jornada","og_description":"La reactivaci\u00f3n de la l\u00ednea de extracci\u00f3n de aceite de girasol en la planta de Coposa, ubicada en Acarigua, estado Portuguesa","og_url":"https:\/\/diariolajornada.com\/?p=216061","og_site_name":"Diario La Jornada","article_publisher":"https:\/\/es-la.facebook.com\/lajornadadeguarico\/","article_published_time":"2025-06-12T03:29:02+00:00","og_image":[{"width":1234,"height":823,"url":"https:\/\/diariolajornada.com\/wp-content\/uploads\/2025\/06\/IMG_1189.jpg","type":"image\/jpeg"}],"author":"admin","twitter_card":"summary_large_image","twitter_misc":{"Escrito por":"admin","Tiempo de lectura":"3 minutos"},"schema":{"@context":"https:\/\/schema.org","@graph":[{"@type":"Article","@id":"https:\/\/diariolajornada.com\/?p=216061#article","isPartOf":{"@id":"https:\/\/diariolajornada.com\/?p=216061"},"author":{"name":"admin","@id":"https:\/\/diariolajornada.com\/#\/schema\/person\/83fc9ad02376abb532ce4553a399186b"},"headline":"Ministro Julio Le\u00f3n Heredia visit\u00f3 Coposa para Impulsar la Producci\u00f3n Nacional de Girasol","datePublished":"2025-06-12T03:29:02+00:00","mainEntityOfPage":{"@id":"https:\/\/diariolajornada.com\/?p=216061"},"wordCount":686,"commentCount":0,"publisher":{"@id":"https:\/\/diariolajornada.com\/#organization"},"image":{"@id":"https:\/\/diariolajornada.com\/?p=216061#primaryimage"},"thumbnailUrl":"https:\/\/diariolajornada.com\/wp-content\/uploads\/2025\/06\/IMG_1189.jpg","articleSection":["DESTACADA","Nacionales"],"inLanguage":"es","potentialAction":[{"@type":"CommentAction","name":"Comment","target":["https:\/\/diariolajornada.com\/?p=216061#respond"]}]},{"@type":"WebPage","@id":"https:\/\/diariolajornada.com\/?p=216061","url":"https:\/\/diariolajornada.com\/?p=216061","name":"Ministro Julio Le\u00f3n Heredia visit\u00f3 Coposa para Impulsar la Producci\u00f3n Nacional de Girasol - Diario La Jornada","isPartOf":{"@id":"https:\/\/diariolajornada.com\/#website"},"primaryImageOfPage":{"@id":"https:\/\/diariolajornada.com\/?p=216061#primaryimage"},"image":{"@id":"https:\/\/diariolajornada.com\/?p=216061#primaryimage"},"thumbnailUrl":"https:\/\/diariolajornada.com\/wp-content\/uploads\/2025\/06\/IMG_1189.jpg","datePublished":"2025-06-12T03:29:02+00:00","description":"La reactivaci\u00f3n de la l\u00ednea de extracci\u00f3n de aceite de girasol en la planta de Coposa, ubicada en Acarigua, estado Portuguesa","breadcrumb":{"@id":"https:\/\/diariolajornada.com\/?p=216061#breadcrumb"},"inLanguage":"es","potentialAction":[{"@type":"ReadAction","target":["https:\/\/diariolajornada.com\/?p=216061"]}]},{"@type":"ImageObject","inLanguage":"es","@id":"https:\/\/diariolajornada.com\/?p=216061#primaryimage","url":"https:\/\/diariolajornada.com\/wp-content\/uploads\/2025\/06\/IMG_1189.jpg","contentUrl":"https:\/\/diariolajornada.com\/wp-content\/uploads\/2025\/06\/IMG_1189.jpg","width":1234,"height":823},{"@type":"BreadcrumbList","@id":"https:\/\/diariolajornada.com\/?p=216061#breadcrumb","itemListElement":[{"@type":"ListItem","position":1,"name":"Portada","item":"https:\/\/diariolajornada.com\/"},{"@type":"ListItem","position":2,"name":"Ministro Julio Le\u00f3n Heredia visit\u00f3 Coposa para Impulsar la Producci\u00f3n Nacional de Girasol"}]},{"@type":"WebSite","@id":"https:\/\/diariolajornada.com\/#website","url":"https:\/\/diariolajornada.com\/","name":"Diario La Jornada","description":"Noticias Nacionales Regionales e Internacionales","publisher":{"@id":"https:\/\/diariolajornada.com\/#organization"},"potentialAction":[{"@type":"SearchAction","target":{"@type":"EntryPoint","urlTemplate":"https:\/\/diariolajornada.com\/?s={search_term_string}"},"query-input":{"@type":"PropertyValueSpecification","valueRequired":true,"valueName":"search_term_string"}}],"inLanguage":"es"},{"@type":"Organization","@id":"https:\/\/diariolajornada.com\/#organization","name":"Diario La Jornada","url":"https:\/\/diariolajornada.com\/","logo":{"@type":"ImageObject","inLanguage":"es","@id":"https:\/\/diariolajornada.com\/#\/schema\/logo\/image\/","url":"https:\/\/diariolajornada.com\/wp-content\/uploads\/2021\/06\/LOGO-JORNADA-SVG-01-02.svg","contentUrl":"https:\/\/diariolajornada.com\/wp-content\/uploads\/2021\/06\/LOGO-JORNADA-SVG-01-02.svg","width":350,"height":100,"caption":"Diario La Jornada"},"image":{"@id":"https:\/\/diariolajornada.com\/#\/schema\/logo\/image\/"},"sameAs":["https:\/\/es-la.facebook.com\/lajornadadeguarico\/","https:\/\/www.instagram.com\/diariojornada\/?hl=es"]},{"@type":"Person","@id":"https:\/\/diariolajornada.com\/#\/schema\/person\/83fc9ad02376abb532ce4553a399186b","name":"admin","image":{"@type":"ImageObject","inLanguage":"es","@id":"https:\/\/diariolajornada.com\/#\/schema\/person\/image\/","url":"https:\/\/secure.gravatar.com\/avatar\/fdcecb87f300ccb988450328a61211f10a01c8bfedfca54e932145534024045b?s=96&d=mm&r=g","contentUrl":"https:\/\/secure.gravatar.com\/avatar\/fdcecb87f300ccb988450328a61211f10a01c8bfedfca54e932145534024045b?s=96&d=mm&r=g","caption":"admin"},"sameAs":["https:\/\/diariolajornada.com"],"url":"https:\/\/diariolajornada.com\/?author=1"}]}},"_links":{"self":[{"href":"https:\/\/diariolajornada.com\/index.php?rest_route=\/wp\/v2\/posts\/216061","targetHints":{"allow":["GET"]}}],"collection":[{"href":"https:\/\/diariolajornada.com\/index.php?rest_route=\/wp\/v2\/posts"}],"about":[{"href":"https:\/\/diariolajornada.com\/index.php?rest_route=\/wp\/v2\/types\/post"}],"author":[{"embeddable":true,"href":"https:\/\/diariolajornada.com\/index.php?rest_route=\/wp\/v2\/users\/1"}],"replies":[{"embeddable":true,"href":"https:\/\/diariolajornada.com\/index.php?rest_route=%2Fwp%2Fv2%2Fcomments&post=216061"}],"version-history":[{"count":1,"href":"https:\/\/diariolajornada.com\/index.php?rest_route=\/wp\/v2\/posts\/216061\/revisions"}],"predecessor-version":[{"id":216069,"href":"https:\/\/diariolajornada.com\/index.php?rest_route=\/wp\/v2\/posts\/216061\/revisions\/216069"}],"wp:featuredmedia":[{"embeddable":true,"href":"https:\/\/diariolajornada.com\/index.php?rest_route=\/wp\/v2\/media\/216063"}],"wp:attachment":[{"href":"https:\/\/diariolajornada.com\/index.php?rest_route=%2Fwp%2Fv2%2Fmedia&parent=216061"}],"wp:term":[{"taxonomy":"category","embeddable":true,"href":"https:\/\/diariolajornada.com\/index.php?rest_route=%2Fwp%2Fv2%2Fcategories&post=216061"},{"taxonomy":"post_tag","embeddable":true,"href":"https:\/\/diariolajornada.com\/index.php?rest_route=%2Fwp%2Fv2%2Ftags&post=216061"}],"curies":[{"name":"wp","href":"https:\/\/api.w.org\/{rel}","templated":true}]}}