{"id":216411,"date":"2025-07-30T21:18:36","date_gmt":"2025-07-31T01:18:36","guid":{"rendered":"https:\/\/diariolajornada.com\/?p=216411"},"modified":"2025-07-31T00:43:36","modified_gmt":"2025-07-31T04:43:36","slug":"rockeros-de-todo-el-pais-visitan-los-bustos-de-dilan-young-y-springsteen-construidos-por-tarek-william-saab-en-anzoategui","status":"publish","type":"post","link":"https:\/\/diariolajornada.com\/?p=216411","title":{"rendered":"Rockeros de todo el pa\u00eds visitan los bustos de Dilan, Young y Springsteen construidos por Tarek William Saab en Anzo\u00e1tegui"},"content":{"rendered":"<p>Hoy en d\u00eda rockeros nacionales e internacionales visitan los bustos art\u00edsticos ubicados en el Parque Andr\u00e9s Eloy Blanco de Puerto La Cruz, estado Anzo\u00e1tegui, creados por el entonces Gobernador de la entidad Tarek William Saab, como tributo a 3 cantautores por La Paz y activistas sociales como lo son el canadiense Neil Young (Toronto, 1945), el estadounidense Bruce Springsteen (Long Branch 1949) y Bob Dylan (Minnesota, 1941 EEUU ) forman parte de un bulevar en \u201chomenaje a cantantes y autores universales en pro de la liberaci\u00f3n espiritual de la gente\u201d, como los describi\u00f3 Saab, ubicadas a las adyacencias de la Casa de la Poes\u00eda \u201cV\u00edctor Valera Mora\u201d.<\/p>\n<p>\u201cEn este proceso de recuperaci\u00f3n del parque Andr\u00e9s Eloy blanco, hemos querido inaugurar formalmente dos nuevas plazas en homenaje a cantautores universales que han hecho un esfuerzo a favor de la paz, humanismo y rebeld\u00eda, como cantantes de rock. Ahora contamos con 14 plazas que implican el reacondicionamiento de espacios \u00a0para el reconocimiento de poetas, m\u00fasicos y revolucionarios\u201d, expres\u00f3 Tarek cuando las inaugur\u00f3 durante su primer periodo de gobernador de Anzo\u00e1tegui ( 2004-2008 ).<\/p>\n<p>En torno a la plaza Neil Young, se enalteci\u00f3 el trabajo del m\u00fasico, compositor y director canadiense, quien tambi\u00e9n es un destacado defensor de causas ambientales y de los peque\u00f1os granjeros, llegando a fundar en 1985 el concierto ben\u00e9fico \u201cFarm Aid\u201d y colaborando en la fundaci\u00f3n de \u201cThe Bridge School\u201d y en el desarrollo de conciertos anuales para beneficio de la escuela.<\/p>\n<p>Respecto a la plaza de Springsteen, tambi\u00e9n conocido como \u201cEl Jefe\u201d (The Boss), se recoge el sentimiento de este cantante, compositor y guitarrista estadounidense ampliamente conocido por su m\u00fasica rock vinculada a letras po\u00e9ticas y sentimientos tradicionales americanos y relacionados particularmente con su estado de origen, Nueva Jersey.<\/p>\n<p>Estas dos nuevas plazas se unieron en ese entonces al complejo de espacios totalmente recuperados y que enaltecen el Parque Recreacional \u201cAndr\u00e9s Eloy Blanco\u201d, \u00a0como el Monumento al Libertador \u201cSim\u00f3n Bol\u00edvar\u201d y las plazas \u201cAndr\u00e9s Eloy Blanco\u201d, \u201cEduardo Sifontes\u201d, \u201cErnesto Ch\u00e9 Guevara\u201d, \u201cFabricio Ojeda\u201d, \u201cFederico Garc\u00eda Lorca\u201d, \u201cRita Valdivia\u201d, \u201cV\u00edctor Chino Valera Mora\u201d, \u201cRoque Dalton\u201d, \u201cArthur Rimbaud\u201d y \u201cJos\u00e9 Gervasio Artigas\u201d , entre otras.<\/p>\n<p>La plaza y busto al estadounidense Bob Dylan (Duluth, 1941) fueron inaugurados en noviembre de 2008. La actividad se realiz\u00f3 en el marco de un encuentro que realizara el gobernador Saab con artistas e intelectuales.<\/p>\n<p>En esa ocasi\u00f3n el para entonces primer mandatario regional dijo que el acto \u00ab*guarda un simbolismo muy grande, por ser \u00e9sta la primera plaza en todo el mundo en honor a un artista tan completo como Bob Dylan, postulado al premio Nobel de Literatura, y quien se ha convertido en un \u00edcono de hombres y mujeres amantes de la poes\u00eda y la m\u00fasica\u00bb.<\/p>\n<div id='gallery-1' class='gallery galleryid-216411 gallery-columns-1 gallery-size-large'><figure class='gallery-item'>\n\t\t\t<div class='gallery-icon portrait'>\n\t\t\t\t<a href='https:\/\/diariolajornada.com\/?attachment_id=216414'><img fetchpriority=\"high\" decoding=\"async\" width=\"754\" height=\"1024\" src=\"https:\/\/diariolajornada.com\/wp-content\/uploads\/2025\/07\/IMG-20250730-WA0053.jpg\" class=\"attachment-large size-large\" alt=\"\" \/><\/a>\n\t\t\t<\/div><\/figure><figure class='gallery-item'>\n\t\t\t<div class='gallery-icon landscape'>\n\t\t\t\t<a href='https:\/\/diariolajornada.com\/?attachment_id=216413'><img decoding=\"async\" width=\"800\" height=\"596\" src=\"https:\/\/diariolajornada.com\/wp-content\/uploads\/2025\/07\/IMG-20250730-WA0052.jpg\" class=\"attachment-large size-large\" alt=\"\" \/><\/a>\n\t\t\t<\/div><\/figure><figure class='gallery-item'>\n\t\t\t<div class='gallery-icon portrait'>\n\t\t\t\t<a href='https:\/\/diariolajornada.com\/?attachment_id=216412'><img decoding=\"async\" width=\"733\" height=\"1024\" src=\"https:\/\/diariolajornada.com\/wp-content\/uploads\/2025\/07\/IMG-20250730-WA0051.jpg\" class=\"attachment-large size-large\" alt=\"\" \/><\/a>\n\t\t\t<\/div><\/figure>\n\t\t<\/div>\n\n<p>&nbsp;<\/p>\n<p>&nbsp;<\/p>\n","protected":false},"excerpt":{"rendered":"<p>Hoy en d\u00eda rockeros nacionales e internacionales visitan los bustos art\u00edsticos ubicados en el Parque Andr\u00e9s Eloy Blanco de Puerto La Cruz, estado Anzo\u00e1tegui, creados por el entonces Gobernador de la entidad Tarek William Saab, como tributo a 3 cantautores por La Paz y activistas sociales como lo son el canadiense Neil Young (Toronto, 1945), [&hellip;]<\/p>\n","protected":false},"author":1,"featured_media":216423,"comment_status":"open","ping_status":"open","sticky":false,"template":"","format":"standard","meta":{"footnotes":""},"categories":[17,8],"tags":[],"class_list":["post-216411","post","type-post","status-publish","format-standard","has-post-thumbnail","hentry","category-destacada","category-nacionales"],"yoast_head":"<!-- This site is optimized with the Yoast SEO plugin v24.4 - https:\/\/yoast.com\/wordpress\/plugins\/seo\/ -->\n<title>Rockeros de todo el pa\u00eds visitan los bustos de Dilan, Young y Springsteen construidos por Tarek William Saab en Anzo\u00e1tegui - Diario La Jornada<\/title>\n<meta name=\"robots\" content=\"index, follow, max-snippet:-1, max-image-preview:large, max-video-preview:-1\" \/>\n<link rel=\"canonical\" href=\"https:\/\/diariolajornada.com\/?p=216411\" \/>\n<meta property=\"og:locale\" content=\"es_ES\" \/>\n<meta property=\"og:type\" content=\"article\" \/>\n<meta property=\"og:title\" content=\"Rockeros de todo el pa\u00eds visitan los bustos de Dilan, Young y Springsteen construidos por Tarek William Saab en Anzo\u00e1tegui - Diario La Jornada\" \/>\n<meta property=\"og:description\" content=\"Hoy en d\u00eda rockeros nacionales e internacionales visitan los bustos art\u00edsticos ubicados en el Parque Andr\u00e9s Eloy Blanco de Puerto La Cruz, estado Anzo\u00e1tegui, creados por el entonces Gobernador de la entidad Tarek William Saab, como tributo a 3 cantautores por La Paz y activistas sociales como lo son el canadiense Neil Young (Toronto, 1945), [&hellip;]\" \/>\n<meta property=\"og:url\" content=\"https:\/\/diariolajornada.com\/?p=216411\" \/>\n<meta property=\"og:site_name\" content=\"Diario La Jornada\" \/>\n<meta property=\"article:publisher\" content=\"https:\/\/es-la.facebook.com\/lajornadadeguarico\/\" \/>\n<meta property=\"article:published_time\" content=\"2025-07-31T01:18:36+00:00\" \/>\n<meta property=\"article:modified_time\" content=\"2025-07-31T04:43:36+00:00\" \/>\n<meta property=\"og:image\" content=\"https:\/\/diariolajornada.com\/wp-content\/uploads\/2025\/07\/whatsapp-image-2025-07-30-at-61327-pmjpeg-181049.jpeg\" \/>\n\t<meta property=\"og:image:width\" content=\"1280\" \/>\n\t<meta property=\"og:image:height\" content=\"720\" \/>\n\t<meta property=\"og:image:type\" content=\"image\/jpeg\" \/>\n<meta name=\"author\" content=\"admin\" \/>\n<meta name=\"twitter:card\" content=\"summary_large_image\" \/>\n<meta name=\"twitter:label1\" content=\"Escrito por\" \/>\n\t<meta name=\"twitter:data1\" content=\"admin\" \/>\n\t<meta name=\"twitter:label2\" content=\"Tiempo de lectura\" \/>\n\t<meta name=\"twitter:data2\" content=\"2 minutos\" \/>\n<script type=\"application\/ld+json\" class=\"yoast-schema-graph\">{\"@context\":\"https:\/\/schema.org\",\"@graph\":[{\"@type\":\"Article\",\"@id\":\"https:\/\/diariolajornada.com\/?p=216411#article\",\"isPartOf\":{\"@id\":\"https:\/\/diariolajornada.com\/?p=216411\"},\"author\":{\"name\":\"admin\",\"@id\":\"https:\/\/diariolajornada.com\/#\/schema\/person\/83fc9ad02376abb532ce4553a399186b\"},\"headline\":\"Rockeros de todo el pa\u00eds visitan los bustos de Dilan, Young y Springsteen construidos por Tarek William Saab en Anzo\u00e1tegui\",\"datePublished\":\"2025-07-31T01:18:36+00:00\",\"dateModified\":\"2025-07-31T04:43:36+00:00\",\"mainEntityOfPage\":{\"@id\":\"https:\/\/diariolajornada.com\/?p=216411\"},\"wordCount\":499,\"commentCount\":0,\"publisher\":{\"@id\":\"https:\/\/diariolajornada.com\/#organization\"},\"image\":{\"@id\":\"https:\/\/diariolajornada.com\/?p=216411#primaryimage\"},\"thumbnailUrl\":\"https:\/\/diariolajornada.com\/wp-content\/uploads\/2025\/07\/whatsapp-image-2025-07-30-at-61327-pmjpeg-181049.jpeg\",\"articleSection\":[\"DESTACADA\",\"Nacionales\"],\"inLanguage\":\"es\",\"potentialAction\":[{\"@type\":\"CommentAction\",\"name\":\"Comment\",\"target\":[\"https:\/\/diariolajornada.com\/?p=216411#respond\"]}]},{\"@type\":\"WebPage\",\"@id\":\"https:\/\/diariolajornada.com\/?p=216411\",\"url\":\"https:\/\/diariolajornada.com\/?p=216411\",\"name\":\"Rockeros de todo el pa\u00eds visitan los bustos de Dilan, Young y Springsteen construidos por Tarek William Saab en Anzo\u00e1tegui - Diario La Jornada\",\"isPartOf\":{\"@id\":\"https:\/\/diariolajornada.com\/#website\"},\"primaryImageOfPage\":{\"@id\":\"https:\/\/diariolajornada.com\/?p=216411#primaryimage\"},\"image\":{\"@id\":\"https:\/\/diariolajornada.com\/?p=216411#primaryimage\"},\"thumbnailUrl\":\"https:\/\/diariolajornada.com\/wp-content\/uploads\/2025\/07\/whatsapp-image-2025-07-30-at-61327-pmjpeg-181049.jpeg\",\"datePublished\":\"2025-07-31T01:18:36+00:00\",\"dateModified\":\"2025-07-31T04:43:36+00:00\",\"breadcrumb\":{\"@id\":\"https:\/\/diariolajornada.com\/?p=216411#breadcrumb\"},\"inLanguage\":\"es\",\"potentialAction\":[{\"@type\":\"ReadAction\",\"target\":[\"https:\/\/diariolajornada.com\/?p=216411\"]}]},{\"@type\":\"ImageObject\",\"inLanguage\":\"es\",\"@id\":\"https:\/\/diariolajornada.com\/?p=216411#primaryimage\",\"url\":\"https:\/\/diariolajornada.com\/wp-content\/uploads\/2025\/07\/whatsapp-image-2025-07-30-at-61327-pmjpeg-181049.jpeg\",\"contentUrl\":\"https:\/\/diariolajornada.com\/wp-content\/uploads\/2025\/07\/whatsapp-image-2025-07-30-at-61327-pmjpeg-181049.jpeg\",\"width\":1280,\"height\":720},{\"@type\":\"BreadcrumbList\",\"@id\":\"https:\/\/diariolajornada.com\/?p=216411#breadcrumb\",\"itemListElement\":[{\"@type\":\"ListItem\",\"position\":1,\"name\":\"Portada\",\"item\":\"https:\/\/diariolajornada.com\/\"},{\"@type\":\"ListItem\",\"position\":2,\"name\":\"Rockeros de todo el pa\u00eds visitan los bustos de Dilan, Young y Springsteen construidos por Tarek William Saab en Anzo\u00e1tegui\"}]},{\"@type\":\"WebSite\",\"@id\":\"https:\/\/diariolajornada.com\/#website\",\"url\":\"https:\/\/diariolajornada.com\/\",\"name\":\"Diario La Jornada\",\"description\":\"Noticias Nacionales Regionales e Internacionales\",\"publisher\":{\"@id\":\"https:\/\/diariolajornada.com\/#organization\"},\"potentialAction\":[{\"@type\":\"SearchAction\",\"target\":{\"@type\":\"EntryPoint\",\"urlTemplate\":\"https:\/\/diariolajornada.com\/?s={search_term_string}\"},\"query-input\":{\"@type\":\"PropertyValueSpecification\",\"valueRequired\":true,\"valueName\":\"search_term_string\"}}],\"inLanguage\":\"es\"},{\"@type\":\"Organization\",\"@id\":\"https:\/\/diariolajornada.com\/#organization\",\"name\":\"Diario La Jornada\",\"url\":\"https:\/\/diariolajornada.com\/\",\"logo\":{\"@type\":\"ImageObject\",\"inLanguage\":\"es\",\"@id\":\"https:\/\/diariolajornada.com\/#\/schema\/logo\/image\/\",\"url\":\"https:\/\/diariolajornada.com\/wp-content\/uploads\/2021\/06\/LOGO-JORNADA-SVG-01-02.svg\",\"contentUrl\":\"https:\/\/diariolajornada.com\/wp-content\/uploads\/2021\/06\/LOGO-JORNADA-SVG-01-02.svg\",\"width\":350,\"height\":100,\"caption\":\"Diario La Jornada\"},\"image\":{\"@id\":\"https:\/\/diariolajornada.com\/#\/schema\/logo\/image\/\"},\"sameAs\":[\"https:\/\/es-la.facebook.com\/lajornadadeguarico\/\",\"https:\/\/www.instagram.com\/diariojornada\/?hl=es\"]},{\"@type\":\"Person\",\"@id\":\"https:\/\/diariolajornada.com\/#\/schema\/person\/83fc9ad02376abb532ce4553a399186b\",\"name\":\"admin\",\"image\":{\"@type\":\"ImageObject\",\"inLanguage\":\"es\",\"@id\":\"https:\/\/diariolajornada.com\/#\/schema\/person\/image\/\",\"url\":\"https:\/\/secure.gravatar.com\/avatar\/fdcecb87f300ccb988450328a61211f10a01c8bfedfca54e932145534024045b?s=96&d=mm&r=g\",\"contentUrl\":\"https:\/\/secure.gravatar.com\/avatar\/fdcecb87f300ccb988450328a61211f10a01c8bfedfca54e932145534024045b?s=96&d=mm&r=g\",\"caption\":\"admin\"},\"sameAs\":[\"https:\/\/diariolajornada.com\"],\"url\":\"https:\/\/diariolajornada.com\/?author=1\"}]}<\/script>\n<!-- \/ Yoast SEO plugin. -->","yoast_head_json":{"title":"Rockeros de todo el pa\u00eds visitan los bustos de Dilan, Young y Springsteen construidos por Tarek William Saab en Anzo\u00e1tegui - Diario La Jornada","robots":{"index":"index","follow":"follow","max-snippet":"max-snippet:-1","max-image-preview":"max-image-preview:large","max-video-preview":"max-video-preview:-1"},"canonical":"https:\/\/diariolajornada.com\/?p=216411","og_locale":"es_ES","og_type":"article","og_title":"Rockeros de todo el pa\u00eds visitan los bustos de Dilan, Young y Springsteen construidos por Tarek William Saab en Anzo\u00e1tegui - Diario La Jornada","og_description":"Hoy en d\u00eda rockeros nacionales e internacionales visitan los bustos art\u00edsticos ubicados en el Parque Andr\u00e9s Eloy Blanco de Puerto La Cruz, estado Anzo\u00e1tegui, creados por el entonces Gobernador de la entidad Tarek William Saab, como tributo a 3 cantautores por La Paz y activistas sociales como lo son el canadiense Neil Young (Toronto, 1945), [&hellip;]","og_url":"https:\/\/diariolajornada.com\/?p=216411","og_site_name":"Diario La Jornada","article_publisher":"https:\/\/es-la.facebook.com\/lajornadadeguarico\/","article_published_time":"2025-07-31T01:18:36+00:00","article_modified_time":"2025-07-31T04:43:36+00:00","og_image":[{"width":1280,"height":720,"url":"https:\/\/diariolajornada.com\/wp-content\/uploads\/2025\/07\/whatsapp-image-2025-07-30-at-61327-pmjpeg-181049.jpeg","type":"image\/jpeg"}],"author":"admin","twitter_card":"summary_large_image","twitter_misc":{"Escrito por":"admin","Tiempo de lectura":"2 minutos"},"schema":{"@context":"https:\/\/schema.org","@graph":[{"@type":"Article","@id":"https:\/\/diariolajornada.com\/?p=216411#article","isPartOf":{"@id":"https:\/\/diariolajornada.com\/?p=216411"},"author":{"name":"admin","@id":"https:\/\/diariolajornada.com\/#\/schema\/person\/83fc9ad02376abb532ce4553a399186b"},"headline":"Rockeros de todo el pa\u00eds visitan los bustos de Dilan, Young y Springsteen construidos por Tarek William Saab en Anzo\u00e1tegui","datePublished":"2025-07-31T01:18:36+00:00","dateModified":"2025-07-31T04:43:36+00:00","mainEntityOfPage":{"@id":"https:\/\/diariolajornada.com\/?p=216411"},"wordCount":499,"commentCount":0,"publisher":{"@id":"https:\/\/diariolajornada.com\/#organization"},"image":{"@id":"https:\/\/diariolajornada.com\/?p=216411#primaryimage"},"thumbnailUrl":"https:\/\/diariolajornada.com\/wp-content\/uploads\/2025\/07\/whatsapp-image-2025-07-30-at-61327-pmjpeg-181049.jpeg","articleSection":["DESTACADA","Nacionales"],"inLanguage":"es","potentialAction":[{"@type":"CommentAction","name":"Comment","target":["https:\/\/diariolajornada.com\/?p=216411#respond"]}]},{"@type":"WebPage","@id":"https:\/\/diariolajornada.com\/?p=216411","url":"https:\/\/diariolajornada.com\/?p=216411","name":"Rockeros de todo el pa\u00eds visitan los bustos de Dilan, Young y Springsteen construidos por Tarek William Saab en Anzo\u00e1tegui - Diario La Jornada","isPartOf":{"@id":"https:\/\/diariolajornada.com\/#website"},"primaryImageOfPage":{"@id":"https:\/\/diariolajornada.com\/?p=216411#primaryimage"},"image":{"@id":"https:\/\/diariolajornada.com\/?p=216411#primaryimage"},"thumbnailUrl":"https:\/\/diariolajornada.com\/wp-content\/uploads\/2025\/07\/whatsapp-image-2025-07-30-at-61327-pmjpeg-181049.jpeg","datePublished":"2025-07-31T01:18:36+00:00","dateModified":"2025-07-31T04:43:36+00:00","breadcrumb":{"@id":"https:\/\/diariolajornada.com\/?p=216411#breadcrumb"},"inLanguage":"es","potentialAction":[{"@type":"ReadAction","target":["https:\/\/diariolajornada.com\/?p=216411"]}]},{"@type":"ImageObject","inLanguage":"es","@id":"https:\/\/diariolajornada.com\/?p=216411#primaryimage","url":"https:\/\/diariolajornada.com\/wp-content\/uploads\/2025\/07\/whatsapp-image-2025-07-30-at-61327-pmjpeg-181049.jpeg","contentUrl":"https:\/\/diariolajornada.com\/wp-content\/uploads\/2025\/07\/whatsapp-image-2025-07-30-at-61327-pmjpeg-181049.jpeg","width":1280,"height":720},{"@type":"BreadcrumbList","@id":"https:\/\/diariolajornada.com\/?p=216411#breadcrumb","itemListElement":[{"@type":"ListItem","position":1,"name":"Portada","item":"https:\/\/diariolajornada.com\/"},{"@type":"ListItem","position":2,"name":"Rockeros de todo el pa\u00eds visitan los bustos de Dilan, Young y Springsteen construidos por Tarek William Saab en Anzo\u00e1tegui"}]},{"@type":"WebSite","@id":"https:\/\/diariolajornada.com\/#website","url":"https:\/\/diariolajornada.com\/","name":"Diario La Jornada","description":"Noticias Nacionales Regionales e Internacionales","publisher":{"@id":"https:\/\/diariolajornada.com\/#organization"},"potentialAction":[{"@type":"SearchAction","target":{"@type":"EntryPoint","urlTemplate":"https:\/\/diariolajornada.com\/?s={search_term_string}"},"query-input":{"@type":"PropertyValueSpecification","valueRequired":true,"valueName":"search_term_string"}}],"inLanguage":"es"},{"@type":"Organization","@id":"https:\/\/diariolajornada.com\/#organization","name":"Diario La Jornada","url":"https:\/\/diariolajornada.com\/","logo":{"@type":"ImageObject","inLanguage":"es","@id":"https:\/\/diariolajornada.com\/#\/schema\/logo\/image\/","url":"https:\/\/diariolajornada.com\/wp-content\/uploads\/2021\/06\/LOGO-JORNADA-SVG-01-02.svg","contentUrl":"https:\/\/diariolajornada.com\/wp-content\/uploads\/2021\/06\/LOGO-JORNADA-SVG-01-02.svg","width":350,"height":100,"caption":"Diario La Jornada"},"image":{"@id":"https:\/\/diariolajornada.com\/#\/schema\/logo\/image\/"},"sameAs":["https:\/\/es-la.facebook.com\/lajornadadeguarico\/","https:\/\/www.instagram.com\/diariojornada\/?hl=es"]},{"@type":"Person","@id":"https:\/\/diariolajornada.com\/#\/schema\/person\/83fc9ad02376abb532ce4553a399186b","name":"admin","image":{"@type":"ImageObject","inLanguage":"es","@id":"https:\/\/diariolajornada.com\/#\/schema\/person\/image\/","url":"https:\/\/secure.gravatar.com\/avatar\/fdcecb87f300ccb988450328a61211f10a01c8bfedfca54e932145534024045b?s=96&d=mm&r=g","contentUrl":"https:\/\/secure.gravatar.com\/avatar\/fdcecb87f300ccb988450328a61211f10a01c8bfedfca54e932145534024045b?s=96&d=mm&r=g","caption":"admin"},"sameAs":["https:\/\/diariolajornada.com"],"url":"https:\/\/diariolajornada.com\/?author=1"}]}},"_links":{"self":[{"href":"https:\/\/diariolajornada.com\/index.php?rest_route=\/wp\/v2\/posts\/216411","targetHints":{"allow":["GET"]}}],"collection":[{"href":"https:\/\/diariolajornada.com\/index.php?rest_route=\/wp\/v2\/posts"}],"about":[{"href":"https:\/\/diariolajornada.com\/index.php?rest_route=\/wp\/v2\/types\/post"}],"author":[{"embeddable":true,"href":"https:\/\/diariolajornada.com\/index.php?rest_route=\/wp\/v2\/users\/1"}],"replies":[{"embeddable":true,"href":"https:\/\/diariolajornada.com\/index.php?rest_route=%2Fwp%2Fv2%2Fcomments&post=216411"}],"version-history":[{"count":2,"href":"https:\/\/diariolajornada.com\/index.php?rest_route=\/wp\/v2\/posts\/216411\/revisions"}],"predecessor-version":[{"id":216424,"href":"https:\/\/diariolajornada.com\/index.php?rest_route=\/wp\/v2\/posts\/216411\/revisions\/216424"}],"wp:featuredmedia":[{"embeddable":true,"href":"https:\/\/diariolajornada.com\/index.php?rest_route=\/wp\/v2\/media\/216423"}],"wp:attachment":[{"href":"https:\/\/diariolajornada.com\/index.php?rest_route=%2Fwp%2Fv2%2Fmedia&parent=216411"}],"wp:term":[{"taxonomy":"category","embeddable":true,"href":"https:\/\/diariolajornada.com\/index.php?rest_route=%2Fwp%2Fv2%2Fcategories&post=216411"},{"taxonomy":"post_tag","embeddable":true,"href":"https:\/\/diariolajornada.com\/index.php?rest_route=%2Fwp%2Fv2%2Ftags&post=216411"}],"curies":[{"name":"wp","href":"https:\/\/api.w.org\/{rel}","templated":true}]}}