{"id":216416,"date":"2025-07-31T00:42:35","date_gmt":"2025-07-31T04:42:35","guid":{"rendered":"https:\/\/diariolajornada.com\/?p=216416"},"modified":"2025-07-31T00:42:35","modified_gmt":"2025-07-31T04:42:35","slug":"nueva-sbr-rompera-record-en-ventas","status":"publish","type":"post","link":"https:\/\/diariolajornada.com\/?p=216416","title":{"rendered":"Nueva SBR romper\u00e1 r\u00e9cord en Ventas"},"content":{"rendered":"<p>Bera Motorcycles anunci\u00f3 el lanzamiento oficial de la nueva SBR, una versi\u00f3n mejorada de su ic\u00f3nico y aclamado modelo, cari\u00f1osamente conocido como el \u00abCaballito de Hierro\u00bb. Este lanzamiento marca un hito importante para la marca, reafirmando su compromiso con la innovaci\u00f3n y la calidad, ofreciendo a los fan\u00e1ticos de sus motos una experiencia de conducci\u00f3n superior.<\/p>\n<p>La nueva SBR mantiene la esencia de su predecesora, reconocida por su durabilidad y rendimiento, pero incorpora significativas mejoras en dise\u00f1o y funcionalidad. Este modelo renovado promete mayor comodidad, una est\u00e9tica m\u00e1s moderna y un rendimiento optimizado, consolid\u00e1ndose como la opci\u00f3n ideal para el transporte diario y las aventuras en carretera.<\/p>\n<p>Caracter\u00edsticas Destacadas de la Nueva SBR:<\/p>\n<p>Dise\u00f1o Renovado: L\u00edneas m\u00e1s din\u00e1micas y acabados de alta calidad que realzan su apariencia robusta y elegante.<\/p>\n<p>Rendimiento Mejorado: Optimizaciones en el motor y el chasis para una experiencia de conducci\u00f3n m\u00e1s suave y eficiente.<\/p>\n<p>Confort Superior: Ergonom\u00eda mejorada para viajes m\u00e1s largos y c\u00f3modos, tanto para el conductor como para el pasajero.<\/p>\n<p>Seguridad Reforzada: Incorporaci\u00f3n de elementos de seguridad actualizados para una mayor protecci\u00f3n en cada trayecto.<\/p>\n<p>Estar\u00e1 disponible en una vibrante paleta de cuatro colores, permitiendo a los usuarios elegir el estilo que mejor se adapte a su personalidad:<\/p>\n<p>Rojo Cereza: Para los que buscan destacar con pasi\u00f3n y energ\u00eda.<\/p>\n<p>Azul: Un toque de sofisticaci\u00f3n y tranquilidad.<\/p>\n<p>Negro: La elegancia cl\u00e1sica que nunca pasa de moda.<\/p>\n<p>Plateado: Modernidad y distinci\u00f3n en cada detalle.<\/p>\n<p>La nueva SBR ya est\u00e1 disponible en todos los concesionarios autorizados de Bera Motorcycles a nivel nacional.<\/p>\n<p><iframe title=\"LANZAMIENTO OFICIAL NUEVA SBR \ud83d\ude0d\" width=\"800\" height=\"450\" src=\"https:\/\/www.youtube.com\/embed\/Z7HPyeSpPfw?start=271&#038;feature=oembed\" frameborder=\"0\" allow=\"accelerometer; autoplay; clipboard-write; encrypted-media; gyroscope; picture-in-picture; web-share\" referrerpolicy=\"strict-origin-when-cross-origin\" allowfullscreen><\/iframe><\/p>\n<div id='gallery-1' class='gallery galleryid-216416 gallery-columns-1 gallery-size-large'><figure class='gallery-item'>\n\t\t\t<div class='gallery-icon landscape'>\n\t\t\t\t<a href='https:\/\/diariolajornada.com\/?attachment_id=216418'><img fetchpriority=\"high\" decoding=\"async\" width=\"800\" height=\"452\" src=\"https:\/\/diariolajornada.com\/wp-content\/uploads\/2025\/07\/SaveClip.App_525578980_18556260706018005_5985925769648653871_n.jpg\" class=\"attachment-large size-large\" alt=\"\" \/><\/a>\n\t\t\t<\/div><\/figure><figure class='gallery-item'>\n\t\t\t<div class='gallery-icon landscape'>\n\t\t\t\t<a href='https:\/\/diariolajornada.com\/?attachment_id=216419'><img decoding=\"async\" width=\"800\" height=\"452\" src=\"https:\/\/diariolajornada.com\/wp-content\/uploads\/2025\/07\/SaveClip.App_525880981_18556260718018005_5053742521627266632_n.jpg\" class=\"attachment-large size-large\" alt=\"\" \/><\/a>\n\t\t\t<\/div><\/figure><figure class='gallery-item'>\n\t\t\t<div class='gallery-icon landscape'>\n\t\t\t\t<a href='https:\/\/diariolajornada.com\/?attachment_id=216420'><img decoding=\"async\" width=\"800\" height=\"450\" src=\"https:\/\/diariolajornada.com\/wp-content\/uploads\/2025\/07\/SaveClip.App_526086885_18556260601018005_6392348175840500370_n.jpg\" class=\"attachment-large size-large\" alt=\"\" \/><\/a>\n\t\t\t<\/div><\/figure><figure class='gallery-item'>\n\t\t\t<div class='gallery-icon portrait'>\n\t\t\t\t<a href='https:\/\/diariolajornada.com\/?attachment_id=216421'><img loading=\"lazy\" decoding=\"async\" width=\"800\" height=\"843\" src=\"https:\/\/diariolajornada.com\/wp-content\/uploads\/2025\/07\/WhatsApp-Image-2025-07-30-at-13.13.43.jpeg\" class=\"attachment-large size-large\" alt=\"\" \/><\/a>\n\t\t\t<\/div><\/figure>\n\t\t<\/div>\n\n","protected":false},"excerpt":{"rendered":"<p>Bera Motorcycles anunci\u00f3 el lanzamiento oficial de la nueva SBR, una versi\u00f3n mejorada de su ic\u00f3nico y aclamado modelo, cari\u00f1osamente conocido como el \u00abCaballito de Hierro\u00bb. Este lanzamiento marca un hito importante para la marca, reafirmando su compromiso con la innovaci\u00f3n y la calidad, ofreciendo a los fan\u00e1ticos de sus motos una experiencia de conducci\u00f3n [&hellip;]<\/p>\n","protected":false},"author":1,"featured_media":216417,"comment_status":"open","ping_status":"open","sticky":false,"template":"","format":"standard","meta":{"footnotes":""},"categories":[17,8],"tags":[],"class_list":["post-216416","post","type-post","status-publish","format-standard","has-post-thumbnail","hentry","category-destacada","category-nacionales"],"yoast_head":"<!-- This site is optimized with the Yoast SEO plugin v24.4 - https:\/\/yoast.com\/wordpress\/plugins\/seo\/ -->\n<title>Nueva SBR romper\u00e1 r\u00e9cord en Ventas - Diario La Jornada<\/title>\n<meta name=\"robots\" content=\"index, follow, max-snippet:-1, max-image-preview:large, max-video-preview:-1\" \/>\n<link rel=\"canonical\" href=\"https:\/\/diariolajornada.com\/?p=216416\" \/>\n<meta property=\"og:locale\" content=\"es_ES\" \/>\n<meta property=\"og:type\" content=\"article\" \/>\n<meta property=\"og:title\" content=\"Nueva SBR romper\u00e1 r\u00e9cord en Ventas - Diario La Jornada\" \/>\n<meta property=\"og:description\" content=\"Bera Motorcycles anunci\u00f3 el lanzamiento oficial de la nueva SBR, una versi\u00f3n mejorada de su ic\u00f3nico y aclamado modelo, cari\u00f1osamente conocido como el \u00abCaballito de Hierro\u00bb. Este lanzamiento marca un hito importante para la marca, reafirmando su compromiso con la innovaci\u00f3n y la calidad, ofreciendo a los fan\u00e1ticos de sus motos una experiencia de conducci\u00f3n [&hellip;]\" \/>\n<meta property=\"og:url\" content=\"https:\/\/diariolajornada.com\/?p=216416\" \/>\n<meta property=\"og:site_name\" content=\"Diario La Jornada\" \/>\n<meta property=\"article:publisher\" content=\"https:\/\/es-la.facebook.com\/lajornadadeguarico\/\" \/>\n<meta property=\"article:published_time\" content=\"2025-07-31T04:42:35+00:00\" \/>\n<meta property=\"og:image\" content=\"https:\/\/diariolajornada.com\/wp-content\/uploads\/2025\/07\/para-portada-1.jpg\" \/>\n\t<meta property=\"og:image:width\" content=\"1200\" \/>\n\t<meta property=\"og:image:height\" content=\"606\" \/>\n\t<meta property=\"og:image:type\" content=\"image\/jpeg\" \/>\n<meta name=\"author\" content=\"admin\" \/>\n<meta name=\"twitter:card\" content=\"summary_large_image\" \/>\n<meta name=\"twitter:label1\" content=\"Escrito por\" \/>\n\t<meta name=\"twitter:data1\" content=\"admin\" \/>\n\t<meta name=\"twitter:label2\" content=\"Tiempo de lectura\" \/>\n\t<meta name=\"twitter:data2\" content=\"1 minuto\" \/>\n<script type=\"application\/ld+json\" class=\"yoast-schema-graph\">{\"@context\":\"https:\/\/schema.org\",\"@graph\":[{\"@type\":\"Article\",\"@id\":\"https:\/\/diariolajornada.com\/?p=216416#article\",\"isPartOf\":{\"@id\":\"https:\/\/diariolajornada.com\/?p=216416\"},\"author\":{\"name\":\"admin\",\"@id\":\"https:\/\/diariolajornada.com\/#\/schema\/person\/83fc9ad02376abb532ce4553a399186b\"},\"headline\":\"Nueva SBR romper\u00e1 r\u00e9cord en Ventas\",\"datePublished\":\"2025-07-31T04:42:35+00:00\",\"mainEntityOfPage\":{\"@id\":\"https:\/\/diariolajornada.com\/?p=216416\"},\"wordCount\":306,\"commentCount\":0,\"publisher\":{\"@id\":\"https:\/\/diariolajornada.com\/#organization\"},\"image\":{\"@id\":\"https:\/\/diariolajornada.com\/?p=216416#primaryimage\"},\"thumbnailUrl\":\"https:\/\/diariolajornada.com\/wp-content\/uploads\/2025\/07\/para-portada-1.jpg\",\"articleSection\":[\"DESTACADA\",\"Nacionales\"],\"inLanguage\":\"es\",\"potentialAction\":[{\"@type\":\"CommentAction\",\"name\":\"Comment\",\"target\":[\"https:\/\/diariolajornada.com\/?p=216416#respond\"]}]},{\"@type\":\"WebPage\",\"@id\":\"https:\/\/diariolajornada.com\/?p=216416\",\"url\":\"https:\/\/diariolajornada.com\/?p=216416\",\"name\":\"Nueva SBR romper\u00e1 r\u00e9cord en Ventas - Diario La Jornada\",\"isPartOf\":{\"@id\":\"https:\/\/diariolajornada.com\/#website\"},\"primaryImageOfPage\":{\"@id\":\"https:\/\/diariolajornada.com\/?p=216416#primaryimage\"},\"image\":{\"@id\":\"https:\/\/diariolajornada.com\/?p=216416#primaryimage\"},\"thumbnailUrl\":\"https:\/\/diariolajornada.com\/wp-content\/uploads\/2025\/07\/para-portada-1.jpg\",\"datePublished\":\"2025-07-31T04:42:35+00:00\",\"breadcrumb\":{\"@id\":\"https:\/\/diariolajornada.com\/?p=216416#breadcrumb\"},\"inLanguage\":\"es\",\"potentialAction\":[{\"@type\":\"ReadAction\",\"target\":[\"https:\/\/diariolajornada.com\/?p=216416\"]}]},{\"@type\":\"ImageObject\",\"inLanguage\":\"es\",\"@id\":\"https:\/\/diariolajornada.com\/?p=216416#primaryimage\",\"url\":\"https:\/\/diariolajornada.com\/wp-content\/uploads\/2025\/07\/para-portada-1.jpg\",\"contentUrl\":\"https:\/\/diariolajornada.com\/wp-content\/uploads\/2025\/07\/para-portada-1.jpg\",\"width\":1200,\"height\":606},{\"@type\":\"BreadcrumbList\",\"@id\":\"https:\/\/diariolajornada.com\/?p=216416#breadcrumb\",\"itemListElement\":[{\"@type\":\"ListItem\",\"position\":1,\"name\":\"Portada\",\"item\":\"https:\/\/diariolajornada.com\/\"},{\"@type\":\"ListItem\",\"position\":2,\"name\":\"Nueva SBR romper\u00e1 r\u00e9cord en Ventas\"}]},{\"@type\":\"WebSite\",\"@id\":\"https:\/\/diariolajornada.com\/#website\",\"url\":\"https:\/\/diariolajornada.com\/\",\"name\":\"Diario La Jornada\",\"description\":\"Noticias Nacionales Regionales e Internacionales\",\"publisher\":{\"@id\":\"https:\/\/diariolajornada.com\/#organization\"},\"potentialAction\":[{\"@type\":\"SearchAction\",\"target\":{\"@type\":\"EntryPoint\",\"urlTemplate\":\"https:\/\/diariolajornada.com\/?s={search_term_string}\"},\"query-input\":{\"@type\":\"PropertyValueSpecification\",\"valueRequired\":true,\"valueName\":\"search_term_string\"}}],\"inLanguage\":\"es\"},{\"@type\":\"Organization\",\"@id\":\"https:\/\/diariolajornada.com\/#organization\",\"name\":\"Diario La Jornada\",\"url\":\"https:\/\/diariolajornada.com\/\",\"logo\":{\"@type\":\"ImageObject\",\"inLanguage\":\"es\",\"@id\":\"https:\/\/diariolajornada.com\/#\/schema\/logo\/image\/\",\"url\":\"https:\/\/diariolajornada.com\/wp-content\/uploads\/2021\/06\/LOGO-JORNADA-SVG-01-02.svg\",\"contentUrl\":\"https:\/\/diariolajornada.com\/wp-content\/uploads\/2021\/06\/LOGO-JORNADA-SVG-01-02.svg\",\"width\":350,\"height\":100,\"caption\":\"Diario La Jornada\"},\"image\":{\"@id\":\"https:\/\/diariolajornada.com\/#\/schema\/logo\/image\/\"},\"sameAs\":[\"https:\/\/es-la.facebook.com\/lajornadadeguarico\/\",\"https:\/\/www.instagram.com\/diariojornada\/?hl=es\"]},{\"@type\":\"Person\",\"@id\":\"https:\/\/diariolajornada.com\/#\/schema\/person\/83fc9ad02376abb532ce4553a399186b\",\"name\":\"admin\",\"image\":{\"@type\":\"ImageObject\",\"inLanguage\":\"es\",\"@id\":\"https:\/\/diariolajornada.com\/#\/schema\/person\/image\/\",\"url\":\"https:\/\/secure.gravatar.com\/avatar\/fdcecb87f300ccb988450328a61211f10a01c8bfedfca54e932145534024045b?s=96&d=mm&r=g\",\"contentUrl\":\"https:\/\/secure.gravatar.com\/avatar\/fdcecb87f300ccb988450328a61211f10a01c8bfedfca54e932145534024045b?s=96&d=mm&r=g\",\"caption\":\"admin\"},\"sameAs\":[\"https:\/\/diariolajornada.com\"],\"url\":\"https:\/\/diariolajornada.com\/?author=1\"}]}<\/script>\n<!-- \/ Yoast SEO plugin. -->","yoast_head_json":{"title":"Nueva SBR romper\u00e1 r\u00e9cord en Ventas - Diario La Jornada","robots":{"index":"index","follow":"follow","max-snippet":"max-snippet:-1","max-image-preview":"max-image-preview:large","max-video-preview":"max-video-preview:-1"},"canonical":"https:\/\/diariolajornada.com\/?p=216416","og_locale":"es_ES","og_type":"article","og_title":"Nueva SBR romper\u00e1 r\u00e9cord en Ventas - Diario La Jornada","og_description":"Bera Motorcycles anunci\u00f3 el lanzamiento oficial de la nueva SBR, una versi\u00f3n mejorada de su ic\u00f3nico y aclamado modelo, cari\u00f1osamente conocido como el \u00abCaballito de Hierro\u00bb. Este lanzamiento marca un hito importante para la marca, reafirmando su compromiso con la innovaci\u00f3n y la calidad, ofreciendo a los fan\u00e1ticos de sus motos una experiencia de conducci\u00f3n [&hellip;]","og_url":"https:\/\/diariolajornada.com\/?p=216416","og_site_name":"Diario La Jornada","article_publisher":"https:\/\/es-la.facebook.com\/lajornadadeguarico\/","article_published_time":"2025-07-31T04:42:35+00:00","og_image":[{"width":1200,"height":606,"url":"https:\/\/diariolajornada.com\/wp-content\/uploads\/2025\/07\/para-portada-1.jpg","type":"image\/jpeg"}],"author":"admin","twitter_card":"summary_large_image","twitter_misc":{"Escrito por":"admin","Tiempo de lectura":"1 minuto"},"schema":{"@context":"https:\/\/schema.org","@graph":[{"@type":"Article","@id":"https:\/\/diariolajornada.com\/?p=216416#article","isPartOf":{"@id":"https:\/\/diariolajornada.com\/?p=216416"},"author":{"name":"admin","@id":"https:\/\/diariolajornada.com\/#\/schema\/person\/83fc9ad02376abb532ce4553a399186b"},"headline":"Nueva SBR romper\u00e1 r\u00e9cord en Ventas","datePublished":"2025-07-31T04:42:35+00:00","mainEntityOfPage":{"@id":"https:\/\/diariolajornada.com\/?p=216416"},"wordCount":306,"commentCount":0,"publisher":{"@id":"https:\/\/diariolajornada.com\/#organization"},"image":{"@id":"https:\/\/diariolajornada.com\/?p=216416#primaryimage"},"thumbnailUrl":"https:\/\/diariolajornada.com\/wp-content\/uploads\/2025\/07\/para-portada-1.jpg","articleSection":["DESTACADA","Nacionales"],"inLanguage":"es","potentialAction":[{"@type":"CommentAction","name":"Comment","target":["https:\/\/diariolajornada.com\/?p=216416#respond"]}]},{"@type":"WebPage","@id":"https:\/\/diariolajornada.com\/?p=216416","url":"https:\/\/diariolajornada.com\/?p=216416","name":"Nueva SBR romper\u00e1 r\u00e9cord en Ventas - Diario La Jornada","isPartOf":{"@id":"https:\/\/diariolajornada.com\/#website"},"primaryImageOfPage":{"@id":"https:\/\/diariolajornada.com\/?p=216416#primaryimage"},"image":{"@id":"https:\/\/diariolajornada.com\/?p=216416#primaryimage"},"thumbnailUrl":"https:\/\/diariolajornada.com\/wp-content\/uploads\/2025\/07\/para-portada-1.jpg","datePublished":"2025-07-31T04:42:35+00:00","breadcrumb":{"@id":"https:\/\/diariolajornada.com\/?p=216416#breadcrumb"},"inLanguage":"es","potentialAction":[{"@type":"ReadAction","target":["https:\/\/diariolajornada.com\/?p=216416"]}]},{"@type":"ImageObject","inLanguage":"es","@id":"https:\/\/diariolajornada.com\/?p=216416#primaryimage","url":"https:\/\/diariolajornada.com\/wp-content\/uploads\/2025\/07\/para-portada-1.jpg","contentUrl":"https:\/\/diariolajornada.com\/wp-content\/uploads\/2025\/07\/para-portada-1.jpg","width":1200,"height":606},{"@type":"BreadcrumbList","@id":"https:\/\/diariolajornada.com\/?p=216416#breadcrumb","itemListElement":[{"@type":"ListItem","position":1,"name":"Portada","item":"https:\/\/diariolajornada.com\/"},{"@type":"ListItem","position":2,"name":"Nueva SBR romper\u00e1 r\u00e9cord en Ventas"}]},{"@type":"WebSite","@id":"https:\/\/diariolajornada.com\/#website","url":"https:\/\/diariolajornada.com\/","name":"Diario La Jornada","description":"Noticias Nacionales Regionales e Internacionales","publisher":{"@id":"https:\/\/diariolajornada.com\/#organization"},"potentialAction":[{"@type":"SearchAction","target":{"@type":"EntryPoint","urlTemplate":"https:\/\/diariolajornada.com\/?s={search_term_string}"},"query-input":{"@type":"PropertyValueSpecification","valueRequired":true,"valueName":"search_term_string"}}],"inLanguage":"es"},{"@type":"Organization","@id":"https:\/\/diariolajornada.com\/#organization","name":"Diario La Jornada","url":"https:\/\/diariolajornada.com\/","logo":{"@type":"ImageObject","inLanguage":"es","@id":"https:\/\/diariolajornada.com\/#\/schema\/logo\/image\/","url":"https:\/\/diariolajornada.com\/wp-content\/uploads\/2021\/06\/LOGO-JORNADA-SVG-01-02.svg","contentUrl":"https:\/\/diariolajornada.com\/wp-content\/uploads\/2021\/06\/LOGO-JORNADA-SVG-01-02.svg","width":350,"height":100,"caption":"Diario La Jornada"},"image":{"@id":"https:\/\/diariolajornada.com\/#\/schema\/logo\/image\/"},"sameAs":["https:\/\/es-la.facebook.com\/lajornadadeguarico\/","https:\/\/www.instagram.com\/diariojornada\/?hl=es"]},{"@type":"Person","@id":"https:\/\/diariolajornada.com\/#\/schema\/person\/83fc9ad02376abb532ce4553a399186b","name":"admin","image":{"@type":"ImageObject","inLanguage":"es","@id":"https:\/\/diariolajornada.com\/#\/schema\/person\/image\/","url":"https:\/\/secure.gravatar.com\/avatar\/fdcecb87f300ccb988450328a61211f10a01c8bfedfca54e932145534024045b?s=96&d=mm&r=g","contentUrl":"https:\/\/secure.gravatar.com\/avatar\/fdcecb87f300ccb988450328a61211f10a01c8bfedfca54e932145534024045b?s=96&d=mm&r=g","caption":"admin"},"sameAs":["https:\/\/diariolajornada.com"],"url":"https:\/\/diariolajornada.com\/?author=1"}]}},"_links":{"self":[{"href":"https:\/\/diariolajornada.com\/index.php?rest_route=\/wp\/v2\/posts\/216416","targetHints":{"allow":["GET"]}}],"collection":[{"href":"https:\/\/diariolajornada.com\/index.php?rest_route=\/wp\/v2\/posts"}],"about":[{"href":"https:\/\/diariolajornada.com\/index.php?rest_route=\/wp\/v2\/types\/post"}],"author":[{"embeddable":true,"href":"https:\/\/diariolajornada.com\/index.php?rest_route=\/wp\/v2\/users\/1"}],"replies":[{"embeddable":true,"href":"https:\/\/diariolajornada.com\/index.php?rest_route=%2Fwp%2Fv2%2Fcomments&post=216416"}],"version-history":[{"count":1,"href":"https:\/\/diariolajornada.com\/index.php?rest_route=\/wp\/v2\/posts\/216416\/revisions"}],"predecessor-version":[{"id":216422,"href":"https:\/\/diariolajornada.com\/index.php?rest_route=\/wp\/v2\/posts\/216416\/revisions\/216422"}],"wp:featuredmedia":[{"embeddable":true,"href":"https:\/\/diariolajornada.com\/index.php?rest_route=\/wp\/v2\/media\/216417"}],"wp:attachment":[{"href":"https:\/\/diariolajornada.com\/index.php?rest_route=%2Fwp%2Fv2%2Fmedia&parent=216416"}],"wp:term":[{"taxonomy":"category","embeddable":true,"href":"https:\/\/diariolajornada.com\/index.php?rest_route=%2Fwp%2Fv2%2Fcategories&post=216416"},{"taxonomy":"post_tag","embeddable":true,"href":"https:\/\/diariolajornada.com\/index.php?rest_route=%2Fwp%2Fv2%2Ftags&post=216416"}],"curies":[{"name":"wp","href":"https:\/\/api.w.org\/{rel}","templated":true}]}}