{"id":216425,"date":"2025-07-31T00:01:47","date_gmt":"2025-07-31T04:01:47","guid":{"rendered":"https:\/\/diariolajornada.com\/?p=216425"},"modified":"2025-07-31T00:56:16","modified_gmt":"2025-07-31T04:56:16","slug":"trump-firma-una-orden-que-impone-un-arancel-del-50-a-brasil","status":"publish","type":"post","link":"https:\/\/diariolajornada.com\/?p=216425","title":{"rendered":"Trump firma una orden que impone un arancel del 50 % a Brasil"},"content":{"rendered":"<p>El presidente de EE.UU., Donald Trump, firm\u00f3 este mi\u00e9rcoles la Orden Ejecutiva en la que se impone el arancel del 50 % a las exportaciones de Brasil, cumpliendo con la amenaza que hab\u00eda anunciado a principios de julio.<\/p>\n<div><\/div>\n<div>En concreto, inform\u00f3 la Casa Blanca, el mandatario implementa \u00abun arancel adicional del 40 %\u00bb, lo que \u00abeleva el monto total del arancel al 50 %\u00bb.<\/div>\n<div><\/div>\n<div>La medida se aplica, indica la entidad, \u00abpara hacer frente a las pol\u00edticas, pr\u00e1cticas y acciones recientes del Gobierno de Brasil que constituyen una amenaza inusual y extraordinaria para la seguridad nacional, la pol\u00edtica exterior y la econom\u00eda de los Estados Unidos\u00bb.<\/div>\n<div><\/div>\n<div>Tambi\u00e9n se\u00f1ala que con ello se enfrentan las pol\u00edticas de Brasil que, seg\u00fan EE.UU., \u00abperjudican a las empresas estadounidenses\u00bb y \u00ablos derechos de libertad de expresi\u00f3n de las personas estadounidenses\u00bb.<\/div>\n<div><\/div>\n<div>Asimismo, se hace menci\u00f3n al caso judicial en contra del expresidente brasile\u00f1o Jair Bolsonaro, procesado por su aparente participaci\u00f3n en una trama golpista, calificando la causa como una \u00abpersecuci\u00f3n, intimidaci\u00f3n, acoso, censura y enjuiciamiento por motivos pol\u00edticos\u00bb, algo que, a su parecer, \u00abson graves abusos contra los derechos humanos que han socavado el estado de derecho en Brasil\u00bb.<\/div>\n<div><\/div>\n<div>Fuente: Actualidad RT<\/div>\n","protected":false},"excerpt":{"rendered":"<p>El presidente de EE.UU., Donald Trump, firm\u00f3 este mi\u00e9rcoles la Orden Ejecutiva en la que se impone el arancel del 50 % a las exportaciones de Brasil, cumpliendo con la amenaza que hab\u00eda anunciado a principios de julio. En concreto, inform\u00f3 la Casa Blanca, el mandatario implementa \u00abun arancel adicional del 40 %\u00bb, lo que [&hellip;]<\/p>\n","protected":false},"author":1,"featured_media":216426,"comment_status":"open","ping_status":"open","sticky":false,"template":"","format":"standard","meta":{"footnotes":""},"categories":[17,10],"tags":[],"class_list":["post-216425","post","type-post","status-publish","format-standard","has-post-thumbnail","hentry","category-destacada","category-internacionales"],"yoast_head":"<!-- This site is optimized with the Yoast SEO plugin v24.4 - https:\/\/yoast.com\/wordpress\/plugins\/seo\/ -->\n<title>Trump firma una orden que impone un arancel del 50 % a Brasil - Diario La Jornada<\/title>\n<meta name=\"robots\" content=\"index, follow, max-snippet:-1, max-image-preview:large, max-video-preview:-1\" \/>\n<link rel=\"canonical\" href=\"https:\/\/diariolajornada.com\/?p=216425\" \/>\n<meta property=\"og:locale\" content=\"es_ES\" \/>\n<meta property=\"og:type\" content=\"article\" \/>\n<meta property=\"og:title\" content=\"Trump firma una orden que impone un arancel del 50 % a Brasil - Diario La Jornada\" \/>\n<meta property=\"og:description\" content=\"El presidente de EE.UU., Donald Trump, firm\u00f3 este mi\u00e9rcoles la Orden Ejecutiva en la que se impone el arancel del 50 % a las exportaciones de Brasil, cumpliendo con la amenaza que hab\u00eda anunciado a principios de julio. En concreto, inform\u00f3 la Casa Blanca, el mandatario implementa \u00abun arancel adicional del 40 %\u00bb, lo que [&hellip;]\" \/>\n<meta property=\"og:url\" content=\"https:\/\/diariolajornada.com\/?p=216425\" \/>\n<meta property=\"og:site_name\" content=\"Diario La Jornada\" \/>\n<meta property=\"article:publisher\" content=\"https:\/\/es-la.facebook.com\/lajornadadeguarico\/\" \/>\n<meta property=\"article:published_time\" content=\"2025-07-31T04:01:47+00:00\" \/>\n<meta property=\"article:modified_time\" content=\"2025-07-31T04:56:16+00:00\" \/>\n<meta property=\"og:image\" content=\"https:\/\/diariolajornada.com\/wp-content\/uploads\/2025\/07\/trump-firma-una-orden-que-impone-un-arancel-del-50-a-brasil-181023.jpg\" \/>\n\t<meta property=\"og:image:width\" content=\"1242\" \/>\n\t<meta property=\"og:image:height\" content=\"699\" \/>\n\t<meta property=\"og:image:type\" content=\"image\/jpeg\" \/>\n<meta name=\"author\" content=\"admin\" \/>\n<meta name=\"twitter:card\" content=\"summary_large_image\" \/>\n<meta name=\"twitter:label1\" content=\"Escrito por\" \/>\n\t<meta name=\"twitter:data1\" content=\"admin\" \/>\n\t<meta name=\"twitter:label2\" content=\"Tiempo de lectura\" \/>\n\t<meta name=\"twitter:data2\" content=\"1 minuto\" \/>\n<script type=\"application\/ld+json\" class=\"yoast-schema-graph\">{\"@context\":\"https:\/\/schema.org\",\"@graph\":[{\"@type\":\"Article\",\"@id\":\"https:\/\/diariolajornada.com\/?p=216425#article\",\"isPartOf\":{\"@id\":\"https:\/\/diariolajornada.com\/?p=216425\"},\"author\":{\"name\":\"admin\",\"@id\":\"https:\/\/diariolajornada.com\/#\/schema\/person\/83fc9ad02376abb532ce4553a399186b\"},\"headline\":\"Trump firma una orden que impone un arancel del 50 % a Brasil\",\"datePublished\":\"2025-07-31T04:01:47+00:00\",\"dateModified\":\"2025-07-31T04:56:16+00:00\",\"mainEntityOfPage\":{\"@id\":\"https:\/\/diariolajornada.com\/?p=216425\"},\"wordCount\":221,\"commentCount\":0,\"publisher\":{\"@id\":\"https:\/\/diariolajornada.com\/#organization\"},\"image\":{\"@id\":\"https:\/\/diariolajornada.com\/?p=216425#primaryimage\"},\"thumbnailUrl\":\"https:\/\/diariolajornada.com\/wp-content\/uploads\/2025\/07\/trump-firma-una-orden-que-impone-un-arancel-del-50-a-brasil-181023.jpg\",\"articleSection\":[\"DESTACADA\",\"Internacionales\"],\"inLanguage\":\"es\",\"potentialAction\":[{\"@type\":\"CommentAction\",\"name\":\"Comment\",\"target\":[\"https:\/\/diariolajornada.com\/?p=216425#respond\"]}]},{\"@type\":\"WebPage\",\"@id\":\"https:\/\/diariolajornada.com\/?p=216425\",\"url\":\"https:\/\/diariolajornada.com\/?p=216425\",\"name\":\"Trump firma una orden que impone un arancel del 50 % a Brasil - Diario La Jornada\",\"isPartOf\":{\"@id\":\"https:\/\/diariolajornada.com\/#website\"},\"primaryImageOfPage\":{\"@id\":\"https:\/\/diariolajornada.com\/?p=216425#primaryimage\"},\"image\":{\"@id\":\"https:\/\/diariolajornada.com\/?p=216425#primaryimage\"},\"thumbnailUrl\":\"https:\/\/diariolajornada.com\/wp-content\/uploads\/2025\/07\/trump-firma-una-orden-que-impone-un-arancel-del-50-a-brasil-181023.jpg\",\"datePublished\":\"2025-07-31T04:01:47+00:00\",\"dateModified\":\"2025-07-31T04:56:16+00:00\",\"breadcrumb\":{\"@id\":\"https:\/\/diariolajornada.com\/?p=216425#breadcrumb\"},\"inLanguage\":\"es\",\"potentialAction\":[{\"@type\":\"ReadAction\",\"target\":[\"https:\/\/diariolajornada.com\/?p=216425\"]}]},{\"@type\":\"ImageObject\",\"inLanguage\":\"es\",\"@id\":\"https:\/\/diariolajornada.com\/?p=216425#primaryimage\",\"url\":\"https:\/\/diariolajornada.com\/wp-content\/uploads\/2025\/07\/trump-firma-una-orden-que-impone-un-arancel-del-50-a-brasil-181023.jpg\",\"contentUrl\":\"https:\/\/diariolajornada.com\/wp-content\/uploads\/2025\/07\/trump-firma-una-orden-que-impone-un-arancel-del-50-a-brasil-181023.jpg\",\"width\":1242,\"height\":699},{\"@type\":\"BreadcrumbList\",\"@id\":\"https:\/\/diariolajornada.com\/?p=216425#breadcrumb\",\"itemListElement\":[{\"@type\":\"ListItem\",\"position\":1,\"name\":\"Portada\",\"item\":\"https:\/\/diariolajornada.com\/\"},{\"@type\":\"ListItem\",\"position\":2,\"name\":\"Trump firma una orden que impone un arancel del 50 % a Brasil\"}]},{\"@type\":\"WebSite\",\"@id\":\"https:\/\/diariolajornada.com\/#website\",\"url\":\"https:\/\/diariolajornada.com\/\",\"name\":\"Diario La Jornada\",\"description\":\"Noticias Nacionales Regionales e Internacionales\",\"publisher\":{\"@id\":\"https:\/\/diariolajornada.com\/#organization\"},\"potentialAction\":[{\"@type\":\"SearchAction\",\"target\":{\"@type\":\"EntryPoint\",\"urlTemplate\":\"https:\/\/diariolajornada.com\/?s={search_term_string}\"},\"query-input\":{\"@type\":\"PropertyValueSpecification\",\"valueRequired\":true,\"valueName\":\"search_term_string\"}}],\"inLanguage\":\"es\"},{\"@type\":\"Organization\",\"@id\":\"https:\/\/diariolajornada.com\/#organization\",\"name\":\"Diario La Jornada\",\"url\":\"https:\/\/diariolajornada.com\/\",\"logo\":{\"@type\":\"ImageObject\",\"inLanguage\":\"es\",\"@id\":\"https:\/\/diariolajornada.com\/#\/schema\/logo\/image\/\",\"url\":\"https:\/\/diariolajornada.com\/wp-content\/uploads\/2021\/06\/LOGO-JORNADA-SVG-01-02.svg\",\"contentUrl\":\"https:\/\/diariolajornada.com\/wp-content\/uploads\/2021\/06\/LOGO-JORNADA-SVG-01-02.svg\",\"width\":350,\"height\":100,\"caption\":\"Diario La Jornada\"},\"image\":{\"@id\":\"https:\/\/diariolajornada.com\/#\/schema\/logo\/image\/\"},\"sameAs\":[\"https:\/\/es-la.facebook.com\/lajornadadeguarico\/\",\"https:\/\/www.instagram.com\/diariojornada\/?hl=es\"]},{\"@type\":\"Person\",\"@id\":\"https:\/\/diariolajornada.com\/#\/schema\/person\/83fc9ad02376abb532ce4553a399186b\",\"name\":\"admin\",\"image\":{\"@type\":\"ImageObject\",\"inLanguage\":\"es\",\"@id\":\"https:\/\/diariolajornada.com\/#\/schema\/person\/image\/\",\"url\":\"https:\/\/secure.gravatar.com\/avatar\/fdcecb87f300ccb988450328a61211f10a01c8bfedfca54e932145534024045b?s=96&d=mm&r=g\",\"contentUrl\":\"https:\/\/secure.gravatar.com\/avatar\/fdcecb87f300ccb988450328a61211f10a01c8bfedfca54e932145534024045b?s=96&d=mm&r=g\",\"caption\":\"admin\"},\"sameAs\":[\"https:\/\/diariolajornada.com\"],\"url\":\"https:\/\/diariolajornada.com\/?author=1\"}]}<\/script>\n<!-- \/ Yoast SEO plugin. -->","yoast_head_json":{"title":"Trump firma una orden que impone un arancel del 50 % a Brasil - Diario La Jornada","robots":{"index":"index","follow":"follow","max-snippet":"max-snippet:-1","max-image-preview":"max-image-preview:large","max-video-preview":"max-video-preview:-1"},"canonical":"https:\/\/diariolajornada.com\/?p=216425","og_locale":"es_ES","og_type":"article","og_title":"Trump firma una orden que impone un arancel del 50 % a Brasil - Diario La Jornada","og_description":"El presidente de EE.UU., Donald Trump, firm\u00f3 este mi\u00e9rcoles la Orden Ejecutiva en la que se impone el arancel del 50 % a las exportaciones de Brasil, cumpliendo con la amenaza que hab\u00eda anunciado a principios de julio. En concreto, inform\u00f3 la Casa Blanca, el mandatario implementa \u00abun arancel adicional del 40 %\u00bb, lo que [&hellip;]","og_url":"https:\/\/diariolajornada.com\/?p=216425","og_site_name":"Diario La Jornada","article_publisher":"https:\/\/es-la.facebook.com\/lajornadadeguarico\/","article_published_time":"2025-07-31T04:01:47+00:00","article_modified_time":"2025-07-31T04:56:16+00:00","og_image":[{"width":1242,"height":699,"url":"https:\/\/diariolajornada.com\/wp-content\/uploads\/2025\/07\/trump-firma-una-orden-que-impone-un-arancel-del-50-a-brasil-181023.jpg","type":"image\/jpeg"}],"author":"admin","twitter_card":"summary_large_image","twitter_misc":{"Escrito por":"admin","Tiempo de lectura":"1 minuto"},"schema":{"@context":"https:\/\/schema.org","@graph":[{"@type":"Article","@id":"https:\/\/diariolajornada.com\/?p=216425#article","isPartOf":{"@id":"https:\/\/diariolajornada.com\/?p=216425"},"author":{"name":"admin","@id":"https:\/\/diariolajornada.com\/#\/schema\/person\/83fc9ad02376abb532ce4553a399186b"},"headline":"Trump firma una orden que impone un arancel del 50 % a Brasil","datePublished":"2025-07-31T04:01:47+00:00","dateModified":"2025-07-31T04:56:16+00:00","mainEntityOfPage":{"@id":"https:\/\/diariolajornada.com\/?p=216425"},"wordCount":221,"commentCount":0,"publisher":{"@id":"https:\/\/diariolajornada.com\/#organization"},"image":{"@id":"https:\/\/diariolajornada.com\/?p=216425#primaryimage"},"thumbnailUrl":"https:\/\/diariolajornada.com\/wp-content\/uploads\/2025\/07\/trump-firma-una-orden-que-impone-un-arancel-del-50-a-brasil-181023.jpg","articleSection":["DESTACADA","Internacionales"],"inLanguage":"es","potentialAction":[{"@type":"CommentAction","name":"Comment","target":["https:\/\/diariolajornada.com\/?p=216425#respond"]}]},{"@type":"WebPage","@id":"https:\/\/diariolajornada.com\/?p=216425","url":"https:\/\/diariolajornada.com\/?p=216425","name":"Trump firma una orden que impone un arancel del 50 % a Brasil - Diario La Jornada","isPartOf":{"@id":"https:\/\/diariolajornada.com\/#website"},"primaryImageOfPage":{"@id":"https:\/\/diariolajornada.com\/?p=216425#primaryimage"},"image":{"@id":"https:\/\/diariolajornada.com\/?p=216425#primaryimage"},"thumbnailUrl":"https:\/\/diariolajornada.com\/wp-content\/uploads\/2025\/07\/trump-firma-una-orden-que-impone-un-arancel-del-50-a-brasil-181023.jpg","datePublished":"2025-07-31T04:01:47+00:00","dateModified":"2025-07-31T04:56:16+00:00","breadcrumb":{"@id":"https:\/\/diariolajornada.com\/?p=216425#breadcrumb"},"inLanguage":"es","potentialAction":[{"@type":"ReadAction","target":["https:\/\/diariolajornada.com\/?p=216425"]}]},{"@type":"ImageObject","inLanguage":"es","@id":"https:\/\/diariolajornada.com\/?p=216425#primaryimage","url":"https:\/\/diariolajornada.com\/wp-content\/uploads\/2025\/07\/trump-firma-una-orden-que-impone-un-arancel-del-50-a-brasil-181023.jpg","contentUrl":"https:\/\/diariolajornada.com\/wp-content\/uploads\/2025\/07\/trump-firma-una-orden-que-impone-un-arancel-del-50-a-brasil-181023.jpg","width":1242,"height":699},{"@type":"BreadcrumbList","@id":"https:\/\/diariolajornada.com\/?p=216425#breadcrumb","itemListElement":[{"@type":"ListItem","position":1,"name":"Portada","item":"https:\/\/diariolajornada.com\/"},{"@type":"ListItem","position":2,"name":"Trump firma una orden que impone un arancel del 50 % a Brasil"}]},{"@type":"WebSite","@id":"https:\/\/diariolajornada.com\/#website","url":"https:\/\/diariolajornada.com\/","name":"Diario La Jornada","description":"Noticias Nacionales Regionales e Internacionales","publisher":{"@id":"https:\/\/diariolajornada.com\/#organization"},"potentialAction":[{"@type":"SearchAction","target":{"@type":"EntryPoint","urlTemplate":"https:\/\/diariolajornada.com\/?s={search_term_string}"},"query-input":{"@type":"PropertyValueSpecification","valueRequired":true,"valueName":"search_term_string"}}],"inLanguage":"es"},{"@type":"Organization","@id":"https:\/\/diariolajornada.com\/#organization","name":"Diario La Jornada","url":"https:\/\/diariolajornada.com\/","logo":{"@type":"ImageObject","inLanguage":"es","@id":"https:\/\/diariolajornada.com\/#\/schema\/logo\/image\/","url":"https:\/\/diariolajornada.com\/wp-content\/uploads\/2021\/06\/LOGO-JORNADA-SVG-01-02.svg","contentUrl":"https:\/\/diariolajornada.com\/wp-content\/uploads\/2021\/06\/LOGO-JORNADA-SVG-01-02.svg","width":350,"height":100,"caption":"Diario La Jornada"},"image":{"@id":"https:\/\/diariolajornada.com\/#\/schema\/logo\/image\/"},"sameAs":["https:\/\/es-la.facebook.com\/lajornadadeguarico\/","https:\/\/www.instagram.com\/diariojornada\/?hl=es"]},{"@type":"Person","@id":"https:\/\/diariolajornada.com\/#\/schema\/person\/83fc9ad02376abb532ce4553a399186b","name":"admin","image":{"@type":"ImageObject","inLanguage":"es","@id":"https:\/\/diariolajornada.com\/#\/schema\/person\/image\/","url":"https:\/\/secure.gravatar.com\/avatar\/fdcecb87f300ccb988450328a61211f10a01c8bfedfca54e932145534024045b?s=96&d=mm&r=g","contentUrl":"https:\/\/secure.gravatar.com\/avatar\/fdcecb87f300ccb988450328a61211f10a01c8bfedfca54e932145534024045b?s=96&d=mm&r=g","caption":"admin"},"sameAs":["https:\/\/diariolajornada.com"],"url":"https:\/\/diariolajornada.com\/?author=1"}]}},"_links":{"self":[{"href":"https:\/\/diariolajornada.com\/index.php?rest_route=\/wp\/v2\/posts\/216425","targetHints":{"allow":["GET"]}}],"collection":[{"href":"https:\/\/diariolajornada.com\/index.php?rest_route=\/wp\/v2\/posts"}],"about":[{"href":"https:\/\/diariolajornada.com\/index.php?rest_route=\/wp\/v2\/types\/post"}],"author":[{"embeddable":true,"href":"https:\/\/diariolajornada.com\/index.php?rest_route=\/wp\/v2\/users\/1"}],"replies":[{"embeddable":true,"href":"https:\/\/diariolajornada.com\/index.php?rest_route=%2Fwp%2Fv2%2Fcomments&post=216425"}],"version-history":[{"count":1,"href":"https:\/\/diariolajornada.com\/index.php?rest_route=\/wp\/v2\/posts\/216425\/revisions"}],"predecessor-version":[{"id":216428,"href":"https:\/\/diariolajornada.com\/index.php?rest_route=\/wp\/v2\/posts\/216425\/revisions\/216428"}],"wp:featuredmedia":[{"embeddable":true,"href":"https:\/\/diariolajornada.com\/index.php?rest_route=\/wp\/v2\/media\/216426"}],"wp:attachment":[{"href":"https:\/\/diariolajornada.com\/index.php?rest_route=%2Fwp%2Fv2%2Fmedia&parent=216425"}],"wp:term":[{"taxonomy":"category","embeddable":true,"href":"https:\/\/diariolajornada.com\/index.php?rest_route=%2Fwp%2Fv2%2Fcategories&post=216425"},{"taxonomy":"post_tag","embeddable":true,"href":"https:\/\/diariolajornada.com\/index.php?rest_route=%2Fwp%2Fv2%2Ftags&post=216425"}],"curies":[{"name":"wp","href":"https:\/\/api.w.org\/{rel}","templated":true}]}}