{"id":216429,"date":"2025-07-31T00:02:24","date_gmt":"2025-07-31T04:02:24","guid":{"rendered":"https:\/\/diariolajornada.com\/?p=216429"},"modified":"2025-07-31T00:56:53","modified_gmt":"2025-07-31T04:56:53","slug":"venezuela-anuncia-su-cuerpo-tecnico-para-el-clasico-mundial-de-beisbol-2026","status":"publish","type":"post","link":"https:\/\/diariolajornada.com\/?p=216429","title":{"rendered":"Venezuela anuncia su cuerpo t\u00e9cnico para el Cl\u00e1sico Mundial de B\u00e9isbol 2026"},"content":{"rendered":"<p><b>La\u00a0<\/b>Federaci\u00f3n Venezolana de B\u00e9isbol anunci\u00f3 este mi\u00e9rcoles 30 de julio de 2025 los 12 integrantes del cuerpo t\u00e9cnico que acompa\u00f1ar\u00e1n a la selecci\u00f3n nacional en el Cl\u00e1sico Mundial de B\u00e9isbol 2026, programado para marzo del pr\u00f3ximo a\u00f1o.<\/p>\n<p><b>Omar L\u00f3pez repite como m\u00e1nager<br \/>\n<\/b><br \/>\nConfirmado previamente, Omar L\u00f3pez volver\u00e1 a liderar el equipo como m\u00e1nager, tras su participaci\u00f3n en la edici\u00f3n de 2023. A \u00e9l se unen figuras destacadas del b\u00e9isbol venezolano, con la gran novedad de la incorporaci\u00f3n de Johan Santana, Robinson Chirinos y V\u00edctor Mart\u00ednez al staff t\u00e9cnico. Miguel Cabrera, cuya participaci\u00f3n ya hab\u00eda sido anunciada, tambi\u00e9n formar\u00e1 parte del equipo.<\/p>\n<p><b>Cuerpo t\u00e9cnico completo<br \/>\n<\/b><br \/>\nEl equipo t\u00e9cnico incluye nombres con experiencia previa en torneos internacionales:<br \/>\n&#8211; Jorge C\u00f3rdova: Coach de bullpen.<br \/>\n&#8211; Gerardo Parra: Coach de primera base, outfield y corrido de bases.<br \/>\n&#8211; N\u00e9stor Corredor: Coordinador de terreno y lanzador de pr\u00e1ctica.<br \/>\n&#8211; Rouglas Odor: Coach de tercera base e infield (repitiendo desde 2023).<br \/>\n&#8211; Javier Bracamonte: C\u00e1tcher del bullpen (tambi\u00e9n presente en 2023).<\/p>\n<p>Estos profesionales, muchos de los cuales ya trabajaron con la selecci\u00f3n en el Premier 12 y el Cl\u00e1sico Mundial anterior, aportan una combinaci\u00f3n de experiencia y trayectoria para fortalecer al equipo.<\/p>\n<div>\n<div><b>Expectativas para el torneo<\/b><\/div>\n<div>\nLa inclusi\u00f3n de figuras ic\u00f3nicas como Santana, Chirinos, Mart\u00ednez y Cabrera genera gran expectativa entre los fan\u00e1ticos, quienes ven en este cuerpo t\u00e9cnico un s\u00f3lido respaldo para las aspiraciones de Venezuela en el torneo. El Cl\u00e1sico Mundial de 2026 promete ser un escenario donde la selecci\u00f3n buscar\u00e1 destacar con un equipo t\u00e9cnico de alto nivel.<\/div>\n<\/div>\n","protected":false},"excerpt":{"rendered":"<p>La\u00a0Federaci\u00f3n Venezolana de B\u00e9isbol anunci\u00f3 este mi\u00e9rcoles 30 de julio de 2025 los 12 integrantes del cuerpo t\u00e9cnico que acompa\u00f1ar\u00e1n a la selecci\u00f3n nacional en el Cl\u00e1sico Mundial de B\u00e9isbol 2026, programado para marzo del pr\u00f3ximo a\u00f1o. Omar L\u00f3pez repite como m\u00e1nager Confirmado previamente, Omar L\u00f3pez volver\u00e1 a liderar el equipo como m\u00e1nager, tras su [&hellip;]<\/p>\n","protected":false},"author":1,"featured_media":216427,"comment_status":"open","ping_status":"open","sticky":false,"template":"","format":"standard","meta":{"footnotes":""},"categories":[11,17],"tags":[],"class_list":["post-216429","post","type-post","status-publish","format-standard","has-post-thumbnail","hentry","category-deportes","category-destacada"],"yoast_head":"<!-- This site is optimized with the Yoast SEO plugin v24.4 - https:\/\/yoast.com\/wordpress\/plugins\/seo\/ -->\n<title>Venezuela anuncia su cuerpo t\u00e9cnico para el Cl\u00e1sico Mundial de B\u00e9isbol 2026 - Diario La Jornada<\/title>\n<meta name=\"robots\" content=\"index, follow, max-snippet:-1, max-image-preview:large, max-video-preview:-1\" \/>\n<link rel=\"canonical\" href=\"https:\/\/diariolajornada.com\/?p=216429\" \/>\n<meta property=\"og:locale\" content=\"es_ES\" \/>\n<meta property=\"og:type\" content=\"article\" \/>\n<meta property=\"og:title\" content=\"Venezuela anuncia su cuerpo t\u00e9cnico para el Cl\u00e1sico Mundial de B\u00e9isbol 2026 - Diario La Jornada\" \/>\n<meta property=\"og:description\" content=\"La\u00a0Federaci\u00f3n Venezolana de B\u00e9isbol anunci\u00f3 este mi\u00e9rcoles 30 de julio de 2025 los 12 integrantes del cuerpo t\u00e9cnico que acompa\u00f1ar\u00e1n a la selecci\u00f3n nacional en el Cl\u00e1sico Mundial de B\u00e9isbol 2026, programado para marzo del pr\u00f3ximo a\u00f1o. Omar L\u00f3pez repite como m\u00e1nager Confirmado previamente, Omar L\u00f3pez volver\u00e1 a liderar el equipo como m\u00e1nager, tras su [&hellip;]\" \/>\n<meta property=\"og:url\" content=\"https:\/\/diariolajornada.com\/?p=216429\" \/>\n<meta property=\"og:site_name\" content=\"Diario La Jornada\" \/>\n<meta property=\"article:publisher\" content=\"https:\/\/es-la.facebook.com\/lajornadadeguarico\/\" \/>\n<meta property=\"article:published_time\" content=\"2025-07-31T04:02:24+00:00\" \/>\n<meta property=\"article:modified_time\" content=\"2025-07-31T04:56:53+00:00\" \/>\n<meta property=\"og:image\" content=\"https:\/\/diariolajornada.com\/wp-content\/uploads\/2025\/07\/venezuela-anuncia-su-cuerpo-tecnico-para-el-clasico-mundial-de-beisbol-2026-181010.jpg\" \/>\n\t<meta property=\"og:image:width\" content=\"1242\" \/>\n\t<meta property=\"og:image:height\" content=\"699\" \/>\n\t<meta property=\"og:image:type\" content=\"image\/jpeg\" \/>\n<meta name=\"author\" content=\"admin\" \/>\n<meta name=\"twitter:card\" content=\"summary_large_image\" \/>\n<meta name=\"twitter:label1\" content=\"Escrito por\" \/>\n\t<meta name=\"twitter:data1\" content=\"admin\" \/>\n\t<meta name=\"twitter:label2\" content=\"Tiempo de lectura\" \/>\n\t<meta name=\"twitter:data2\" content=\"1 minuto\" \/>\n<script type=\"application\/ld+json\" class=\"yoast-schema-graph\">{\"@context\":\"https:\/\/schema.org\",\"@graph\":[{\"@type\":\"Article\",\"@id\":\"https:\/\/diariolajornada.com\/?p=216429#article\",\"isPartOf\":{\"@id\":\"https:\/\/diariolajornada.com\/?p=216429\"},\"author\":{\"name\":\"admin\",\"@id\":\"https:\/\/diariolajornada.com\/#\/schema\/person\/83fc9ad02376abb532ce4553a399186b\"},\"headline\":\"Venezuela anuncia su cuerpo t\u00e9cnico para el Cl\u00e1sico Mundial de B\u00e9isbol 2026\",\"datePublished\":\"2025-07-31T04:02:24+00:00\",\"dateModified\":\"2025-07-31T04:56:53+00:00\",\"mainEntityOfPage\":{\"@id\":\"https:\/\/diariolajornada.com\/?p=216429\"},\"wordCount\":305,\"commentCount\":0,\"publisher\":{\"@id\":\"https:\/\/diariolajornada.com\/#organization\"},\"image\":{\"@id\":\"https:\/\/diariolajornada.com\/?p=216429#primaryimage\"},\"thumbnailUrl\":\"https:\/\/diariolajornada.com\/wp-content\/uploads\/2025\/07\/venezuela-anuncia-su-cuerpo-tecnico-para-el-clasico-mundial-de-beisbol-2026-181010.jpg\",\"articleSection\":[\"Deportes\",\"DESTACADA\"],\"inLanguage\":\"es\",\"potentialAction\":[{\"@type\":\"CommentAction\",\"name\":\"Comment\",\"target\":[\"https:\/\/diariolajornada.com\/?p=216429#respond\"]}]},{\"@type\":\"WebPage\",\"@id\":\"https:\/\/diariolajornada.com\/?p=216429\",\"url\":\"https:\/\/diariolajornada.com\/?p=216429\",\"name\":\"Venezuela anuncia su cuerpo t\u00e9cnico para el Cl\u00e1sico Mundial de B\u00e9isbol 2026 - Diario La Jornada\",\"isPartOf\":{\"@id\":\"https:\/\/diariolajornada.com\/#website\"},\"primaryImageOfPage\":{\"@id\":\"https:\/\/diariolajornada.com\/?p=216429#primaryimage\"},\"image\":{\"@id\":\"https:\/\/diariolajornada.com\/?p=216429#primaryimage\"},\"thumbnailUrl\":\"https:\/\/diariolajornada.com\/wp-content\/uploads\/2025\/07\/venezuela-anuncia-su-cuerpo-tecnico-para-el-clasico-mundial-de-beisbol-2026-181010.jpg\",\"datePublished\":\"2025-07-31T04:02:24+00:00\",\"dateModified\":\"2025-07-31T04:56:53+00:00\",\"breadcrumb\":{\"@id\":\"https:\/\/diariolajornada.com\/?p=216429#breadcrumb\"},\"inLanguage\":\"es\",\"potentialAction\":[{\"@type\":\"ReadAction\",\"target\":[\"https:\/\/diariolajornada.com\/?p=216429\"]}]},{\"@type\":\"ImageObject\",\"inLanguage\":\"es\",\"@id\":\"https:\/\/diariolajornada.com\/?p=216429#primaryimage\",\"url\":\"https:\/\/diariolajornada.com\/wp-content\/uploads\/2025\/07\/venezuela-anuncia-su-cuerpo-tecnico-para-el-clasico-mundial-de-beisbol-2026-181010.jpg\",\"contentUrl\":\"https:\/\/diariolajornada.com\/wp-content\/uploads\/2025\/07\/venezuela-anuncia-su-cuerpo-tecnico-para-el-clasico-mundial-de-beisbol-2026-181010.jpg\",\"width\":1242,\"height\":699},{\"@type\":\"BreadcrumbList\",\"@id\":\"https:\/\/diariolajornada.com\/?p=216429#breadcrumb\",\"itemListElement\":[{\"@type\":\"ListItem\",\"position\":1,\"name\":\"Portada\",\"item\":\"https:\/\/diariolajornada.com\/\"},{\"@type\":\"ListItem\",\"position\":2,\"name\":\"Venezuela anuncia su cuerpo t\u00e9cnico para el Cl\u00e1sico Mundial de B\u00e9isbol 2026\"}]},{\"@type\":\"WebSite\",\"@id\":\"https:\/\/diariolajornada.com\/#website\",\"url\":\"https:\/\/diariolajornada.com\/\",\"name\":\"Diario La Jornada\",\"description\":\"Noticias Nacionales Regionales e Internacionales\",\"publisher\":{\"@id\":\"https:\/\/diariolajornada.com\/#organization\"},\"potentialAction\":[{\"@type\":\"SearchAction\",\"target\":{\"@type\":\"EntryPoint\",\"urlTemplate\":\"https:\/\/diariolajornada.com\/?s={search_term_string}\"},\"query-input\":{\"@type\":\"PropertyValueSpecification\",\"valueRequired\":true,\"valueName\":\"search_term_string\"}}],\"inLanguage\":\"es\"},{\"@type\":\"Organization\",\"@id\":\"https:\/\/diariolajornada.com\/#organization\",\"name\":\"Diario La Jornada\",\"url\":\"https:\/\/diariolajornada.com\/\",\"logo\":{\"@type\":\"ImageObject\",\"inLanguage\":\"es\",\"@id\":\"https:\/\/diariolajornada.com\/#\/schema\/logo\/image\/\",\"url\":\"https:\/\/diariolajornada.com\/wp-content\/uploads\/2021\/06\/LOGO-JORNADA-SVG-01-02.svg\",\"contentUrl\":\"https:\/\/diariolajornada.com\/wp-content\/uploads\/2021\/06\/LOGO-JORNADA-SVG-01-02.svg\",\"width\":350,\"height\":100,\"caption\":\"Diario La Jornada\"},\"image\":{\"@id\":\"https:\/\/diariolajornada.com\/#\/schema\/logo\/image\/\"},\"sameAs\":[\"https:\/\/es-la.facebook.com\/lajornadadeguarico\/\",\"https:\/\/www.instagram.com\/diariojornada\/?hl=es\"]},{\"@type\":\"Person\",\"@id\":\"https:\/\/diariolajornada.com\/#\/schema\/person\/83fc9ad02376abb532ce4553a399186b\",\"name\":\"admin\",\"image\":{\"@type\":\"ImageObject\",\"inLanguage\":\"es\",\"@id\":\"https:\/\/diariolajornada.com\/#\/schema\/person\/image\/\",\"url\":\"https:\/\/secure.gravatar.com\/avatar\/fdcecb87f300ccb988450328a61211f10a01c8bfedfca54e932145534024045b?s=96&d=mm&r=g\",\"contentUrl\":\"https:\/\/secure.gravatar.com\/avatar\/fdcecb87f300ccb988450328a61211f10a01c8bfedfca54e932145534024045b?s=96&d=mm&r=g\",\"caption\":\"admin\"},\"sameAs\":[\"https:\/\/diariolajornada.com\"],\"url\":\"https:\/\/diariolajornada.com\/?author=1\"}]}<\/script>\n<!-- \/ Yoast SEO plugin. -->","yoast_head_json":{"title":"Venezuela anuncia su cuerpo t\u00e9cnico para el Cl\u00e1sico Mundial de B\u00e9isbol 2026 - Diario La Jornada","robots":{"index":"index","follow":"follow","max-snippet":"max-snippet:-1","max-image-preview":"max-image-preview:large","max-video-preview":"max-video-preview:-1"},"canonical":"https:\/\/diariolajornada.com\/?p=216429","og_locale":"es_ES","og_type":"article","og_title":"Venezuela anuncia su cuerpo t\u00e9cnico para el Cl\u00e1sico Mundial de B\u00e9isbol 2026 - Diario La Jornada","og_description":"La\u00a0Federaci\u00f3n Venezolana de B\u00e9isbol anunci\u00f3 este mi\u00e9rcoles 30 de julio de 2025 los 12 integrantes del cuerpo t\u00e9cnico que acompa\u00f1ar\u00e1n a la selecci\u00f3n nacional en el Cl\u00e1sico Mundial de B\u00e9isbol 2026, programado para marzo del pr\u00f3ximo a\u00f1o. Omar L\u00f3pez repite como m\u00e1nager Confirmado previamente, Omar L\u00f3pez volver\u00e1 a liderar el equipo como m\u00e1nager, tras su [&hellip;]","og_url":"https:\/\/diariolajornada.com\/?p=216429","og_site_name":"Diario La Jornada","article_publisher":"https:\/\/es-la.facebook.com\/lajornadadeguarico\/","article_published_time":"2025-07-31T04:02:24+00:00","article_modified_time":"2025-07-31T04:56:53+00:00","og_image":[{"width":1242,"height":699,"url":"https:\/\/diariolajornada.com\/wp-content\/uploads\/2025\/07\/venezuela-anuncia-su-cuerpo-tecnico-para-el-clasico-mundial-de-beisbol-2026-181010.jpg","type":"image\/jpeg"}],"author":"admin","twitter_card":"summary_large_image","twitter_misc":{"Escrito por":"admin","Tiempo de lectura":"1 minuto"},"schema":{"@context":"https:\/\/schema.org","@graph":[{"@type":"Article","@id":"https:\/\/diariolajornada.com\/?p=216429#article","isPartOf":{"@id":"https:\/\/diariolajornada.com\/?p=216429"},"author":{"name":"admin","@id":"https:\/\/diariolajornada.com\/#\/schema\/person\/83fc9ad02376abb532ce4553a399186b"},"headline":"Venezuela anuncia su cuerpo t\u00e9cnico para el Cl\u00e1sico Mundial de B\u00e9isbol 2026","datePublished":"2025-07-31T04:02:24+00:00","dateModified":"2025-07-31T04:56:53+00:00","mainEntityOfPage":{"@id":"https:\/\/diariolajornada.com\/?p=216429"},"wordCount":305,"commentCount":0,"publisher":{"@id":"https:\/\/diariolajornada.com\/#organization"},"image":{"@id":"https:\/\/diariolajornada.com\/?p=216429#primaryimage"},"thumbnailUrl":"https:\/\/diariolajornada.com\/wp-content\/uploads\/2025\/07\/venezuela-anuncia-su-cuerpo-tecnico-para-el-clasico-mundial-de-beisbol-2026-181010.jpg","articleSection":["Deportes","DESTACADA"],"inLanguage":"es","potentialAction":[{"@type":"CommentAction","name":"Comment","target":["https:\/\/diariolajornada.com\/?p=216429#respond"]}]},{"@type":"WebPage","@id":"https:\/\/diariolajornada.com\/?p=216429","url":"https:\/\/diariolajornada.com\/?p=216429","name":"Venezuela anuncia su cuerpo t\u00e9cnico para el Cl\u00e1sico Mundial de B\u00e9isbol 2026 - Diario La Jornada","isPartOf":{"@id":"https:\/\/diariolajornada.com\/#website"},"primaryImageOfPage":{"@id":"https:\/\/diariolajornada.com\/?p=216429#primaryimage"},"image":{"@id":"https:\/\/diariolajornada.com\/?p=216429#primaryimage"},"thumbnailUrl":"https:\/\/diariolajornada.com\/wp-content\/uploads\/2025\/07\/venezuela-anuncia-su-cuerpo-tecnico-para-el-clasico-mundial-de-beisbol-2026-181010.jpg","datePublished":"2025-07-31T04:02:24+00:00","dateModified":"2025-07-31T04:56:53+00:00","breadcrumb":{"@id":"https:\/\/diariolajornada.com\/?p=216429#breadcrumb"},"inLanguage":"es","potentialAction":[{"@type":"ReadAction","target":["https:\/\/diariolajornada.com\/?p=216429"]}]},{"@type":"ImageObject","inLanguage":"es","@id":"https:\/\/diariolajornada.com\/?p=216429#primaryimage","url":"https:\/\/diariolajornada.com\/wp-content\/uploads\/2025\/07\/venezuela-anuncia-su-cuerpo-tecnico-para-el-clasico-mundial-de-beisbol-2026-181010.jpg","contentUrl":"https:\/\/diariolajornada.com\/wp-content\/uploads\/2025\/07\/venezuela-anuncia-su-cuerpo-tecnico-para-el-clasico-mundial-de-beisbol-2026-181010.jpg","width":1242,"height":699},{"@type":"BreadcrumbList","@id":"https:\/\/diariolajornada.com\/?p=216429#breadcrumb","itemListElement":[{"@type":"ListItem","position":1,"name":"Portada","item":"https:\/\/diariolajornada.com\/"},{"@type":"ListItem","position":2,"name":"Venezuela anuncia su cuerpo t\u00e9cnico para el Cl\u00e1sico Mundial de B\u00e9isbol 2026"}]},{"@type":"WebSite","@id":"https:\/\/diariolajornada.com\/#website","url":"https:\/\/diariolajornada.com\/","name":"Diario La Jornada","description":"Noticias Nacionales Regionales e Internacionales","publisher":{"@id":"https:\/\/diariolajornada.com\/#organization"},"potentialAction":[{"@type":"SearchAction","target":{"@type":"EntryPoint","urlTemplate":"https:\/\/diariolajornada.com\/?s={search_term_string}"},"query-input":{"@type":"PropertyValueSpecification","valueRequired":true,"valueName":"search_term_string"}}],"inLanguage":"es"},{"@type":"Organization","@id":"https:\/\/diariolajornada.com\/#organization","name":"Diario La Jornada","url":"https:\/\/diariolajornada.com\/","logo":{"@type":"ImageObject","inLanguage":"es","@id":"https:\/\/diariolajornada.com\/#\/schema\/logo\/image\/","url":"https:\/\/diariolajornada.com\/wp-content\/uploads\/2021\/06\/LOGO-JORNADA-SVG-01-02.svg","contentUrl":"https:\/\/diariolajornada.com\/wp-content\/uploads\/2021\/06\/LOGO-JORNADA-SVG-01-02.svg","width":350,"height":100,"caption":"Diario La Jornada"},"image":{"@id":"https:\/\/diariolajornada.com\/#\/schema\/logo\/image\/"},"sameAs":["https:\/\/es-la.facebook.com\/lajornadadeguarico\/","https:\/\/www.instagram.com\/diariojornada\/?hl=es"]},{"@type":"Person","@id":"https:\/\/diariolajornada.com\/#\/schema\/person\/83fc9ad02376abb532ce4553a399186b","name":"admin","image":{"@type":"ImageObject","inLanguage":"es","@id":"https:\/\/diariolajornada.com\/#\/schema\/person\/image\/","url":"https:\/\/secure.gravatar.com\/avatar\/fdcecb87f300ccb988450328a61211f10a01c8bfedfca54e932145534024045b?s=96&d=mm&r=g","contentUrl":"https:\/\/secure.gravatar.com\/avatar\/fdcecb87f300ccb988450328a61211f10a01c8bfedfca54e932145534024045b?s=96&d=mm&r=g","caption":"admin"},"sameAs":["https:\/\/diariolajornada.com"],"url":"https:\/\/diariolajornada.com\/?author=1"}]}},"_links":{"self":[{"href":"https:\/\/diariolajornada.com\/index.php?rest_route=\/wp\/v2\/posts\/216429","targetHints":{"allow":["GET"]}}],"collection":[{"href":"https:\/\/diariolajornada.com\/index.php?rest_route=\/wp\/v2\/posts"}],"about":[{"href":"https:\/\/diariolajornada.com\/index.php?rest_route=\/wp\/v2\/types\/post"}],"author":[{"embeddable":true,"href":"https:\/\/diariolajornada.com\/index.php?rest_route=\/wp\/v2\/users\/1"}],"replies":[{"embeddable":true,"href":"https:\/\/diariolajornada.com\/index.php?rest_route=%2Fwp%2Fv2%2Fcomments&post=216429"}],"version-history":[{"count":1,"href":"https:\/\/diariolajornada.com\/index.php?rest_route=\/wp\/v2\/posts\/216429\/revisions"}],"predecessor-version":[{"id":216430,"href":"https:\/\/diariolajornada.com\/index.php?rest_route=\/wp\/v2\/posts\/216429\/revisions\/216430"}],"wp:featuredmedia":[{"embeddable":true,"href":"https:\/\/diariolajornada.com\/index.php?rest_route=\/wp\/v2\/media\/216427"}],"wp:attachment":[{"href":"https:\/\/diariolajornada.com\/index.php?rest_route=%2Fwp%2Fv2%2Fmedia&parent=216429"}],"wp:term":[{"taxonomy":"category","embeddable":true,"href":"https:\/\/diariolajornada.com\/index.php?rest_route=%2Fwp%2Fv2%2Fcategories&post=216429"},{"taxonomy":"post_tag","embeddable":true,"href":"https:\/\/diariolajornada.com\/index.php?rest_route=%2Fwp%2Fv2%2Ftags&post=216429"}],"curies":[{"name":"wp","href":"https:\/\/api.w.org\/{rel}","templated":true}]}}