{"id":23315,"date":"2023-07-21T11:55:08","date_gmt":"2023-07-21T15:55:08","guid":{"rendered":"https:\/\/diariolajornada.com\/?p=23315"},"modified":"2023-07-21T11:55:30","modified_gmt":"2023-07-21T15:55:30","slug":"oms-pide-crear-vacuna-experimental-contra-la-gripe-aviar-en-humanos","status":"publish","type":"post","link":"https:\/\/diariolajornada.com\/?p=23315","title":{"rendered":"OMS pide crear vacuna experimental contra la gripe aviar en humanos"},"content":{"rendered":"\n<p><strong>@diariojornada<\/strong><\/p>\n\n\n\n<p><strong>Diario La Jornada. \u2013<\/strong> Ante el reciente brote de gripe aviar en 29 gatos de Polonia, la Organizaci\u00f3n Mundial de la Salud plante\u00f3 desarrollar vacunas experimentales para evitar posibles transmisiones entre las personas.<\/p>\n\n\n\n<p>Durante una rueda de prensa, el director general de la OMS, Tedros Adhanom Ghebreyesus, manifest\u00f3 su preocupaci\u00f3n por la peligrosidad del virus en los humanos, pese a que nunca se ha demostrado que sea de f\u00e1cil trasmisi\u00f3n entre ellos.<\/p>\n\n\n\n<p>Destac\u00f3 que el contagio de 29 mininos en el pa\u00eds europeo es el primer evento con un n\u00famero tan elevado de animales infectados por el H5N1 en una amplia zona geogr\u00e1fica.<\/p>\n\n\n\n<p>Tedros Adhanom se\u00f1al\u00f3 que, para evitar nuevos brotes, la instituci\u00f3n trabaja de la mano de otras internacionales como la Organizaci\u00f3n Mundial de Salud Animal y la de las Naciones Unidas para la Alimentaci\u00f3n y la Agricultura.<\/p>\n\n\n\n<p>La directora del Programa Global contra la Gripe Aviar, la doctora Wenqing Zhang, hizo \u00e9nfasis en que si la infecci\u00f3n pasa a ser altamente transmisible entre humanos, \u201ces necesario que tengamos algo para poder responder\u201d, apunt\u00f3.<\/p>\n","protected":false},"excerpt":{"rendered":"<p>@diariojornada Diario La Jornada. \u2013 Ante el reciente brote de gripe aviar en 29 gatos de Polonia, la Organizaci\u00f3n Mundial de la Salud plante\u00f3 desarrollar vacunas experimentales para evitar posibles transmisiones entre las personas. Durante una rueda de prensa, el director general de la OMS, Tedros Adhanom Ghebreyesus, manifest\u00f3 su preocupaci\u00f3n por la peligrosidad del [&hellip;]<\/p>\n","protected":false},"author":1,"featured_media":23314,"comment_status":"open","ping_status":"open","sticky":false,"template":"","format":"standard","meta":{"footnotes":""},"categories":[13],"tags":[],"class_list":["post-23315","post","type-post","status-publish","format-standard","has-post-thumbnail","hentry","category-salud-y-bienestar"],"yoast_head":"<!-- This site is optimized with the Yoast SEO plugin v24.4 - https:\/\/yoast.com\/wordpress\/plugins\/seo\/ -->\n<title>OMS pide crear vacuna experimental contra la gripe aviar en humanos - Diario La Jornada<\/title>\n<meta name=\"robots\" content=\"index, follow, max-snippet:-1, max-image-preview:large, max-video-preview:-1\" \/>\n<link rel=\"canonical\" href=\"https:\/\/diariolajornada.com\/?p=23315\" \/>\n<meta property=\"og:locale\" content=\"es_ES\" \/>\n<meta property=\"og:type\" content=\"article\" \/>\n<meta property=\"og:title\" content=\"OMS pide crear vacuna experimental contra la gripe aviar en humanos - Diario La Jornada\" \/>\n<meta property=\"og:description\" content=\"@diariojornada Diario La Jornada. \u2013 Ante el reciente brote de gripe aviar en 29 gatos de Polonia, la Organizaci\u00f3n Mundial de la Salud plante\u00f3 desarrollar vacunas experimentales para evitar posibles transmisiones entre las personas. Durante una rueda de prensa, el director general de la OMS, Tedros Adhanom Ghebreyesus, manifest\u00f3 su preocupaci\u00f3n por la peligrosidad del [&hellip;]\" \/>\n<meta property=\"og:url\" content=\"https:\/\/diariolajornada.com\/?p=23315\" \/>\n<meta property=\"og:site_name\" content=\"Diario La Jornada\" \/>\n<meta property=\"article:publisher\" content=\"https:\/\/es-la.facebook.com\/lajornadadeguarico\/\" \/>\n<meta property=\"article:published_time\" content=\"2023-07-21T15:55:08+00:00\" \/>\n<meta property=\"article:modified_time\" content=\"2023-07-21T15:55:30+00:00\" \/>\n<meta property=\"og:image\" content=\"https:\/\/diariolajornada.com\/wp-content\/uploads\/2023\/07\/img_5384.gif\" \/>\n\t<meta property=\"og:image:width\" content=\"768\" \/>\n\t<meta property=\"og:image:height\" content=\"573\" \/>\n\t<meta property=\"og:image:type\" content=\"image\/gif\" \/>\n<meta name=\"author\" content=\"admin\" \/>\n<meta name=\"twitter:card\" content=\"summary_large_image\" \/>\n<meta name=\"twitter:label1\" content=\"Escrito por\" \/>\n\t<meta name=\"twitter:data1\" content=\"admin\" \/>\n\t<meta name=\"twitter:label2\" content=\"Tiempo de lectura\" \/>\n\t<meta name=\"twitter:data2\" content=\"1 minuto\" \/>\n<script type=\"application\/ld+json\" class=\"yoast-schema-graph\">{\"@context\":\"https:\/\/schema.org\",\"@graph\":[{\"@type\":\"Article\",\"@id\":\"https:\/\/diariolajornada.com\/?p=23315#article\",\"isPartOf\":{\"@id\":\"https:\/\/diariolajornada.com\/?p=23315\"},\"author\":{\"name\":\"admin\",\"@id\":\"https:\/\/diariolajornada.com\/#\/schema\/person\/83fc9ad02376abb532ce4553a399186b\"},\"headline\":\"OMS pide crear vacuna experimental contra la gripe aviar en humanos\",\"datePublished\":\"2023-07-21T15:55:08+00:00\",\"dateModified\":\"2023-07-21T15:55:30+00:00\",\"mainEntityOfPage\":{\"@id\":\"https:\/\/diariolajornada.com\/?p=23315\"},\"wordCount\":197,\"commentCount\":0,\"publisher\":{\"@id\":\"https:\/\/diariolajornada.com\/#organization\"},\"image\":{\"@id\":\"https:\/\/diariolajornada.com\/?p=23315#primaryimage\"},\"thumbnailUrl\":\"https:\/\/diariolajornada.com\/wp-content\/uploads\/2023\/07\/img_5384.gif\",\"articleSection\":[\"Salud y Bienestar\"],\"inLanguage\":\"es\",\"potentialAction\":[{\"@type\":\"CommentAction\",\"name\":\"Comment\",\"target\":[\"https:\/\/diariolajornada.com\/?p=23315#respond\"]}]},{\"@type\":\"WebPage\",\"@id\":\"https:\/\/diariolajornada.com\/?p=23315\",\"url\":\"https:\/\/diariolajornada.com\/?p=23315\",\"name\":\"OMS pide crear vacuna experimental contra la gripe aviar en humanos - Diario La Jornada\",\"isPartOf\":{\"@id\":\"https:\/\/diariolajornada.com\/#website\"},\"primaryImageOfPage\":{\"@id\":\"https:\/\/diariolajornada.com\/?p=23315#primaryimage\"},\"image\":{\"@id\":\"https:\/\/diariolajornada.com\/?p=23315#primaryimage\"},\"thumbnailUrl\":\"https:\/\/diariolajornada.com\/wp-content\/uploads\/2023\/07\/img_5384.gif\",\"datePublished\":\"2023-07-21T15:55:08+00:00\",\"dateModified\":\"2023-07-21T15:55:30+00:00\",\"breadcrumb\":{\"@id\":\"https:\/\/diariolajornada.com\/?p=23315#breadcrumb\"},\"inLanguage\":\"es\",\"potentialAction\":[{\"@type\":\"ReadAction\",\"target\":[\"https:\/\/diariolajornada.com\/?p=23315\"]}]},{\"@type\":\"ImageObject\",\"inLanguage\":\"es\",\"@id\":\"https:\/\/diariolajornada.com\/?p=23315#primaryimage\",\"url\":\"https:\/\/diariolajornada.com\/wp-content\/uploads\/2023\/07\/img_5384.gif\",\"contentUrl\":\"https:\/\/diariolajornada.com\/wp-content\/uploads\/2023\/07\/img_5384.gif\",\"width\":768,\"height\":573},{\"@type\":\"BreadcrumbList\",\"@id\":\"https:\/\/diariolajornada.com\/?p=23315#breadcrumb\",\"itemListElement\":[{\"@type\":\"ListItem\",\"position\":1,\"name\":\"Portada\",\"item\":\"https:\/\/diariolajornada.com\/\"},{\"@type\":\"ListItem\",\"position\":2,\"name\":\"OMS pide crear vacuna experimental contra la gripe aviar en humanos\"}]},{\"@type\":\"WebSite\",\"@id\":\"https:\/\/diariolajornada.com\/#website\",\"url\":\"https:\/\/diariolajornada.com\/\",\"name\":\"Diario La Jornada\",\"description\":\"Noticias Nacionales Regionales e Internacionales\",\"publisher\":{\"@id\":\"https:\/\/diariolajornada.com\/#organization\"},\"potentialAction\":[{\"@type\":\"SearchAction\",\"target\":{\"@type\":\"EntryPoint\",\"urlTemplate\":\"https:\/\/diariolajornada.com\/?s={search_term_string}\"},\"query-input\":{\"@type\":\"PropertyValueSpecification\",\"valueRequired\":true,\"valueName\":\"search_term_string\"}}],\"inLanguage\":\"es\"},{\"@type\":\"Organization\",\"@id\":\"https:\/\/diariolajornada.com\/#organization\",\"name\":\"Diario La Jornada\",\"url\":\"https:\/\/diariolajornada.com\/\",\"logo\":{\"@type\":\"ImageObject\",\"inLanguage\":\"es\",\"@id\":\"https:\/\/diariolajornada.com\/#\/schema\/logo\/image\/\",\"url\":\"https:\/\/diariolajornada.com\/wp-content\/uploads\/2021\/06\/LOGO-JORNADA-SVG-01-02.svg\",\"contentUrl\":\"https:\/\/diariolajornada.com\/wp-content\/uploads\/2021\/06\/LOGO-JORNADA-SVG-01-02.svg\",\"width\":350,\"height\":100,\"caption\":\"Diario La Jornada\"},\"image\":{\"@id\":\"https:\/\/diariolajornada.com\/#\/schema\/logo\/image\/\"},\"sameAs\":[\"https:\/\/es-la.facebook.com\/lajornadadeguarico\/\",\"https:\/\/www.instagram.com\/diariojornada\/?hl=es\"]},{\"@type\":\"Person\",\"@id\":\"https:\/\/diariolajornada.com\/#\/schema\/person\/83fc9ad02376abb532ce4553a399186b\",\"name\":\"admin\",\"image\":{\"@type\":\"ImageObject\",\"inLanguage\":\"es\",\"@id\":\"https:\/\/diariolajornada.com\/#\/schema\/person\/image\/\",\"url\":\"https:\/\/secure.gravatar.com\/avatar\/fdcecb87f300ccb988450328a61211f10a01c8bfedfca54e932145534024045b?s=96&d=mm&r=g\",\"contentUrl\":\"https:\/\/secure.gravatar.com\/avatar\/fdcecb87f300ccb988450328a61211f10a01c8bfedfca54e932145534024045b?s=96&d=mm&r=g\",\"caption\":\"admin\"},\"sameAs\":[\"https:\/\/diariolajornada.com\"],\"url\":\"https:\/\/diariolajornada.com\/?author=1\"}]}<\/script>\n<!-- \/ Yoast SEO plugin. -->","yoast_head_json":{"title":"OMS pide crear vacuna experimental contra la gripe aviar en humanos - Diario La Jornada","robots":{"index":"index","follow":"follow","max-snippet":"max-snippet:-1","max-image-preview":"max-image-preview:large","max-video-preview":"max-video-preview:-1"},"canonical":"https:\/\/diariolajornada.com\/?p=23315","og_locale":"es_ES","og_type":"article","og_title":"OMS pide crear vacuna experimental contra la gripe aviar en humanos - Diario La Jornada","og_description":"@diariojornada Diario La Jornada. \u2013 Ante el reciente brote de gripe aviar en 29 gatos de Polonia, la Organizaci\u00f3n Mundial de la Salud plante\u00f3 desarrollar vacunas experimentales para evitar posibles transmisiones entre las personas. Durante una rueda de prensa, el director general de la OMS, Tedros Adhanom Ghebreyesus, manifest\u00f3 su preocupaci\u00f3n por la peligrosidad del [&hellip;]","og_url":"https:\/\/diariolajornada.com\/?p=23315","og_site_name":"Diario La Jornada","article_publisher":"https:\/\/es-la.facebook.com\/lajornadadeguarico\/","article_published_time":"2023-07-21T15:55:08+00:00","article_modified_time":"2023-07-21T15:55:30+00:00","og_image":[{"width":768,"height":573,"url":"https:\/\/diariolajornada.com\/wp-content\/uploads\/2023\/07\/img_5384.gif","type":"image\/gif"}],"author":"admin","twitter_card":"summary_large_image","twitter_misc":{"Escrito por":"admin","Tiempo de lectura":"1 minuto"},"schema":{"@context":"https:\/\/schema.org","@graph":[{"@type":"Article","@id":"https:\/\/diariolajornada.com\/?p=23315#article","isPartOf":{"@id":"https:\/\/diariolajornada.com\/?p=23315"},"author":{"name":"admin","@id":"https:\/\/diariolajornada.com\/#\/schema\/person\/83fc9ad02376abb532ce4553a399186b"},"headline":"OMS pide crear vacuna experimental contra la gripe aviar en humanos","datePublished":"2023-07-21T15:55:08+00:00","dateModified":"2023-07-21T15:55:30+00:00","mainEntityOfPage":{"@id":"https:\/\/diariolajornada.com\/?p=23315"},"wordCount":197,"commentCount":0,"publisher":{"@id":"https:\/\/diariolajornada.com\/#organization"},"image":{"@id":"https:\/\/diariolajornada.com\/?p=23315#primaryimage"},"thumbnailUrl":"https:\/\/diariolajornada.com\/wp-content\/uploads\/2023\/07\/img_5384.gif","articleSection":["Salud y Bienestar"],"inLanguage":"es","potentialAction":[{"@type":"CommentAction","name":"Comment","target":["https:\/\/diariolajornada.com\/?p=23315#respond"]}]},{"@type":"WebPage","@id":"https:\/\/diariolajornada.com\/?p=23315","url":"https:\/\/diariolajornada.com\/?p=23315","name":"OMS pide crear vacuna experimental contra la gripe aviar en humanos - Diario La Jornada","isPartOf":{"@id":"https:\/\/diariolajornada.com\/#website"},"primaryImageOfPage":{"@id":"https:\/\/diariolajornada.com\/?p=23315#primaryimage"},"image":{"@id":"https:\/\/diariolajornada.com\/?p=23315#primaryimage"},"thumbnailUrl":"https:\/\/diariolajornada.com\/wp-content\/uploads\/2023\/07\/img_5384.gif","datePublished":"2023-07-21T15:55:08+00:00","dateModified":"2023-07-21T15:55:30+00:00","breadcrumb":{"@id":"https:\/\/diariolajornada.com\/?p=23315#breadcrumb"},"inLanguage":"es","potentialAction":[{"@type":"ReadAction","target":["https:\/\/diariolajornada.com\/?p=23315"]}]},{"@type":"ImageObject","inLanguage":"es","@id":"https:\/\/diariolajornada.com\/?p=23315#primaryimage","url":"https:\/\/diariolajornada.com\/wp-content\/uploads\/2023\/07\/img_5384.gif","contentUrl":"https:\/\/diariolajornada.com\/wp-content\/uploads\/2023\/07\/img_5384.gif","width":768,"height":573},{"@type":"BreadcrumbList","@id":"https:\/\/diariolajornada.com\/?p=23315#breadcrumb","itemListElement":[{"@type":"ListItem","position":1,"name":"Portada","item":"https:\/\/diariolajornada.com\/"},{"@type":"ListItem","position":2,"name":"OMS pide crear vacuna experimental contra la gripe aviar en humanos"}]},{"@type":"WebSite","@id":"https:\/\/diariolajornada.com\/#website","url":"https:\/\/diariolajornada.com\/","name":"Diario La Jornada","description":"Noticias Nacionales Regionales e Internacionales","publisher":{"@id":"https:\/\/diariolajornada.com\/#organization"},"potentialAction":[{"@type":"SearchAction","target":{"@type":"EntryPoint","urlTemplate":"https:\/\/diariolajornada.com\/?s={search_term_string}"},"query-input":{"@type":"PropertyValueSpecification","valueRequired":true,"valueName":"search_term_string"}}],"inLanguage":"es"},{"@type":"Organization","@id":"https:\/\/diariolajornada.com\/#organization","name":"Diario La Jornada","url":"https:\/\/diariolajornada.com\/","logo":{"@type":"ImageObject","inLanguage":"es","@id":"https:\/\/diariolajornada.com\/#\/schema\/logo\/image\/","url":"https:\/\/diariolajornada.com\/wp-content\/uploads\/2021\/06\/LOGO-JORNADA-SVG-01-02.svg","contentUrl":"https:\/\/diariolajornada.com\/wp-content\/uploads\/2021\/06\/LOGO-JORNADA-SVG-01-02.svg","width":350,"height":100,"caption":"Diario La Jornada"},"image":{"@id":"https:\/\/diariolajornada.com\/#\/schema\/logo\/image\/"},"sameAs":["https:\/\/es-la.facebook.com\/lajornadadeguarico\/","https:\/\/www.instagram.com\/diariojornada\/?hl=es"]},{"@type":"Person","@id":"https:\/\/diariolajornada.com\/#\/schema\/person\/83fc9ad02376abb532ce4553a399186b","name":"admin","image":{"@type":"ImageObject","inLanguage":"es","@id":"https:\/\/diariolajornada.com\/#\/schema\/person\/image\/","url":"https:\/\/secure.gravatar.com\/avatar\/fdcecb87f300ccb988450328a61211f10a01c8bfedfca54e932145534024045b?s=96&d=mm&r=g","contentUrl":"https:\/\/secure.gravatar.com\/avatar\/fdcecb87f300ccb988450328a61211f10a01c8bfedfca54e932145534024045b?s=96&d=mm&r=g","caption":"admin"},"sameAs":["https:\/\/diariolajornada.com"],"url":"https:\/\/diariolajornada.com\/?author=1"}]}},"_links":{"self":[{"href":"https:\/\/diariolajornada.com\/index.php?rest_route=\/wp\/v2\/posts\/23315","targetHints":{"allow":["GET"]}}],"collection":[{"href":"https:\/\/diariolajornada.com\/index.php?rest_route=\/wp\/v2\/posts"}],"about":[{"href":"https:\/\/diariolajornada.com\/index.php?rest_route=\/wp\/v2\/types\/post"}],"author":[{"embeddable":true,"href":"https:\/\/diariolajornada.com\/index.php?rest_route=\/wp\/v2\/users\/1"}],"replies":[{"embeddable":true,"href":"https:\/\/diariolajornada.com\/index.php?rest_route=%2Fwp%2Fv2%2Fcomments&post=23315"}],"version-history":[{"count":1,"href":"https:\/\/diariolajornada.com\/index.php?rest_route=\/wp\/v2\/posts\/23315\/revisions"}],"predecessor-version":[{"id":23316,"href":"https:\/\/diariolajornada.com\/index.php?rest_route=\/wp\/v2\/posts\/23315\/revisions\/23316"}],"wp:featuredmedia":[{"embeddable":true,"href":"https:\/\/diariolajornada.com\/index.php?rest_route=\/wp\/v2\/media\/23314"}],"wp:attachment":[{"href":"https:\/\/diariolajornada.com\/index.php?rest_route=%2Fwp%2Fv2%2Fmedia&parent=23315"}],"wp:term":[{"taxonomy":"category","embeddable":true,"href":"https:\/\/diariolajornada.com\/index.php?rest_route=%2Fwp%2Fv2%2Fcategories&post=23315"},{"taxonomy":"post_tag","embeddable":true,"href":"https:\/\/diariolajornada.com\/index.php?rest_route=%2Fwp%2Fv2%2Ftags&post=23315"}],"curies":[{"name":"wp","href":"https:\/\/api.w.org\/{rel}","templated":true}]}}