{"id":23318,"date":"2023-07-21T11:58:07","date_gmt":"2023-07-21T15:58:07","guid":{"rendered":"https:\/\/diariolajornada.com\/?p=23318"},"modified":"2023-07-21T11:58:32","modified_gmt":"2023-07-21T15:58:32","slug":"petro-pide-al-congreso-una-reforma-agraria-que-saque-a-colombia-del-atraso","status":"publish","type":"post","link":"https:\/\/diariolajornada.com\/?p=23318","title":{"rendered":"Petro pide al Congreso una reforma agraria que saque a Colombia del atraso"},"content":{"rendered":"\n<p><strong>@diariojornada<\/strong><\/p>\n\n\n\n<p><strong>Diario La Jornada. \u2013 <\/strong>El presidente de Colombia, Gustavo Petro, defendi\u00f3 este jueves la necesidad de hacer una amplia reforma agraria para solucionar uno de los grandes problemas del pa\u00eds, causante de la violencia, que es la tenencia de la tierra, y sacarlo del atraso.<\/p>\n\n\n\n<p>\u201cLa reforma agraria ha mostrado que el problema de Colombia es la tierra\u201d, dijo Petro en el discurso de instalaci\u00f3n del nuevo periodo de sesiones (2023-2024) del Congreso Nacional.<\/p>\n\n\n\n<p>El mandatario se\u00f1al\u00f3 que si se hace una reforma agraria \u201cse ampl\u00eda el mercado interno, se libera la fuerza de trabajo de la tierra y por tanto se pondr\u00edan las condiciones fundamentales para la industrializaci\u00f3n\u201d.<\/p>\n\n\n\n<p>Sin embargo, record\u00f3 que lo que ha ocurrido durante m\u00e1s de un siglo en Colombia es que \u201chemos matado a los l\u00edderes que lo plantean (la distribuci\u00f3n de la tierra)\u201d, y eso, sumado a \u201cla dificultad de tramitar a trav\u00e9s de las leyes la posibilidad de democratizar la tenencia de la tierra nos ha llevado a la violencia durante un siglo\u201d.<\/p>\n\n\n\n<p>Petro consider\u00f3 como \u201cfeudal\u201d, \u201cpremoderna\u201d, \u201canacr\u00f3nica\u201d y \u201cprofundamente irracional tener miles de hect\u00e1reas sin producir una sola mata de yuca mientras el pueblo se muere de hambre y la humanidad se muere de hambre\u201d.<\/p>\n\n\n\n<p>\u201cEso no es posible en los tiempos de la crisis clim\u00e1tica\u201d que reduce las tierras f\u00e9rtiles, obligando a millones de africanos emigrar hacia Europa, donde \u201clos esperan campos de concentraci\u00f3n y los esperan fusiles, por eso el fascismo crece en Europa\u201d, dijo.<\/p>\n\n\n\n<p>El presidente insisti\u00f3 en que distribuir la tierra de manera equitativa es adem\u00e1s un compromiso asumido por el pa\u00eds en el acuerdo de paz firmado en noviembre de 2016 con la antigua guerrilla de las FARC.<\/p>\n\n\n\n<p>En ese sentido se\u00f1al\u00f3 que en el acuerdo de paz se estableci\u00f3 el compromiso de titular siete millones de hect\u00e1reas de tierras, y su Gobierno, que el pr\u00f3ximo 7 de agosto llegar\u00e1 a su primer a\u00f1o, est\u00e1 cumpliendo con ese prop\u00f3sito.<\/p>\n\n\n\n<p>\u201cEste Gobierno ha titulado un mill\u00f3n de hect\u00e1reas, de las cuales 756.000 han sido para ind\u00edgenas y 175.000 para campesinos\u201d, manifest\u00f3.<\/p>\n\n\n\n<p>Petro dedic\u00f3 la mayor parte de su discurso a hablar de la crisis clim\u00e1tica mundial y de las propuestas de justicia ambiental y justicia social de su Gobierno para revertir esa situaci\u00f3n\u201d.<\/p>\n\n\n\n<p><strong>Con informaci\u00f3n de Efe<\/strong><\/p>\n","protected":false},"excerpt":{"rendered":"<p>@diariojornada Diario La Jornada. \u2013 El presidente de Colombia, Gustavo Petro, defendi\u00f3 este jueves la necesidad de hacer una amplia reforma agraria para solucionar uno de los grandes problemas del pa\u00eds, causante de la violencia, que es la tenencia de la tierra, y sacarlo del atraso. \u201cLa reforma agraria ha mostrado que el problema de [&hellip;]<\/p>\n","protected":false},"author":1,"featured_media":23317,"comment_status":"open","ping_status":"open","sticky":false,"template":"","format":"standard","meta":{"footnotes":""},"categories":[10],"tags":[],"class_list":["post-23318","post","type-post","status-publish","format-standard","has-post-thumbnail","hentry","category-internacionales"],"yoast_head":"<!-- This site is optimized with the Yoast SEO plugin v24.4 - https:\/\/yoast.com\/wordpress\/plugins\/seo\/ -->\n<title>Petro pide al Congreso una reforma agraria que saque a Colombia del atraso - Diario La Jornada<\/title>\n<meta name=\"robots\" content=\"index, follow, max-snippet:-1, max-image-preview:large, max-video-preview:-1\" \/>\n<link rel=\"canonical\" href=\"https:\/\/diariolajornada.com\/?p=23318\" \/>\n<meta property=\"og:locale\" content=\"es_ES\" \/>\n<meta property=\"og:type\" content=\"article\" \/>\n<meta property=\"og:title\" content=\"Petro pide al Congreso una reforma agraria que saque a Colombia del atraso - Diario La Jornada\" \/>\n<meta property=\"og:description\" content=\"@diariojornada Diario La Jornada. \u2013 El presidente de Colombia, Gustavo Petro, defendi\u00f3 este jueves la necesidad de hacer una amplia reforma agraria para solucionar uno de los grandes problemas del pa\u00eds, causante de la violencia, que es la tenencia de la tierra, y sacarlo del atraso. \u201cLa reforma agraria ha mostrado que el problema de [&hellip;]\" \/>\n<meta property=\"og:url\" content=\"https:\/\/diariolajornada.com\/?p=23318\" \/>\n<meta property=\"og:site_name\" content=\"Diario La Jornada\" \/>\n<meta property=\"article:publisher\" content=\"https:\/\/es-la.facebook.com\/lajornadadeguarico\/\" \/>\n<meta property=\"article:published_time\" content=\"2023-07-21T15:58:07+00:00\" \/>\n<meta property=\"article:modified_time\" content=\"2023-07-21T15:58:32+00:00\" \/>\n<meta property=\"og:image\" content=\"https:\/\/diariolajornada.com\/wp-content\/uploads\/2023\/07\/img_5385.jpg\" \/>\n\t<meta property=\"og:image:width\" content=\"768\" \/>\n\t<meta property=\"og:image:height\" content=\"530\" \/>\n\t<meta property=\"og:image:type\" content=\"image\/jpeg\" \/>\n<meta name=\"author\" content=\"admin\" \/>\n<meta name=\"twitter:card\" content=\"summary_large_image\" \/>\n<meta name=\"twitter:label1\" content=\"Escrito por\" \/>\n\t<meta name=\"twitter:data1\" content=\"admin\" \/>\n\t<meta name=\"twitter:label2\" content=\"Tiempo de lectura\" \/>\n\t<meta name=\"twitter:data2\" content=\"2 minutos\" \/>\n<script type=\"application\/ld+json\" class=\"yoast-schema-graph\">{\"@context\":\"https:\/\/schema.org\",\"@graph\":[{\"@type\":\"Article\",\"@id\":\"https:\/\/diariolajornada.com\/?p=23318#article\",\"isPartOf\":{\"@id\":\"https:\/\/diariolajornada.com\/?p=23318\"},\"author\":{\"name\":\"admin\",\"@id\":\"https:\/\/diariolajornada.com\/#\/schema\/person\/83fc9ad02376abb532ce4553a399186b\"},\"headline\":\"Petro pide al Congreso una reforma agraria que saque a Colombia del atraso\",\"datePublished\":\"2023-07-21T15:58:07+00:00\",\"dateModified\":\"2023-07-21T15:58:32+00:00\",\"mainEntityOfPage\":{\"@id\":\"https:\/\/diariolajornada.com\/?p=23318\"},\"wordCount\":417,\"commentCount\":0,\"publisher\":{\"@id\":\"https:\/\/diariolajornada.com\/#organization\"},\"image\":{\"@id\":\"https:\/\/diariolajornada.com\/?p=23318#primaryimage\"},\"thumbnailUrl\":\"https:\/\/diariolajornada.com\/wp-content\/uploads\/2023\/07\/img_5385.jpg\",\"articleSection\":[\"Internacionales\"],\"inLanguage\":\"es\",\"potentialAction\":[{\"@type\":\"CommentAction\",\"name\":\"Comment\",\"target\":[\"https:\/\/diariolajornada.com\/?p=23318#respond\"]}]},{\"@type\":\"WebPage\",\"@id\":\"https:\/\/diariolajornada.com\/?p=23318\",\"url\":\"https:\/\/diariolajornada.com\/?p=23318\",\"name\":\"Petro pide al Congreso una reforma agraria que saque a Colombia del atraso - Diario La Jornada\",\"isPartOf\":{\"@id\":\"https:\/\/diariolajornada.com\/#website\"},\"primaryImageOfPage\":{\"@id\":\"https:\/\/diariolajornada.com\/?p=23318#primaryimage\"},\"image\":{\"@id\":\"https:\/\/diariolajornada.com\/?p=23318#primaryimage\"},\"thumbnailUrl\":\"https:\/\/diariolajornada.com\/wp-content\/uploads\/2023\/07\/img_5385.jpg\",\"datePublished\":\"2023-07-21T15:58:07+00:00\",\"dateModified\":\"2023-07-21T15:58:32+00:00\",\"breadcrumb\":{\"@id\":\"https:\/\/diariolajornada.com\/?p=23318#breadcrumb\"},\"inLanguage\":\"es\",\"potentialAction\":[{\"@type\":\"ReadAction\",\"target\":[\"https:\/\/diariolajornada.com\/?p=23318\"]}]},{\"@type\":\"ImageObject\",\"inLanguage\":\"es\",\"@id\":\"https:\/\/diariolajornada.com\/?p=23318#primaryimage\",\"url\":\"https:\/\/diariolajornada.com\/wp-content\/uploads\/2023\/07\/img_5385.jpg\",\"contentUrl\":\"https:\/\/diariolajornada.com\/wp-content\/uploads\/2023\/07\/img_5385.jpg\",\"width\":768,\"height\":530},{\"@type\":\"BreadcrumbList\",\"@id\":\"https:\/\/diariolajornada.com\/?p=23318#breadcrumb\",\"itemListElement\":[{\"@type\":\"ListItem\",\"position\":1,\"name\":\"Portada\",\"item\":\"https:\/\/diariolajornada.com\/\"},{\"@type\":\"ListItem\",\"position\":2,\"name\":\"Petro pide al Congreso una reforma agraria que saque a Colombia del atraso\"}]},{\"@type\":\"WebSite\",\"@id\":\"https:\/\/diariolajornada.com\/#website\",\"url\":\"https:\/\/diariolajornada.com\/\",\"name\":\"Diario La Jornada\",\"description\":\"Noticias Nacionales Regionales e Internacionales\",\"publisher\":{\"@id\":\"https:\/\/diariolajornada.com\/#organization\"},\"potentialAction\":[{\"@type\":\"SearchAction\",\"target\":{\"@type\":\"EntryPoint\",\"urlTemplate\":\"https:\/\/diariolajornada.com\/?s={search_term_string}\"},\"query-input\":{\"@type\":\"PropertyValueSpecification\",\"valueRequired\":true,\"valueName\":\"search_term_string\"}}],\"inLanguage\":\"es\"},{\"@type\":\"Organization\",\"@id\":\"https:\/\/diariolajornada.com\/#organization\",\"name\":\"Diario La Jornada\",\"url\":\"https:\/\/diariolajornada.com\/\",\"logo\":{\"@type\":\"ImageObject\",\"inLanguage\":\"es\",\"@id\":\"https:\/\/diariolajornada.com\/#\/schema\/logo\/image\/\",\"url\":\"https:\/\/diariolajornada.com\/wp-content\/uploads\/2021\/06\/LOGO-JORNADA-SVG-01-02.svg\",\"contentUrl\":\"https:\/\/diariolajornada.com\/wp-content\/uploads\/2021\/06\/LOGO-JORNADA-SVG-01-02.svg\",\"width\":350,\"height\":100,\"caption\":\"Diario La Jornada\"},\"image\":{\"@id\":\"https:\/\/diariolajornada.com\/#\/schema\/logo\/image\/\"},\"sameAs\":[\"https:\/\/es-la.facebook.com\/lajornadadeguarico\/\",\"https:\/\/www.instagram.com\/diariojornada\/?hl=es\"]},{\"@type\":\"Person\",\"@id\":\"https:\/\/diariolajornada.com\/#\/schema\/person\/83fc9ad02376abb532ce4553a399186b\",\"name\":\"admin\",\"image\":{\"@type\":\"ImageObject\",\"inLanguage\":\"es\",\"@id\":\"https:\/\/diariolajornada.com\/#\/schema\/person\/image\/\",\"url\":\"https:\/\/secure.gravatar.com\/avatar\/fdcecb87f300ccb988450328a61211f10a01c8bfedfca54e932145534024045b?s=96&d=mm&r=g\",\"contentUrl\":\"https:\/\/secure.gravatar.com\/avatar\/fdcecb87f300ccb988450328a61211f10a01c8bfedfca54e932145534024045b?s=96&d=mm&r=g\",\"caption\":\"admin\"},\"sameAs\":[\"https:\/\/diariolajornada.com\"],\"url\":\"https:\/\/diariolajornada.com\/?author=1\"}]}<\/script>\n<!-- \/ Yoast SEO plugin. -->","yoast_head_json":{"title":"Petro pide al Congreso una reforma agraria que saque a Colombia del atraso - Diario La Jornada","robots":{"index":"index","follow":"follow","max-snippet":"max-snippet:-1","max-image-preview":"max-image-preview:large","max-video-preview":"max-video-preview:-1"},"canonical":"https:\/\/diariolajornada.com\/?p=23318","og_locale":"es_ES","og_type":"article","og_title":"Petro pide al Congreso una reforma agraria que saque a Colombia del atraso - Diario La Jornada","og_description":"@diariojornada Diario La Jornada. \u2013 El presidente de Colombia, Gustavo Petro, defendi\u00f3 este jueves la necesidad de hacer una amplia reforma agraria para solucionar uno de los grandes problemas del pa\u00eds, causante de la violencia, que es la tenencia de la tierra, y sacarlo del atraso. \u201cLa reforma agraria ha mostrado que el problema de [&hellip;]","og_url":"https:\/\/diariolajornada.com\/?p=23318","og_site_name":"Diario La Jornada","article_publisher":"https:\/\/es-la.facebook.com\/lajornadadeguarico\/","article_published_time":"2023-07-21T15:58:07+00:00","article_modified_time":"2023-07-21T15:58:32+00:00","og_image":[{"width":768,"height":530,"url":"https:\/\/diariolajornada.com\/wp-content\/uploads\/2023\/07\/img_5385.jpg","type":"image\/jpeg"}],"author":"admin","twitter_card":"summary_large_image","twitter_misc":{"Escrito por":"admin","Tiempo de lectura":"2 minutos"},"schema":{"@context":"https:\/\/schema.org","@graph":[{"@type":"Article","@id":"https:\/\/diariolajornada.com\/?p=23318#article","isPartOf":{"@id":"https:\/\/diariolajornada.com\/?p=23318"},"author":{"name":"admin","@id":"https:\/\/diariolajornada.com\/#\/schema\/person\/83fc9ad02376abb532ce4553a399186b"},"headline":"Petro pide al Congreso una reforma agraria que saque a Colombia del atraso","datePublished":"2023-07-21T15:58:07+00:00","dateModified":"2023-07-21T15:58:32+00:00","mainEntityOfPage":{"@id":"https:\/\/diariolajornada.com\/?p=23318"},"wordCount":417,"commentCount":0,"publisher":{"@id":"https:\/\/diariolajornada.com\/#organization"},"image":{"@id":"https:\/\/diariolajornada.com\/?p=23318#primaryimage"},"thumbnailUrl":"https:\/\/diariolajornada.com\/wp-content\/uploads\/2023\/07\/img_5385.jpg","articleSection":["Internacionales"],"inLanguage":"es","potentialAction":[{"@type":"CommentAction","name":"Comment","target":["https:\/\/diariolajornada.com\/?p=23318#respond"]}]},{"@type":"WebPage","@id":"https:\/\/diariolajornada.com\/?p=23318","url":"https:\/\/diariolajornada.com\/?p=23318","name":"Petro pide al Congreso una reforma agraria que saque a Colombia del atraso - Diario La Jornada","isPartOf":{"@id":"https:\/\/diariolajornada.com\/#website"},"primaryImageOfPage":{"@id":"https:\/\/diariolajornada.com\/?p=23318#primaryimage"},"image":{"@id":"https:\/\/diariolajornada.com\/?p=23318#primaryimage"},"thumbnailUrl":"https:\/\/diariolajornada.com\/wp-content\/uploads\/2023\/07\/img_5385.jpg","datePublished":"2023-07-21T15:58:07+00:00","dateModified":"2023-07-21T15:58:32+00:00","breadcrumb":{"@id":"https:\/\/diariolajornada.com\/?p=23318#breadcrumb"},"inLanguage":"es","potentialAction":[{"@type":"ReadAction","target":["https:\/\/diariolajornada.com\/?p=23318"]}]},{"@type":"ImageObject","inLanguage":"es","@id":"https:\/\/diariolajornada.com\/?p=23318#primaryimage","url":"https:\/\/diariolajornada.com\/wp-content\/uploads\/2023\/07\/img_5385.jpg","contentUrl":"https:\/\/diariolajornada.com\/wp-content\/uploads\/2023\/07\/img_5385.jpg","width":768,"height":530},{"@type":"BreadcrumbList","@id":"https:\/\/diariolajornada.com\/?p=23318#breadcrumb","itemListElement":[{"@type":"ListItem","position":1,"name":"Portada","item":"https:\/\/diariolajornada.com\/"},{"@type":"ListItem","position":2,"name":"Petro pide al Congreso una reforma agraria que saque a Colombia del atraso"}]},{"@type":"WebSite","@id":"https:\/\/diariolajornada.com\/#website","url":"https:\/\/diariolajornada.com\/","name":"Diario La Jornada","description":"Noticias Nacionales Regionales e Internacionales","publisher":{"@id":"https:\/\/diariolajornada.com\/#organization"},"potentialAction":[{"@type":"SearchAction","target":{"@type":"EntryPoint","urlTemplate":"https:\/\/diariolajornada.com\/?s={search_term_string}"},"query-input":{"@type":"PropertyValueSpecification","valueRequired":true,"valueName":"search_term_string"}}],"inLanguage":"es"},{"@type":"Organization","@id":"https:\/\/diariolajornada.com\/#organization","name":"Diario La Jornada","url":"https:\/\/diariolajornada.com\/","logo":{"@type":"ImageObject","inLanguage":"es","@id":"https:\/\/diariolajornada.com\/#\/schema\/logo\/image\/","url":"https:\/\/diariolajornada.com\/wp-content\/uploads\/2021\/06\/LOGO-JORNADA-SVG-01-02.svg","contentUrl":"https:\/\/diariolajornada.com\/wp-content\/uploads\/2021\/06\/LOGO-JORNADA-SVG-01-02.svg","width":350,"height":100,"caption":"Diario La Jornada"},"image":{"@id":"https:\/\/diariolajornada.com\/#\/schema\/logo\/image\/"},"sameAs":["https:\/\/es-la.facebook.com\/lajornadadeguarico\/","https:\/\/www.instagram.com\/diariojornada\/?hl=es"]},{"@type":"Person","@id":"https:\/\/diariolajornada.com\/#\/schema\/person\/83fc9ad02376abb532ce4553a399186b","name":"admin","image":{"@type":"ImageObject","inLanguage":"es","@id":"https:\/\/diariolajornada.com\/#\/schema\/person\/image\/","url":"https:\/\/secure.gravatar.com\/avatar\/fdcecb87f300ccb988450328a61211f10a01c8bfedfca54e932145534024045b?s=96&d=mm&r=g","contentUrl":"https:\/\/secure.gravatar.com\/avatar\/fdcecb87f300ccb988450328a61211f10a01c8bfedfca54e932145534024045b?s=96&d=mm&r=g","caption":"admin"},"sameAs":["https:\/\/diariolajornada.com"],"url":"https:\/\/diariolajornada.com\/?author=1"}]}},"_links":{"self":[{"href":"https:\/\/diariolajornada.com\/index.php?rest_route=\/wp\/v2\/posts\/23318","targetHints":{"allow":["GET"]}}],"collection":[{"href":"https:\/\/diariolajornada.com\/index.php?rest_route=\/wp\/v2\/posts"}],"about":[{"href":"https:\/\/diariolajornada.com\/index.php?rest_route=\/wp\/v2\/types\/post"}],"author":[{"embeddable":true,"href":"https:\/\/diariolajornada.com\/index.php?rest_route=\/wp\/v2\/users\/1"}],"replies":[{"embeddable":true,"href":"https:\/\/diariolajornada.com\/index.php?rest_route=%2Fwp%2Fv2%2Fcomments&post=23318"}],"version-history":[{"count":1,"href":"https:\/\/diariolajornada.com\/index.php?rest_route=\/wp\/v2\/posts\/23318\/revisions"}],"predecessor-version":[{"id":23319,"href":"https:\/\/diariolajornada.com\/index.php?rest_route=\/wp\/v2\/posts\/23318\/revisions\/23319"}],"wp:featuredmedia":[{"embeddable":true,"href":"https:\/\/diariolajornada.com\/index.php?rest_route=\/wp\/v2\/media\/23317"}],"wp:attachment":[{"href":"https:\/\/diariolajornada.com\/index.php?rest_route=%2Fwp%2Fv2%2Fmedia&parent=23318"}],"wp:term":[{"taxonomy":"category","embeddable":true,"href":"https:\/\/diariolajornada.com\/index.php?rest_route=%2Fwp%2Fv2%2Fcategories&post=23318"},{"taxonomy":"post_tag","embeddable":true,"href":"https:\/\/diariolajornada.com\/index.php?rest_route=%2Fwp%2Fv2%2Ftags&post=23318"}],"curies":[{"name":"wp","href":"https:\/\/api.w.org\/{rel}","templated":true}]}}