{"id":23323,"date":"2023-07-21T15:26:08","date_gmt":"2023-07-21T19:26:08","guid":{"rendered":"https:\/\/diariolajornada.com\/?p=23323"},"modified":"2023-07-21T15:26:30","modified_gmt":"2023-07-21T19:26:30","slug":"avanzan-trabajos-para-solventar-falla-en-el-tramo-barcelona-piritu","status":"publish","type":"post","link":"https:\/\/diariolajornada.com\/?p=23323","title":{"rendered":"Avanzan trabajos para solventar falla en el tramo Barcelona-P\u00edritu"},"content":{"rendered":"\n<p><strong>@diariojornada<\/strong><\/p>\n\n\n\n<p><strong>Diario La Jornada. \u2013<\/strong> Equipos de la Corporaci\u00f3n de Vialidad e Infraestructura de la gobernaci\u00f3n del estado Anzo\u00e1tegui (Covinea) trabajan en la reparaci\u00f3n de la falla hidr\u00e1ulica que se present\u00f3 en uno de los cajones de drenajes en el tramo Barcelona-P\u00edritu de la autopista Gran Mariscal Ayacucho.<\/p>\n\n\n\n<p>Desde el 13 de julio, luego de detectar la falla que ocasion\u00f3 hundimiento en la vialidad,&nbsp;las autoridades regionales cerraron la&nbsp;v\u00eda&nbsp;y activaron&nbsp;un plan de emergencia. Junto a esto&nbsp;habilitaron&nbsp;como ruta alterna la carretera vieja P\u00edritu-Puerto P\u00edritu, para empalmar con la troncal en Clarines.<\/p>\n\n\n\n<p>Este jueves 20 de julio, el gobernador&nbsp;de la entidadLuis Jos\u00e9 Marcano, visit\u00f3 la zona para inspeccionar los trabajos y comunic\u00f3 que a trav\u00e9s del ministro para Obras P\u00fablicas, Ra\u00fal Paredes, en conjunto con los equipos de Covinea&nbsp;buscan solventar&nbsp;el problema y que la obra tiene un tiempo estimado de ejecuci\u00f3n de dos semanas de trabajo.<\/p>\n\n\n\n<p>Marcano, acompa\u00f1ado por la jefa del gabinete de servicios p\u00fablicos e infraestructura del ejecutivo regional, Katiuska Homsi, precis\u00f3 que actualmente se ejecutan maniobras de limpieza de laterales y excavaci\u00f3n para la construcci\u00f3n de drenajes, adem\u00e1s de la extracci\u00f3n de material saturado en el terrapl\u00e9n de la v\u00eda.<\/p>\n\n\n\n<p>El gobernador Luis Jos\u00e9 Marcano entreg\u00f3 los trabajos de construcci\u00f3n de cabezales de una alcantarilla en la Troncal 9, espec\u00edficamente en el sector Pertigalete de Guanta, del tramo que conecta el municipio Guanta con el estado Sucre.<br \/><br \/>El mandatario regional, junto a la alcaldesa de la jurisdicci\u00f3n Natali Bello, asegur\u00f3 que las labores se ejecutaron gracias a la recaudaci\u00f3n de los peajes y que la construcci\u00f3n de cabezales en la alcantarilla de 60 pulgadas, cunetas, torrenteras, as\u00ed como la demarcaci\u00f3n y colocaci\u00f3n de ojos de gatos se ejecutaron a trav\u00e9s de Covinea.<\/p>\n\n\n\n<p>\u201cSeguimos trabajando para garantizar v\u00edas \u00f3ptimas y construyendo el bienestar para todas y todos\u201d, afirm\u00f3 el gobernador.<\/p>\n\n\n\n<p><strong>Con informaci\u00f3n de \u00daN <\/strong><\/p>\n","protected":false},"excerpt":{"rendered":"<p>@diariojornada Diario La Jornada. \u2013 Equipos de la Corporaci\u00f3n de Vialidad e Infraestructura de la gobernaci\u00f3n del estado Anzo\u00e1tegui (Covinea) trabajan en la reparaci\u00f3n de la falla hidr\u00e1ulica que se present\u00f3 en uno de los cajones de drenajes en el tramo Barcelona-P\u00edritu de la autopista Gran Mariscal Ayacucho. Desde el 13 de julio, luego de [&hellip;]<\/p>\n","protected":false},"author":1,"featured_media":23322,"comment_status":"open","ping_status":"open","sticky":false,"template":"","format":"standard","meta":{"footnotes":""},"categories":[9],"tags":[],"class_list":["post-23323","post","type-post","status-publish","format-standard","has-post-thumbnail","hentry","category-regionales"],"yoast_head":"<!-- This site is optimized with the Yoast SEO plugin v24.4 - https:\/\/yoast.com\/wordpress\/plugins\/seo\/ -->\n<title>Avanzan trabajos para solventar falla en el tramo Barcelona-P\u00edritu - Diario La Jornada<\/title>\n<meta name=\"robots\" content=\"index, follow, max-snippet:-1, max-image-preview:large, max-video-preview:-1\" \/>\n<link rel=\"canonical\" href=\"https:\/\/diariolajornada.com\/?p=23323\" \/>\n<meta property=\"og:locale\" content=\"es_ES\" \/>\n<meta property=\"og:type\" content=\"article\" \/>\n<meta property=\"og:title\" content=\"Avanzan trabajos para solventar falla en el tramo Barcelona-P\u00edritu - Diario La Jornada\" \/>\n<meta property=\"og:description\" content=\"@diariojornada Diario La Jornada. \u2013 Equipos de la Corporaci\u00f3n de Vialidad e Infraestructura de la gobernaci\u00f3n del estado Anzo\u00e1tegui (Covinea) trabajan en la reparaci\u00f3n de la falla hidr\u00e1ulica que se present\u00f3 en uno de los cajones de drenajes en el tramo Barcelona-P\u00edritu de la autopista Gran Mariscal Ayacucho. Desde el 13 de julio, luego de [&hellip;]\" \/>\n<meta property=\"og:url\" content=\"https:\/\/diariolajornada.com\/?p=23323\" \/>\n<meta property=\"og:site_name\" content=\"Diario La Jornada\" \/>\n<meta property=\"article:publisher\" content=\"https:\/\/es-la.facebook.com\/lajornadadeguarico\/\" \/>\n<meta property=\"article:published_time\" content=\"2023-07-21T19:26:08+00:00\" \/>\n<meta property=\"article:modified_time\" content=\"2023-07-21T19:26:30+00:00\" \/>\n<meta property=\"og:image\" content=\"https:\/\/diariolajornada.com\/wp-content\/uploads\/2023\/07\/img_5386.jpg\" \/>\n\t<meta property=\"og:image:width\" content=\"768\" \/>\n\t<meta property=\"og:image:height\" content=\"576\" \/>\n\t<meta property=\"og:image:type\" content=\"image\/jpeg\" \/>\n<meta name=\"author\" content=\"admin\" \/>\n<meta name=\"twitter:card\" content=\"summary_large_image\" \/>\n<meta name=\"twitter:label1\" content=\"Escrito por\" \/>\n\t<meta name=\"twitter:data1\" content=\"admin\" \/>\n\t<meta name=\"twitter:label2\" content=\"Tiempo de lectura\" \/>\n\t<meta name=\"twitter:data2\" content=\"2 minutos\" \/>\n<script type=\"application\/ld+json\" class=\"yoast-schema-graph\">{\"@context\":\"https:\/\/schema.org\",\"@graph\":[{\"@type\":\"Article\",\"@id\":\"https:\/\/diariolajornada.com\/?p=23323#article\",\"isPartOf\":{\"@id\":\"https:\/\/diariolajornada.com\/?p=23323\"},\"author\":{\"name\":\"admin\",\"@id\":\"https:\/\/diariolajornada.com\/#\/schema\/person\/83fc9ad02376abb532ce4553a399186b\"},\"headline\":\"Avanzan trabajos para solventar falla en el tramo Barcelona-P\u00edritu\",\"datePublished\":\"2023-07-21T19:26:08+00:00\",\"dateModified\":\"2023-07-21T19:26:30+00:00\",\"mainEntityOfPage\":{\"@id\":\"https:\/\/diariolajornada.com\/?p=23323\"},\"wordCount\":357,\"commentCount\":0,\"publisher\":{\"@id\":\"https:\/\/diariolajornada.com\/#organization\"},\"image\":{\"@id\":\"https:\/\/diariolajornada.com\/?p=23323#primaryimage\"},\"thumbnailUrl\":\"https:\/\/diariolajornada.com\/wp-content\/uploads\/2023\/07\/img_5386.jpg\",\"articleSection\":[\"Regionales\"],\"inLanguage\":\"es\",\"potentialAction\":[{\"@type\":\"CommentAction\",\"name\":\"Comment\",\"target\":[\"https:\/\/diariolajornada.com\/?p=23323#respond\"]}]},{\"@type\":\"WebPage\",\"@id\":\"https:\/\/diariolajornada.com\/?p=23323\",\"url\":\"https:\/\/diariolajornada.com\/?p=23323\",\"name\":\"Avanzan trabajos para solventar falla en el tramo Barcelona-P\u00edritu - Diario La Jornada\",\"isPartOf\":{\"@id\":\"https:\/\/diariolajornada.com\/#website\"},\"primaryImageOfPage\":{\"@id\":\"https:\/\/diariolajornada.com\/?p=23323#primaryimage\"},\"image\":{\"@id\":\"https:\/\/diariolajornada.com\/?p=23323#primaryimage\"},\"thumbnailUrl\":\"https:\/\/diariolajornada.com\/wp-content\/uploads\/2023\/07\/img_5386.jpg\",\"datePublished\":\"2023-07-21T19:26:08+00:00\",\"dateModified\":\"2023-07-21T19:26:30+00:00\",\"breadcrumb\":{\"@id\":\"https:\/\/diariolajornada.com\/?p=23323#breadcrumb\"},\"inLanguage\":\"es\",\"potentialAction\":[{\"@type\":\"ReadAction\",\"target\":[\"https:\/\/diariolajornada.com\/?p=23323\"]}]},{\"@type\":\"ImageObject\",\"inLanguage\":\"es\",\"@id\":\"https:\/\/diariolajornada.com\/?p=23323#primaryimage\",\"url\":\"https:\/\/diariolajornada.com\/wp-content\/uploads\/2023\/07\/img_5386.jpg\",\"contentUrl\":\"https:\/\/diariolajornada.com\/wp-content\/uploads\/2023\/07\/img_5386.jpg\",\"width\":768,\"height\":576},{\"@type\":\"BreadcrumbList\",\"@id\":\"https:\/\/diariolajornada.com\/?p=23323#breadcrumb\",\"itemListElement\":[{\"@type\":\"ListItem\",\"position\":1,\"name\":\"Portada\",\"item\":\"https:\/\/diariolajornada.com\/\"},{\"@type\":\"ListItem\",\"position\":2,\"name\":\"Avanzan trabajos para solventar falla en el tramo Barcelona-P\u00edritu\"}]},{\"@type\":\"WebSite\",\"@id\":\"https:\/\/diariolajornada.com\/#website\",\"url\":\"https:\/\/diariolajornada.com\/\",\"name\":\"Diario La Jornada\",\"description\":\"Noticias Nacionales Regionales e Internacionales\",\"publisher\":{\"@id\":\"https:\/\/diariolajornada.com\/#organization\"},\"potentialAction\":[{\"@type\":\"SearchAction\",\"target\":{\"@type\":\"EntryPoint\",\"urlTemplate\":\"https:\/\/diariolajornada.com\/?s={search_term_string}\"},\"query-input\":{\"@type\":\"PropertyValueSpecification\",\"valueRequired\":true,\"valueName\":\"search_term_string\"}}],\"inLanguage\":\"es\"},{\"@type\":\"Organization\",\"@id\":\"https:\/\/diariolajornada.com\/#organization\",\"name\":\"Diario La Jornada\",\"url\":\"https:\/\/diariolajornada.com\/\",\"logo\":{\"@type\":\"ImageObject\",\"inLanguage\":\"es\",\"@id\":\"https:\/\/diariolajornada.com\/#\/schema\/logo\/image\/\",\"url\":\"https:\/\/diariolajornada.com\/wp-content\/uploads\/2021\/06\/LOGO-JORNADA-SVG-01-02.svg\",\"contentUrl\":\"https:\/\/diariolajornada.com\/wp-content\/uploads\/2021\/06\/LOGO-JORNADA-SVG-01-02.svg\",\"width\":350,\"height\":100,\"caption\":\"Diario La Jornada\"},\"image\":{\"@id\":\"https:\/\/diariolajornada.com\/#\/schema\/logo\/image\/\"},\"sameAs\":[\"https:\/\/es-la.facebook.com\/lajornadadeguarico\/\",\"https:\/\/www.instagram.com\/diariojornada\/?hl=es\"]},{\"@type\":\"Person\",\"@id\":\"https:\/\/diariolajornada.com\/#\/schema\/person\/83fc9ad02376abb532ce4553a399186b\",\"name\":\"admin\",\"image\":{\"@type\":\"ImageObject\",\"inLanguage\":\"es\",\"@id\":\"https:\/\/diariolajornada.com\/#\/schema\/person\/image\/\",\"url\":\"https:\/\/secure.gravatar.com\/avatar\/fdcecb87f300ccb988450328a61211f10a01c8bfedfca54e932145534024045b?s=96&d=mm&r=g\",\"contentUrl\":\"https:\/\/secure.gravatar.com\/avatar\/fdcecb87f300ccb988450328a61211f10a01c8bfedfca54e932145534024045b?s=96&d=mm&r=g\",\"caption\":\"admin\"},\"sameAs\":[\"https:\/\/diariolajornada.com\"],\"url\":\"https:\/\/diariolajornada.com\/?author=1\"}]}<\/script>\n<!-- \/ Yoast SEO plugin. -->","yoast_head_json":{"title":"Avanzan trabajos para solventar falla en el tramo Barcelona-P\u00edritu - Diario La Jornada","robots":{"index":"index","follow":"follow","max-snippet":"max-snippet:-1","max-image-preview":"max-image-preview:large","max-video-preview":"max-video-preview:-1"},"canonical":"https:\/\/diariolajornada.com\/?p=23323","og_locale":"es_ES","og_type":"article","og_title":"Avanzan trabajos para solventar falla en el tramo Barcelona-P\u00edritu - Diario La Jornada","og_description":"@diariojornada Diario La Jornada. \u2013 Equipos de la Corporaci\u00f3n de Vialidad e Infraestructura de la gobernaci\u00f3n del estado Anzo\u00e1tegui (Covinea) trabajan en la reparaci\u00f3n de la falla hidr\u00e1ulica que se present\u00f3 en uno de los cajones de drenajes en el tramo Barcelona-P\u00edritu de la autopista Gran Mariscal Ayacucho. Desde el 13 de julio, luego de [&hellip;]","og_url":"https:\/\/diariolajornada.com\/?p=23323","og_site_name":"Diario La Jornada","article_publisher":"https:\/\/es-la.facebook.com\/lajornadadeguarico\/","article_published_time":"2023-07-21T19:26:08+00:00","article_modified_time":"2023-07-21T19:26:30+00:00","og_image":[{"width":768,"height":576,"url":"https:\/\/diariolajornada.com\/wp-content\/uploads\/2023\/07\/img_5386.jpg","type":"image\/jpeg"}],"author":"admin","twitter_card":"summary_large_image","twitter_misc":{"Escrito por":"admin","Tiempo de lectura":"2 minutos"},"schema":{"@context":"https:\/\/schema.org","@graph":[{"@type":"Article","@id":"https:\/\/diariolajornada.com\/?p=23323#article","isPartOf":{"@id":"https:\/\/diariolajornada.com\/?p=23323"},"author":{"name":"admin","@id":"https:\/\/diariolajornada.com\/#\/schema\/person\/83fc9ad02376abb532ce4553a399186b"},"headline":"Avanzan trabajos para solventar falla en el tramo Barcelona-P\u00edritu","datePublished":"2023-07-21T19:26:08+00:00","dateModified":"2023-07-21T19:26:30+00:00","mainEntityOfPage":{"@id":"https:\/\/diariolajornada.com\/?p=23323"},"wordCount":357,"commentCount":0,"publisher":{"@id":"https:\/\/diariolajornada.com\/#organization"},"image":{"@id":"https:\/\/diariolajornada.com\/?p=23323#primaryimage"},"thumbnailUrl":"https:\/\/diariolajornada.com\/wp-content\/uploads\/2023\/07\/img_5386.jpg","articleSection":["Regionales"],"inLanguage":"es","potentialAction":[{"@type":"CommentAction","name":"Comment","target":["https:\/\/diariolajornada.com\/?p=23323#respond"]}]},{"@type":"WebPage","@id":"https:\/\/diariolajornada.com\/?p=23323","url":"https:\/\/diariolajornada.com\/?p=23323","name":"Avanzan trabajos para solventar falla en el tramo Barcelona-P\u00edritu - Diario La Jornada","isPartOf":{"@id":"https:\/\/diariolajornada.com\/#website"},"primaryImageOfPage":{"@id":"https:\/\/diariolajornada.com\/?p=23323#primaryimage"},"image":{"@id":"https:\/\/diariolajornada.com\/?p=23323#primaryimage"},"thumbnailUrl":"https:\/\/diariolajornada.com\/wp-content\/uploads\/2023\/07\/img_5386.jpg","datePublished":"2023-07-21T19:26:08+00:00","dateModified":"2023-07-21T19:26:30+00:00","breadcrumb":{"@id":"https:\/\/diariolajornada.com\/?p=23323#breadcrumb"},"inLanguage":"es","potentialAction":[{"@type":"ReadAction","target":["https:\/\/diariolajornada.com\/?p=23323"]}]},{"@type":"ImageObject","inLanguage":"es","@id":"https:\/\/diariolajornada.com\/?p=23323#primaryimage","url":"https:\/\/diariolajornada.com\/wp-content\/uploads\/2023\/07\/img_5386.jpg","contentUrl":"https:\/\/diariolajornada.com\/wp-content\/uploads\/2023\/07\/img_5386.jpg","width":768,"height":576},{"@type":"BreadcrumbList","@id":"https:\/\/diariolajornada.com\/?p=23323#breadcrumb","itemListElement":[{"@type":"ListItem","position":1,"name":"Portada","item":"https:\/\/diariolajornada.com\/"},{"@type":"ListItem","position":2,"name":"Avanzan trabajos para solventar falla en el tramo Barcelona-P\u00edritu"}]},{"@type":"WebSite","@id":"https:\/\/diariolajornada.com\/#website","url":"https:\/\/diariolajornada.com\/","name":"Diario La Jornada","description":"Noticias Nacionales Regionales e Internacionales","publisher":{"@id":"https:\/\/diariolajornada.com\/#organization"},"potentialAction":[{"@type":"SearchAction","target":{"@type":"EntryPoint","urlTemplate":"https:\/\/diariolajornada.com\/?s={search_term_string}"},"query-input":{"@type":"PropertyValueSpecification","valueRequired":true,"valueName":"search_term_string"}}],"inLanguage":"es"},{"@type":"Organization","@id":"https:\/\/diariolajornada.com\/#organization","name":"Diario La Jornada","url":"https:\/\/diariolajornada.com\/","logo":{"@type":"ImageObject","inLanguage":"es","@id":"https:\/\/diariolajornada.com\/#\/schema\/logo\/image\/","url":"https:\/\/diariolajornada.com\/wp-content\/uploads\/2021\/06\/LOGO-JORNADA-SVG-01-02.svg","contentUrl":"https:\/\/diariolajornada.com\/wp-content\/uploads\/2021\/06\/LOGO-JORNADA-SVG-01-02.svg","width":350,"height":100,"caption":"Diario La Jornada"},"image":{"@id":"https:\/\/diariolajornada.com\/#\/schema\/logo\/image\/"},"sameAs":["https:\/\/es-la.facebook.com\/lajornadadeguarico\/","https:\/\/www.instagram.com\/diariojornada\/?hl=es"]},{"@type":"Person","@id":"https:\/\/diariolajornada.com\/#\/schema\/person\/83fc9ad02376abb532ce4553a399186b","name":"admin","image":{"@type":"ImageObject","inLanguage":"es","@id":"https:\/\/diariolajornada.com\/#\/schema\/person\/image\/","url":"https:\/\/secure.gravatar.com\/avatar\/fdcecb87f300ccb988450328a61211f10a01c8bfedfca54e932145534024045b?s=96&d=mm&r=g","contentUrl":"https:\/\/secure.gravatar.com\/avatar\/fdcecb87f300ccb988450328a61211f10a01c8bfedfca54e932145534024045b?s=96&d=mm&r=g","caption":"admin"},"sameAs":["https:\/\/diariolajornada.com"],"url":"https:\/\/diariolajornada.com\/?author=1"}]}},"_links":{"self":[{"href":"https:\/\/diariolajornada.com\/index.php?rest_route=\/wp\/v2\/posts\/23323","targetHints":{"allow":["GET"]}}],"collection":[{"href":"https:\/\/diariolajornada.com\/index.php?rest_route=\/wp\/v2\/posts"}],"about":[{"href":"https:\/\/diariolajornada.com\/index.php?rest_route=\/wp\/v2\/types\/post"}],"author":[{"embeddable":true,"href":"https:\/\/diariolajornada.com\/index.php?rest_route=\/wp\/v2\/users\/1"}],"replies":[{"embeddable":true,"href":"https:\/\/diariolajornada.com\/index.php?rest_route=%2Fwp%2Fv2%2Fcomments&post=23323"}],"version-history":[{"count":1,"href":"https:\/\/diariolajornada.com\/index.php?rest_route=\/wp\/v2\/posts\/23323\/revisions"}],"predecessor-version":[{"id":23324,"href":"https:\/\/diariolajornada.com\/index.php?rest_route=\/wp\/v2\/posts\/23323\/revisions\/23324"}],"wp:featuredmedia":[{"embeddable":true,"href":"https:\/\/diariolajornada.com\/index.php?rest_route=\/wp\/v2\/media\/23322"}],"wp:attachment":[{"href":"https:\/\/diariolajornada.com\/index.php?rest_route=%2Fwp%2Fv2%2Fmedia&parent=23323"}],"wp:term":[{"taxonomy":"category","embeddable":true,"href":"https:\/\/diariolajornada.com\/index.php?rest_route=%2Fwp%2Fv2%2Fcategories&post=23323"},{"taxonomy":"post_tag","embeddable":true,"href":"https:\/\/diariolajornada.com\/index.php?rest_route=%2Fwp%2Fv2%2Ftags&post=23323"}],"curies":[{"name":"wp","href":"https:\/\/api.w.org\/{rel}","templated":true}]}}