{"id":23326,"date":"2023-07-21T15:45:49","date_gmt":"2023-07-21T19:45:49","guid":{"rendered":"https:\/\/diariolajornada.com\/?p=23326"},"modified":"2023-07-21T15:45:50","modified_gmt":"2023-07-21T19:45:50","slug":"instalan-puente-metalico-en-la-cavita-de-bocono","status":"publish","type":"post","link":"https:\/\/diariolajornada.com\/?p=23326","title":{"rendered":"Instalan puente met\u00e1lico en La Cavita de Bocon\u00f3"},"content":{"rendered":"\n<p><strong>@diariojornada<\/strong><\/p>\n\n\n\n<p><strong>Diario La Jornada. \u2013 <\/strong>Durante dos d\u00edas se han ejecutado los trabajos de instalaci\u00f3n de la estructura met\u00e1lica provisional en el puente La Cavita, en el municipio Bocon\u00f3 del estado Trujillo, para habilitar el paso vehicular y a su vez iniciar las labores de recuperaci\u00f3n de la calzada afectada por las fuertes precipitaciones, as\u00ed como la construcci\u00f3n de un muro de contenci\u00f3n en un extremo del puente.<\/p>\n\n\n\n<p>La informaci\u00f3n fue aportada por la Alcald\u00eda del municipio Bocon\u00f3, a trav\u00e9s de varias publicaciones en las redes sociales,&nbsp;en las que&nbsp;se\u00f1al\u00f3 que el paso se mantiene restringido mientras se ejecutan las labores de instalaci\u00f3n del puente met\u00e1lico.<\/p>\n\n\n\n<p>Asimismo, detall\u00f3 que el equipo de infraestructura e ingenier\u00eda est\u00e1 conformado por&nbsp; funcionarios de la gobernaci\u00f3n del estado, el Ministerio para Obras P\u00fablicas, la Alcald\u00eda del municipio Bocon\u00f3, el Plan Bocon\u00f3 somos todos y la Fuerza de Tareas Andes 2023.<\/p>\n\n\n\n<p>\u201cEst\u00e1 siendo colocado el puente de metal que comunicar\u00e1 la carretera que conduce a las parroquias Monse\u00f1or J\u00e1uregui, General Ribas y San Jos\u00e9 de Tost\u00f3s con el puente La Cavita, para de esta forma trabajar en la recuperaci\u00f3n de la calzada, la vialidad que se vio afectada y la realizaci\u00f3n de un muro de contenci\u00f3n\u201d, poste\u00f3 en la red social Instagram.<\/p>\n\n\n\n<p>El alcalde Alejandro Garc\u00eda, mencion\u00f3 que se mantendr\u00e1&nbsp;inhabilitado&nbsp;el paso vehicular en los pr\u00f3ximos d\u00edas mientras se desarrollan los trabajos de ensamble del puente met\u00e1lico.<\/p>\n\n\n\n<p>\u201cSe informa a los habitantes de las parroquias San Jos\u00e9 de Tost\u00f3s, Monse\u00f1or Jauregui y General Ribas que deben tomar sus precauciones, debido a que este tramo vial estar\u00e1 cerrado por el&nbsp;tiempo necesario para la instalaci\u00f3n del puente met\u00e1lico\u201d, detall\u00f3 Garc\u00eda.<\/p>\n\n\n\n<p>Por su parte, el gobernador del estado Trujillo, Gerardo M\u00e1rquez, manifest\u00f3 que hasta altas horas de la noche los equipos de trabajo se&nbsp;mantienen&nbsp;en las labores de instalaci\u00f3n de la estructura met\u00e1lica.<\/p>\n\n\n\n<p>El secretario general de Infraestructura, Henry Gonz\u00e1lez, detall\u00f3 el inicio de la canalizaci\u00f3n del r\u00edo Bocon\u00f3 en siete puntos estrat\u00e9gicos con varias m\u00e1quinas desplegadas.<\/p>\n\n\n\n<p>Asimismo, inform\u00f3 que en el frente de trabajo Bocon\u00f3 \u2013 Mosquey ya fue restablecido el tr\u00e1nsito vehicular tras culminar los trabajos de limpieza de cunetas, remoci\u00f3n de sedimentos, material rocoso y material vegetal.<\/p>\n\n\n\n<p><strong>Con informaci\u00f3n de \u00daN<\/strong><\/p>\n","protected":false},"excerpt":{"rendered":"<p>@diariojornada Diario La Jornada. \u2013 Durante dos d\u00edas se han ejecutado los trabajos de instalaci\u00f3n de la estructura met\u00e1lica provisional en el puente La Cavita, en el municipio Bocon\u00f3 del estado Trujillo, para habilitar el paso vehicular y a su vez iniciar las labores de recuperaci\u00f3n de la calzada afectada por las fuertes precipitaciones, as\u00ed [&hellip;]<\/p>\n","protected":false},"author":1,"featured_media":23325,"comment_status":"open","ping_status":"open","sticky":false,"template":"","format":"standard","meta":{"footnotes":""},"categories":[9],"tags":[],"class_list":["post-23326","post","type-post","status-publish","format-standard","has-post-thumbnail","hentry","category-regionales"],"yoast_head":"<!-- This site is optimized with the Yoast SEO plugin v24.4 - https:\/\/yoast.com\/wordpress\/plugins\/seo\/ -->\n<title>Instalan puente met\u00e1lico en La Cavita de Bocon\u00f3 - Diario La Jornada<\/title>\n<meta name=\"robots\" content=\"index, follow, max-snippet:-1, max-image-preview:large, max-video-preview:-1\" \/>\n<link rel=\"canonical\" href=\"https:\/\/diariolajornada.com\/?p=23326\" \/>\n<meta property=\"og:locale\" content=\"es_ES\" \/>\n<meta property=\"og:type\" content=\"article\" \/>\n<meta property=\"og:title\" content=\"Instalan puente met\u00e1lico en La Cavita de Bocon\u00f3 - Diario La Jornada\" \/>\n<meta property=\"og:description\" content=\"@diariojornada Diario La Jornada. \u2013 Durante dos d\u00edas se han ejecutado los trabajos de instalaci\u00f3n de la estructura met\u00e1lica provisional en el puente La Cavita, en el municipio Bocon\u00f3 del estado Trujillo, para habilitar el paso vehicular y a su vez iniciar las labores de recuperaci\u00f3n de la calzada afectada por las fuertes precipitaciones, as\u00ed [&hellip;]\" \/>\n<meta property=\"og:url\" content=\"https:\/\/diariolajornada.com\/?p=23326\" \/>\n<meta property=\"og:site_name\" content=\"Diario La Jornada\" \/>\n<meta property=\"article:publisher\" content=\"https:\/\/es-la.facebook.com\/lajornadadeguarico\/\" \/>\n<meta property=\"article:published_time\" content=\"2023-07-21T19:45:49+00:00\" \/>\n<meta property=\"article:modified_time\" content=\"2023-07-21T19:45:50+00:00\" \/>\n<meta property=\"og:image\" content=\"https:\/\/diariolajornada.com\/wp-content\/uploads\/2023\/07\/img_5388.jpg\" \/>\n\t<meta property=\"og:image:width\" content=\"768\" \/>\n\t<meta property=\"og:image:height\" content=\"520\" \/>\n\t<meta property=\"og:image:type\" content=\"image\/jpeg\" \/>\n<meta name=\"author\" content=\"admin\" \/>\n<meta name=\"twitter:card\" content=\"summary_large_image\" \/>\n<meta name=\"twitter:label1\" content=\"Escrito por\" \/>\n\t<meta name=\"twitter:data1\" content=\"admin\" \/>\n\t<meta name=\"twitter:label2\" content=\"Tiempo de lectura\" \/>\n\t<meta name=\"twitter:data2\" content=\"2 minutos\" \/>\n<script type=\"application\/ld+json\" class=\"yoast-schema-graph\">{\"@context\":\"https:\/\/schema.org\",\"@graph\":[{\"@type\":\"Article\",\"@id\":\"https:\/\/diariolajornada.com\/?p=23326#article\",\"isPartOf\":{\"@id\":\"https:\/\/diariolajornada.com\/?p=23326\"},\"author\":{\"name\":\"admin\",\"@id\":\"https:\/\/diariolajornada.com\/#\/schema\/person\/83fc9ad02376abb532ce4553a399186b\"},\"headline\":\"Instalan puente met\u00e1lico en La Cavita de Bocon\u00f3\",\"datePublished\":\"2023-07-21T19:45:49+00:00\",\"dateModified\":\"2023-07-21T19:45:50+00:00\",\"mainEntityOfPage\":{\"@id\":\"https:\/\/diariolajornada.com\/?p=23326\"},\"wordCount\":426,\"commentCount\":0,\"publisher\":{\"@id\":\"https:\/\/diariolajornada.com\/#organization\"},\"image\":{\"@id\":\"https:\/\/diariolajornada.com\/?p=23326#primaryimage\"},\"thumbnailUrl\":\"https:\/\/diariolajornada.com\/wp-content\/uploads\/2023\/07\/img_5388.jpg\",\"articleSection\":[\"Regionales\"],\"inLanguage\":\"es\",\"potentialAction\":[{\"@type\":\"CommentAction\",\"name\":\"Comment\",\"target\":[\"https:\/\/diariolajornada.com\/?p=23326#respond\"]}]},{\"@type\":\"WebPage\",\"@id\":\"https:\/\/diariolajornada.com\/?p=23326\",\"url\":\"https:\/\/diariolajornada.com\/?p=23326\",\"name\":\"Instalan puente met\u00e1lico en La Cavita de Bocon\u00f3 - Diario La Jornada\",\"isPartOf\":{\"@id\":\"https:\/\/diariolajornada.com\/#website\"},\"primaryImageOfPage\":{\"@id\":\"https:\/\/diariolajornada.com\/?p=23326#primaryimage\"},\"image\":{\"@id\":\"https:\/\/diariolajornada.com\/?p=23326#primaryimage\"},\"thumbnailUrl\":\"https:\/\/diariolajornada.com\/wp-content\/uploads\/2023\/07\/img_5388.jpg\",\"datePublished\":\"2023-07-21T19:45:49+00:00\",\"dateModified\":\"2023-07-21T19:45:50+00:00\",\"breadcrumb\":{\"@id\":\"https:\/\/diariolajornada.com\/?p=23326#breadcrumb\"},\"inLanguage\":\"es\",\"potentialAction\":[{\"@type\":\"ReadAction\",\"target\":[\"https:\/\/diariolajornada.com\/?p=23326\"]}]},{\"@type\":\"ImageObject\",\"inLanguage\":\"es\",\"@id\":\"https:\/\/diariolajornada.com\/?p=23326#primaryimage\",\"url\":\"https:\/\/diariolajornada.com\/wp-content\/uploads\/2023\/07\/img_5388.jpg\",\"contentUrl\":\"https:\/\/diariolajornada.com\/wp-content\/uploads\/2023\/07\/img_5388.jpg\",\"width\":768,\"height\":520},{\"@type\":\"BreadcrumbList\",\"@id\":\"https:\/\/diariolajornada.com\/?p=23326#breadcrumb\",\"itemListElement\":[{\"@type\":\"ListItem\",\"position\":1,\"name\":\"Portada\",\"item\":\"https:\/\/diariolajornada.com\/\"},{\"@type\":\"ListItem\",\"position\":2,\"name\":\"Instalan puente met\u00e1lico en La Cavita de Bocon\u00f3\"}]},{\"@type\":\"WebSite\",\"@id\":\"https:\/\/diariolajornada.com\/#website\",\"url\":\"https:\/\/diariolajornada.com\/\",\"name\":\"Diario La Jornada\",\"description\":\"Noticias Nacionales Regionales e Internacionales\",\"publisher\":{\"@id\":\"https:\/\/diariolajornada.com\/#organization\"},\"potentialAction\":[{\"@type\":\"SearchAction\",\"target\":{\"@type\":\"EntryPoint\",\"urlTemplate\":\"https:\/\/diariolajornada.com\/?s={search_term_string}\"},\"query-input\":{\"@type\":\"PropertyValueSpecification\",\"valueRequired\":true,\"valueName\":\"search_term_string\"}}],\"inLanguage\":\"es\"},{\"@type\":\"Organization\",\"@id\":\"https:\/\/diariolajornada.com\/#organization\",\"name\":\"Diario La Jornada\",\"url\":\"https:\/\/diariolajornada.com\/\",\"logo\":{\"@type\":\"ImageObject\",\"inLanguage\":\"es\",\"@id\":\"https:\/\/diariolajornada.com\/#\/schema\/logo\/image\/\",\"url\":\"https:\/\/diariolajornada.com\/wp-content\/uploads\/2021\/06\/LOGO-JORNADA-SVG-01-02.svg\",\"contentUrl\":\"https:\/\/diariolajornada.com\/wp-content\/uploads\/2021\/06\/LOGO-JORNADA-SVG-01-02.svg\",\"width\":350,\"height\":100,\"caption\":\"Diario La Jornada\"},\"image\":{\"@id\":\"https:\/\/diariolajornada.com\/#\/schema\/logo\/image\/\"},\"sameAs\":[\"https:\/\/es-la.facebook.com\/lajornadadeguarico\/\",\"https:\/\/www.instagram.com\/diariojornada\/?hl=es\"]},{\"@type\":\"Person\",\"@id\":\"https:\/\/diariolajornada.com\/#\/schema\/person\/83fc9ad02376abb532ce4553a399186b\",\"name\":\"admin\",\"image\":{\"@type\":\"ImageObject\",\"inLanguage\":\"es\",\"@id\":\"https:\/\/diariolajornada.com\/#\/schema\/person\/image\/\",\"url\":\"https:\/\/secure.gravatar.com\/avatar\/fdcecb87f300ccb988450328a61211f10a01c8bfedfca54e932145534024045b?s=96&d=mm&r=g\",\"contentUrl\":\"https:\/\/secure.gravatar.com\/avatar\/fdcecb87f300ccb988450328a61211f10a01c8bfedfca54e932145534024045b?s=96&d=mm&r=g\",\"caption\":\"admin\"},\"sameAs\":[\"https:\/\/diariolajornada.com\"],\"url\":\"https:\/\/diariolajornada.com\/?author=1\"}]}<\/script>\n<!-- \/ Yoast SEO plugin. -->","yoast_head_json":{"title":"Instalan puente met\u00e1lico en La Cavita de Bocon\u00f3 - Diario La Jornada","robots":{"index":"index","follow":"follow","max-snippet":"max-snippet:-1","max-image-preview":"max-image-preview:large","max-video-preview":"max-video-preview:-1"},"canonical":"https:\/\/diariolajornada.com\/?p=23326","og_locale":"es_ES","og_type":"article","og_title":"Instalan puente met\u00e1lico en La Cavita de Bocon\u00f3 - Diario La Jornada","og_description":"@diariojornada Diario La Jornada. \u2013 Durante dos d\u00edas se han ejecutado los trabajos de instalaci\u00f3n de la estructura met\u00e1lica provisional en el puente La Cavita, en el municipio Bocon\u00f3 del estado Trujillo, para habilitar el paso vehicular y a su vez iniciar las labores de recuperaci\u00f3n de la calzada afectada por las fuertes precipitaciones, as\u00ed [&hellip;]","og_url":"https:\/\/diariolajornada.com\/?p=23326","og_site_name":"Diario La Jornada","article_publisher":"https:\/\/es-la.facebook.com\/lajornadadeguarico\/","article_published_time":"2023-07-21T19:45:49+00:00","article_modified_time":"2023-07-21T19:45:50+00:00","og_image":[{"width":768,"height":520,"url":"https:\/\/diariolajornada.com\/wp-content\/uploads\/2023\/07\/img_5388.jpg","type":"image\/jpeg"}],"author":"admin","twitter_card":"summary_large_image","twitter_misc":{"Escrito por":"admin","Tiempo de lectura":"2 minutos"},"schema":{"@context":"https:\/\/schema.org","@graph":[{"@type":"Article","@id":"https:\/\/diariolajornada.com\/?p=23326#article","isPartOf":{"@id":"https:\/\/diariolajornada.com\/?p=23326"},"author":{"name":"admin","@id":"https:\/\/diariolajornada.com\/#\/schema\/person\/83fc9ad02376abb532ce4553a399186b"},"headline":"Instalan puente met\u00e1lico en La Cavita de Bocon\u00f3","datePublished":"2023-07-21T19:45:49+00:00","dateModified":"2023-07-21T19:45:50+00:00","mainEntityOfPage":{"@id":"https:\/\/diariolajornada.com\/?p=23326"},"wordCount":426,"commentCount":0,"publisher":{"@id":"https:\/\/diariolajornada.com\/#organization"},"image":{"@id":"https:\/\/diariolajornada.com\/?p=23326#primaryimage"},"thumbnailUrl":"https:\/\/diariolajornada.com\/wp-content\/uploads\/2023\/07\/img_5388.jpg","articleSection":["Regionales"],"inLanguage":"es","potentialAction":[{"@type":"CommentAction","name":"Comment","target":["https:\/\/diariolajornada.com\/?p=23326#respond"]}]},{"@type":"WebPage","@id":"https:\/\/diariolajornada.com\/?p=23326","url":"https:\/\/diariolajornada.com\/?p=23326","name":"Instalan puente met\u00e1lico en La Cavita de Bocon\u00f3 - Diario La Jornada","isPartOf":{"@id":"https:\/\/diariolajornada.com\/#website"},"primaryImageOfPage":{"@id":"https:\/\/diariolajornada.com\/?p=23326#primaryimage"},"image":{"@id":"https:\/\/diariolajornada.com\/?p=23326#primaryimage"},"thumbnailUrl":"https:\/\/diariolajornada.com\/wp-content\/uploads\/2023\/07\/img_5388.jpg","datePublished":"2023-07-21T19:45:49+00:00","dateModified":"2023-07-21T19:45:50+00:00","breadcrumb":{"@id":"https:\/\/diariolajornada.com\/?p=23326#breadcrumb"},"inLanguage":"es","potentialAction":[{"@type":"ReadAction","target":["https:\/\/diariolajornada.com\/?p=23326"]}]},{"@type":"ImageObject","inLanguage":"es","@id":"https:\/\/diariolajornada.com\/?p=23326#primaryimage","url":"https:\/\/diariolajornada.com\/wp-content\/uploads\/2023\/07\/img_5388.jpg","contentUrl":"https:\/\/diariolajornada.com\/wp-content\/uploads\/2023\/07\/img_5388.jpg","width":768,"height":520},{"@type":"BreadcrumbList","@id":"https:\/\/diariolajornada.com\/?p=23326#breadcrumb","itemListElement":[{"@type":"ListItem","position":1,"name":"Portada","item":"https:\/\/diariolajornada.com\/"},{"@type":"ListItem","position":2,"name":"Instalan puente met\u00e1lico en La Cavita de Bocon\u00f3"}]},{"@type":"WebSite","@id":"https:\/\/diariolajornada.com\/#website","url":"https:\/\/diariolajornada.com\/","name":"Diario La Jornada","description":"Noticias Nacionales Regionales e Internacionales","publisher":{"@id":"https:\/\/diariolajornada.com\/#organization"},"potentialAction":[{"@type":"SearchAction","target":{"@type":"EntryPoint","urlTemplate":"https:\/\/diariolajornada.com\/?s={search_term_string}"},"query-input":{"@type":"PropertyValueSpecification","valueRequired":true,"valueName":"search_term_string"}}],"inLanguage":"es"},{"@type":"Organization","@id":"https:\/\/diariolajornada.com\/#organization","name":"Diario La Jornada","url":"https:\/\/diariolajornada.com\/","logo":{"@type":"ImageObject","inLanguage":"es","@id":"https:\/\/diariolajornada.com\/#\/schema\/logo\/image\/","url":"https:\/\/diariolajornada.com\/wp-content\/uploads\/2021\/06\/LOGO-JORNADA-SVG-01-02.svg","contentUrl":"https:\/\/diariolajornada.com\/wp-content\/uploads\/2021\/06\/LOGO-JORNADA-SVG-01-02.svg","width":350,"height":100,"caption":"Diario La Jornada"},"image":{"@id":"https:\/\/diariolajornada.com\/#\/schema\/logo\/image\/"},"sameAs":["https:\/\/es-la.facebook.com\/lajornadadeguarico\/","https:\/\/www.instagram.com\/diariojornada\/?hl=es"]},{"@type":"Person","@id":"https:\/\/diariolajornada.com\/#\/schema\/person\/83fc9ad02376abb532ce4553a399186b","name":"admin","image":{"@type":"ImageObject","inLanguage":"es","@id":"https:\/\/diariolajornada.com\/#\/schema\/person\/image\/","url":"https:\/\/secure.gravatar.com\/avatar\/fdcecb87f300ccb988450328a61211f10a01c8bfedfca54e932145534024045b?s=96&d=mm&r=g","contentUrl":"https:\/\/secure.gravatar.com\/avatar\/fdcecb87f300ccb988450328a61211f10a01c8bfedfca54e932145534024045b?s=96&d=mm&r=g","caption":"admin"},"sameAs":["https:\/\/diariolajornada.com"],"url":"https:\/\/diariolajornada.com\/?author=1"}]}},"_links":{"self":[{"href":"https:\/\/diariolajornada.com\/index.php?rest_route=\/wp\/v2\/posts\/23326","targetHints":{"allow":["GET"]}}],"collection":[{"href":"https:\/\/diariolajornada.com\/index.php?rest_route=\/wp\/v2\/posts"}],"about":[{"href":"https:\/\/diariolajornada.com\/index.php?rest_route=\/wp\/v2\/types\/post"}],"author":[{"embeddable":true,"href":"https:\/\/diariolajornada.com\/index.php?rest_route=\/wp\/v2\/users\/1"}],"replies":[{"embeddable":true,"href":"https:\/\/diariolajornada.com\/index.php?rest_route=%2Fwp%2Fv2%2Fcomments&post=23326"}],"version-history":[{"count":1,"href":"https:\/\/diariolajornada.com\/index.php?rest_route=\/wp\/v2\/posts\/23326\/revisions"}],"predecessor-version":[{"id":23327,"href":"https:\/\/diariolajornada.com\/index.php?rest_route=\/wp\/v2\/posts\/23326\/revisions\/23327"}],"wp:featuredmedia":[{"embeddable":true,"href":"https:\/\/diariolajornada.com\/index.php?rest_route=\/wp\/v2\/media\/23325"}],"wp:attachment":[{"href":"https:\/\/diariolajornada.com\/index.php?rest_route=%2Fwp%2Fv2%2Fmedia&parent=23326"}],"wp:term":[{"taxonomy":"category","embeddable":true,"href":"https:\/\/diariolajornada.com\/index.php?rest_route=%2Fwp%2Fv2%2Fcategories&post=23326"},{"taxonomy":"post_tag","embeddable":true,"href":"https:\/\/diariolajornada.com\/index.php?rest_route=%2Fwp%2Fv2%2Ftags&post=23326"}],"curies":[{"name":"wp","href":"https:\/\/api.w.org\/{rel}","templated":true}]}}