{"id":23349,"date":"2023-07-21T17:14:34","date_gmt":"2023-07-21T21:14:34","guid":{"rendered":"https:\/\/diariolajornada.com\/?p=23349"},"modified":"2023-07-21T17:15:01","modified_gmt":"2023-07-21T21:15:01","slug":"el-pollo-carvajal-se-declara-no-culpable-ante-juez-en-nueva-york","status":"publish","type":"post","link":"https:\/\/diariolajornada.com\/?p=23349","title":{"rendered":"\u201cEl Pollo\u201d Carvajal se declara no culpable ante juez en Nueva York"},"content":{"rendered":"\n<p><strong>@diariojornada<\/strong><\/p>\n\n\n\n<p><strong>Diario La Jornada. \u2013 <\/strong>El general venezolano Hugo \u201cEl Pollo\u201d Carvajal compareci\u00f3 este jueves por vez primera ante un juez de Nueva York tras su extradici\u00f3n el mi\u00e9rcoles desde Espa\u00f1a por cargos de narcotr\u00e1fico, entre otros, y se declar\u00f3 no culpable, informaron a EFE testigos en la sala.<\/p>\n\n\n\n<p>El juez Stewart&nbsp;Aaron, de la Corte Federal del Distrito Sur de Nueva York, en Manhattan, que se limit\u00f3 a leerle los cargos, fij\u00f3 una nueva fecha para el pr\u00f3ximo 25 de julio, d\u00eda que comparecer\u00e1 ante el juez que llevar\u00e1 su caso,&nbsp;AlvinHellerstein.<\/p>\n\n\n\n<p>La audiencia dur\u00f3 apenas 20 minutos, y Carvajal compareci\u00f3 vestido con un pantal\u00f3n caqui y camiseta blanca, con semblante tranquilo.<\/p>\n\n\n\n<p>Por su parte, el abogado&nbsp;Zachary&nbsp;Margulis-Ohmuna&nbsp;pidi\u00f3 que se le realice un an\u00e1lisis m\u00e9dico, lo que fue concedido por el&nbsp;juez.<\/p>\n\n\n\n<p>A su salida del tribunal,&nbsp;Margulis-Ohmuna&nbsp;reiter\u00f3 la inocencia de Carvajal \u201cEs categ\u00f3ricamente inocente\u201d&nbsp;y a\u00f1adi\u00f3 que la Fiscal\u00eda no dispone de pruebas en su contra como pueden ser mensajes de texto, correos electr\u00f3nicos o conversaciones grabadas, videos&nbsp;ni ninguna otra prueba f\u00edsica.<\/p>\n\n\n\n<p>El letrado tambi\u00e9n a\u00f1adi\u00f3 que, a diferencia de otros casos de notorios casos de narcotr\u00e1fico, como el caso del mexicano Genaro Garc\u00eda Luna (exsecretario de Seguridad de M\u00e9xico, pendiente de condena), en el de Carvajal no hay \u00abevidencias de riquezas (de procedencia) inexplicable\u00bb, en un texto que prepar\u00f3 y entreg\u00f3 a los informadores.<\/p>\n\n\n\n<p>La Fiscal\u00eda estadounidense asegura tener pruebas de la participaci\u00f3n de Carvajal en el env\u00edo de un cargamento de 5,6 toneladas de coca\u00edna que fueron transportadas a M\u00e9xico en 2006.<\/p>\n\n\n\n<p><strong>Con informaci\u00f3n de EFE<\/strong><\/p>\n","protected":false},"excerpt":{"rendered":"<p>@diariojornada Diario La Jornada. \u2013 El general venezolano Hugo \u201cEl Pollo\u201d Carvajal compareci\u00f3 este jueves por vez primera ante un juez de Nueva York tras su extradici\u00f3n el mi\u00e9rcoles desde Espa\u00f1a por cargos de narcotr\u00e1fico, entre otros, y se declar\u00f3 no culpable, informaron a EFE testigos en la sala. El juez Stewart&nbsp;Aaron, de la Corte [&hellip;]<\/p>\n","protected":false},"author":1,"featured_media":23348,"comment_status":"open","ping_status":"open","sticky":false,"template":"","format":"standard","meta":{"footnotes":""},"categories":[8],"tags":[],"class_list":["post-23349","post","type-post","status-publish","format-standard","has-post-thumbnail","hentry","category-nacionales"],"yoast_head":"<!-- This site is optimized with the Yoast SEO plugin v24.4 - https:\/\/yoast.com\/wordpress\/plugins\/seo\/ -->\n<title>\u201cEl Pollo\u201d Carvajal se declara no culpable ante juez en Nueva York - Diario La Jornada<\/title>\n<meta name=\"robots\" content=\"index, follow, max-snippet:-1, max-image-preview:large, max-video-preview:-1\" \/>\n<link rel=\"canonical\" href=\"https:\/\/diariolajornada.com\/?p=23349\" \/>\n<meta property=\"og:locale\" content=\"es_ES\" \/>\n<meta property=\"og:type\" content=\"article\" \/>\n<meta property=\"og:title\" content=\"\u201cEl Pollo\u201d Carvajal se declara no culpable ante juez en Nueva York - Diario La Jornada\" \/>\n<meta property=\"og:description\" content=\"@diariojornada Diario La Jornada. \u2013 El general venezolano Hugo \u201cEl Pollo\u201d Carvajal compareci\u00f3 este jueves por vez primera ante un juez de Nueva York tras su extradici\u00f3n el mi\u00e9rcoles desde Espa\u00f1a por cargos de narcotr\u00e1fico, entre otros, y se declar\u00f3 no culpable, informaron a EFE testigos en la sala. El juez Stewart&nbsp;Aaron, de la Corte [&hellip;]\" \/>\n<meta property=\"og:url\" content=\"https:\/\/diariolajornada.com\/?p=23349\" \/>\n<meta property=\"og:site_name\" content=\"Diario La Jornada\" \/>\n<meta property=\"article:publisher\" content=\"https:\/\/es-la.facebook.com\/lajornadadeguarico\/\" \/>\n<meta property=\"article:published_time\" content=\"2023-07-21T21:14:34+00:00\" \/>\n<meta property=\"article:modified_time\" content=\"2023-07-21T21:15:01+00:00\" \/>\n<meta property=\"og:image\" content=\"https:\/\/diariolajornada.com\/wp-content\/uploads\/2023\/07\/img_5407.jpg\" \/>\n\t<meta property=\"og:image:width\" content=\"1200\" \/>\n\t<meta property=\"og:image:height\" content=\"800\" \/>\n\t<meta property=\"og:image:type\" content=\"image\/jpeg\" \/>\n<meta name=\"author\" content=\"admin\" \/>\n<meta name=\"twitter:card\" content=\"summary_large_image\" \/>\n<meta name=\"twitter:label1\" content=\"Escrito por\" \/>\n\t<meta name=\"twitter:data1\" content=\"admin\" \/>\n\t<meta name=\"twitter:label2\" content=\"Tiempo de lectura\" \/>\n\t<meta name=\"twitter:data2\" content=\"1 minuto\" \/>\n<script type=\"application\/ld+json\" class=\"yoast-schema-graph\">{\"@context\":\"https:\/\/schema.org\",\"@graph\":[{\"@type\":\"Article\",\"@id\":\"https:\/\/diariolajornada.com\/?p=23349#article\",\"isPartOf\":{\"@id\":\"https:\/\/diariolajornada.com\/?p=23349\"},\"author\":{\"name\":\"admin\",\"@id\":\"https:\/\/diariolajornada.com\/#\/schema\/person\/83fc9ad02376abb532ce4553a399186b\"},\"headline\":\"\u201cEl Pollo\u201d Carvajal se declara no culpable ante juez en Nueva York\",\"datePublished\":\"2023-07-21T21:14:34+00:00\",\"dateModified\":\"2023-07-21T21:15:01+00:00\",\"mainEntityOfPage\":{\"@id\":\"https:\/\/diariolajornada.com\/?p=23349\"},\"wordCount\":306,\"commentCount\":0,\"publisher\":{\"@id\":\"https:\/\/diariolajornada.com\/#organization\"},\"image\":{\"@id\":\"https:\/\/diariolajornada.com\/?p=23349#primaryimage\"},\"thumbnailUrl\":\"https:\/\/diariolajornada.com\/wp-content\/uploads\/2023\/07\/img_5407.jpg\",\"articleSection\":[\"Nacionales\"],\"inLanguage\":\"es\",\"potentialAction\":[{\"@type\":\"CommentAction\",\"name\":\"Comment\",\"target\":[\"https:\/\/diariolajornada.com\/?p=23349#respond\"]}]},{\"@type\":\"WebPage\",\"@id\":\"https:\/\/diariolajornada.com\/?p=23349\",\"url\":\"https:\/\/diariolajornada.com\/?p=23349\",\"name\":\"\u201cEl Pollo\u201d Carvajal se declara no culpable ante juez en Nueva York - Diario La Jornada\",\"isPartOf\":{\"@id\":\"https:\/\/diariolajornada.com\/#website\"},\"primaryImageOfPage\":{\"@id\":\"https:\/\/diariolajornada.com\/?p=23349#primaryimage\"},\"image\":{\"@id\":\"https:\/\/diariolajornada.com\/?p=23349#primaryimage\"},\"thumbnailUrl\":\"https:\/\/diariolajornada.com\/wp-content\/uploads\/2023\/07\/img_5407.jpg\",\"datePublished\":\"2023-07-21T21:14:34+00:00\",\"dateModified\":\"2023-07-21T21:15:01+00:00\",\"breadcrumb\":{\"@id\":\"https:\/\/diariolajornada.com\/?p=23349#breadcrumb\"},\"inLanguage\":\"es\",\"potentialAction\":[{\"@type\":\"ReadAction\",\"target\":[\"https:\/\/diariolajornada.com\/?p=23349\"]}]},{\"@type\":\"ImageObject\",\"inLanguage\":\"es\",\"@id\":\"https:\/\/diariolajornada.com\/?p=23349#primaryimage\",\"url\":\"https:\/\/diariolajornada.com\/wp-content\/uploads\/2023\/07\/img_5407.jpg\",\"contentUrl\":\"https:\/\/diariolajornada.com\/wp-content\/uploads\/2023\/07\/img_5407.jpg\",\"width\":1200,\"height\":800},{\"@type\":\"BreadcrumbList\",\"@id\":\"https:\/\/diariolajornada.com\/?p=23349#breadcrumb\",\"itemListElement\":[{\"@type\":\"ListItem\",\"position\":1,\"name\":\"Portada\",\"item\":\"https:\/\/diariolajornada.com\/\"},{\"@type\":\"ListItem\",\"position\":2,\"name\":\"\u201cEl Pollo\u201d Carvajal se declara no culpable ante juez en Nueva York\"}]},{\"@type\":\"WebSite\",\"@id\":\"https:\/\/diariolajornada.com\/#website\",\"url\":\"https:\/\/diariolajornada.com\/\",\"name\":\"Diario La Jornada\",\"description\":\"Noticias Nacionales Regionales e Internacionales\",\"publisher\":{\"@id\":\"https:\/\/diariolajornada.com\/#organization\"},\"potentialAction\":[{\"@type\":\"SearchAction\",\"target\":{\"@type\":\"EntryPoint\",\"urlTemplate\":\"https:\/\/diariolajornada.com\/?s={search_term_string}\"},\"query-input\":{\"@type\":\"PropertyValueSpecification\",\"valueRequired\":true,\"valueName\":\"search_term_string\"}}],\"inLanguage\":\"es\"},{\"@type\":\"Organization\",\"@id\":\"https:\/\/diariolajornada.com\/#organization\",\"name\":\"Diario La Jornada\",\"url\":\"https:\/\/diariolajornada.com\/\",\"logo\":{\"@type\":\"ImageObject\",\"inLanguage\":\"es\",\"@id\":\"https:\/\/diariolajornada.com\/#\/schema\/logo\/image\/\",\"url\":\"https:\/\/diariolajornada.com\/wp-content\/uploads\/2021\/06\/LOGO-JORNADA-SVG-01-02.svg\",\"contentUrl\":\"https:\/\/diariolajornada.com\/wp-content\/uploads\/2021\/06\/LOGO-JORNADA-SVG-01-02.svg\",\"width\":350,\"height\":100,\"caption\":\"Diario La Jornada\"},\"image\":{\"@id\":\"https:\/\/diariolajornada.com\/#\/schema\/logo\/image\/\"},\"sameAs\":[\"https:\/\/es-la.facebook.com\/lajornadadeguarico\/\",\"https:\/\/www.instagram.com\/diariojornada\/?hl=es\"]},{\"@type\":\"Person\",\"@id\":\"https:\/\/diariolajornada.com\/#\/schema\/person\/83fc9ad02376abb532ce4553a399186b\",\"name\":\"admin\",\"image\":{\"@type\":\"ImageObject\",\"inLanguage\":\"es\",\"@id\":\"https:\/\/diariolajornada.com\/#\/schema\/person\/image\/\",\"url\":\"https:\/\/secure.gravatar.com\/avatar\/fdcecb87f300ccb988450328a61211f10a01c8bfedfca54e932145534024045b?s=96&d=mm&r=g\",\"contentUrl\":\"https:\/\/secure.gravatar.com\/avatar\/fdcecb87f300ccb988450328a61211f10a01c8bfedfca54e932145534024045b?s=96&d=mm&r=g\",\"caption\":\"admin\"},\"sameAs\":[\"https:\/\/diariolajornada.com\"],\"url\":\"https:\/\/diariolajornada.com\/?author=1\"}]}<\/script>\n<!-- \/ Yoast SEO plugin. -->","yoast_head_json":{"title":"\u201cEl Pollo\u201d Carvajal se declara no culpable ante juez en Nueva York - Diario La Jornada","robots":{"index":"index","follow":"follow","max-snippet":"max-snippet:-1","max-image-preview":"max-image-preview:large","max-video-preview":"max-video-preview:-1"},"canonical":"https:\/\/diariolajornada.com\/?p=23349","og_locale":"es_ES","og_type":"article","og_title":"\u201cEl Pollo\u201d Carvajal se declara no culpable ante juez en Nueva York - Diario La Jornada","og_description":"@diariojornada Diario La Jornada. \u2013 El general venezolano Hugo \u201cEl Pollo\u201d Carvajal compareci\u00f3 este jueves por vez primera ante un juez de Nueva York tras su extradici\u00f3n el mi\u00e9rcoles desde Espa\u00f1a por cargos de narcotr\u00e1fico, entre otros, y se declar\u00f3 no culpable, informaron a EFE testigos en la sala. El juez Stewart&nbsp;Aaron, de la Corte [&hellip;]","og_url":"https:\/\/diariolajornada.com\/?p=23349","og_site_name":"Diario La Jornada","article_publisher":"https:\/\/es-la.facebook.com\/lajornadadeguarico\/","article_published_time":"2023-07-21T21:14:34+00:00","article_modified_time":"2023-07-21T21:15:01+00:00","og_image":[{"width":1200,"height":800,"url":"https:\/\/diariolajornada.com\/wp-content\/uploads\/2023\/07\/img_5407.jpg","type":"image\/jpeg"}],"author":"admin","twitter_card":"summary_large_image","twitter_misc":{"Escrito por":"admin","Tiempo de lectura":"1 minuto"},"schema":{"@context":"https:\/\/schema.org","@graph":[{"@type":"Article","@id":"https:\/\/diariolajornada.com\/?p=23349#article","isPartOf":{"@id":"https:\/\/diariolajornada.com\/?p=23349"},"author":{"name":"admin","@id":"https:\/\/diariolajornada.com\/#\/schema\/person\/83fc9ad02376abb532ce4553a399186b"},"headline":"\u201cEl Pollo\u201d Carvajal se declara no culpable ante juez en Nueva York","datePublished":"2023-07-21T21:14:34+00:00","dateModified":"2023-07-21T21:15:01+00:00","mainEntityOfPage":{"@id":"https:\/\/diariolajornada.com\/?p=23349"},"wordCount":306,"commentCount":0,"publisher":{"@id":"https:\/\/diariolajornada.com\/#organization"},"image":{"@id":"https:\/\/diariolajornada.com\/?p=23349#primaryimage"},"thumbnailUrl":"https:\/\/diariolajornada.com\/wp-content\/uploads\/2023\/07\/img_5407.jpg","articleSection":["Nacionales"],"inLanguage":"es","potentialAction":[{"@type":"CommentAction","name":"Comment","target":["https:\/\/diariolajornada.com\/?p=23349#respond"]}]},{"@type":"WebPage","@id":"https:\/\/diariolajornada.com\/?p=23349","url":"https:\/\/diariolajornada.com\/?p=23349","name":"\u201cEl Pollo\u201d Carvajal se declara no culpable ante juez en Nueva York - Diario La Jornada","isPartOf":{"@id":"https:\/\/diariolajornada.com\/#website"},"primaryImageOfPage":{"@id":"https:\/\/diariolajornada.com\/?p=23349#primaryimage"},"image":{"@id":"https:\/\/diariolajornada.com\/?p=23349#primaryimage"},"thumbnailUrl":"https:\/\/diariolajornada.com\/wp-content\/uploads\/2023\/07\/img_5407.jpg","datePublished":"2023-07-21T21:14:34+00:00","dateModified":"2023-07-21T21:15:01+00:00","breadcrumb":{"@id":"https:\/\/diariolajornada.com\/?p=23349#breadcrumb"},"inLanguage":"es","potentialAction":[{"@type":"ReadAction","target":["https:\/\/diariolajornada.com\/?p=23349"]}]},{"@type":"ImageObject","inLanguage":"es","@id":"https:\/\/diariolajornada.com\/?p=23349#primaryimage","url":"https:\/\/diariolajornada.com\/wp-content\/uploads\/2023\/07\/img_5407.jpg","contentUrl":"https:\/\/diariolajornada.com\/wp-content\/uploads\/2023\/07\/img_5407.jpg","width":1200,"height":800},{"@type":"BreadcrumbList","@id":"https:\/\/diariolajornada.com\/?p=23349#breadcrumb","itemListElement":[{"@type":"ListItem","position":1,"name":"Portada","item":"https:\/\/diariolajornada.com\/"},{"@type":"ListItem","position":2,"name":"\u201cEl Pollo\u201d Carvajal se declara no culpable ante juez en Nueva York"}]},{"@type":"WebSite","@id":"https:\/\/diariolajornada.com\/#website","url":"https:\/\/diariolajornada.com\/","name":"Diario La Jornada","description":"Noticias Nacionales Regionales e Internacionales","publisher":{"@id":"https:\/\/diariolajornada.com\/#organization"},"potentialAction":[{"@type":"SearchAction","target":{"@type":"EntryPoint","urlTemplate":"https:\/\/diariolajornada.com\/?s={search_term_string}"},"query-input":{"@type":"PropertyValueSpecification","valueRequired":true,"valueName":"search_term_string"}}],"inLanguage":"es"},{"@type":"Organization","@id":"https:\/\/diariolajornada.com\/#organization","name":"Diario La Jornada","url":"https:\/\/diariolajornada.com\/","logo":{"@type":"ImageObject","inLanguage":"es","@id":"https:\/\/diariolajornada.com\/#\/schema\/logo\/image\/","url":"https:\/\/diariolajornada.com\/wp-content\/uploads\/2021\/06\/LOGO-JORNADA-SVG-01-02.svg","contentUrl":"https:\/\/diariolajornada.com\/wp-content\/uploads\/2021\/06\/LOGO-JORNADA-SVG-01-02.svg","width":350,"height":100,"caption":"Diario La Jornada"},"image":{"@id":"https:\/\/diariolajornada.com\/#\/schema\/logo\/image\/"},"sameAs":["https:\/\/es-la.facebook.com\/lajornadadeguarico\/","https:\/\/www.instagram.com\/diariojornada\/?hl=es"]},{"@type":"Person","@id":"https:\/\/diariolajornada.com\/#\/schema\/person\/83fc9ad02376abb532ce4553a399186b","name":"admin","image":{"@type":"ImageObject","inLanguage":"es","@id":"https:\/\/diariolajornada.com\/#\/schema\/person\/image\/","url":"https:\/\/secure.gravatar.com\/avatar\/fdcecb87f300ccb988450328a61211f10a01c8bfedfca54e932145534024045b?s=96&d=mm&r=g","contentUrl":"https:\/\/secure.gravatar.com\/avatar\/fdcecb87f300ccb988450328a61211f10a01c8bfedfca54e932145534024045b?s=96&d=mm&r=g","caption":"admin"},"sameAs":["https:\/\/diariolajornada.com"],"url":"https:\/\/diariolajornada.com\/?author=1"}]}},"_links":{"self":[{"href":"https:\/\/diariolajornada.com\/index.php?rest_route=\/wp\/v2\/posts\/23349","targetHints":{"allow":["GET"]}}],"collection":[{"href":"https:\/\/diariolajornada.com\/index.php?rest_route=\/wp\/v2\/posts"}],"about":[{"href":"https:\/\/diariolajornada.com\/index.php?rest_route=\/wp\/v2\/types\/post"}],"author":[{"embeddable":true,"href":"https:\/\/diariolajornada.com\/index.php?rest_route=\/wp\/v2\/users\/1"}],"replies":[{"embeddable":true,"href":"https:\/\/diariolajornada.com\/index.php?rest_route=%2Fwp%2Fv2%2Fcomments&post=23349"}],"version-history":[{"count":1,"href":"https:\/\/diariolajornada.com\/index.php?rest_route=\/wp\/v2\/posts\/23349\/revisions"}],"predecessor-version":[{"id":23350,"href":"https:\/\/diariolajornada.com\/index.php?rest_route=\/wp\/v2\/posts\/23349\/revisions\/23350"}],"wp:featuredmedia":[{"embeddable":true,"href":"https:\/\/diariolajornada.com\/index.php?rest_route=\/wp\/v2\/media\/23348"}],"wp:attachment":[{"href":"https:\/\/diariolajornada.com\/index.php?rest_route=%2Fwp%2Fv2%2Fmedia&parent=23349"}],"wp:term":[{"taxonomy":"category","embeddable":true,"href":"https:\/\/diariolajornada.com\/index.php?rest_route=%2Fwp%2Fv2%2Fcategories&post=23349"},{"taxonomy":"post_tag","embeddable":true,"href":"https:\/\/diariolajornada.com\/index.php?rest_route=%2Fwp%2Fv2%2Ftags&post=23349"}],"curies":[{"name":"wp","href":"https:\/\/api.w.org\/{rel}","templated":true}]}}