{"id":23352,"date":"2023-07-21T17:34:36","date_gmt":"2023-07-21T21:34:36","guid":{"rendered":"https:\/\/diariolajornada.com\/?p=23352"},"modified":"2023-07-21T17:34:36","modified_gmt":"2023-07-21T21:34:36","slug":"mp-activa-plan-para-disminuir-el-numero-de-detenidos-en-los-comandos-policiales","status":"publish","type":"post","link":"https:\/\/diariolajornada.com\/?p=23352","title":{"rendered":"MP activa plan para disminuir el numero de detenidos en los comandos policiales"},"content":{"rendered":"<p><strong>@diariojornada<\/strong><\/p>\n<p><strong>Diario La Jornada. &#8211;<\/strong> El Fiscal General, Tarek William Saab, inform\u00f3 que comenzar\u00e1n a realizar audiencias en los centros de detenci\u00f3n, como una forma de combatir el retardo procesal.<\/p>\n<p>Lo dijo tras una reuni\u00f3n con el ministro de Relaciones Interiores, Justicia y Paz, Remigio Ceballos Ichaso y dem\u00e1s autoridades del poder judicial.<\/p>\n<p>Asimismo, Saab apunt\u00f3 que se trata de un plan para reducir el n\u00famero de personas recluidas en las estaciones policiales, consideradas centros de detenci\u00f3n preventiva, que actualmente albergan a 25.000 internos en todo el pa\u00eds.<\/p>\n<p>Saab, inform\u00f3 que acordaron \u00abconvertir los centros preventivos\u00bb en \u00abcasas de paz\u00bb, de modo que puedan celebrarse en esos calabozos las audiencias de juicio para combatir el retardo procesal.<\/p>\n<blockquote class=\"twitter-tweet\" data-width=\"550\" data-dnt=\"true\">\n<p lang=\"es\" dir=\"ltr\"><a href=\"https:\/\/twitter.com\/hashtag\/HOY?src=hash&amp;ref_src=twsrc%5Etfw\">#HOY<\/a>\u2026 El <a href=\"https:\/\/twitter.com\/hashtag\/Fiscal?src=hash&amp;ref_src=twsrc%5Etfw\">#Fiscal<\/a> General de la Rep\u00fablica <a href=\"https:\/\/twitter.com\/TarekWiliamSaab?ref_src=twsrc%5Etfw\">@TarekWiliamSaab<\/a> inform\u00f3 que se realizar\u00e1n audiencias en los Centros de Detenci\u00f3n Preventiva, con el objetivo de agilizar los procesos penales con la presencia de Fiscales y Jueces teniendo como estructura a los Centros y Casas de <a href=\"https:\/\/twitter.com\/hashtag\/Paz?src=hash&amp;ref_src=twsrc%5Etfw\">#Paz<\/a> :\u2026 <a href=\"https:\/\/t.co\/R3gpEpjF54\">pic.twitter.com\/R3gpEpjF54<\/a><\/p>\n<p>&mdash; Tarek William Saab (@TarekWiliamSaab) <a href=\"https:\/\/twitter.com\/TarekWiliamSaab\/status\/1682135245598994433?ref_src=twsrc%5Etfw\">July 20, 2023<\/a><\/p><\/blockquote>\n<p><script async src=\"https:\/\/platform.twitter.com\/widgets.js\" charset=\"utf-8\"><\/script><\/p>\n<p><strong>Con informaci\u00f3n de Globovisi\u00f3n<\/strong><\/p>\n","protected":false},"excerpt":{"rendered":"<p>@diariojornada Diario La Jornada. &#8211; El Fiscal General, Tarek William Saab, inform\u00f3 que comenzar\u00e1n a realizar audiencias en los centros de detenci\u00f3n, como una forma de combatir el retardo procesal. Lo dijo tras una reuni\u00f3n con el ministro de Relaciones Interiores, Justicia y Paz, Remigio Ceballos Ichaso y dem\u00e1s autoridades del poder judicial. Asimismo, Saab [&hellip;]<\/p>\n","protected":false},"author":1,"featured_media":23353,"comment_status":"open","ping_status":"open","sticky":false,"template":"","format":"standard","meta":{"footnotes":""},"categories":[8],"tags":[],"class_list":["post-23352","post","type-post","status-publish","format-standard","has-post-thumbnail","hentry","category-nacionales"],"yoast_head":"<!-- This site is optimized with the Yoast SEO plugin v24.4 - https:\/\/yoast.com\/wordpress\/plugins\/seo\/ -->\n<title>MP activa plan para disminuir el numero de detenidos en los comandos policiales - Diario La Jornada<\/title>\n<meta name=\"robots\" content=\"index, follow, max-snippet:-1, max-image-preview:large, max-video-preview:-1\" \/>\n<link rel=\"canonical\" href=\"https:\/\/diariolajornada.com\/?p=23352\" \/>\n<meta property=\"og:locale\" content=\"es_ES\" \/>\n<meta property=\"og:type\" content=\"article\" \/>\n<meta property=\"og:title\" content=\"MP activa plan para disminuir el numero de detenidos en los comandos policiales - Diario La Jornada\" \/>\n<meta property=\"og:description\" content=\"@diariojornada Diario La Jornada. &#8211; El Fiscal General, Tarek William Saab, inform\u00f3 que comenzar\u00e1n a realizar audiencias en los centros de detenci\u00f3n, como una forma de combatir el retardo procesal. Lo dijo tras una reuni\u00f3n con el ministro de Relaciones Interiores, Justicia y Paz, Remigio Ceballos Ichaso y dem\u00e1s autoridades del poder judicial. Asimismo, Saab [&hellip;]\" \/>\n<meta property=\"og:url\" content=\"https:\/\/diariolajornada.com\/?p=23352\" \/>\n<meta property=\"og:site_name\" content=\"Diario La Jornada\" \/>\n<meta property=\"article:publisher\" content=\"https:\/\/es-la.facebook.com\/lajornadadeguarico\/\" \/>\n<meta property=\"article:published_time\" content=\"2023-07-21T21:34:36+00:00\" \/>\n<meta property=\"og:image\" content=\"https:\/\/diariolajornada.com\/wp-content\/uploads\/2023\/07\/6jpg-9353.jpg\" \/>\n\t<meta property=\"og:image:width\" content=\"900\" \/>\n\t<meta property=\"og:image:height\" content=\"506\" \/>\n\t<meta property=\"og:image:type\" content=\"image\/jpeg\" \/>\n<meta name=\"author\" content=\"admin\" \/>\n<meta name=\"twitter:card\" content=\"summary_large_image\" \/>\n<meta name=\"twitter:label1\" content=\"Escrito por\" \/>\n\t<meta name=\"twitter:data1\" content=\"admin\" \/>\n\t<meta name=\"twitter:label2\" content=\"Tiempo de lectura\" \/>\n\t<meta name=\"twitter:data2\" content=\"1 minuto\" \/>\n<script type=\"application\/ld+json\" class=\"yoast-schema-graph\">{\"@context\":\"https:\/\/schema.org\",\"@graph\":[{\"@type\":\"Article\",\"@id\":\"https:\/\/diariolajornada.com\/?p=23352#article\",\"isPartOf\":{\"@id\":\"https:\/\/diariolajornada.com\/?p=23352\"},\"author\":{\"name\":\"admin\",\"@id\":\"https:\/\/diariolajornada.com\/#\/schema\/person\/83fc9ad02376abb532ce4553a399186b\"},\"headline\":\"MP activa plan para disminuir el numero de detenidos en los comandos policiales\",\"datePublished\":\"2023-07-21T21:34:36+00:00\",\"mainEntityOfPage\":{\"@id\":\"https:\/\/diariolajornada.com\/?p=23352\"},\"wordCount\":148,\"commentCount\":0,\"publisher\":{\"@id\":\"https:\/\/diariolajornada.com\/#organization\"},\"image\":{\"@id\":\"https:\/\/diariolajornada.com\/?p=23352#primaryimage\"},\"thumbnailUrl\":\"https:\/\/diariolajornada.com\/wp-content\/uploads\/2023\/07\/6jpg-9353.jpg\",\"articleSection\":[\"Nacionales\"],\"inLanguage\":\"es\",\"potentialAction\":[{\"@type\":\"CommentAction\",\"name\":\"Comment\",\"target\":[\"https:\/\/diariolajornada.com\/?p=23352#respond\"]}]},{\"@type\":\"WebPage\",\"@id\":\"https:\/\/diariolajornada.com\/?p=23352\",\"url\":\"https:\/\/diariolajornada.com\/?p=23352\",\"name\":\"MP activa plan para disminuir el numero de detenidos en los comandos policiales - Diario La Jornada\",\"isPartOf\":{\"@id\":\"https:\/\/diariolajornada.com\/#website\"},\"primaryImageOfPage\":{\"@id\":\"https:\/\/diariolajornada.com\/?p=23352#primaryimage\"},\"image\":{\"@id\":\"https:\/\/diariolajornada.com\/?p=23352#primaryimage\"},\"thumbnailUrl\":\"https:\/\/diariolajornada.com\/wp-content\/uploads\/2023\/07\/6jpg-9353.jpg\",\"datePublished\":\"2023-07-21T21:34:36+00:00\",\"breadcrumb\":{\"@id\":\"https:\/\/diariolajornada.com\/?p=23352#breadcrumb\"},\"inLanguage\":\"es\",\"potentialAction\":[{\"@type\":\"ReadAction\",\"target\":[\"https:\/\/diariolajornada.com\/?p=23352\"]}]},{\"@type\":\"ImageObject\",\"inLanguage\":\"es\",\"@id\":\"https:\/\/diariolajornada.com\/?p=23352#primaryimage\",\"url\":\"https:\/\/diariolajornada.com\/wp-content\/uploads\/2023\/07\/6jpg-9353.jpg\",\"contentUrl\":\"https:\/\/diariolajornada.com\/wp-content\/uploads\/2023\/07\/6jpg-9353.jpg\",\"width\":900,\"height\":506},{\"@type\":\"BreadcrumbList\",\"@id\":\"https:\/\/diariolajornada.com\/?p=23352#breadcrumb\",\"itemListElement\":[{\"@type\":\"ListItem\",\"position\":1,\"name\":\"Portada\",\"item\":\"https:\/\/diariolajornada.com\/\"},{\"@type\":\"ListItem\",\"position\":2,\"name\":\"MP activa plan para disminuir el numero de detenidos en los comandos policiales\"}]},{\"@type\":\"WebSite\",\"@id\":\"https:\/\/diariolajornada.com\/#website\",\"url\":\"https:\/\/diariolajornada.com\/\",\"name\":\"Diario La Jornada\",\"description\":\"Noticias Nacionales Regionales e Internacionales\",\"publisher\":{\"@id\":\"https:\/\/diariolajornada.com\/#organization\"},\"potentialAction\":[{\"@type\":\"SearchAction\",\"target\":{\"@type\":\"EntryPoint\",\"urlTemplate\":\"https:\/\/diariolajornada.com\/?s={search_term_string}\"},\"query-input\":{\"@type\":\"PropertyValueSpecification\",\"valueRequired\":true,\"valueName\":\"search_term_string\"}}],\"inLanguage\":\"es\"},{\"@type\":\"Organization\",\"@id\":\"https:\/\/diariolajornada.com\/#organization\",\"name\":\"Diario La Jornada\",\"url\":\"https:\/\/diariolajornada.com\/\",\"logo\":{\"@type\":\"ImageObject\",\"inLanguage\":\"es\",\"@id\":\"https:\/\/diariolajornada.com\/#\/schema\/logo\/image\/\",\"url\":\"https:\/\/diariolajornada.com\/wp-content\/uploads\/2021\/06\/LOGO-JORNADA-SVG-01-02.svg\",\"contentUrl\":\"https:\/\/diariolajornada.com\/wp-content\/uploads\/2021\/06\/LOGO-JORNADA-SVG-01-02.svg\",\"width\":350,\"height\":100,\"caption\":\"Diario La Jornada\"},\"image\":{\"@id\":\"https:\/\/diariolajornada.com\/#\/schema\/logo\/image\/\"},\"sameAs\":[\"https:\/\/es-la.facebook.com\/lajornadadeguarico\/\",\"https:\/\/www.instagram.com\/diariojornada\/?hl=es\"]},{\"@type\":\"Person\",\"@id\":\"https:\/\/diariolajornada.com\/#\/schema\/person\/83fc9ad02376abb532ce4553a399186b\",\"name\":\"admin\",\"image\":{\"@type\":\"ImageObject\",\"inLanguage\":\"es\",\"@id\":\"https:\/\/diariolajornada.com\/#\/schema\/person\/image\/\",\"url\":\"https:\/\/secure.gravatar.com\/avatar\/fdcecb87f300ccb988450328a61211f10a01c8bfedfca54e932145534024045b?s=96&d=mm&r=g\",\"contentUrl\":\"https:\/\/secure.gravatar.com\/avatar\/fdcecb87f300ccb988450328a61211f10a01c8bfedfca54e932145534024045b?s=96&d=mm&r=g\",\"caption\":\"admin\"},\"sameAs\":[\"https:\/\/diariolajornada.com\"],\"url\":\"https:\/\/diariolajornada.com\/?author=1\"}]}<\/script>\n<!-- \/ Yoast SEO plugin. -->","yoast_head_json":{"title":"MP activa plan para disminuir el numero de detenidos en los comandos policiales - Diario La Jornada","robots":{"index":"index","follow":"follow","max-snippet":"max-snippet:-1","max-image-preview":"max-image-preview:large","max-video-preview":"max-video-preview:-1"},"canonical":"https:\/\/diariolajornada.com\/?p=23352","og_locale":"es_ES","og_type":"article","og_title":"MP activa plan para disminuir el numero de detenidos en los comandos policiales - Diario La Jornada","og_description":"@diariojornada Diario La Jornada. &#8211; El Fiscal General, Tarek William Saab, inform\u00f3 que comenzar\u00e1n a realizar audiencias en los centros de detenci\u00f3n, como una forma de combatir el retardo procesal. Lo dijo tras una reuni\u00f3n con el ministro de Relaciones Interiores, Justicia y Paz, Remigio Ceballos Ichaso y dem\u00e1s autoridades del poder judicial. Asimismo, Saab [&hellip;]","og_url":"https:\/\/diariolajornada.com\/?p=23352","og_site_name":"Diario La Jornada","article_publisher":"https:\/\/es-la.facebook.com\/lajornadadeguarico\/","article_published_time":"2023-07-21T21:34:36+00:00","og_image":[{"width":900,"height":506,"url":"https:\/\/diariolajornada.com\/wp-content\/uploads\/2023\/07\/6jpg-9353.jpg","type":"image\/jpeg"}],"author":"admin","twitter_card":"summary_large_image","twitter_misc":{"Escrito por":"admin","Tiempo de lectura":"1 minuto"},"schema":{"@context":"https:\/\/schema.org","@graph":[{"@type":"Article","@id":"https:\/\/diariolajornada.com\/?p=23352#article","isPartOf":{"@id":"https:\/\/diariolajornada.com\/?p=23352"},"author":{"name":"admin","@id":"https:\/\/diariolajornada.com\/#\/schema\/person\/83fc9ad02376abb532ce4553a399186b"},"headline":"MP activa plan para disminuir el numero de detenidos en los comandos policiales","datePublished":"2023-07-21T21:34:36+00:00","mainEntityOfPage":{"@id":"https:\/\/diariolajornada.com\/?p=23352"},"wordCount":148,"commentCount":0,"publisher":{"@id":"https:\/\/diariolajornada.com\/#organization"},"image":{"@id":"https:\/\/diariolajornada.com\/?p=23352#primaryimage"},"thumbnailUrl":"https:\/\/diariolajornada.com\/wp-content\/uploads\/2023\/07\/6jpg-9353.jpg","articleSection":["Nacionales"],"inLanguage":"es","potentialAction":[{"@type":"CommentAction","name":"Comment","target":["https:\/\/diariolajornada.com\/?p=23352#respond"]}]},{"@type":"WebPage","@id":"https:\/\/diariolajornada.com\/?p=23352","url":"https:\/\/diariolajornada.com\/?p=23352","name":"MP activa plan para disminuir el numero de detenidos en los comandos policiales - Diario La Jornada","isPartOf":{"@id":"https:\/\/diariolajornada.com\/#website"},"primaryImageOfPage":{"@id":"https:\/\/diariolajornada.com\/?p=23352#primaryimage"},"image":{"@id":"https:\/\/diariolajornada.com\/?p=23352#primaryimage"},"thumbnailUrl":"https:\/\/diariolajornada.com\/wp-content\/uploads\/2023\/07\/6jpg-9353.jpg","datePublished":"2023-07-21T21:34:36+00:00","breadcrumb":{"@id":"https:\/\/diariolajornada.com\/?p=23352#breadcrumb"},"inLanguage":"es","potentialAction":[{"@type":"ReadAction","target":["https:\/\/diariolajornada.com\/?p=23352"]}]},{"@type":"ImageObject","inLanguage":"es","@id":"https:\/\/diariolajornada.com\/?p=23352#primaryimage","url":"https:\/\/diariolajornada.com\/wp-content\/uploads\/2023\/07\/6jpg-9353.jpg","contentUrl":"https:\/\/diariolajornada.com\/wp-content\/uploads\/2023\/07\/6jpg-9353.jpg","width":900,"height":506},{"@type":"BreadcrumbList","@id":"https:\/\/diariolajornada.com\/?p=23352#breadcrumb","itemListElement":[{"@type":"ListItem","position":1,"name":"Portada","item":"https:\/\/diariolajornada.com\/"},{"@type":"ListItem","position":2,"name":"MP activa plan para disminuir el numero de detenidos en los comandos policiales"}]},{"@type":"WebSite","@id":"https:\/\/diariolajornada.com\/#website","url":"https:\/\/diariolajornada.com\/","name":"Diario La Jornada","description":"Noticias Nacionales Regionales e Internacionales","publisher":{"@id":"https:\/\/diariolajornada.com\/#organization"},"potentialAction":[{"@type":"SearchAction","target":{"@type":"EntryPoint","urlTemplate":"https:\/\/diariolajornada.com\/?s={search_term_string}"},"query-input":{"@type":"PropertyValueSpecification","valueRequired":true,"valueName":"search_term_string"}}],"inLanguage":"es"},{"@type":"Organization","@id":"https:\/\/diariolajornada.com\/#organization","name":"Diario La Jornada","url":"https:\/\/diariolajornada.com\/","logo":{"@type":"ImageObject","inLanguage":"es","@id":"https:\/\/diariolajornada.com\/#\/schema\/logo\/image\/","url":"https:\/\/diariolajornada.com\/wp-content\/uploads\/2021\/06\/LOGO-JORNADA-SVG-01-02.svg","contentUrl":"https:\/\/diariolajornada.com\/wp-content\/uploads\/2021\/06\/LOGO-JORNADA-SVG-01-02.svg","width":350,"height":100,"caption":"Diario La Jornada"},"image":{"@id":"https:\/\/diariolajornada.com\/#\/schema\/logo\/image\/"},"sameAs":["https:\/\/es-la.facebook.com\/lajornadadeguarico\/","https:\/\/www.instagram.com\/diariojornada\/?hl=es"]},{"@type":"Person","@id":"https:\/\/diariolajornada.com\/#\/schema\/person\/83fc9ad02376abb532ce4553a399186b","name":"admin","image":{"@type":"ImageObject","inLanguage":"es","@id":"https:\/\/diariolajornada.com\/#\/schema\/person\/image\/","url":"https:\/\/secure.gravatar.com\/avatar\/fdcecb87f300ccb988450328a61211f10a01c8bfedfca54e932145534024045b?s=96&d=mm&r=g","contentUrl":"https:\/\/secure.gravatar.com\/avatar\/fdcecb87f300ccb988450328a61211f10a01c8bfedfca54e932145534024045b?s=96&d=mm&r=g","caption":"admin"},"sameAs":["https:\/\/diariolajornada.com"],"url":"https:\/\/diariolajornada.com\/?author=1"}]}},"_links":{"self":[{"href":"https:\/\/diariolajornada.com\/index.php?rest_route=\/wp\/v2\/posts\/23352","targetHints":{"allow":["GET"]}}],"collection":[{"href":"https:\/\/diariolajornada.com\/index.php?rest_route=\/wp\/v2\/posts"}],"about":[{"href":"https:\/\/diariolajornada.com\/index.php?rest_route=\/wp\/v2\/types\/post"}],"author":[{"embeddable":true,"href":"https:\/\/diariolajornada.com\/index.php?rest_route=\/wp\/v2\/users\/1"}],"replies":[{"embeddable":true,"href":"https:\/\/diariolajornada.com\/index.php?rest_route=%2Fwp%2Fv2%2Fcomments&post=23352"}],"version-history":[{"count":1,"href":"https:\/\/diariolajornada.com\/index.php?rest_route=\/wp\/v2\/posts\/23352\/revisions"}],"predecessor-version":[{"id":23354,"href":"https:\/\/diariolajornada.com\/index.php?rest_route=\/wp\/v2\/posts\/23352\/revisions\/23354"}],"wp:featuredmedia":[{"embeddable":true,"href":"https:\/\/diariolajornada.com\/index.php?rest_route=\/wp\/v2\/media\/23353"}],"wp:attachment":[{"href":"https:\/\/diariolajornada.com\/index.php?rest_route=%2Fwp%2Fv2%2Fmedia&parent=23352"}],"wp:term":[{"taxonomy":"category","embeddable":true,"href":"https:\/\/diariolajornada.com\/index.php?rest_route=%2Fwp%2Fv2%2Fcategories&post=23352"},{"taxonomy":"post_tag","embeddable":true,"href":"https:\/\/diariolajornada.com\/index.php?rest_route=%2Fwp%2Fv2%2Ftags&post=23352"}],"curies":[{"name":"wp","href":"https:\/\/api.w.org\/{rel}","templated":true}]}}