{"id":23355,"date":"2023-07-21T17:35:51","date_gmt":"2023-07-21T21:35:51","guid":{"rendered":"https:\/\/diariolajornada.com\/?p=23355"},"modified":"2023-07-21T17:35:51","modified_gmt":"2023-07-21T21:35:51","slug":"fiscal-general-de-la-republica-la-corte-penal-tiene-un-enorme-reto-para-convencer-al-mundo-de-que-se-trata-de-un-tribunal-imparcial","status":"publish","type":"post","link":"https:\/\/diariolajornada.com\/?p=23355","title":{"rendered":"Fiscal General de la Rep\u00fablica: \u201cLa Corte Penal tiene un enorme reto para convencer al mundo de que se trata de un tribunal imparcial\u201d"},"content":{"rendered":"<p><strong>@diariojornada<\/strong><\/p>\n<p><strong>Diario La Jornada. &#8211; <\/strong>La Rep\u00fablica Bolivariana de Venezuela es Estado parte del Estatuto de Roma desde el 7 de junio de 2000, comienza por recordar para esta entrevista el Fiscal General de Venezuela, Tarek William Saab.<\/p>\n<p>\u201cEl Gobierno venezolano ha apoyado el mandato dado por los Estados partes a la Corte Penal Internacional (CPI) desde su creaci\u00f3n\u201d, remarca.<\/p>\n<p>\u201cCon respecto al proceso denominado Venezuela I, este Ministerio P\u00fablico ha colaborado desde el principio con la Fiscal\u00eda de la CPI, aportando informaci\u00f3n e invit\u00e1ndola a visitar el pa\u00eds. As\u00ed lo hicimos cuando visitamos a la fiscal Fatou Bensouda en La Haya, a finales de 2020\u201d, agrega.<\/p>\n<p>Luego, a finales de 2021, el presidente de la Rep\u00fablica, Nicol\u00e1s Maduro, firm\u00f3 un Memorando de Entendimiento en nombre del Estado venezolano con el nuevo fiscal de la Corte, Karim Khan.<\/p>\n<p>Esta firma se dio tras la visita del fiscal Khan a Venezuela y tras reunirse con las m\u00e1s altas autoridades del Estado venezolano.<\/p>\n<p>\u201cEn ese sentido, Venezuela ha colaborado y seguir\u00e1 colaborando con la CPI, porque somos respetuosos de la justicia internacional\u201d.<\/p>\n<p>\u201cSin embargo, siempre hemos dejado clara nuestra postura. Creemos que hemos brindado suficientes elementos a la Fiscal\u00eda de la CPI que demuestran que bajo nuestra gesti\u00f3n se han investigado y sancionado, con la severidad que establece la ley, las violaciones a los derechos humanos cometidas por funcionarios policiales y militares\u201d.<\/p>\n<p>\u201cNo consideramos que en Venezuela se hayan producido cr\u00edmenes de lesa humanidad en el marco de la alta conflictividad pol\u00edtica que ha vivido el pa\u00eds. Los excesos cometidos por los funcionarios policiales y militares han sido investigados y sancionados, en un marco de alta violencia pol\u00edtica interna y externa contra las instituciones del Estado venezolano\u201d.<\/p>\n<p>\u2014\u00bfC\u00f3mo ha sido la din\u00e1mica de trabajo del Ministerio P\u00fablico con la Oficina de Cooperaci\u00f3n T\u00e9cnica (OCT) de la CPI?<\/p>\n<p>\u201cLa OCT de la CPI a\u00fan no se ha instalado, as\u00ed que por ahora no tenemos una din\u00e1mica de trabajo con ella\u201d.<\/p>\n<p>\u201cS\u00ed tuvimos una muy positiva relaci\u00f3n de trabajo con la con la Oficina de la Alta Comisionada de Naciones Unidas para los Derechos Humanos despu\u00e9s de la visita de la Alta Comisionada Michelle Bachelet, en junio de 2019. En ese momento se acord\u00f3 la firma de un Memorando de Entendimiento con el Gobierno nacional, tras el cual se estableci\u00f3 una oficina en el pa\u00eds\u201d.<\/p>\n<p>\u201cCon esta oficina tuvimos comunicaci\u00f3n permanente y producto de ese di\u00e1logo se dio impulso procesal a numerosos casos sugeridos por esta oficina relativos a muertes en protestas, tratos crueles e inhumanos y privaciones ileg\u00edtimas de libertad\u201d.<\/p>\n<p>De igual forma, Saab cit\u00f3 que miembros de esa Misi\u00f3n asistieron a las audiencias de juicio oral y p\u00fablico de algunos de casos emblem\u00e1ticos.<\/p>\n<p>\u201cCreemos que una relaci\u00f3n similar se puede establecer con la Oficina de Cooperaci\u00f3n T\u00e9cnica de la CPI\u201d, plantea el fiscal general de Venezuela.<\/p>\n<p>\u2014El fiscal Karim Khan dice que \u201cVenezuela no est\u00e1 investigando las alegaciones de hecho que subyacen a los elementos contextuales de los cr\u00edmenes de lesa humanidad\u201d. Esta declaraci\u00f3n, \u00bfqu\u00e9 le permiten inferir a usted como Fiscal General?<\/p>\n<p>\u201cNo me queda claro qu\u00e9 quiere decir el fiscal Khan con esa afirmaci\u00f3n. Nuestro mandato como Ministerio P\u00fablico est\u00e1 establecido en el art\u00edculo 285 de la Constituci\u00f3n de la Rep\u00fablica. Adem\u00e1s de garantizar el respeto a los derechos y garant\u00edas constitucionales en los procesos judiciales, entre otros, nos corresponde ordenar y dirigir la investigaci\u00f3n penal de los hechos punibles\u201d.<\/p>\n<p>\u201cEstas investigaciones se basan en denuncias, ya sean presentadas ante nuestra instituci\u00f3n, ante un \u00f3rgano policial o incluso por v\u00eda de redes sociales. Se parte del principio b\u00e1sico de que las responsabilidades penales son individuales. As\u00ed se investigan y si se recogen elementos que inculpen a c\u00f3mplices o colaboradores en un delito, se investigan y llegado el momento se imputan y luego se acusan\u201d.<\/p>\n<p>\u201cEn el marco de las graves confrontaciones callejeras que se dieron en 2017, muchas personas se abstuvieron de denunciar ante los \u00f3rganos nacionales, algunos acudieron directamente a \u00f3rganos internacionales. En ese sentido, hemos solicitado reiteradamente a la Fiscal\u00eda de la CPI que nos env\u00ede aquellas denuncias que no hayan sido procesadas por nosotros\u201d.<\/p>\n<p>\u201cCreemos que la colaboraci\u00f3n con la Fiscal\u00eda debe apuntar a que se nos faciliten las denuncias concretas que nos permitan investigar posibles delitos que no han sido investigados hasta la fecha\u201d, se\u00f1ala Saab.<\/p>\n<p>\u2014En pocas palabras, Khan dice que el Estado venezolano pr\u00e1cticamente est\u00e1 incurriendo en una falsa investigaci\u00f3n. \u00bfQu\u00e9 opini\u00f3n tiene el Ministerio P\u00fablico sobre esta conclusi\u00f3n de la CPI?<\/p>\n<p>\u201cNadie que conozca el trabajo que realiza el Ministerio P\u00fablico venezolano y los \u00f3rganos auxiliares de justicia puede afirmar que se realizan falsas investigaciones. All\u00ed est\u00e1n los expedientes, las experticias realizadas, las entrevistas a testigos y v\u00edctimas, los juicios y las condenas que demuestran un trabajo altamente comprometido con la verdad y la justicia\u201d.<\/p>\n<p>\u201cPor ello creo que ser\u00e1 importante la instalaci\u00f3n de la Oficina de Cooperaci\u00f3n T\u00e9cnica de la CPI, que esperamos se d\u00e9 en los pr\u00f3ximos meses. Creemos que su presencia en el pa\u00eds ser\u00e1 beneficiosa, pues sus delegados podr\u00e1n ver de primera mano c\u00f3mo trabaja el Ministerio P\u00fablico, c\u00f3mo se investigan las denuncias y c\u00f3mo se realizan los juicios por violaciones a los derechos humanos\u201d.<\/p>\n<p>\u201cAs\u00ed se podr\u00e1 contrastar la informaci\u00f3n recibida por la Fiscal\u00eda de la CPI de fuentes interesadas con la realidad de los procesos judiciales y de investigaci\u00f3n que se realizan en el pa\u00eds\u201d.<\/p>\n<p>\u201cCreo que a partir de ese momento se iniciar\u00e1 una nueva etapa de colaboraci\u00f3n entre la Fiscal\u00eda de la CPI y nuestra instituci\u00f3n\u201d.<\/p>\n<p><strong>RESULTADOS CONTUNDENTES<\/strong><\/p>\n<p>\u2014En su oportunidad usted dijo, durante la tercera visita de Khan a Venezuela, que \u201cnosotros tenemos la clara intenci\u00f3n de hacer justicia en nuestro pa\u00eds sin que un ente trasnacional lo haga por nosotros y lo estamos demostrando\u201d.<\/p>\n<p>\u2014\u00bfPor qu\u00e9 tanta beligerancia del Ministerio P\u00fablico a una trasnacional de justicia?<\/p>\n<p>\u201cNo es beligerancia, se trata de reafirmar nuestro trabajo. Recordemos que la Corte Penal Internacional es complementaria a los tribunales de los Estados y solo act\u00faa cuando \u00e9stos no lo hacen. Desde mi llegada al Ministerio P\u00fablico en agosto de 2017 impulsamos las investigaciones de los casos de violaciones a los derechos humanos y hemos logrado resultados contundentes\u201d.<\/p>\n<p>\u201cEn total, desde nuestra llegada al Ministerio P\u00fablico se han imputado 1.770 funcionarios de seguridad del Estado y 68 colaboradores, para un total de 1.838 imputados. Han sido acusados 2.002 funcionarios y 107 civiles colaboradores, para un total de 2.109 acusados. Han sido privados de libertad 868 y 62 colaboradores, para un total de 930 privados de libertad. Y hemos logrado 458 sentencias condenatorias\u201d.<\/p>\n<p>\u2014Es la primera vez que la CPI opera contra un Gobierno en ejercicio y Venezuela es tambi\u00e9n el primer pa\u00eds de Am\u00e9rica Latina abordado, hecho que inici\u00f3 en 2018 a solicitud de un grupo de pa\u00edses de la regi\u00f3n (Grupo Lima), algunos de los cuales han realizado cambios pol\u00edticos y se han retractado, como Argentina, Chile, Per\u00fa y Colombia. \u00bfEstas acciones de Colombia y Argentina no inciden en las operaciones de la CPI?<\/p>\n<p>\u201cVenezuela ha sido v\u00edctima de todo tipo de agresiones desde que el gobierno de Barak Obama declar\u00f3 que nuestro pa\u00eds era una amenaza inusual y extraordinaria a la seguridad de Estados Unidos. A partir de all\u00ed, se iniciaron una serie de acciones dirigidas a producir un cambio de r\u00e9gimen en Venezuela\u201d.<\/p>\n<p>\u201cEstados Unidos se concentr\u00f3 en la pol\u00edtica de medidas coercitivas unilaterales, mal llamadas sanciones\u201d.<\/p>\n<p>\u201cMientras que la estrategia pol\u00edtica fue tercerizada por EEUU a algunos pa\u00edses con gobiernos sumisos a los mandatos del norte. En especial, Colombia fue el epicentro de la agresi\u00f3n contra nuestro pa\u00eds, seguido por los gobiernos de derecha de Chile, Argentina y Per\u00fa\u201d.<\/p>\n<p>\u201cEstos gobiernos se destacaron por su desprecio hacia sus poblaciones nacionales, pues pusieron como principal punto de su agenda la desestabilizaci\u00f3n de Venezuela. Por eso, a cada uno de ellos le sigui\u00f3 por votaci\u00f3n popular un gobierno de signo contrario\u201d.<\/p>\n<p>\u201cTras el cambio de gobierno en esos pa\u00edses, qued\u00f3 claro que la acusaci\u00f3n contra Venezuela ante la CPI se hizo por razones pol\u00edticas, pues ning\u00fan pa\u00eds la continu\u00f3. Incluso, dos de ellos se retractaron y anunciaron que se retirar\u00edan de la acusaci\u00f3n\u201d.<\/p>\n<p>\u201cEste trasfondo pol\u00edtico a las acusaciones contra Venezuela ante la CPI ha sido denunciado por nosotros y por el Ejecutivo Nacional, pero la Corte Penal hasta ahora ha prestado poca atenci\u00f3n a las pruebas que le hemos presentado\u201d.<\/p>\n<p><strong>EL RETO QUE TIENE LA CORTE DE CONVENCER AL MUNDO<\/strong><\/p>\n<p>\u2014En la direcci\u00f3n que usted indica la CPI es una trasnacional de justicia, \u00bfcree que se presenta como una secuela de Nuremberg?<\/p>\n<p>\u201cEl Tribunal de Nuremberg, as\u00ed como el de Tokyo, son un antecedente importante para la actual CPI. Pero hay que recordar que los juicios de Nuremberg y de Tokyo fueron juicios militares realizados por los ganadores de la guerra contra los perdedores. Los acusadores eran los mismos juzgadores, por lo cual existen muchas observaciones jur\u00eddicas con respecto a su realizaci\u00f3n\u201d.<\/p>\n<p>\u201cLa CPI tiene un enorme reto para convencer al mundo de que se trata de un tribunal imparcial y de alcance universal. Hasta ahora no lo ha logrado, ya que solo 123 pa\u00edses han ratificado el Estatuto de Roma y existen muchas cr\u00edticas con respecto a los procesos penales iniciados por la Corte\u201d.<\/p>\n<p>\u2014\u00bfC\u00f3mo eval\u00faa usted la negativa de Estados Unidos e Israel a reconocer la jurisdicci\u00f3n de este tribunal?<\/p>\n<p>\u201cUno de los principales problemas de credibilidad que enfrenta la Corte Penal es su limitado reconocimiento por parte de las potencias m\u00e1s importantes del mundo. Ni Estados Unidos ni China ni Rusia se adhieren a su estatuto; as\u00ed como tampoco lo hacen Israel, India, Turqu\u00eda o Ucrania\u201d.<\/p>\n<p>\u201cEn el caso de Estados Unidos, al considerarse a s\u00ed mismo como el gendarme del mundo, no puede permitir que un organismo fuera de su control directo tenga la posibilidad de juzgar a sus militares, que intervienen permanentemente en conflictos alrededor del mundo. Son muchos los casos en los que los militares y l\u00edderes estadounidenses podr\u00edan ser acusados de cr\u00edmenes de guerra, cr\u00edmenes de agresi\u00f3n e incluso cr\u00edmenes de lesa humanidad. Por eso Estados Unidos no solo no ha ratificado el Estatuto de la CPI, sino que ha aprobado leyes para impedir su actuaci\u00f3n contra cualquier estadounidense y ha llegado incluso a sancionar a la anterior Fiscal de CPI por examinar los delitos cometidos por el ej\u00e9rcito estadounidense en Afganist\u00e1n\u201d.<\/p>\n<p>\u201cEn el caso de Israel, como potencia ocupante de territorios en Palestina y Siria, su ejercicio de la violencia contra los pueblos que reclaman esos territorios le hacen candidato a ser acusado ante la CPI cada a\u00f1o\u201d.<\/p>\n<p>\u201cApenas hace unos d\u00edas, Israel realiz\u00f3 una operaci\u00f3n militar en Jen\u00edn que dej\u00f3 12 palestinos muertos y unos 4 mil desplazados que perdieron sus hogares\u201d.<\/p>\n<p>\u2014\u00bfEs la CPI un palo de Occidente contra los pa\u00edses del tercer mundo?<\/p>\n<p>\u201cLa CPI ha acusado a 51 personas, todas menos 3 eran africanos, los otros eran georgianos. Organizaciones como Amnist\u00eda Internacional han criticado a la CPI por demostrar un doble rasero y una disposici\u00f3n a dejarse influenciar por Estados poderosos. Se destaca el derecho a veto que tienen los cinco miembros permanentes del Consejo de Seguridad de la ONU, China, Francia, Rusia, Reino Unido y Estados Unidos, con el cual pueden impedir la investigaci\u00f3n de cr\u00edmenes por parte de la Fiscal\u00eda\u201d.<\/p>\n<p>\u201cPor otro lado se acusa a la Corte de selectividad en los casos que se investigan. En un mundo extremadamente desigual, la Corte no ha demostrado ser un \u00f3rgano que aplique la justicia de forma imparcial\u201d.<\/p>\n<p>\u2014\u00bfCu\u00e1l es su opini\u00f3n acerca de que los Estados sean una autoridad internacional por encima de sus sistemas legales nacionales? \u00bfEst\u00e1 de acuerdo con la pir\u00e1mide de H. Kelsen?<\/p>\n<p>\u201cLa pir\u00e1mide de Kelsen es una herramienta te\u00f3rica que sirve para establecer la jerarqu\u00eda de las leyes nacionales en un pa\u00eds. As\u00ed, cada pa\u00eds establece su jerarqu\u00eda interna y a partir de ella establece adem\u00e1s su relaci\u00f3n con la normativa internacional. En el caso venezolano, el art\u00edculo 23 de la Constituci\u00f3n Nacional establece que los tratados, pactos y convenciones relativos a derechos humanos suscritos y ratificados por Venezuela tienen jerarqu\u00eda constitucional. Se les coloca en el nivel m\u00e1s alto de la pir\u00e1mide\u201d.<\/p>\n<p>\u201cPero en otros pa\u00edses, en especial las grandes potencias, la relaci\u00f3n con la normativa internacional es distinta. Estados Unidos, por ejemplo, es uno de los pa\u00edses que menos tratados de derechos humanos ha ratificado. Solo ha firmado y ratificado 5 de los 18 tratados internacionales de derechos humanos. Es el \u00fanico pa\u00eds del mundo que no es parte de la Convenci\u00f3n de los Derechos del Ni\u00f1o de 1990. Es uno de los 4 pa\u00edses que no han ratificado la Convenci\u00f3n sobre la Eliminaci\u00f3n de Todas las Formas de Discriminaci\u00f3n contra la Mujer. Es de los pocos que tampoco ha ratificado el Pacto Internacional de Derechos Econ\u00f3micos, Sociales y Culturales. Tampoco es parte de la Convenci\u00f3n Americana de Derechos Humanos, que es la carta fundamental de derechos humanos del continente\u201d.<\/p>\n<p>\u201cEsto ocurre porque considera a su legislaci\u00f3n nacional por encima de la legislaci\u00f3n internacional. Incluso los EEUU han desarrollado la aplicaci\u00f3n extraterritorial de su legislaci\u00f3n nacional, utilizando para ello su poder econ\u00f3mico y militar\u201d.<\/p>\n<p>\u201cConsidero que la relaci\u00f3n de los Estados siempre ser\u00e1 conflictiva con la legislaci\u00f3n internacional, m\u00e1s cuando las grandes potencias se consideran por encima de la ley internacional\u201d.<\/p>\n<p>\u201cA d\u00eda de hoy la legalidad internacional est\u00e1 en entredicho, porque Estados Unidos promueve un orden internacional basado en reglas, que no en la normativa internacional aprobada en el seno de Naciones Unidas. Es decir, que aboga abiertamente por un sistema de relaciones internacionales dominado por sus intereses y visi\u00f3n del mundo, dejando de lado la legalidad\u201d.<\/p>\n<p>\u201cEn ese contexto, toda la arquitectura de la ONU, incluyendo la Corte Penal, est\u00e1 en entredicho\u201d.<\/p>\n<p>\u2014\u00bfC\u00f3mo eval\u00faas los ataques recientes del CPI contra el presidente Putin y la posici\u00f3n de la Corte en el conflicto de Ucrania?<\/p>\n<p>\u201cCreo que la CPI perdi\u00f3 credibilidad cuando fue incapaz de juzgar a soldados brit\u00e1nicos que cometieron graves cr\u00edmenes en Irak\u201d.<\/p>\n<p>\u201cTras 10 a\u00f1os, la Fiscal\u00eda cerr\u00f3 el examen preliminar de Reino Unido aunque se consider\u00f3 por todas las ONG y la propia Fiscal\u00eda que el Reino Unido no cumpl\u00eda sus deberes, ya que no llev\u00f3 a juicio un solo caso de los que la Fiscal\u00eda de la CPI consider\u00f3 como cr\u00edmenes de guerra cometidos por sus soldados en Irak. El Reino Unido practic\u00f3 el obstruccionismo a la investigaci\u00f3n de la CPI, y a\u00fan as\u00ed, fue premiado con el cierre del caso\u201d.<\/p>\n<p>\u201cTampoco ha sido capaz de sacar adelante las investigaciones contra los soldados estadounidenses que participaron en graves cr\u00edmenes en Afganist\u00e1n\u201d.<\/p>\n<p>\u201cAs\u00ed que la celeridad mostrada para solicitar una orden de aprehensi\u00f3n contra el propio presidente de Rusia solo deja ver que la Corte est\u00e1 atravesada por intereses pol\u00edticos y por la selectividad en su accionar\u201d.<\/p>\n<p>\u2014\u00bfEs sustentable una denuncia de Venezuela en la misma CPI contra Donald Trump?<\/p>\n<p>\u201cDe hecho s\u00ed, y ya ocurri\u00f3. El 13 de febrero de 2020 Venezuela denunci\u00f3 ante la CPI las medidas coercitivas unilaterales impuestas por el gobierno de Estados Unidos al pa\u00eds\u201d.<\/p>\n<p>\u201cEl Gobierno venezolano ha calificado el r\u00e9gimen sancionatorio impuesto por Estados Unidos como un crimen de lesa humanidad y ha instado a la Fiscal\u00eda de la Corte Penal a investigarlo\u201d.<\/p>\n<p>\u201cSe considera que las medidas coercitivas comprenden todos los elementos que conforman un crimen de lesa humanidad, en los t\u00e9rminos previstos en el Estatuto de Roma, a saber: que se trata de un ataque generalizado o sistem\u00e1tico contra una poblaci\u00f3n civil, de conformidad con la pol\u00edtica de un Estado o de una organizaci\u00f3n\u201d.<\/p>\n<p>\u201cA esta denuncia la Corte le dio la denominaci\u00f3n de caso Venezuela II, y no se conoce hasta ahora alg\u00fan avance en su examen\u201d.<\/p>\n<p><strong>Con informaci\u00f3n de El Universal<\/strong><\/p>\n","protected":false},"excerpt":{"rendered":"<p>@diariojornada Diario La Jornada. &#8211; La Rep\u00fablica Bolivariana de Venezuela es Estado parte del Estatuto de Roma desde el 7 de junio de 2000, comienza por recordar para esta entrevista el Fiscal General de Venezuela, Tarek William Saab. \u201cEl Gobierno venezolano ha apoyado el mandato dado por los Estados partes a la Corte Penal Internacional [&hellip;]<\/p>\n","protected":false},"author":1,"featured_media":23356,"comment_status":"open","ping_status":"open","sticky":false,"template":"","format":"standard","meta":{"footnotes":""},"categories":[17,8],"tags":[],"class_list":["post-23355","post","type-post","status-publish","format-standard","has-post-thumbnail","hentry","category-destacada","category-nacionales"],"yoast_head":"<!-- This site is optimized with the Yoast SEO plugin v24.4 - https:\/\/yoast.com\/wordpress\/plugins\/seo\/ -->\n<title>Fiscal General de la Rep\u00fablica: \u201cLa Corte Penal tiene un enorme reto para convencer al mundo de que se trata de un tribunal imparcial\u201d - Diario La Jornada<\/title>\n<meta name=\"robots\" content=\"index, follow, max-snippet:-1, max-image-preview:large, max-video-preview:-1\" \/>\n<link rel=\"canonical\" href=\"https:\/\/diariolajornada.com\/?p=23355\" \/>\n<meta property=\"og:locale\" content=\"es_ES\" \/>\n<meta property=\"og:type\" content=\"article\" \/>\n<meta property=\"og:title\" content=\"Fiscal General de la Rep\u00fablica: \u201cLa Corte Penal tiene un enorme reto para convencer al mundo de que se trata de un tribunal imparcial\u201d - Diario La Jornada\" \/>\n<meta property=\"og:description\" content=\"@diariojornada Diario La Jornada. &#8211; La Rep\u00fablica Bolivariana de Venezuela es Estado parte del Estatuto de Roma desde el 7 de junio de 2000, comienza por recordar para esta entrevista el Fiscal General de Venezuela, Tarek William Saab. \u201cEl Gobierno venezolano ha apoyado el mandato dado por los Estados partes a la Corte Penal Internacional [&hellip;]\" \/>\n<meta property=\"og:url\" content=\"https:\/\/diariolajornada.com\/?p=23355\" \/>\n<meta property=\"og:site_name\" content=\"Diario La Jornada\" \/>\n<meta property=\"article:publisher\" content=\"https:\/\/es-la.facebook.com\/lajornadadeguarico\/\" \/>\n<meta property=\"article:published_time\" content=\"2023-07-21T21:35:51+00:00\" \/>\n<meta property=\"og:image\" content=\"https:\/\/diariolajornada.com\/wp-content\/uploads\/2023\/07\/fiscal-general-de-venezuela-129860.jpg\" \/>\n\t<meta property=\"og:image:width\" content=\"1242\" \/>\n\t<meta property=\"og:image:height\" content=\"699\" \/>\n\t<meta property=\"og:image:type\" content=\"image\/jpeg\" \/>\n<meta name=\"author\" content=\"admin\" \/>\n<meta name=\"twitter:card\" content=\"summary_large_image\" \/>\n<meta name=\"twitter:label1\" content=\"Escrito por\" \/>\n\t<meta name=\"twitter:data1\" content=\"admin\" \/>\n\t<meta name=\"twitter:label2\" content=\"Tiempo de lectura\" \/>\n\t<meta name=\"twitter:data2\" content=\"14 minutos\" \/>\n<script type=\"application\/ld+json\" class=\"yoast-schema-graph\">{\"@context\":\"https:\/\/schema.org\",\"@graph\":[{\"@type\":\"Article\",\"@id\":\"https:\/\/diariolajornada.com\/?p=23355#article\",\"isPartOf\":{\"@id\":\"https:\/\/diariolajornada.com\/?p=23355\"},\"author\":{\"name\":\"admin\",\"@id\":\"https:\/\/diariolajornada.com\/#\/schema\/person\/83fc9ad02376abb532ce4553a399186b\"},\"headline\":\"Fiscal General de la Rep\u00fablica: \u201cLa Corte Penal tiene un enorme reto para convencer al mundo de que se trata de un tribunal imparcial\u201d\",\"datePublished\":\"2023-07-21T21:35:51+00:00\",\"mainEntityOfPage\":{\"@id\":\"https:\/\/diariolajornada.com\/?p=23355\"},\"wordCount\":2821,\"commentCount\":0,\"publisher\":{\"@id\":\"https:\/\/diariolajornada.com\/#organization\"},\"image\":{\"@id\":\"https:\/\/diariolajornada.com\/?p=23355#primaryimage\"},\"thumbnailUrl\":\"https:\/\/diariolajornada.com\/wp-content\/uploads\/2023\/07\/fiscal-general-de-venezuela-129860.jpg\",\"articleSection\":[\"DESTACADA\",\"Nacionales\"],\"inLanguage\":\"es\",\"potentialAction\":[{\"@type\":\"CommentAction\",\"name\":\"Comment\",\"target\":[\"https:\/\/diariolajornada.com\/?p=23355#respond\"]}]},{\"@type\":\"WebPage\",\"@id\":\"https:\/\/diariolajornada.com\/?p=23355\",\"url\":\"https:\/\/diariolajornada.com\/?p=23355\",\"name\":\"Fiscal General de la Rep\u00fablica: \u201cLa Corte Penal tiene un enorme reto para convencer al mundo de que se trata de un tribunal imparcial\u201d - Diario La Jornada\",\"isPartOf\":{\"@id\":\"https:\/\/diariolajornada.com\/#website\"},\"primaryImageOfPage\":{\"@id\":\"https:\/\/diariolajornada.com\/?p=23355#primaryimage\"},\"image\":{\"@id\":\"https:\/\/diariolajornada.com\/?p=23355#primaryimage\"},\"thumbnailUrl\":\"https:\/\/diariolajornada.com\/wp-content\/uploads\/2023\/07\/fiscal-general-de-venezuela-129860.jpg\",\"datePublished\":\"2023-07-21T21:35:51+00:00\",\"breadcrumb\":{\"@id\":\"https:\/\/diariolajornada.com\/?p=23355#breadcrumb\"},\"inLanguage\":\"es\",\"potentialAction\":[{\"@type\":\"ReadAction\",\"target\":[\"https:\/\/diariolajornada.com\/?p=23355\"]}]},{\"@type\":\"ImageObject\",\"inLanguage\":\"es\",\"@id\":\"https:\/\/diariolajornada.com\/?p=23355#primaryimage\",\"url\":\"https:\/\/diariolajornada.com\/wp-content\/uploads\/2023\/07\/fiscal-general-de-venezuela-129860.jpg\",\"contentUrl\":\"https:\/\/diariolajornada.com\/wp-content\/uploads\/2023\/07\/fiscal-general-de-venezuela-129860.jpg\",\"width\":1242,\"height\":699},{\"@type\":\"BreadcrumbList\",\"@id\":\"https:\/\/diariolajornada.com\/?p=23355#breadcrumb\",\"itemListElement\":[{\"@type\":\"ListItem\",\"position\":1,\"name\":\"Portada\",\"item\":\"https:\/\/diariolajornada.com\/\"},{\"@type\":\"ListItem\",\"position\":2,\"name\":\"Fiscal General de la Rep\u00fablica: \u201cLa Corte Penal tiene un enorme reto para convencer al mundo de que se trata de un tribunal imparcial\u201d\"}]},{\"@type\":\"WebSite\",\"@id\":\"https:\/\/diariolajornada.com\/#website\",\"url\":\"https:\/\/diariolajornada.com\/\",\"name\":\"Diario La Jornada\",\"description\":\"Noticias Nacionales Regionales e Internacionales\",\"publisher\":{\"@id\":\"https:\/\/diariolajornada.com\/#organization\"},\"potentialAction\":[{\"@type\":\"SearchAction\",\"target\":{\"@type\":\"EntryPoint\",\"urlTemplate\":\"https:\/\/diariolajornada.com\/?s={search_term_string}\"},\"query-input\":{\"@type\":\"PropertyValueSpecification\",\"valueRequired\":true,\"valueName\":\"search_term_string\"}}],\"inLanguage\":\"es\"},{\"@type\":\"Organization\",\"@id\":\"https:\/\/diariolajornada.com\/#organization\",\"name\":\"Diario La Jornada\",\"url\":\"https:\/\/diariolajornada.com\/\",\"logo\":{\"@type\":\"ImageObject\",\"inLanguage\":\"es\",\"@id\":\"https:\/\/diariolajornada.com\/#\/schema\/logo\/image\/\",\"url\":\"https:\/\/diariolajornada.com\/wp-content\/uploads\/2021\/06\/LOGO-JORNADA-SVG-01-02.svg\",\"contentUrl\":\"https:\/\/diariolajornada.com\/wp-content\/uploads\/2021\/06\/LOGO-JORNADA-SVG-01-02.svg\",\"width\":350,\"height\":100,\"caption\":\"Diario La Jornada\"},\"image\":{\"@id\":\"https:\/\/diariolajornada.com\/#\/schema\/logo\/image\/\"},\"sameAs\":[\"https:\/\/es-la.facebook.com\/lajornadadeguarico\/\",\"https:\/\/www.instagram.com\/diariojornada\/?hl=es\"]},{\"@type\":\"Person\",\"@id\":\"https:\/\/diariolajornada.com\/#\/schema\/person\/83fc9ad02376abb532ce4553a399186b\",\"name\":\"admin\",\"image\":{\"@type\":\"ImageObject\",\"inLanguage\":\"es\",\"@id\":\"https:\/\/diariolajornada.com\/#\/schema\/person\/image\/\",\"url\":\"https:\/\/secure.gravatar.com\/avatar\/fdcecb87f300ccb988450328a61211f10a01c8bfedfca54e932145534024045b?s=96&d=mm&r=g\",\"contentUrl\":\"https:\/\/secure.gravatar.com\/avatar\/fdcecb87f300ccb988450328a61211f10a01c8bfedfca54e932145534024045b?s=96&d=mm&r=g\",\"caption\":\"admin\"},\"sameAs\":[\"https:\/\/diariolajornada.com\"],\"url\":\"https:\/\/diariolajornada.com\/?author=1\"}]}<\/script>\n<!-- \/ Yoast SEO plugin. -->","yoast_head_json":{"title":"Fiscal General de la Rep\u00fablica: \u201cLa Corte Penal tiene un enorme reto para convencer al mundo de que se trata de un tribunal imparcial\u201d - Diario La Jornada","robots":{"index":"index","follow":"follow","max-snippet":"max-snippet:-1","max-image-preview":"max-image-preview:large","max-video-preview":"max-video-preview:-1"},"canonical":"https:\/\/diariolajornada.com\/?p=23355","og_locale":"es_ES","og_type":"article","og_title":"Fiscal General de la Rep\u00fablica: \u201cLa Corte Penal tiene un enorme reto para convencer al mundo de que se trata de un tribunal imparcial\u201d - Diario La Jornada","og_description":"@diariojornada Diario La Jornada. &#8211; La Rep\u00fablica Bolivariana de Venezuela es Estado parte del Estatuto de Roma desde el 7 de junio de 2000, comienza por recordar para esta entrevista el Fiscal General de Venezuela, Tarek William Saab. \u201cEl Gobierno venezolano ha apoyado el mandato dado por los Estados partes a la Corte Penal Internacional [&hellip;]","og_url":"https:\/\/diariolajornada.com\/?p=23355","og_site_name":"Diario La Jornada","article_publisher":"https:\/\/es-la.facebook.com\/lajornadadeguarico\/","article_published_time":"2023-07-21T21:35:51+00:00","og_image":[{"width":1242,"height":699,"url":"https:\/\/diariolajornada.com\/wp-content\/uploads\/2023\/07\/fiscal-general-de-venezuela-129860.jpg","type":"image\/jpeg"}],"author":"admin","twitter_card":"summary_large_image","twitter_misc":{"Escrito por":"admin","Tiempo de lectura":"14 minutos"},"schema":{"@context":"https:\/\/schema.org","@graph":[{"@type":"Article","@id":"https:\/\/diariolajornada.com\/?p=23355#article","isPartOf":{"@id":"https:\/\/diariolajornada.com\/?p=23355"},"author":{"name":"admin","@id":"https:\/\/diariolajornada.com\/#\/schema\/person\/83fc9ad02376abb532ce4553a399186b"},"headline":"Fiscal General de la Rep\u00fablica: \u201cLa Corte Penal tiene un enorme reto para convencer al mundo de que se trata de un tribunal imparcial\u201d","datePublished":"2023-07-21T21:35:51+00:00","mainEntityOfPage":{"@id":"https:\/\/diariolajornada.com\/?p=23355"},"wordCount":2821,"commentCount":0,"publisher":{"@id":"https:\/\/diariolajornada.com\/#organization"},"image":{"@id":"https:\/\/diariolajornada.com\/?p=23355#primaryimage"},"thumbnailUrl":"https:\/\/diariolajornada.com\/wp-content\/uploads\/2023\/07\/fiscal-general-de-venezuela-129860.jpg","articleSection":["DESTACADA","Nacionales"],"inLanguage":"es","potentialAction":[{"@type":"CommentAction","name":"Comment","target":["https:\/\/diariolajornada.com\/?p=23355#respond"]}]},{"@type":"WebPage","@id":"https:\/\/diariolajornada.com\/?p=23355","url":"https:\/\/diariolajornada.com\/?p=23355","name":"Fiscal General de la Rep\u00fablica: \u201cLa Corte Penal tiene un enorme reto para convencer al mundo de que se trata de un tribunal imparcial\u201d - Diario La Jornada","isPartOf":{"@id":"https:\/\/diariolajornada.com\/#website"},"primaryImageOfPage":{"@id":"https:\/\/diariolajornada.com\/?p=23355#primaryimage"},"image":{"@id":"https:\/\/diariolajornada.com\/?p=23355#primaryimage"},"thumbnailUrl":"https:\/\/diariolajornada.com\/wp-content\/uploads\/2023\/07\/fiscal-general-de-venezuela-129860.jpg","datePublished":"2023-07-21T21:35:51+00:00","breadcrumb":{"@id":"https:\/\/diariolajornada.com\/?p=23355#breadcrumb"},"inLanguage":"es","potentialAction":[{"@type":"ReadAction","target":["https:\/\/diariolajornada.com\/?p=23355"]}]},{"@type":"ImageObject","inLanguage":"es","@id":"https:\/\/diariolajornada.com\/?p=23355#primaryimage","url":"https:\/\/diariolajornada.com\/wp-content\/uploads\/2023\/07\/fiscal-general-de-venezuela-129860.jpg","contentUrl":"https:\/\/diariolajornada.com\/wp-content\/uploads\/2023\/07\/fiscal-general-de-venezuela-129860.jpg","width":1242,"height":699},{"@type":"BreadcrumbList","@id":"https:\/\/diariolajornada.com\/?p=23355#breadcrumb","itemListElement":[{"@type":"ListItem","position":1,"name":"Portada","item":"https:\/\/diariolajornada.com\/"},{"@type":"ListItem","position":2,"name":"Fiscal General de la Rep\u00fablica: \u201cLa Corte Penal tiene un enorme reto para convencer al mundo de que se trata de un tribunal imparcial\u201d"}]},{"@type":"WebSite","@id":"https:\/\/diariolajornada.com\/#website","url":"https:\/\/diariolajornada.com\/","name":"Diario La Jornada","description":"Noticias Nacionales Regionales e Internacionales","publisher":{"@id":"https:\/\/diariolajornada.com\/#organization"},"potentialAction":[{"@type":"SearchAction","target":{"@type":"EntryPoint","urlTemplate":"https:\/\/diariolajornada.com\/?s={search_term_string}"},"query-input":{"@type":"PropertyValueSpecification","valueRequired":true,"valueName":"search_term_string"}}],"inLanguage":"es"},{"@type":"Organization","@id":"https:\/\/diariolajornada.com\/#organization","name":"Diario La Jornada","url":"https:\/\/diariolajornada.com\/","logo":{"@type":"ImageObject","inLanguage":"es","@id":"https:\/\/diariolajornada.com\/#\/schema\/logo\/image\/","url":"https:\/\/diariolajornada.com\/wp-content\/uploads\/2021\/06\/LOGO-JORNADA-SVG-01-02.svg","contentUrl":"https:\/\/diariolajornada.com\/wp-content\/uploads\/2021\/06\/LOGO-JORNADA-SVG-01-02.svg","width":350,"height":100,"caption":"Diario La Jornada"},"image":{"@id":"https:\/\/diariolajornada.com\/#\/schema\/logo\/image\/"},"sameAs":["https:\/\/es-la.facebook.com\/lajornadadeguarico\/","https:\/\/www.instagram.com\/diariojornada\/?hl=es"]},{"@type":"Person","@id":"https:\/\/diariolajornada.com\/#\/schema\/person\/83fc9ad02376abb532ce4553a399186b","name":"admin","image":{"@type":"ImageObject","inLanguage":"es","@id":"https:\/\/diariolajornada.com\/#\/schema\/person\/image\/","url":"https:\/\/secure.gravatar.com\/avatar\/fdcecb87f300ccb988450328a61211f10a01c8bfedfca54e932145534024045b?s=96&d=mm&r=g","contentUrl":"https:\/\/secure.gravatar.com\/avatar\/fdcecb87f300ccb988450328a61211f10a01c8bfedfca54e932145534024045b?s=96&d=mm&r=g","caption":"admin"},"sameAs":["https:\/\/diariolajornada.com"],"url":"https:\/\/diariolajornada.com\/?author=1"}]}},"_links":{"self":[{"href":"https:\/\/diariolajornada.com\/index.php?rest_route=\/wp\/v2\/posts\/23355","targetHints":{"allow":["GET"]}}],"collection":[{"href":"https:\/\/diariolajornada.com\/index.php?rest_route=\/wp\/v2\/posts"}],"about":[{"href":"https:\/\/diariolajornada.com\/index.php?rest_route=\/wp\/v2\/types\/post"}],"author":[{"embeddable":true,"href":"https:\/\/diariolajornada.com\/index.php?rest_route=\/wp\/v2\/users\/1"}],"replies":[{"embeddable":true,"href":"https:\/\/diariolajornada.com\/index.php?rest_route=%2Fwp%2Fv2%2Fcomments&post=23355"}],"version-history":[{"count":1,"href":"https:\/\/diariolajornada.com\/index.php?rest_route=\/wp\/v2\/posts\/23355\/revisions"}],"predecessor-version":[{"id":23357,"href":"https:\/\/diariolajornada.com\/index.php?rest_route=\/wp\/v2\/posts\/23355\/revisions\/23357"}],"wp:featuredmedia":[{"embeddable":true,"href":"https:\/\/diariolajornada.com\/index.php?rest_route=\/wp\/v2\/media\/23356"}],"wp:attachment":[{"href":"https:\/\/diariolajornada.com\/index.php?rest_route=%2Fwp%2Fv2%2Fmedia&parent=23355"}],"wp:term":[{"taxonomy":"category","embeddable":true,"href":"https:\/\/diariolajornada.com\/index.php?rest_route=%2Fwp%2Fv2%2Fcategories&post=23355"},{"taxonomy":"post_tag","embeddable":true,"href":"https:\/\/diariolajornada.com\/index.php?rest_route=%2Fwp%2Fv2%2Ftags&post=23355"}],"curies":[{"name":"wp","href":"https:\/\/api.w.org\/{rel}","templated":true}]}}