{"id":23359,"date":"2023-07-21T17:52:42","date_gmt":"2023-07-21T21:52:42","guid":{"rendered":"https:\/\/diariolajornada.com\/?p=23359"},"modified":"2023-07-21T17:53:02","modified_gmt":"2023-07-21T21:53:02","slug":"presidente-maduro-lamento-la-muerte-del-alcalde-zuliano-y-dos-personas-mas-tras-colision","status":"publish","type":"post","link":"https:\/\/diariolajornada.com\/?p=23359","title":{"rendered":"Presidente Maduro lament\u00f3 la muerte del alcalde zuliano y dos personas m\u00e1s tras colisi\u00f3n"},"content":{"rendered":"\n<p><strong>@diariojornada<\/strong><\/p>\n\n\n\n<p><strong>Diario La Jornada. \u2013 <\/strong>El presidente de la Rep\u00fablica, Nicol\u00e1s Maduro, lament\u00f3 el accidente automovil\u00edstico ocurrido ayer en la carretera Gran Mariscal Ayacucho y que dej\u00f3 como resultado la muerte de tres personas, entre ellas el alcalde del municipio Jes\u00fas Mar\u00eda Sempr\u00fan del estado Zulia, Wuyhsmans Gonz\u00e1lez.<br><br>El Jefe de Estado expres\u00f3 su pesar por conocer el lamentable accidente en un mensaje compartido en sus cuentas de redes sociales. <\/p>\n\n\n\n<p>\u00abCon pesar recib\u00ed la noticia del lamentable accidente ocurrido en la autopista Gran Mariscal de Ayacucho que dej\u00f3 tristemente p\u00e9rdidas humanas\u00bb, sostuvo.<\/p>\n\n\n\n<p>La tarde del jueves se produjo un choque m\u00faltiple entre una gandola y varios veh\u00edculos en la autopista Gran Mariscal de Ayacucho sentido Guarenas &#8211; Caracas que habr\u00eda dejado al menos 3 muertos, entre ellos una menor de 11 a\u00f1os y unas 14 personas heridas. <br><br>Al lugar acudieron unidades de bomberos, param\u00e9dicos, Protecci\u00f3n Civil, GNB y PNB acudieron para atender a los lesionados quienes fueron trasladados hasta el hospital doctor Domingo Luciani de El Llanito, estado Miranda. <\/p>\n","protected":false},"excerpt":{"rendered":"<p>@diariojornada Diario La Jornada. \u2013 El presidente de la Rep\u00fablica, Nicol\u00e1s Maduro, lament\u00f3 el accidente automovil\u00edstico ocurrido ayer en la carretera Gran Mariscal Ayacucho y que dej\u00f3 como resultado la muerte de tres personas, entre ellas el alcalde del municipio Jes\u00fas Mar\u00eda Sempr\u00fan del estado Zulia, Wuyhsmans Gonz\u00e1lez. El Jefe de Estado expres\u00f3 su pesar [&hellip;]<\/p>\n","protected":false},"author":1,"featured_media":23358,"comment_status":"open","ping_status":"open","sticky":false,"template":"","format":"standard","meta":{"footnotes":""},"categories":[8],"tags":[],"class_list":["post-23359","post","type-post","status-publish","format-standard","has-post-thumbnail","hentry","category-nacionales"],"yoast_head":"<!-- This site is optimized with the Yoast SEO plugin v24.4 - https:\/\/yoast.com\/wordpress\/plugins\/seo\/ -->\n<title>Presidente Maduro lament\u00f3 la muerte del alcalde zuliano y dos personas m\u00e1s tras colisi\u00f3n - Diario La Jornada<\/title>\n<meta name=\"robots\" content=\"index, follow, max-snippet:-1, max-image-preview:large, max-video-preview:-1\" \/>\n<link rel=\"canonical\" href=\"https:\/\/diariolajornada.com\/?p=23359\" \/>\n<meta property=\"og:locale\" content=\"es_ES\" \/>\n<meta property=\"og:type\" content=\"article\" \/>\n<meta property=\"og:title\" content=\"Presidente Maduro lament\u00f3 la muerte del alcalde zuliano y dos personas m\u00e1s tras colisi\u00f3n - Diario La Jornada\" \/>\n<meta property=\"og:description\" content=\"@diariojornada Diario La Jornada. \u2013 El presidente de la Rep\u00fablica, Nicol\u00e1s Maduro, lament\u00f3 el accidente automovil\u00edstico ocurrido ayer en la carretera Gran Mariscal Ayacucho y que dej\u00f3 como resultado la muerte de tres personas, entre ellas el alcalde del municipio Jes\u00fas Mar\u00eda Sempr\u00fan del estado Zulia, Wuyhsmans Gonz\u00e1lez. El Jefe de Estado expres\u00f3 su pesar [&hellip;]\" \/>\n<meta property=\"og:url\" content=\"https:\/\/diariolajornada.com\/?p=23359\" \/>\n<meta property=\"og:site_name\" content=\"Diario La Jornada\" \/>\n<meta property=\"article:publisher\" content=\"https:\/\/es-la.facebook.com\/lajornadadeguarico\/\" \/>\n<meta property=\"article:published_time\" content=\"2023-07-21T21:52:42+00:00\" \/>\n<meta property=\"article:modified_time\" content=\"2023-07-21T21:53:02+00:00\" \/>\n<meta property=\"og:image\" content=\"https:\/\/diariolajornada.com\/wp-content\/uploads\/2023\/07\/img_5408.jpg\" \/>\n\t<meta property=\"og:image:width\" content=\"1242\" \/>\n\t<meta property=\"og:image:height\" content=\"699\" \/>\n\t<meta property=\"og:image:type\" content=\"image\/jpeg\" \/>\n<meta name=\"author\" content=\"admin\" \/>\n<meta name=\"twitter:card\" content=\"summary_large_image\" \/>\n<meta name=\"twitter:label1\" content=\"Escrito por\" \/>\n\t<meta name=\"twitter:data1\" content=\"admin\" \/>\n\t<meta name=\"twitter:label2\" content=\"Tiempo de lectura\" \/>\n\t<meta name=\"twitter:data2\" content=\"1 minuto\" \/>\n<script type=\"application\/ld+json\" class=\"yoast-schema-graph\">{\"@context\":\"https:\/\/schema.org\",\"@graph\":[{\"@type\":\"Article\",\"@id\":\"https:\/\/diariolajornada.com\/?p=23359#article\",\"isPartOf\":{\"@id\":\"https:\/\/diariolajornada.com\/?p=23359\"},\"author\":{\"name\":\"admin\",\"@id\":\"https:\/\/diariolajornada.com\/#\/schema\/person\/83fc9ad02376abb532ce4553a399186b\"},\"headline\":\"Presidente Maduro lament\u00f3 la muerte del alcalde zuliano y dos personas m\u00e1s tras colisi\u00f3n\",\"datePublished\":\"2023-07-21T21:52:42+00:00\",\"dateModified\":\"2023-07-21T21:53:02+00:00\",\"mainEntityOfPage\":{\"@id\":\"https:\/\/diariolajornada.com\/?p=23359\"},\"wordCount\":195,\"commentCount\":0,\"publisher\":{\"@id\":\"https:\/\/diariolajornada.com\/#organization\"},\"image\":{\"@id\":\"https:\/\/diariolajornada.com\/?p=23359#primaryimage\"},\"thumbnailUrl\":\"https:\/\/diariolajornada.com\/wp-content\/uploads\/2023\/07\/img_5408.jpg\",\"articleSection\":[\"Nacionales\"],\"inLanguage\":\"es\",\"potentialAction\":[{\"@type\":\"CommentAction\",\"name\":\"Comment\",\"target\":[\"https:\/\/diariolajornada.com\/?p=23359#respond\"]}]},{\"@type\":\"WebPage\",\"@id\":\"https:\/\/diariolajornada.com\/?p=23359\",\"url\":\"https:\/\/diariolajornada.com\/?p=23359\",\"name\":\"Presidente Maduro lament\u00f3 la muerte del alcalde zuliano y dos personas m\u00e1s tras colisi\u00f3n - Diario La Jornada\",\"isPartOf\":{\"@id\":\"https:\/\/diariolajornada.com\/#website\"},\"primaryImageOfPage\":{\"@id\":\"https:\/\/diariolajornada.com\/?p=23359#primaryimage\"},\"image\":{\"@id\":\"https:\/\/diariolajornada.com\/?p=23359#primaryimage\"},\"thumbnailUrl\":\"https:\/\/diariolajornada.com\/wp-content\/uploads\/2023\/07\/img_5408.jpg\",\"datePublished\":\"2023-07-21T21:52:42+00:00\",\"dateModified\":\"2023-07-21T21:53:02+00:00\",\"breadcrumb\":{\"@id\":\"https:\/\/diariolajornada.com\/?p=23359#breadcrumb\"},\"inLanguage\":\"es\",\"potentialAction\":[{\"@type\":\"ReadAction\",\"target\":[\"https:\/\/diariolajornada.com\/?p=23359\"]}]},{\"@type\":\"ImageObject\",\"inLanguage\":\"es\",\"@id\":\"https:\/\/diariolajornada.com\/?p=23359#primaryimage\",\"url\":\"https:\/\/diariolajornada.com\/wp-content\/uploads\/2023\/07\/img_5408.jpg\",\"contentUrl\":\"https:\/\/diariolajornada.com\/wp-content\/uploads\/2023\/07\/img_5408.jpg\",\"width\":1242,\"height\":699},{\"@type\":\"BreadcrumbList\",\"@id\":\"https:\/\/diariolajornada.com\/?p=23359#breadcrumb\",\"itemListElement\":[{\"@type\":\"ListItem\",\"position\":1,\"name\":\"Portada\",\"item\":\"https:\/\/diariolajornada.com\/\"},{\"@type\":\"ListItem\",\"position\":2,\"name\":\"Presidente Maduro lament\u00f3 la muerte del alcalde zuliano y dos personas m\u00e1s tras colisi\u00f3n\"}]},{\"@type\":\"WebSite\",\"@id\":\"https:\/\/diariolajornada.com\/#website\",\"url\":\"https:\/\/diariolajornada.com\/\",\"name\":\"Diario La Jornada\",\"description\":\"Noticias Nacionales Regionales e Internacionales\",\"publisher\":{\"@id\":\"https:\/\/diariolajornada.com\/#organization\"},\"potentialAction\":[{\"@type\":\"SearchAction\",\"target\":{\"@type\":\"EntryPoint\",\"urlTemplate\":\"https:\/\/diariolajornada.com\/?s={search_term_string}\"},\"query-input\":{\"@type\":\"PropertyValueSpecification\",\"valueRequired\":true,\"valueName\":\"search_term_string\"}}],\"inLanguage\":\"es\"},{\"@type\":\"Organization\",\"@id\":\"https:\/\/diariolajornada.com\/#organization\",\"name\":\"Diario La Jornada\",\"url\":\"https:\/\/diariolajornada.com\/\",\"logo\":{\"@type\":\"ImageObject\",\"inLanguage\":\"es\",\"@id\":\"https:\/\/diariolajornada.com\/#\/schema\/logo\/image\/\",\"url\":\"https:\/\/diariolajornada.com\/wp-content\/uploads\/2021\/06\/LOGO-JORNADA-SVG-01-02.svg\",\"contentUrl\":\"https:\/\/diariolajornada.com\/wp-content\/uploads\/2021\/06\/LOGO-JORNADA-SVG-01-02.svg\",\"width\":350,\"height\":100,\"caption\":\"Diario La Jornada\"},\"image\":{\"@id\":\"https:\/\/diariolajornada.com\/#\/schema\/logo\/image\/\"},\"sameAs\":[\"https:\/\/es-la.facebook.com\/lajornadadeguarico\/\",\"https:\/\/www.instagram.com\/diariojornada\/?hl=es\"]},{\"@type\":\"Person\",\"@id\":\"https:\/\/diariolajornada.com\/#\/schema\/person\/83fc9ad02376abb532ce4553a399186b\",\"name\":\"admin\",\"image\":{\"@type\":\"ImageObject\",\"inLanguage\":\"es\",\"@id\":\"https:\/\/diariolajornada.com\/#\/schema\/person\/image\/\",\"url\":\"https:\/\/secure.gravatar.com\/avatar\/fdcecb87f300ccb988450328a61211f10a01c8bfedfca54e932145534024045b?s=96&d=mm&r=g\",\"contentUrl\":\"https:\/\/secure.gravatar.com\/avatar\/fdcecb87f300ccb988450328a61211f10a01c8bfedfca54e932145534024045b?s=96&d=mm&r=g\",\"caption\":\"admin\"},\"sameAs\":[\"https:\/\/diariolajornada.com\"],\"url\":\"https:\/\/diariolajornada.com\/?author=1\"}]}<\/script>\n<!-- \/ Yoast SEO plugin. -->","yoast_head_json":{"title":"Presidente Maduro lament\u00f3 la muerte del alcalde zuliano y dos personas m\u00e1s tras colisi\u00f3n - Diario La Jornada","robots":{"index":"index","follow":"follow","max-snippet":"max-snippet:-1","max-image-preview":"max-image-preview:large","max-video-preview":"max-video-preview:-1"},"canonical":"https:\/\/diariolajornada.com\/?p=23359","og_locale":"es_ES","og_type":"article","og_title":"Presidente Maduro lament\u00f3 la muerte del alcalde zuliano y dos personas m\u00e1s tras colisi\u00f3n - Diario La Jornada","og_description":"@diariojornada Diario La Jornada. \u2013 El presidente de la Rep\u00fablica, Nicol\u00e1s Maduro, lament\u00f3 el accidente automovil\u00edstico ocurrido ayer en la carretera Gran Mariscal Ayacucho y que dej\u00f3 como resultado la muerte de tres personas, entre ellas el alcalde del municipio Jes\u00fas Mar\u00eda Sempr\u00fan del estado Zulia, Wuyhsmans Gonz\u00e1lez. El Jefe de Estado expres\u00f3 su pesar [&hellip;]","og_url":"https:\/\/diariolajornada.com\/?p=23359","og_site_name":"Diario La Jornada","article_publisher":"https:\/\/es-la.facebook.com\/lajornadadeguarico\/","article_published_time":"2023-07-21T21:52:42+00:00","article_modified_time":"2023-07-21T21:53:02+00:00","og_image":[{"width":1242,"height":699,"url":"https:\/\/diariolajornada.com\/wp-content\/uploads\/2023\/07\/img_5408.jpg","type":"image\/jpeg"}],"author":"admin","twitter_card":"summary_large_image","twitter_misc":{"Escrito por":"admin","Tiempo de lectura":"1 minuto"},"schema":{"@context":"https:\/\/schema.org","@graph":[{"@type":"Article","@id":"https:\/\/diariolajornada.com\/?p=23359#article","isPartOf":{"@id":"https:\/\/diariolajornada.com\/?p=23359"},"author":{"name":"admin","@id":"https:\/\/diariolajornada.com\/#\/schema\/person\/83fc9ad02376abb532ce4553a399186b"},"headline":"Presidente Maduro lament\u00f3 la muerte del alcalde zuliano y dos personas m\u00e1s tras colisi\u00f3n","datePublished":"2023-07-21T21:52:42+00:00","dateModified":"2023-07-21T21:53:02+00:00","mainEntityOfPage":{"@id":"https:\/\/diariolajornada.com\/?p=23359"},"wordCount":195,"commentCount":0,"publisher":{"@id":"https:\/\/diariolajornada.com\/#organization"},"image":{"@id":"https:\/\/diariolajornada.com\/?p=23359#primaryimage"},"thumbnailUrl":"https:\/\/diariolajornada.com\/wp-content\/uploads\/2023\/07\/img_5408.jpg","articleSection":["Nacionales"],"inLanguage":"es","potentialAction":[{"@type":"CommentAction","name":"Comment","target":["https:\/\/diariolajornada.com\/?p=23359#respond"]}]},{"@type":"WebPage","@id":"https:\/\/diariolajornada.com\/?p=23359","url":"https:\/\/diariolajornada.com\/?p=23359","name":"Presidente Maduro lament\u00f3 la muerte del alcalde zuliano y dos personas m\u00e1s tras colisi\u00f3n - Diario La Jornada","isPartOf":{"@id":"https:\/\/diariolajornada.com\/#website"},"primaryImageOfPage":{"@id":"https:\/\/diariolajornada.com\/?p=23359#primaryimage"},"image":{"@id":"https:\/\/diariolajornada.com\/?p=23359#primaryimage"},"thumbnailUrl":"https:\/\/diariolajornada.com\/wp-content\/uploads\/2023\/07\/img_5408.jpg","datePublished":"2023-07-21T21:52:42+00:00","dateModified":"2023-07-21T21:53:02+00:00","breadcrumb":{"@id":"https:\/\/diariolajornada.com\/?p=23359#breadcrumb"},"inLanguage":"es","potentialAction":[{"@type":"ReadAction","target":["https:\/\/diariolajornada.com\/?p=23359"]}]},{"@type":"ImageObject","inLanguage":"es","@id":"https:\/\/diariolajornada.com\/?p=23359#primaryimage","url":"https:\/\/diariolajornada.com\/wp-content\/uploads\/2023\/07\/img_5408.jpg","contentUrl":"https:\/\/diariolajornada.com\/wp-content\/uploads\/2023\/07\/img_5408.jpg","width":1242,"height":699},{"@type":"BreadcrumbList","@id":"https:\/\/diariolajornada.com\/?p=23359#breadcrumb","itemListElement":[{"@type":"ListItem","position":1,"name":"Portada","item":"https:\/\/diariolajornada.com\/"},{"@type":"ListItem","position":2,"name":"Presidente Maduro lament\u00f3 la muerte del alcalde zuliano y dos personas m\u00e1s tras colisi\u00f3n"}]},{"@type":"WebSite","@id":"https:\/\/diariolajornada.com\/#website","url":"https:\/\/diariolajornada.com\/","name":"Diario La Jornada","description":"Noticias Nacionales Regionales e Internacionales","publisher":{"@id":"https:\/\/diariolajornada.com\/#organization"},"potentialAction":[{"@type":"SearchAction","target":{"@type":"EntryPoint","urlTemplate":"https:\/\/diariolajornada.com\/?s={search_term_string}"},"query-input":{"@type":"PropertyValueSpecification","valueRequired":true,"valueName":"search_term_string"}}],"inLanguage":"es"},{"@type":"Organization","@id":"https:\/\/diariolajornada.com\/#organization","name":"Diario La Jornada","url":"https:\/\/diariolajornada.com\/","logo":{"@type":"ImageObject","inLanguage":"es","@id":"https:\/\/diariolajornada.com\/#\/schema\/logo\/image\/","url":"https:\/\/diariolajornada.com\/wp-content\/uploads\/2021\/06\/LOGO-JORNADA-SVG-01-02.svg","contentUrl":"https:\/\/diariolajornada.com\/wp-content\/uploads\/2021\/06\/LOGO-JORNADA-SVG-01-02.svg","width":350,"height":100,"caption":"Diario La Jornada"},"image":{"@id":"https:\/\/diariolajornada.com\/#\/schema\/logo\/image\/"},"sameAs":["https:\/\/es-la.facebook.com\/lajornadadeguarico\/","https:\/\/www.instagram.com\/diariojornada\/?hl=es"]},{"@type":"Person","@id":"https:\/\/diariolajornada.com\/#\/schema\/person\/83fc9ad02376abb532ce4553a399186b","name":"admin","image":{"@type":"ImageObject","inLanguage":"es","@id":"https:\/\/diariolajornada.com\/#\/schema\/person\/image\/","url":"https:\/\/secure.gravatar.com\/avatar\/fdcecb87f300ccb988450328a61211f10a01c8bfedfca54e932145534024045b?s=96&d=mm&r=g","contentUrl":"https:\/\/secure.gravatar.com\/avatar\/fdcecb87f300ccb988450328a61211f10a01c8bfedfca54e932145534024045b?s=96&d=mm&r=g","caption":"admin"},"sameAs":["https:\/\/diariolajornada.com"],"url":"https:\/\/diariolajornada.com\/?author=1"}]}},"_links":{"self":[{"href":"https:\/\/diariolajornada.com\/index.php?rest_route=\/wp\/v2\/posts\/23359","targetHints":{"allow":["GET"]}}],"collection":[{"href":"https:\/\/diariolajornada.com\/index.php?rest_route=\/wp\/v2\/posts"}],"about":[{"href":"https:\/\/diariolajornada.com\/index.php?rest_route=\/wp\/v2\/types\/post"}],"author":[{"embeddable":true,"href":"https:\/\/diariolajornada.com\/index.php?rest_route=\/wp\/v2\/users\/1"}],"replies":[{"embeddable":true,"href":"https:\/\/diariolajornada.com\/index.php?rest_route=%2Fwp%2Fv2%2Fcomments&post=23359"}],"version-history":[{"count":1,"href":"https:\/\/diariolajornada.com\/index.php?rest_route=\/wp\/v2\/posts\/23359\/revisions"}],"predecessor-version":[{"id":23360,"href":"https:\/\/diariolajornada.com\/index.php?rest_route=\/wp\/v2\/posts\/23359\/revisions\/23360"}],"wp:featuredmedia":[{"embeddable":true,"href":"https:\/\/diariolajornada.com\/index.php?rest_route=\/wp\/v2\/media\/23358"}],"wp:attachment":[{"href":"https:\/\/diariolajornada.com\/index.php?rest_route=%2Fwp%2Fv2%2Fmedia&parent=23359"}],"wp:term":[{"taxonomy":"category","embeddable":true,"href":"https:\/\/diariolajornada.com\/index.php?rest_route=%2Fwp%2Fv2%2Fcategories&post=23359"},{"taxonomy":"post_tag","embeddable":true,"href":"https:\/\/diariolajornada.com\/index.php?rest_route=%2Fwp%2Fv2%2Ftags&post=23359"}],"curies":[{"name":"wp","href":"https:\/\/api.w.org\/{rel}","templated":true}]}}