{"id":23365,"date":"2023-07-21T20:18:37","date_gmt":"2023-07-22T00:18:37","guid":{"rendered":"https:\/\/diariolajornada.com\/?p=23365"},"modified":"2023-07-21T20:19:01","modified_gmt":"2023-07-22T00:19:01","slug":"europa-debe-prepararse-para-posibles-brotes-de-dengue-tras-las-olas-de-calor-segun-la-oms","status":"publish","type":"post","link":"https:\/\/diariolajornada.com\/?p=23365","title":{"rendered":"Europa debe prepararse para posibles brotes de dengue tras las olas de calor, seg\u00fan la OMS"},"content":{"rendered":"\n<p><strong>@diariojornada<\/strong><\/p>\n\n\n\n<p><strong>Diario La Jornada. \u2013<\/strong> La Organizaci\u00f3n Mundial de la Salud (OMS) recomend\u00f3 hoy que los pa\u00edses europeos se preparen para posibles brotes de dengue una vez que pasen los episodios de olas de calor que se est\u00e1n viviendo en distintas partes del continente, pues en ese momento pueden surgir las condiciones ideales para la propagaci\u00f3n del mosquito vector de esta enfermedad.<\/p>\n\n\n\n<p>De manera general, el salto del dengue a zonas donde antes esta enfermedad era inexistente tiene relaci\u00f3n con el cambio clim\u00e1tico y tanto los episodios de lluvia como de sequ\u00eda son favorables para su expansi\u00f3n, dijo el jefe del Programa de Control de Enfermedades Tropicales de la OMS,&nbsp;RamanVelayudhan.<\/p>\n\n\n\n<p>La organizaci\u00f3n recomend\u00f3 a los gobiernos la importancia de desarrollar planes de acci\u00f3n para una r\u00e1pida detecci\u00f3n y monitoreo&nbsp;de s\u00edntomas entre la poblaci\u00f3n.<\/p>\n\n\n\n<p>Si bien en una primera infecci\u00f3n hasta el 80 % de casos puede ser asintom\u00e1ticos, si la misma persona es picada una segunda vez por un mosquito transmisor de otra variante del virus (existen cuatro) puede presentar s\u00edntomas severos&nbsp;y requerir tratamiento m\u00e9dico.<\/p>\n\n\n\n<p>Seg\u00fan&nbsp;Velayudhan, el riesgo actual de reproducci\u00f3n del mosquito de la especie Aedes es bajo en zonas donde se superan los 40 grados, ya que naturalmente est\u00e1 activo y pica durante el d\u00eda, pero si vuela a tales temperaturas muere.<\/p>\n\n\n\n<p>Tanto las sequ\u00edas como las lluvias intensas son situaciones propicias para el mosquito. En el primer caso las familias suelen almacenar agua en tanques, bidones u otros contenedores para cubrir sus necesidades, mientras que en el segundo el agua se empoza, siendo las aguas estancadas&nbsp;en los lugares&nbsp;donde el mosquito se reproduce.<\/p>\n\n\n\n<p>\u201cLas comunidades pueden prestar ayuda explorando sus casas y limpiando el agua estancada para asegurarse de que los mosquitos no se est\u00e1n reproduciendo&nbsp;dentro y alrededor de sus casas\u201d, destac\u00f3 el experto.<\/p>\n\n\n\n<p><strong>Con informaci\u00f3n de UR<\/strong><\/p>\n","protected":false},"excerpt":{"rendered":"<p>@diariojornada Diario La Jornada. \u2013 La Organizaci\u00f3n Mundial de la Salud (OMS) recomend\u00f3 hoy que los pa\u00edses europeos se preparen para posibles brotes de dengue una vez que pasen los episodios de olas de calor que se est\u00e1n viviendo en distintas partes del continente, pues en ese momento pueden surgir las condiciones ideales para la [&hellip;]<\/p>\n","protected":false},"author":1,"featured_media":23364,"comment_status":"open","ping_status":"open","sticky":false,"template":"","format":"standard","meta":{"footnotes":""},"categories":[13],"tags":[],"class_list":["post-23365","post","type-post","status-publish","format-standard","has-post-thumbnail","hentry","category-salud-y-bienestar"],"yoast_head":"<!-- This site is optimized with the Yoast SEO plugin v24.4 - https:\/\/yoast.com\/wordpress\/plugins\/seo\/ -->\n<title>Europa debe prepararse para posibles brotes de dengue tras las olas de calor, seg\u00fan la OMS - Diario La Jornada<\/title>\n<meta name=\"robots\" content=\"index, follow, max-snippet:-1, max-image-preview:large, max-video-preview:-1\" \/>\n<link rel=\"canonical\" href=\"https:\/\/diariolajornada.com\/?p=23365\" \/>\n<meta property=\"og:locale\" content=\"es_ES\" \/>\n<meta property=\"og:type\" content=\"article\" \/>\n<meta property=\"og:title\" content=\"Europa debe prepararse para posibles brotes de dengue tras las olas de calor, seg\u00fan la OMS - Diario La Jornada\" \/>\n<meta property=\"og:description\" content=\"@diariojornada Diario La Jornada. \u2013 La Organizaci\u00f3n Mundial de la Salud (OMS) recomend\u00f3 hoy que los pa\u00edses europeos se preparen para posibles brotes de dengue una vez que pasen los episodios de olas de calor que se est\u00e1n viviendo en distintas partes del continente, pues en ese momento pueden surgir las condiciones ideales para la [&hellip;]\" \/>\n<meta property=\"og:url\" content=\"https:\/\/diariolajornada.com\/?p=23365\" \/>\n<meta property=\"og:site_name\" content=\"Diario La Jornada\" \/>\n<meta property=\"article:publisher\" content=\"https:\/\/es-la.facebook.com\/lajornadadeguarico\/\" \/>\n<meta property=\"article:published_time\" content=\"2023-07-22T00:18:37+00:00\" \/>\n<meta property=\"article:modified_time\" content=\"2023-07-22T00:19:01+00:00\" \/>\n<meta property=\"og:image\" content=\"https:\/\/diariolajornada.com\/wp-content\/uploads\/2023\/07\/img_5420.jpg\" \/>\n\t<meta property=\"og:image:width\" content=\"1024\" \/>\n\t<meta property=\"og:image:height\" content=\"683\" \/>\n\t<meta property=\"og:image:type\" content=\"image\/jpeg\" \/>\n<meta name=\"author\" content=\"admin\" \/>\n<meta name=\"twitter:card\" content=\"summary_large_image\" \/>\n<meta name=\"twitter:label1\" content=\"Escrito por\" \/>\n\t<meta name=\"twitter:data1\" content=\"admin\" \/>\n\t<meta name=\"twitter:label2\" content=\"Tiempo de lectura\" \/>\n\t<meta name=\"twitter:data2\" content=\"2 minutos\" \/>\n<script type=\"application\/ld+json\" class=\"yoast-schema-graph\">{\"@context\":\"https:\/\/schema.org\",\"@graph\":[{\"@type\":\"Article\",\"@id\":\"https:\/\/diariolajornada.com\/?p=23365#article\",\"isPartOf\":{\"@id\":\"https:\/\/diariolajornada.com\/?p=23365\"},\"author\":{\"name\":\"admin\",\"@id\":\"https:\/\/diariolajornada.com\/#\/schema\/person\/83fc9ad02376abb532ce4553a399186b\"},\"headline\":\"Europa debe prepararse para posibles brotes de dengue tras las olas de calor, seg\u00fan la OMS\",\"datePublished\":\"2023-07-22T00:18:37+00:00\",\"dateModified\":\"2023-07-22T00:19:01+00:00\",\"mainEntityOfPage\":{\"@id\":\"https:\/\/diariolajornada.com\/?p=23365\"},\"wordCount\":351,\"commentCount\":0,\"publisher\":{\"@id\":\"https:\/\/diariolajornada.com\/#organization\"},\"image\":{\"@id\":\"https:\/\/diariolajornada.com\/?p=23365#primaryimage\"},\"thumbnailUrl\":\"https:\/\/diariolajornada.com\/wp-content\/uploads\/2023\/07\/img_5420.jpg\",\"articleSection\":[\"Salud y Bienestar\"],\"inLanguage\":\"es\",\"potentialAction\":[{\"@type\":\"CommentAction\",\"name\":\"Comment\",\"target\":[\"https:\/\/diariolajornada.com\/?p=23365#respond\"]}]},{\"@type\":\"WebPage\",\"@id\":\"https:\/\/diariolajornada.com\/?p=23365\",\"url\":\"https:\/\/diariolajornada.com\/?p=23365\",\"name\":\"Europa debe prepararse para posibles brotes de dengue tras las olas de calor, seg\u00fan la OMS - Diario La Jornada\",\"isPartOf\":{\"@id\":\"https:\/\/diariolajornada.com\/#website\"},\"primaryImageOfPage\":{\"@id\":\"https:\/\/diariolajornada.com\/?p=23365#primaryimage\"},\"image\":{\"@id\":\"https:\/\/diariolajornada.com\/?p=23365#primaryimage\"},\"thumbnailUrl\":\"https:\/\/diariolajornada.com\/wp-content\/uploads\/2023\/07\/img_5420.jpg\",\"datePublished\":\"2023-07-22T00:18:37+00:00\",\"dateModified\":\"2023-07-22T00:19:01+00:00\",\"breadcrumb\":{\"@id\":\"https:\/\/diariolajornada.com\/?p=23365#breadcrumb\"},\"inLanguage\":\"es\",\"potentialAction\":[{\"@type\":\"ReadAction\",\"target\":[\"https:\/\/diariolajornada.com\/?p=23365\"]}]},{\"@type\":\"ImageObject\",\"inLanguage\":\"es\",\"@id\":\"https:\/\/diariolajornada.com\/?p=23365#primaryimage\",\"url\":\"https:\/\/diariolajornada.com\/wp-content\/uploads\/2023\/07\/img_5420.jpg\",\"contentUrl\":\"https:\/\/diariolajornada.com\/wp-content\/uploads\/2023\/07\/img_5420.jpg\",\"width\":1024,\"height\":683},{\"@type\":\"BreadcrumbList\",\"@id\":\"https:\/\/diariolajornada.com\/?p=23365#breadcrumb\",\"itemListElement\":[{\"@type\":\"ListItem\",\"position\":1,\"name\":\"Portada\",\"item\":\"https:\/\/diariolajornada.com\/\"},{\"@type\":\"ListItem\",\"position\":2,\"name\":\"Europa debe prepararse para posibles brotes de dengue tras las olas de calor, seg\u00fan la OMS\"}]},{\"@type\":\"WebSite\",\"@id\":\"https:\/\/diariolajornada.com\/#website\",\"url\":\"https:\/\/diariolajornada.com\/\",\"name\":\"Diario La Jornada\",\"description\":\"Noticias Nacionales Regionales e Internacionales\",\"publisher\":{\"@id\":\"https:\/\/diariolajornada.com\/#organization\"},\"potentialAction\":[{\"@type\":\"SearchAction\",\"target\":{\"@type\":\"EntryPoint\",\"urlTemplate\":\"https:\/\/diariolajornada.com\/?s={search_term_string}\"},\"query-input\":{\"@type\":\"PropertyValueSpecification\",\"valueRequired\":true,\"valueName\":\"search_term_string\"}}],\"inLanguage\":\"es\"},{\"@type\":\"Organization\",\"@id\":\"https:\/\/diariolajornada.com\/#organization\",\"name\":\"Diario La Jornada\",\"url\":\"https:\/\/diariolajornada.com\/\",\"logo\":{\"@type\":\"ImageObject\",\"inLanguage\":\"es\",\"@id\":\"https:\/\/diariolajornada.com\/#\/schema\/logo\/image\/\",\"url\":\"https:\/\/diariolajornada.com\/wp-content\/uploads\/2021\/06\/LOGO-JORNADA-SVG-01-02.svg\",\"contentUrl\":\"https:\/\/diariolajornada.com\/wp-content\/uploads\/2021\/06\/LOGO-JORNADA-SVG-01-02.svg\",\"width\":350,\"height\":100,\"caption\":\"Diario La Jornada\"},\"image\":{\"@id\":\"https:\/\/diariolajornada.com\/#\/schema\/logo\/image\/\"},\"sameAs\":[\"https:\/\/es-la.facebook.com\/lajornadadeguarico\/\",\"https:\/\/www.instagram.com\/diariojornada\/?hl=es\"]},{\"@type\":\"Person\",\"@id\":\"https:\/\/diariolajornada.com\/#\/schema\/person\/83fc9ad02376abb532ce4553a399186b\",\"name\":\"admin\",\"image\":{\"@type\":\"ImageObject\",\"inLanguage\":\"es\",\"@id\":\"https:\/\/diariolajornada.com\/#\/schema\/person\/image\/\",\"url\":\"https:\/\/secure.gravatar.com\/avatar\/fdcecb87f300ccb988450328a61211f10a01c8bfedfca54e932145534024045b?s=96&d=mm&r=g\",\"contentUrl\":\"https:\/\/secure.gravatar.com\/avatar\/fdcecb87f300ccb988450328a61211f10a01c8bfedfca54e932145534024045b?s=96&d=mm&r=g\",\"caption\":\"admin\"},\"sameAs\":[\"https:\/\/diariolajornada.com\"],\"url\":\"https:\/\/diariolajornada.com\/?author=1\"}]}<\/script>\n<!-- \/ Yoast SEO plugin. -->","yoast_head_json":{"title":"Europa debe prepararse para posibles brotes de dengue tras las olas de calor, seg\u00fan la OMS - Diario La Jornada","robots":{"index":"index","follow":"follow","max-snippet":"max-snippet:-1","max-image-preview":"max-image-preview:large","max-video-preview":"max-video-preview:-1"},"canonical":"https:\/\/diariolajornada.com\/?p=23365","og_locale":"es_ES","og_type":"article","og_title":"Europa debe prepararse para posibles brotes de dengue tras las olas de calor, seg\u00fan la OMS - Diario La Jornada","og_description":"@diariojornada Diario La Jornada. \u2013 La Organizaci\u00f3n Mundial de la Salud (OMS) recomend\u00f3 hoy que los pa\u00edses europeos se preparen para posibles brotes de dengue una vez que pasen los episodios de olas de calor que se est\u00e1n viviendo en distintas partes del continente, pues en ese momento pueden surgir las condiciones ideales para la [&hellip;]","og_url":"https:\/\/diariolajornada.com\/?p=23365","og_site_name":"Diario La Jornada","article_publisher":"https:\/\/es-la.facebook.com\/lajornadadeguarico\/","article_published_time":"2023-07-22T00:18:37+00:00","article_modified_time":"2023-07-22T00:19:01+00:00","og_image":[{"width":1024,"height":683,"url":"https:\/\/diariolajornada.com\/wp-content\/uploads\/2023\/07\/img_5420.jpg","type":"image\/jpeg"}],"author":"admin","twitter_card":"summary_large_image","twitter_misc":{"Escrito por":"admin","Tiempo de lectura":"2 minutos"},"schema":{"@context":"https:\/\/schema.org","@graph":[{"@type":"Article","@id":"https:\/\/diariolajornada.com\/?p=23365#article","isPartOf":{"@id":"https:\/\/diariolajornada.com\/?p=23365"},"author":{"name":"admin","@id":"https:\/\/diariolajornada.com\/#\/schema\/person\/83fc9ad02376abb532ce4553a399186b"},"headline":"Europa debe prepararse para posibles brotes de dengue tras las olas de calor, seg\u00fan la OMS","datePublished":"2023-07-22T00:18:37+00:00","dateModified":"2023-07-22T00:19:01+00:00","mainEntityOfPage":{"@id":"https:\/\/diariolajornada.com\/?p=23365"},"wordCount":351,"commentCount":0,"publisher":{"@id":"https:\/\/diariolajornada.com\/#organization"},"image":{"@id":"https:\/\/diariolajornada.com\/?p=23365#primaryimage"},"thumbnailUrl":"https:\/\/diariolajornada.com\/wp-content\/uploads\/2023\/07\/img_5420.jpg","articleSection":["Salud y Bienestar"],"inLanguage":"es","potentialAction":[{"@type":"CommentAction","name":"Comment","target":["https:\/\/diariolajornada.com\/?p=23365#respond"]}]},{"@type":"WebPage","@id":"https:\/\/diariolajornada.com\/?p=23365","url":"https:\/\/diariolajornada.com\/?p=23365","name":"Europa debe prepararse para posibles brotes de dengue tras las olas de calor, seg\u00fan la OMS - Diario La Jornada","isPartOf":{"@id":"https:\/\/diariolajornada.com\/#website"},"primaryImageOfPage":{"@id":"https:\/\/diariolajornada.com\/?p=23365#primaryimage"},"image":{"@id":"https:\/\/diariolajornada.com\/?p=23365#primaryimage"},"thumbnailUrl":"https:\/\/diariolajornada.com\/wp-content\/uploads\/2023\/07\/img_5420.jpg","datePublished":"2023-07-22T00:18:37+00:00","dateModified":"2023-07-22T00:19:01+00:00","breadcrumb":{"@id":"https:\/\/diariolajornada.com\/?p=23365#breadcrumb"},"inLanguage":"es","potentialAction":[{"@type":"ReadAction","target":["https:\/\/diariolajornada.com\/?p=23365"]}]},{"@type":"ImageObject","inLanguage":"es","@id":"https:\/\/diariolajornada.com\/?p=23365#primaryimage","url":"https:\/\/diariolajornada.com\/wp-content\/uploads\/2023\/07\/img_5420.jpg","contentUrl":"https:\/\/diariolajornada.com\/wp-content\/uploads\/2023\/07\/img_5420.jpg","width":1024,"height":683},{"@type":"BreadcrumbList","@id":"https:\/\/diariolajornada.com\/?p=23365#breadcrumb","itemListElement":[{"@type":"ListItem","position":1,"name":"Portada","item":"https:\/\/diariolajornada.com\/"},{"@type":"ListItem","position":2,"name":"Europa debe prepararse para posibles brotes de dengue tras las olas de calor, seg\u00fan la OMS"}]},{"@type":"WebSite","@id":"https:\/\/diariolajornada.com\/#website","url":"https:\/\/diariolajornada.com\/","name":"Diario La Jornada","description":"Noticias Nacionales Regionales e Internacionales","publisher":{"@id":"https:\/\/diariolajornada.com\/#organization"},"potentialAction":[{"@type":"SearchAction","target":{"@type":"EntryPoint","urlTemplate":"https:\/\/diariolajornada.com\/?s={search_term_string}"},"query-input":{"@type":"PropertyValueSpecification","valueRequired":true,"valueName":"search_term_string"}}],"inLanguage":"es"},{"@type":"Organization","@id":"https:\/\/diariolajornada.com\/#organization","name":"Diario La Jornada","url":"https:\/\/diariolajornada.com\/","logo":{"@type":"ImageObject","inLanguage":"es","@id":"https:\/\/diariolajornada.com\/#\/schema\/logo\/image\/","url":"https:\/\/diariolajornada.com\/wp-content\/uploads\/2021\/06\/LOGO-JORNADA-SVG-01-02.svg","contentUrl":"https:\/\/diariolajornada.com\/wp-content\/uploads\/2021\/06\/LOGO-JORNADA-SVG-01-02.svg","width":350,"height":100,"caption":"Diario La Jornada"},"image":{"@id":"https:\/\/diariolajornada.com\/#\/schema\/logo\/image\/"},"sameAs":["https:\/\/es-la.facebook.com\/lajornadadeguarico\/","https:\/\/www.instagram.com\/diariojornada\/?hl=es"]},{"@type":"Person","@id":"https:\/\/diariolajornada.com\/#\/schema\/person\/83fc9ad02376abb532ce4553a399186b","name":"admin","image":{"@type":"ImageObject","inLanguage":"es","@id":"https:\/\/diariolajornada.com\/#\/schema\/person\/image\/","url":"https:\/\/secure.gravatar.com\/avatar\/fdcecb87f300ccb988450328a61211f10a01c8bfedfca54e932145534024045b?s=96&d=mm&r=g","contentUrl":"https:\/\/secure.gravatar.com\/avatar\/fdcecb87f300ccb988450328a61211f10a01c8bfedfca54e932145534024045b?s=96&d=mm&r=g","caption":"admin"},"sameAs":["https:\/\/diariolajornada.com"],"url":"https:\/\/diariolajornada.com\/?author=1"}]}},"_links":{"self":[{"href":"https:\/\/diariolajornada.com\/index.php?rest_route=\/wp\/v2\/posts\/23365","targetHints":{"allow":["GET"]}}],"collection":[{"href":"https:\/\/diariolajornada.com\/index.php?rest_route=\/wp\/v2\/posts"}],"about":[{"href":"https:\/\/diariolajornada.com\/index.php?rest_route=\/wp\/v2\/types\/post"}],"author":[{"embeddable":true,"href":"https:\/\/diariolajornada.com\/index.php?rest_route=\/wp\/v2\/users\/1"}],"replies":[{"embeddable":true,"href":"https:\/\/diariolajornada.com\/index.php?rest_route=%2Fwp%2Fv2%2Fcomments&post=23365"}],"version-history":[{"count":1,"href":"https:\/\/diariolajornada.com\/index.php?rest_route=\/wp\/v2\/posts\/23365\/revisions"}],"predecessor-version":[{"id":23366,"href":"https:\/\/diariolajornada.com\/index.php?rest_route=\/wp\/v2\/posts\/23365\/revisions\/23366"}],"wp:featuredmedia":[{"embeddable":true,"href":"https:\/\/diariolajornada.com\/index.php?rest_route=\/wp\/v2\/media\/23364"}],"wp:attachment":[{"href":"https:\/\/diariolajornada.com\/index.php?rest_route=%2Fwp%2Fv2%2Fmedia&parent=23365"}],"wp:term":[{"taxonomy":"category","embeddable":true,"href":"https:\/\/diariolajornada.com\/index.php?rest_route=%2Fwp%2Fv2%2Fcategories&post=23365"},{"taxonomy":"post_tag","embeddable":true,"href":"https:\/\/diariolajornada.com\/index.php?rest_route=%2Fwp%2Fv2%2Ftags&post=23365"}],"curies":[{"name":"wp","href":"https:\/\/api.w.org\/{rel}","templated":true}]}}